{"id":13160,"date":"2025-09-25T23:24:43","date_gmt":"2025-09-25T23:24:43","guid":{"rendered":"https:\/\/unisale.com.br\/pastoral\/?p=13160"},"modified":"2025-09-25T23:24:43","modified_gmt":"2025-09-25T23:24:43","slug":"26-09-evangelho-lc-918-22","status":"publish","type":"post","link":"https:\/\/unisale.com.br\/pastoral\/26-09-evangelho-lc-918-22\/","title":{"rendered":"26\/09 &#8211; Evangelho (Lc 9,18-22)."},"content":{"rendered":"<p>Sexta-feira, 26 de setembro de 2025.<\/p>\n<p>&nbsp;<\/p>\n<p><strong>Evangelho (Lc 9,18-22)<\/strong><\/p>\n<p><strong>\u00a0<\/strong><\/p>\n<p>Aconteceu que, <sup>18<\/sup>Jesus estava rezando num lugar retirado, e os disc\u00edpulos estavam com ele. Ent\u00e3o Jesus perguntou-lhes: &#8216;Quem diz o povo que eu sou?&#8217; <sup>19<\/sup>Eles responderam: &#8216;Uns dizem que \u00e9s Jo\u00e3o Batista; outros, que \u00e9s Elias; mas outros acham que \u00e9s algum dos antigos profetas que ressuscitou.&#8217; <sup>20<\/sup>Mas Jesus perguntou: &#8216;E v\u00f3s, quem dizeis que eu sou?&#8217; Pedro respondeu: &#8216;O Cristo de Deus.&#8217; <sup>21<\/sup>Mas Jesus proibiu-lhes severamente que contassem isso a algu\u00e9m. <sup>22<\/sup>E acrescentou: &#8216;O Filho do Homem deve sofrer muito, ser rejeitado pelos anci\u00e3os, pelos sumos sacerdotes e doutores da Lei, deve ser morto e ressuscitar no terceiro dia.&#8217;<\/p>\n<p>&nbsp;<\/p>\n<p><strong>Reflex\u00e3o<\/strong><\/p>\n<p>&nbsp;<\/p>\n<p>Jesus estava rezando num lugar separado. Esta atividade de Jesus, o colocar-se em ora\u00e7\u00e3o, \u00e9 sempre comovente, mas pode ser que tamb\u00e9m seja intrigante para alguns. Outros podem at\u00e9 questionar este fato corriqueiro de Jesus, pois os evangelhos sempre falam da ora\u00e7\u00e3o de Jesus, mas, n\u00f3s tamb\u00e9m podemos nos perguntar o porqu\u00ea do Filho de Deus estar sempre na atitude da ora\u00e7\u00e3o, afinal, Jesus que n\u00e3o precisava de ningu\u00e9m, podia at\u00e9 ser autossuficiente, porque ent\u00e3o precisava rezar. Pode ser que tenhamos necessidade de converter o nosso modo de entender Jesus e de entender a ora\u00e7\u00e3o. Mas deste fato Jesus tira um questionamento que tamb\u00e9m para n\u00f3s \u00e9 angustiante. Jesus queria saber o que pensam os homens sobre Ele: \u201cquem diz o povo que Eu sou?\u201d. Responder a este questionamento como respondeu Pedro, n\u00e3o \u00e9 nenhum ato de bravura, mas \u00e9 ato de f\u00e9 e a f\u00e9 \u00e9 um dom. E a f\u00e9 \u00e9, poder dizer o nome e sobrenome de quem estamos procurando: \u201co Cristo de Deus\u201d. Mas precisamos entender que ter f\u00e9 n\u00e3o nos priva dos sofrimentos da vida. Saber o porqu\u00ea vale a pena vencer uma competi\u00e7\u00e3o, n\u00e3o nos exime de treinar bastante para venc\u00ea-la. A f\u00e9 deveria motivar-nos mais a viver bem tamb\u00e9m o que na vida n\u00e3o nos agrada, mas que precisamos viver. Sobre a pergunta: \u201cquem \u00e9 Jesus para mim?\u201d se baseia toda aut\u00eantica convers\u00e3o crist\u00e3. Quando nos sentimos pessoalmente interrogados por Cristo agora tudo pode mudar: n\u00e3o \u00e9 mais uma educa\u00e7\u00e3o recebida, mas uma pessoa encontrada, eis o que se torna o cristianismo, mas ningu\u00e9m pode responder por n\u00f3s.<\/p>\n<p><strong>Pe. Paulo Eduardo J\u00e1como, SDB.\u00a0<\/strong><\/p>\n<p>&nbsp;<\/p>\n","protected":false},"excerpt":{"rendered":"<p>Sexta-feira, 26 de setembro de 2025. &nbsp; Evangelho (Lc 9,18-22) \u00a0 Aconteceu que, 18Jesus estava rezando num lugar retirado, e os disc\u00edpulos estavam com ele&#8230;.<\/p>\n","protected":false},"author":1,"featured_media":13161,"comment_status":"closed","ping_status":"closed","sticky":false,"template":"","format":"standard","meta":{"_acf_changed":false,"footnotes":""},"categories":[13],"tags":[],"class_list":["post-13160","post","type-post","status-publish","format-standard","has-post-thumbnail","hentry","category-reflexaodoevagelho"],"acf":[],"yoast_head":"<!-- This site is optimized with the Yoast SEO plugin v27.3 - https:\/\/yoast.com\/product\/yoast-seo-wordpress\/ -->\n<title>26\/09 - Evangelho (Lc 9,18-22). - Pastoral Universit\u00e1ria UniSALESIANO<\/title>\n<meta name=\"robots\" content=\"index, follow, max-snippet:-1, max-image-preview:large, max-video-preview:-1\" \/>\n<link rel=\"canonical\" href=\"https:\/\/unisale.com.br\/pastoral\/26-09-evangelho-lc-918-22\/\" \/>\n<meta property=\"og:locale\" content=\"pt_BR\" \/>\n<meta property=\"og:type\" content=\"article\" \/>\n<meta property=\"og:title\" content=\"26\/09 - Evangelho (Lc 9,18-22). - Pastoral Universit\u00e1ria UniSALESIANO\" \/>\n<meta property=\"og:description\" content=\"Sexta-feira, 26 de setembro de 2025. &nbsp; Evangelho (Lc 9,18-22) \u00a0 Aconteceu que, 18Jesus estava rezando num lugar retirado, e os disc\u00edpulos estavam com ele....\" \/>\n<meta property=\"og:url\" content=\"https:\/\/unisale.com.br\/pastoral\/26-09-evangelho-lc-918-22\/\" \/>\n<meta property=\"og:site_name\" content=\"Pastoral Universit\u00e1ria UniSALESIANO\" \/>\n<meta property=\"article:published_time\" content=\"2025-09-25T23:24:43+00:00\" \/>\n<meta property=\"og:image\" content=\"https:\/\/unisale.com.br\/pastoral\/wp-content\/uploads\/2025\/09\/ChatGPT-Image-25-de-set.-de-2025-20_25_00.png\" \/>\n\t<meta property=\"og:image:width\" content=\"1024\" \/>\n\t<meta property=\"og:image:height\" content=\"1024\" \/>\n\t<meta property=\"og:image:type\" content=\"image\/png\" \/>\n<meta name=\"author\" content=\"pastoral\" \/>\n<meta name=\"twitter:card\" content=\"summary_large_image\" \/>\n<meta name=\"twitter:label1\" content=\"Escrito por\" \/>\n\t<meta name=\"twitter:data1\" content=\"pastoral\" \/>\n\t<meta name=\"twitter:label2\" content=\"Est. tempo de leitura\" \/>\n\t<meta name=\"twitter:data2\" content=\"3 minutos\" \/>\n<script type=\"application\/ld+json\" class=\"yoast-schema-graph\">{\"@context\":\"https:\\\/\\\/schema.org\",\"@graph\":[{\"@type\":\"Article\",\"@id\":\"https:\\\/\\\/unisale.com.br\\\/pastoral\\\/26-09-evangelho-lc-918-22\\\/#article\",\"isPartOf\":{\"@id\":\"https:\\\/\\\/unisale.com.br\\\/pastoral\\\/26-09-evangelho-lc-918-22\\\/\"},\"author\":{\"name\":\"pastoral\",\"@id\":\"https:\\\/\\\/unisale.com.br\\\/pastoral\\\/#\\\/schema\\\/person\\\/a16ba711a0f7dec9cb6b44563144d5a3\"},\"headline\":\"26\\\/09 &#8211; Evangelho (Lc 9,18-22).\",\"datePublished\":\"2025-09-25T23:24:43+00:00\",\"mainEntityOfPage\":{\"@id\":\"https:\\\/\\\/unisale.com.br\\\/pastoral\\\/26-09-evangelho-lc-918-22\\\/\"},\"wordCount\":411,\"image\":{\"@id\":\"https:\\\/\\\/unisale.com.br\\\/pastoral\\\/26-09-evangelho-lc-918-22\\\/#primaryimage\"},\"thumbnailUrl\":\"https:\\\/\\\/unisale.com.br\\\/pastoral\\\/wp-content\\\/uploads\\\/2025\\\/09\\\/ChatGPT-Image-25-de-set.-de-2025-20_25_00.png\",\"articleSection\":[\"Reflex\u00e3o do Evangelho\"],\"inLanguage\":\"pt-BR\"},{\"@type\":\"WebPage\",\"@id\":\"https:\\\/\\\/unisale.com.br\\\/pastoral\\\/26-09-evangelho-lc-918-22\\\/\",\"url\":\"https:\\\/\\\/unisale.com.br\\\/pastoral\\\/26-09-evangelho-lc-918-22\\\/\",\"name\":\"26\\\/09 - Evangelho (Lc 9,18-22). - Pastoral Universit\u00e1ria UniSALESIANO\",\"isPartOf\":{\"@id\":\"https:\\\/\\\/unisale.com.br\\\/pastoral\\\/#website\"},\"primaryImageOfPage\":{\"@id\":\"https:\\\/\\\/unisale.com.br\\\/pastoral\\\/26-09-evangelho-lc-918-22\\\/#primaryimage\"},\"image\":{\"@id\":\"https:\\\/\\\/unisale.com.br\\\/pastoral\\\/26-09-evangelho-lc-918-22\\\/#primaryimage\"},\"thumbnailUrl\":\"https:\\\/\\\/unisale.com.br\\\/pastoral\\\/wp-content\\\/uploads\\\/2025\\\/09\\\/ChatGPT-Image-25-de-set.-de-2025-20_25_00.png\",\"datePublished\":\"2025-09-25T23:24:43+00:00\",\"author\":{\"@id\":\"https:\\\/\\\/unisale.com.br\\\/pastoral\\\/#\\\/schema\\\/person\\\/a16ba711a0f7dec9cb6b44563144d5a3\"},\"inLanguage\":\"pt-BR\",\"potentialAction\":[{\"@type\":\"ReadAction\",\"target\":[\"https:\\\/\\\/unisale.com.br\\\/pastoral\\\/26-09-evangelho-lc-918-22\\\/\"]}]},{\"@type\":\"ImageObject\",\"inLanguage\":\"pt-BR\",\"@id\":\"https:\\\/\\\/unisale.com.br\\\/pastoral\\\/26-09-evangelho-lc-918-22\\\/#primaryimage\",\"url\":\"https:\\\/\\\/unisale.com.br\\\/pastoral\\\/wp-content\\\/uploads\\\/2025\\\/09\\\/ChatGPT-Image-25-de-set.-de-2025-20_25_00.png\",\"contentUrl\":\"https:\\\/\\\/unisale.com.br\\\/pastoral\\\/wp-content\\\/uploads\\\/2025\\\/09\\\/ChatGPT-Image-25-de-set.-de-2025-20_25_00.png\",\"width\":500,\"height\":500},{\"@type\":\"WebSite\",\"@id\":\"https:\\\/\\\/unisale.com.br\\\/pastoral\\\/#website\",\"url\":\"https:\\\/\\\/unisale.com.br\\\/pastoral\\\/\",\"name\":\"Pastoral Universit\u00e1ria UniSALESIANO\",\"description\":\"Site da Pastoral Universit\u00e1ria do UniSALESIANO\",\"potentialAction\":[{\"@type\":\"SearchAction\",\"target\":{\"@type\":\"EntryPoint\",\"urlTemplate\":\"https:\\\/\\\/unisale.com.br\\\/pastoral\\\/?s={search_term_string}\"},\"query-input\":{\"@type\":\"PropertyValueSpecification\",\"valueRequired\":true,\"valueName\":\"search_term_string\"}}],\"inLanguage\":\"pt-BR\"},{\"@type\":\"Person\",\"@id\":\"https:\\\/\\\/unisale.com.br\\\/pastoral\\\/#\\\/schema\\\/person\\\/a16ba711a0f7dec9cb6b44563144d5a3\",\"name\":\"pastoral\",\"url\":\"https:\\\/\\\/unisale.com.br\\\/pastoral\\\/author\\\/pastoral\\\/\"}]}<\/script>\n<!-- \/ Yoast SEO plugin. -->","yoast_head_json":{"title":"26\/09 - Evangelho (Lc 9,18-22). - Pastoral Universit\u00e1ria UniSALESIANO","robots":{"index":"index","follow":"follow","max-snippet":"max-snippet:-1","max-image-preview":"max-image-preview:large","max-video-preview":"max-video-preview:-1"},"canonical":"https:\/\/unisale.com.br\/pastoral\/26-09-evangelho-lc-918-22\/","og_locale":"pt_BR","og_type":"article","og_title":"26\/09 - Evangelho (Lc 9,18-22). - Pastoral Universit\u00e1ria UniSALESIANO","og_description":"Sexta-feira, 26 de setembro de 2025. &nbsp; Evangelho (Lc 9,18-22) \u00a0 Aconteceu que, 18Jesus estava rezando num lugar retirado, e os disc\u00edpulos estavam com ele....","og_url":"https:\/\/unisale.com.br\/pastoral\/26-09-evangelho-lc-918-22\/","og_site_name":"Pastoral Universit\u00e1ria UniSALESIANO","article_published_time":"2025-09-25T23:24:43+00:00","og_image":[{"width":1024,"height":1024,"url":"https:\/\/unisale.com.br\/pastoral\/wp-content\/uploads\/2025\/09\/ChatGPT-Image-25-de-set.-de-2025-20_25_00.png","type":"image\/png"}],"author":"pastoral","twitter_card":"summary_large_image","twitter_misc":{"Escrito por":"pastoral","Est. tempo de leitura":"3 minutos"},"schema":{"@context":"https:\/\/schema.org","@graph":[{"@type":"Article","@id":"https:\/\/unisale.com.br\/pastoral\/26-09-evangelho-lc-918-22\/#article","isPartOf":{"@id":"https:\/\/unisale.com.br\/pastoral\/26-09-evangelho-lc-918-22\/"},"author":{"name":"pastoral","@id":"https:\/\/unisale.com.br\/pastoral\/#\/schema\/person\/a16ba711a0f7dec9cb6b44563144d5a3"},"headline":"26\/09 &#8211; Evangelho (Lc 9,18-22).","datePublished":"2025-09-25T23:24:43+00:00","mainEntityOfPage":{"@id":"https:\/\/unisale.com.br\/pastoral\/26-09-evangelho-lc-918-22\/"},"wordCount":411,"image":{"@id":"https:\/\/unisale.com.br\/pastoral\/26-09-evangelho-lc-918-22\/#primaryimage"},"thumbnailUrl":"https:\/\/unisale.com.br\/pastoral\/wp-content\/uploads\/2025\/09\/ChatGPT-Image-25-de-set.-de-2025-20_25_00.png","articleSection":["Reflex\u00e3o do Evangelho"],"inLanguage":"pt-BR"},{"@type":"WebPage","@id":"https:\/\/unisale.com.br\/pastoral\/26-09-evangelho-lc-918-22\/","url":"https:\/\/unisale.com.br\/pastoral\/26-09-evangelho-lc-918-22\/","name":"26\/09 - Evangelho (Lc 9,18-22). - Pastoral Universit\u00e1ria UniSALESIANO","isPartOf":{"@id":"https:\/\/unisale.com.br\/pastoral\/#website"},"primaryImageOfPage":{"@id":"https:\/\/unisale.com.br\/pastoral\/26-09-evangelho-lc-918-22\/#primaryimage"},"image":{"@id":"https:\/\/unisale.com.br\/pastoral\/26-09-evangelho-lc-918-22\/#primaryimage"},"thumbnailUrl":"https:\/\/unisale.com.br\/pastoral\/wp-content\/uploads\/2025\/09\/ChatGPT-Image-25-de-set.-de-2025-20_25_00.png","datePublished":"2025-09-25T23:24:43+00:00","author":{"@id":"https:\/\/unisale.com.br\/pastoral\/#\/schema\/person\/a16ba711a0f7dec9cb6b44563144d5a3"},"inLanguage":"pt-BR","potentialAction":[{"@type":"ReadAction","target":["https:\/\/unisale.com.br\/pastoral\/26-09-evangelho-lc-918-22\/"]}]},{"@type":"ImageObject","inLanguage":"pt-BR","@id":"https:\/\/unisale.com.br\/pastoral\/26-09-evangelho-lc-918-22\/#primaryimage","url":"https:\/\/unisale.com.br\/pastoral\/wp-content\/uploads\/2025\/09\/ChatGPT-Image-25-de-set.-de-2025-20_25_00.png","contentUrl":"https:\/\/unisale.com.br\/pastoral\/wp-content\/uploads\/2025\/09\/ChatGPT-Image-25-de-set.-de-2025-20_25_00.png","width":500,"height":500},{"@type":"WebSite","@id":"https:\/\/unisale.com.br\/pastoral\/#website","url":"https:\/\/unisale.com.br\/pastoral\/","name":"Pastoral Universit\u00e1ria UniSALESIANO","description":"Site da Pastoral Universit\u00e1ria do UniSALESIANO","potentialAction":[{"@type":"SearchAction","target":{"@type":"EntryPoint","urlTemplate":"https:\/\/unisale.com.br\/pastoral\/?s={search_term_string}"},"query-input":{"@type":"PropertyValueSpecification","valueRequired":true,"valueName":"search_term_string"}}],"inLanguage":"pt-BR"},{"@type":"Person","@id":"https:\/\/unisale.com.br\/pastoral\/#\/schema\/person\/a16ba711a0f7dec9cb6b44563144d5a3","name":"pastoral","url":"https:\/\/unisale.com.br\/pastoral\/author\/pastoral\/"}]}},"_links":{"self":[{"href":"https:\/\/unisale.com.br\/pastoral\/wp-json\/wp\/v2\/posts\/13160","targetHints":{"allow":["GET"]}}],"collection":[{"href":"https:\/\/unisale.com.br\/pastoral\/wp-json\/wp\/v2\/posts"}],"about":[{"href":"https:\/\/unisale.com.br\/pastoral\/wp-json\/wp\/v2\/types\/post"}],"author":[{"embeddable":true,"href":"https:\/\/unisale.com.br\/pastoral\/wp-json\/wp\/v2\/users\/1"}],"replies":[{"embeddable":true,"href":"https:\/\/unisale.com.br\/pastoral\/wp-json\/wp\/v2\/comments?post=13160"}],"version-history":[{"count":1,"href":"https:\/\/unisale.com.br\/pastoral\/wp-json\/wp\/v2\/posts\/13160\/revisions"}],"predecessor-version":[{"id":13162,"href":"https:\/\/unisale.com.br\/pastoral\/wp-json\/wp\/v2\/posts\/13160\/revisions\/13162"}],"wp:featuredmedia":[{"embeddable":true,"href":"https:\/\/unisale.com.br\/pastoral\/wp-json\/wp\/v2\/media\/13161"}],"wp:attachment":[{"href":"https:\/\/unisale.com.br\/pastoral\/wp-json\/wp\/v2\/media?parent=13160"}],"wp:term":[{"taxonomy":"category","embeddable":true,"href":"https:\/\/unisale.com.br\/pastoral\/wp-json\/wp\/v2\/categories?post=13160"},{"taxonomy":"post_tag","embeddable":true,"href":"https:\/\/unisale.com.br\/pastoral\/wp-json\/wp\/v2\/tags?post=13160"}],"curies":[{"name":"wp","href":"https:\/\/api.w.org\/{rel}","templated":true}]}}