{"id":13164,"date":"2025-09-26T17:19:26","date_gmt":"2025-09-26T17:19:26","guid":{"rendered":"https:\/\/unisale.com.br\/pastoral\/?p=13164"},"modified":"2025-09-26T17:19:26","modified_gmt":"2025-09-26T17:19:26","slug":"unisalesiano-celebra-missa-em-honra-a-natividade-de-sao-joao-bosco","status":"publish","type":"post","link":"https:\/\/unisale.com.br\/pastoral\/unisalesiano-celebra-missa-em-honra-a-natividade-de-sao-joao-bosco\/","title":{"rendered":"UniSALESIANO celebra Missa em honra \u00e0 Natividade de S\u00e3o Jo\u00e3o Bosco"},"content":{"rendered":"<p>A\u00a0<strong>Pastoral Universit\u00e1ria do UniSALESIANO\u00a0<\/strong>promoveu, na sexta-feira (29 de agosto), \u00e0s 14h30, na Capela do Centro de Conviv\u00eancia, a\u00a0<strong>Missa em honra \u00e0 Natividade de S\u00e3o Jo\u00e3o Bosco<\/strong>, fundador da Congrega\u00e7\u00e3o Salesiana e conhecido como \u201cpai e mestre da juventude\u201d. A celebra\u00e7\u00e3o foi presidida pelo Pr\u00f3-Reitor de Pastoral, Pe. Paulo J\u00e1como, que destacou a import\u00e2ncia da espiritualidade salesiana e da miss\u00e3o herdada de Dom Bosco.<\/p>\n<p>Durante a homilia, Pe. Paulo enfatizou a relev\u00e2ncia hist\u00f3rica e social do trabalho de S\u00e3o Jo\u00e3o Bosco em defesa dos jovens, especialmente \u00f3rf\u00e3os e explorados pelo trabalho nas ind\u00fastrias e na constru\u00e7\u00e3o civil do s\u00e9culo 19. \u201cEle percebeu que os jovens eram muito explorados, se n\u00e3o escravizados. Por isso, buscou dar forma\u00e7\u00e3o, prote\u00e7\u00e3o e dignidade a eles\u201d, explicou.<\/p>\n<p>Pe. Paulo tamb\u00e9m relembrou o t\u00edtulo concedido a Dom Bosco pelo Papa S\u00e3o Jo\u00e3o Paulo II, que o chamou de \u201cpai e mestre da juventude\u201d. Para ele, esse reconhecimento reflete n\u00e3o apenas o legado hist\u00f3rico, mas tamb\u00e9m a viv\u00eancia pessoal do pont\u00edfice com a espiritualidade salesiana em sua juventude, na Pol\u00f4nia. \u201cS\u00e3o Jo\u00e3o Paulo II conviveu com salesianos que viviam na clandestinidade, durante o comunismo. Isso marcou profundamente sua forma\u00e7\u00e3o e fez com que ele reconhecesse o valor desse carisma para a Igreja\u201d, disse.<\/p>\n<p>Aos presentes, o Pr\u00f3-Reitor refor\u00e7ou que todos que atuam na comunidade acad\u00eamica s\u00e3o, de alguma forma, educadores salesianos. \u201cCada um de voc\u00eas, no trabalho que realiza, \u00e9 tamb\u00e9m educador\u201d, destacou.<\/p>\n<p>Por fim, Pe. Paulo lembrou que o carisma salesiano ultrapassa gera\u00e7\u00f5es e se renova constantemente. \u201cDeus foi preparando o cora\u00e7\u00e3o de S\u00e3o Jo\u00e3o Bosco desde crian\u00e7a para essa miss\u00e3o. Hoje, somos n\u00f3s os herdeiros dessa espiritualidade e temos a responsabilidade de continuar esse trabalho maravilhoso de educa\u00e7\u00e3o e evangeliza\u00e7\u00e3o da juventude\u201d, concluiu.<\/p>\n<p>Ao final da celebra\u00e7\u00e3o, foram queimados os pedidos a Dom Bosco e os aniversariantes dos meses de junho, julho e agosto ganharam presentes.<\/p>\n<p>&nbsp;<\/p>\n\n\t\t<style type=\"text\/css\">\n\t\t\t#gallery-1 {\n\t\t\t\tmargin: auto;\n\t\t\t}\n\t\t\t#gallery-1 .gallery-item {\n\t\t\t\tfloat: left;\n\t\t\t\tmargin-top: 10px;\n\t\t\t\ttext-align: center;\n\t\t\t\twidth: 33%;\n\t\t\t}\n\t\t\t#gallery-1 img {\n\t\t\t\tborder: 2px solid #cfcfcf;\n\t\t\t}\n\t\t\t#gallery-1 .gallery-caption {\n\t\t\t\tmargin-left: 0;\n\t\t\t}\n\t\t\t\/* see gallery_shortcode() in wp-includes\/media.php *\/\n\t\t<\/style>\n\t\t<div id='gallery-1' class='gallery galleryid-13164 gallery-columns-3 gallery-size-thumbnail'><dl class='gallery-item'>\n\t\t\t<dt class='gallery-icon landscape'>\n\t\t\t\t<a href='https:\/\/unisale.com.br\/pastoral\/unisalesiano-celebra-missa-em-honra-a-natividade-de-sao-joao-bosco\/img_8304-1024x683\/'><img decoding=\"async\" width=\"150\" height=\"150\" src=\"https:\/\/unisale.com.br\/pastoral\/wp-content\/uploads\/2025\/09\/IMG_8304-1024x683-1-150x150.jpg\" class=\"attachment-thumbnail size-thumbnail\" alt=\"\" \/><\/a>\n\t\t\t<\/dt><\/dl><dl class='gallery-item'>\n\t\t\t<dt class='gallery-icon landscape'>\n\t\t\t\t<a href='https:\/\/unisale.com.br\/pastoral\/unisalesiano-celebra-missa-em-honra-a-natividade-de-sao-joao-bosco\/img_8291-1024x683\/'><img decoding=\"async\" width=\"150\" height=\"150\" src=\"https:\/\/unisale.com.br\/pastoral\/wp-content\/uploads\/2025\/09\/IMG_8291-1024x683-1-150x150.jpg\" class=\"attachment-thumbnail size-thumbnail\" alt=\"\" \/><\/a>\n\t\t\t<\/dt><\/dl><dl class='gallery-item'>\n\t\t\t<dt class='gallery-icon landscape'>\n\t\t\t\t<a href='https:\/\/unisale.com.br\/pastoral\/unisalesiano-celebra-missa-em-honra-a-natividade-de-sao-joao-bosco\/img_8287-1024x683\/'><img decoding=\"async\" width=\"150\" height=\"150\" src=\"https:\/\/unisale.com.br\/pastoral\/wp-content\/uploads\/2025\/09\/IMG_8287-1024x683-1-150x150.jpg\" class=\"attachment-thumbnail size-thumbnail\" alt=\"\" \/><\/a>\n\t\t\t<\/dt><\/dl><br style=\"clear: both\" \/><dl class='gallery-item'>\n\t\t\t<dt class='gallery-icon landscape'>\n\t\t\t\t<a href='https:\/\/unisale.com.br\/pastoral\/unisalesiano-celebra-missa-em-honra-a-natividade-de-sao-joao-bosco\/img_8277-1024x683\/'><img loading=\"lazy\" decoding=\"async\" width=\"150\" height=\"150\" src=\"https:\/\/unisale.com.br\/pastoral\/wp-content\/uploads\/2025\/09\/IMG_8277-1024x683-1-150x150.jpg\" class=\"attachment-thumbnail size-thumbnail\" alt=\"\" \/><\/a>\n\t\t\t<\/dt><\/dl><dl class='gallery-item'>\n\t\t\t<dt class='gallery-icon landscape'>\n\t\t\t\t<a href='https:\/\/unisale.com.br\/pastoral\/unisalesiano-celebra-missa-em-honra-a-natividade-de-sao-joao-bosco\/img_8270-1024x683\/'><img loading=\"lazy\" decoding=\"async\" width=\"150\" height=\"150\" src=\"https:\/\/unisale.com.br\/pastoral\/wp-content\/uploads\/2025\/09\/IMG_8270-1024x683-1-150x150.jpg\" class=\"attachment-thumbnail size-thumbnail\" alt=\"\" \/><\/a>\n\t\t\t<\/dt><\/dl><dl class='gallery-item'>\n\t\t\t<dt class='gallery-icon landscape'>\n\t\t\t\t<a href='https:\/\/unisale.com.br\/pastoral\/unisalesiano-celebra-missa-em-honra-a-natividade-de-sao-joao-bosco\/img_8267-1024x683\/'><img loading=\"lazy\" decoding=\"async\" width=\"150\" height=\"150\" src=\"https:\/\/unisale.com.br\/pastoral\/wp-content\/uploads\/2025\/09\/IMG_8267-1024x683-1-150x150.jpg\" class=\"attachment-thumbnail size-thumbnail\" alt=\"\" \/><\/a>\n\t\t\t<\/dt><\/dl><br style=\"clear: both\" \/><dl class='gallery-item'>\n\t\t\t<dt class='gallery-icon landscape'>\n\t\t\t\t<a href='https:\/\/unisale.com.br\/pastoral\/unisalesiano-celebra-missa-em-honra-a-natividade-de-sao-joao-bosco\/img_8265-1024x683\/'><img loading=\"lazy\" decoding=\"async\" width=\"150\" height=\"150\" src=\"https:\/\/unisale.com.br\/pastoral\/wp-content\/uploads\/2025\/09\/IMG_8265-1024x683-1-150x150.jpg\" class=\"attachment-thumbnail size-thumbnail\" alt=\"\" \/><\/a>\n\t\t\t<\/dt><\/dl><dl class='gallery-item'>\n\t\t\t<dt class='gallery-icon landscape'>\n\t\t\t\t<a href='https:\/\/unisale.com.br\/pastoral\/unisalesiano-celebra-missa-em-honra-a-natividade-de-sao-joao-bosco\/img_8251-1024x683\/'><img loading=\"lazy\" decoding=\"async\" width=\"150\" height=\"150\" src=\"https:\/\/unisale.com.br\/pastoral\/wp-content\/uploads\/2025\/09\/IMG_8251-1024x683-1-150x150.jpg\" class=\"attachment-thumbnail size-thumbnail\" alt=\"\" \/><\/a>\n\t\t\t<\/dt><\/dl><dl class='gallery-item'>\n\t\t\t<dt class='gallery-icon landscape'>\n\t\t\t\t<a href='https:\/\/unisale.com.br\/pastoral\/unisalesiano-celebra-missa-em-honra-a-natividade-de-sao-joao-bosco\/img_8249-1024x683\/'><img loading=\"lazy\" decoding=\"async\" width=\"150\" height=\"150\" src=\"https:\/\/unisale.com.br\/pastoral\/wp-content\/uploads\/2025\/09\/IMG_8249-1024x683-1-150x150.jpg\" class=\"attachment-thumbnail size-thumbnail\" alt=\"\" \/><\/a>\n\t\t\t<\/dt><\/dl><br style=\"clear: both\" \/><dl class='gallery-item'>\n\t\t\t<dt class='gallery-icon landscape'>\n\t\t\t\t<a href='https:\/\/unisale.com.br\/pastoral\/unisalesiano-celebra-missa-em-honra-a-natividade-de-sao-joao-bosco\/img_8243-1024x683\/'><img loading=\"lazy\" decoding=\"async\" width=\"150\" height=\"150\" src=\"https:\/\/unisale.com.br\/pastoral\/wp-content\/uploads\/2025\/09\/IMG_8243-1024x683-1-150x150.jpg\" class=\"attachment-thumbnail size-thumbnail\" alt=\"\" \/><\/a>\n\t\t\t<\/dt><\/dl><dl class='gallery-item'>\n\t\t\t<dt class='gallery-icon landscape'>\n\t\t\t\t<a href='https:\/\/unisale.com.br\/pastoral\/unisalesiano-celebra-missa-em-honra-a-natividade-de-sao-joao-bosco\/img_8242-1024x683\/'><img loading=\"lazy\" decoding=\"async\" width=\"150\" height=\"150\" src=\"https:\/\/unisale.com.br\/pastoral\/wp-content\/uploads\/2025\/09\/IMG_8242-1024x683-1-150x150.jpg\" class=\"attachment-thumbnail size-thumbnail\" alt=\"\" \/><\/a>\n\t\t\t<\/dt><\/dl><dl class='gallery-item'>\n\t\t\t<dt class='gallery-icon landscape'>\n\t\t\t\t<a href='https:\/\/unisale.com.br\/pastoral\/unisalesiano-celebra-missa-em-honra-a-natividade-de-sao-joao-bosco\/img_8240-1024x683\/'><img loading=\"lazy\" decoding=\"async\" width=\"150\" height=\"150\" src=\"https:\/\/unisale.com.br\/pastoral\/wp-content\/uploads\/2025\/09\/IMG_8240-1024x683-1-150x150.jpg\" class=\"attachment-thumbnail size-thumbnail\" alt=\"\" \/><\/a>\n\t\t\t<\/dt><\/dl><br style=\"clear: both\" \/><dl class='gallery-item'>\n\t\t\t<dt class='gallery-icon landscape'>\n\t\t\t\t<a href='https:\/\/unisale.com.br\/pastoral\/unisalesiano-celebra-missa-em-honra-a-natividade-de-sao-joao-bosco\/img_8237-1024x683\/'><img loading=\"lazy\" decoding=\"async\" width=\"150\" height=\"150\" src=\"https:\/\/unisale.com.br\/pastoral\/wp-content\/uploads\/2025\/09\/IMG_8237-1024x683-1-150x150.jpg\" class=\"attachment-thumbnail size-thumbnail\" alt=\"\" \/><\/a>\n\t\t\t<\/dt><\/dl><dl class='gallery-item'>\n\t\t\t<dt class='gallery-icon landscape'>\n\t\t\t\t<a href='https:\/\/unisale.com.br\/pastoral\/unisalesiano-celebra-missa-em-honra-a-natividade-de-sao-joao-bosco\/img_8233-1024x683\/'><img loading=\"lazy\" decoding=\"async\" width=\"150\" height=\"150\" src=\"https:\/\/unisale.com.br\/pastoral\/wp-content\/uploads\/2025\/09\/IMG_8233-1024x683-1-150x150.jpg\" class=\"attachment-thumbnail size-thumbnail\" alt=\"\" \/><\/a>\n\t\t\t<\/dt><\/dl><dl class='gallery-item'>\n\t\t\t<dt class='gallery-icon landscape'>\n\t\t\t\t<a href='https:\/\/unisale.com.br\/pastoral\/unisalesiano-celebra-missa-em-honra-a-natividade-de-sao-joao-bosco\/img_8228-1024x683\/'><img loading=\"lazy\" decoding=\"async\" width=\"150\" height=\"150\" src=\"https:\/\/unisale.com.br\/pastoral\/wp-content\/uploads\/2025\/09\/IMG_8228-1024x683-1-150x150.jpg\" class=\"attachment-thumbnail size-thumbnail\" alt=\"\" \/><\/a>\n\t\t\t<\/dt><\/dl><br style=\"clear: both\" \/><dl class='gallery-item'>\n\t\t\t<dt class='gallery-icon landscape'>\n\t\t\t\t<a href='https:\/\/unisale.com.br\/pastoral\/unisalesiano-celebra-missa-em-honra-a-natividade-de-sao-joao-bosco\/img_8227-1024x683\/'><img loading=\"lazy\" decoding=\"async\" width=\"150\" height=\"150\" src=\"https:\/\/unisale.com.br\/pastoral\/wp-content\/uploads\/2025\/09\/IMG_8227-1024x683-1-150x150.jpg\" class=\"attachment-thumbnail size-thumbnail\" alt=\"\" \/><\/a>\n\t\t\t<\/dt><\/dl><dl class='gallery-item'>\n\t\t\t<dt class='gallery-icon landscape'>\n\t\t\t\t<a href='https:\/\/unisale.com.br\/pastoral\/unisalesiano-celebra-missa-em-honra-a-natividade-de-sao-joao-bosco\/img_8221-1024x683\/'><img loading=\"lazy\" decoding=\"async\" width=\"150\" height=\"150\" src=\"https:\/\/unisale.com.br\/pastoral\/wp-content\/uploads\/2025\/09\/IMG_8221-1024x683-1-150x150.jpg\" class=\"attachment-thumbnail size-thumbnail\" alt=\"\" \/><\/a>\n\t\t\t<\/dt><\/dl><dl class='gallery-item'>\n\t\t\t<dt class='gallery-icon landscape'>\n\t\t\t\t<a href='https:\/\/unisale.com.br\/pastoral\/unisalesiano-celebra-missa-em-honra-a-natividade-de-sao-joao-bosco\/img_8220-1024x683\/'><img loading=\"lazy\" decoding=\"async\" width=\"150\" height=\"150\" src=\"https:\/\/unisale.com.br\/pastoral\/wp-content\/uploads\/2025\/09\/IMG_8220-1024x683-1-150x150.jpg\" class=\"attachment-thumbnail size-thumbnail\" alt=\"\" \/><\/a>\n\t\t\t<\/dt><\/dl><br style=\"clear: both\" \/>\n\t\t<\/div>\n\n<p>&nbsp;<\/p>\n<p>&nbsp;<\/p>\n<p>&nbsp;<\/p>\n","protected":false},"excerpt":{"rendered":"<p>A\u00a0Pastoral Universit\u00e1ria do UniSALESIANO\u00a0promoveu, na sexta-feira (29 de agosto), \u00e0s 14h30, na Capela do Centro de Conviv\u00eancia, a\u00a0Missa em honra \u00e0 Natividade de S\u00e3o Jo\u00e3o&#8230;<\/p>\n","protected":false},"author":1,"featured_media":13175,"comment_status":"closed","ping_status":"closed","sticky":false,"template":"","format":"standard","meta":{"_acf_changed":false,"footnotes":""},"categories":[3],"tags":[],"class_list":["post-13164","post","type-post","status-publish","format-standard","has-post-thumbnail","hentry","category-not"],"acf":[],"yoast_head":"<!-- This site is optimized with the Yoast SEO plugin v27.3 - https:\/\/yoast.com\/product\/yoast-seo-wordpress\/ -->\n<title>UniSALESIANO celebra Missa em honra \u00e0 Natividade de S\u00e3o Jo\u00e3o Bosco - Pastoral Universit\u00e1ria UniSALESIANO<\/title>\n<meta name=\"robots\" content=\"index, follow, max-snippet:-1, max-image-preview:large, max-video-preview:-1\" \/>\n<link rel=\"canonical\" href=\"https:\/\/unisale.com.br\/pastoral\/unisalesiano-celebra-missa-em-honra-a-natividade-de-sao-joao-bosco\/\" \/>\n<meta property=\"og:locale\" content=\"pt_BR\" \/>\n<meta property=\"og:type\" content=\"article\" \/>\n<meta property=\"og:title\" content=\"UniSALESIANO celebra Missa em honra \u00e0 Natividade de S\u00e3o Jo\u00e3o Bosco - Pastoral Universit\u00e1ria UniSALESIANO\" \/>\n<meta property=\"og:description\" content=\"A\u00a0Pastoral Universit\u00e1ria do UniSALESIANO\u00a0promoveu, na sexta-feira (29 de agosto), \u00e0s 14h30, na Capela do Centro de Conviv\u00eancia, a\u00a0Missa em honra \u00e0 Natividade de S\u00e3o Jo\u00e3o...\" \/>\n<meta property=\"og:url\" content=\"https:\/\/unisale.com.br\/pastoral\/unisalesiano-celebra-missa-em-honra-a-natividade-de-sao-joao-bosco\/\" \/>\n<meta property=\"og:site_name\" content=\"Pastoral Universit\u00e1ria UniSALESIANO\" \/>\n<meta property=\"article:published_time\" content=\"2025-09-26T17:19:26+00:00\" \/>\n<meta property=\"og:image\" content=\"https:\/\/unisale.com.br\/pastoral\/wp-content\/uploads\/2025\/09\/IMG_8247-768x512-1.jpg\" \/>\n\t<meta property=\"og:image:width\" content=\"768\" \/>\n\t<meta property=\"og:image:height\" content=\"512\" \/>\n\t<meta property=\"og:image:type\" content=\"image\/jpeg\" \/>\n<meta name=\"author\" content=\"pastoral\" \/>\n<meta name=\"twitter:card\" content=\"summary_large_image\" \/>\n<meta name=\"twitter:label1\" content=\"Escrito por\" \/>\n\t<meta name=\"twitter:data1\" content=\"pastoral\" \/>\n\t<meta name=\"twitter:label2\" content=\"Est. tempo de leitura\" \/>\n\t<meta name=\"twitter:data2\" content=\"2 minutos\" \/>\n<script type=\"application\/ld+json\" class=\"yoast-schema-graph\">{\"@context\":\"https:\\\/\\\/schema.org\",\"@graph\":[{\"@type\":\"Article\",\"@id\":\"https:\\\/\\\/unisale.com.br\\\/pastoral\\\/unisalesiano-celebra-missa-em-honra-a-natividade-de-sao-joao-bosco\\\/#article\",\"isPartOf\":{\"@id\":\"https:\\\/\\\/unisale.com.br\\\/pastoral\\\/unisalesiano-celebra-missa-em-honra-a-natividade-de-sao-joao-bosco\\\/\"},\"author\":{\"name\":\"pastoral\",\"@id\":\"https:\\\/\\\/unisale.com.br\\\/pastoral\\\/#\\\/schema\\\/person\\\/a16ba711a0f7dec9cb6b44563144d5a3\"},\"headline\":\"UniSALESIANO celebra Missa em honra \u00e0 Natividade de S\u00e3o Jo\u00e3o Bosco\",\"datePublished\":\"2025-09-26T17:19:26+00:00\",\"mainEntityOfPage\":{\"@id\":\"https:\\\/\\\/unisale.com.br\\\/pastoral\\\/unisalesiano-celebra-missa-em-honra-a-natividade-de-sao-joao-bosco\\\/\"},\"wordCount\":377,\"image\":{\"@id\":\"https:\\\/\\\/unisale.com.br\\\/pastoral\\\/unisalesiano-celebra-missa-em-honra-a-natividade-de-sao-joao-bosco\\\/#primaryimage\"},\"thumbnailUrl\":\"https:\\\/\\\/unisale.com.br\\\/pastoral\\\/wp-content\\\/uploads\\\/2025\\\/09\\\/IMG_8247-768x512-1.jpg\",\"articleSection\":[\"Not\u00edcias\"],\"inLanguage\":\"pt-BR\"},{\"@type\":\"WebPage\",\"@id\":\"https:\\\/\\\/unisale.com.br\\\/pastoral\\\/unisalesiano-celebra-missa-em-honra-a-natividade-de-sao-joao-bosco\\\/\",\"url\":\"https:\\\/\\\/unisale.com.br\\\/pastoral\\\/unisalesiano-celebra-missa-em-honra-a-natividade-de-sao-joao-bosco\\\/\",\"name\":\"UniSALESIANO celebra Missa em honra \u00e0 Natividade de S\u00e3o Jo\u00e3o Bosco - Pastoral Universit\u00e1ria UniSALESIANO\",\"isPartOf\":{\"@id\":\"https:\\\/\\\/unisale.com.br\\\/pastoral\\\/#website\"},\"primaryImageOfPage\":{\"@id\":\"https:\\\/\\\/unisale.com.br\\\/pastoral\\\/unisalesiano-celebra-missa-em-honra-a-natividade-de-sao-joao-bosco\\\/#primaryimage\"},\"image\":{\"@id\":\"https:\\\/\\\/unisale.com.br\\\/pastoral\\\/unisalesiano-celebra-missa-em-honra-a-natividade-de-sao-joao-bosco\\\/#primaryimage\"},\"thumbnailUrl\":\"https:\\\/\\\/unisale.com.br\\\/pastoral\\\/wp-content\\\/uploads\\\/2025\\\/09\\\/IMG_8247-768x512-1.jpg\",\"datePublished\":\"2025-09-26T17:19:26+00:00\",\"author\":{\"@id\":\"https:\\\/\\\/unisale.com.br\\\/pastoral\\\/#\\\/schema\\\/person\\\/a16ba711a0f7dec9cb6b44563144d5a3\"},\"inLanguage\":\"pt-BR\",\"potentialAction\":[{\"@type\":\"ReadAction\",\"target\":[\"https:\\\/\\\/unisale.com.br\\\/pastoral\\\/unisalesiano-celebra-missa-em-honra-a-natividade-de-sao-joao-bosco\\\/\"]}]},{\"@type\":\"ImageObject\",\"inLanguage\":\"pt-BR\",\"@id\":\"https:\\\/\\\/unisale.com.br\\\/pastoral\\\/unisalesiano-celebra-missa-em-honra-a-natividade-de-sao-joao-bosco\\\/#primaryimage\",\"url\":\"https:\\\/\\\/unisale.com.br\\\/pastoral\\\/wp-content\\\/uploads\\\/2025\\\/09\\\/IMG_8247-768x512-1.jpg\",\"contentUrl\":\"https:\\\/\\\/unisale.com.br\\\/pastoral\\\/wp-content\\\/uploads\\\/2025\\\/09\\\/IMG_8247-768x512-1.jpg\",\"width\":750,\"height\":500},{\"@type\":\"WebSite\",\"@id\":\"https:\\\/\\\/unisale.com.br\\\/pastoral\\\/#website\",\"url\":\"https:\\\/\\\/unisale.com.br\\\/pastoral\\\/\",\"name\":\"Pastoral Universit\u00e1ria UniSALESIANO\",\"description\":\"Site da Pastoral Universit\u00e1ria do UniSALESIANO\",\"potentialAction\":[{\"@type\":\"SearchAction\",\"target\":{\"@type\":\"EntryPoint\",\"urlTemplate\":\"https:\\\/\\\/unisale.com.br\\\/pastoral\\\/?s={search_term_string}\"},\"query-input\":{\"@type\":\"PropertyValueSpecification\",\"valueRequired\":true,\"valueName\":\"search_term_string\"}}],\"inLanguage\":\"pt-BR\"},{\"@type\":\"Person\",\"@id\":\"https:\\\/\\\/unisale.com.br\\\/pastoral\\\/#\\\/schema\\\/person\\\/a16ba711a0f7dec9cb6b44563144d5a3\",\"name\":\"pastoral\",\"url\":\"https:\\\/\\\/unisale.com.br\\\/pastoral\\\/author\\\/pastoral\\\/\"}]}<\/script>\n<!-- \/ Yoast SEO plugin. -->","yoast_head_json":{"title":"UniSALESIANO celebra Missa em honra \u00e0 Natividade de S\u00e3o Jo\u00e3o Bosco - Pastoral Universit\u00e1ria UniSALESIANO","robots":{"index":"index","follow":"follow","max-snippet":"max-snippet:-1","max-image-preview":"max-image-preview:large","max-video-preview":"max-video-preview:-1"},"canonical":"https:\/\/unisale.com.br\/pastoral\/unisalesiano-celebra-missa-em-honra-a-natividade-de-sao-joao-bosco\/","og_locale":"pt_BR","og_type":"article","og_title":"UniSALESIANO celebra Missa em honra \u00e0 Natividade de S\u00e3o Jo\u00e3o Bosco - Pastoral Universit\u00e1ria UniSALESIANO","og_description":"A\u00a0Pastoral Universit\u00e1ria do UniSALESIANO\u00a0promoveu, na sexta-feira (29 de agosto), \u00e0s 14h30, na Capela do Centro de Conviv\u00eancia, a\u00a0Missa em honra \u00e0 Natividade de S\u00e3o Jo\u00e3o...","og_url":"https:\/\/unisale.com.br\/pastoral\/unisalesiano-celebra-missa-em-honra-a-natividade-de-sao-joao-bosco\/","og_site_name":"Pastoral Universit\u00e1ria UniSALESIANO","article_published_time":"2025-09-26T17:19:26+00:00","og_image":[{"width":768,"height":512,"url":"https:\/\/unisale.com.br\/pastoral\/wp-content\/uploads\/2025\/09\/IMG_8247-768x512-1.jpg","type":"image\/jpeg"}],"author":"pastoral","twitter_card":"summary_large_image","twitter_misc":{"Escrito por":"pastoral","Est. tempo de leitura":"2 minutos"},"schema":{"@context":"https:\/\/schema.org","@graph":[{"@type":"Article","@id":"https:\/\/unisale.com.br\/pastoral\/unisalesiano-celebra-missa-em-honra-a-natividade-de-sao-joao-bosco\/#article","isPartOf":{"@id":"https:\/\/unisale.com.br\/pastoral\/unisalesiano-celebra-missa-em-honra-a-natividade-de-sao-joao-bosco\/"},"author":{"name":"pastoral","@id":"https:\/\/unisale.com.br\/pastoral\/#\/schema\/person\/a16ba711a0f7dec9cb6b44563144d5a3"},"headline":"UniSALESIANO celebra Missa em honra \u00e0 Natividade de S\u00e3o Jo\u00e3o Bosco","datePublished":"2025-09-26T17:19:26+00:00","mainEntityOfPage":{"@id":"https:\/\/unisale.com.br\/pastoral\/unisalesiano-celebra-missa-em-honra-a-natividade-de-sao-joao-bosco\/"},"wordCount":377,"image":{"@id":"https:\/\/unisale.com.br\/pastoral\/unisalesiano-celebra-missa-em-honra-a-natividade-de-sao-joao-bosco\/#primaryimage"},"thumbnailUrl":"https:\/\/unisale.com.br\/pastoral\/wp-content\/uploads\/2025\/09\/IMG_8247-768x512-1.jpg","articleSection":["Not\u00edcias"],"inLanguage":"pt-BR"},{"@type":"WebPage","@id":"https:\/\/unisale.com.br\/pastoral\/unisalesiano-celebra-missa-em-honra-a-natividade-de-sao-joao-bosco\/","url":"https:\/\/unisale.com.br\/pastoral\/unisalesiano-celebra-missa-em-honra-a-natividade-de-sao-joao-bosco\/","name":"UniSALESIANO celebra Missa em honra \u00e0 Natividade de S\u00e3o Jo\u00e3o Bosco - Pastoral Universit\u00e1ria UniSALESIANO","isPartOf":{"@id":"https:\/\/unisale.com.br\/pastoral\/#website"},"primaryImageOfPage":{"@id":"https:\/\/unisale.com.br\/pastoral\/unisalesiano-celebra-missa-em-honra-a-natividade-de-sao-joao-bosco\/#primaryimage"},"image":{"@id":"https:\/\/unisale.com.br\/pastoral\/unisalesiano-celebra-missa-em-honra-a-natividade-de-sao-joao-bosco\/#primaryimage"},"thumbnailUrl":"https:\/\/unisale.com.br\/pastoral\/wp-content\/uploads\/2025\/09\/IMG_8247-768x512-1.jpg","datePublished":"2025-09-26T17:19:26+00:00","author":{"@id":"https:\/\/unisale.com.br\/pastoral\/#\/schema\/person\/a16ba711a0f7dec9cb6b44563144d5a3"},"inLanguage":"pt-BR","potentialAction":[{"@type":"ReadAction","target":["https:\/\/unisale.com.br\/pastoral\/unisalesiano-celebra-missa-em-honra-a-natividade-de-sao-joao-bosco\/"]}]},{"@type":"ImageObject","inLanguage":"pt-BR","@id":"https:\/\/unisale.com.br\/pastoral\/unisalesiano-celebra-missa-em-honra-a-natividade-de-sao-joao-bosco\/#primaryimage","url":"https:\/\/unisale.com.br\/pastoral\/wp-content\/uploads\/2025\/09\/IMG_8247-768x512-1.jpg","contentUrl":"https:\/\/unisale.com.br\/pastoral\/wp-content\/uploads\/2025\/09\/IMG_8247-768x512-1.jpg","width":750,"height":500},{"@type":"WebSite","@id":"https:\/\/unisale.com.br\/pastoral\/#website","url":"https:\/\/unisale.com.br\/pastoral\/","name":"Pastoral Universit\u00e1ria UniSALESIANO","description":"Site da Pastoral Universit\u00e1ria do UniSALESIANO","potentialAction":[{"@type":"SearchAction","target":{"@type":"EntryPoint","urlTemplate":"https:\/\/unisale.com.br\/pastoral\/?s={search_term_string}"},"query-input":{"@type":"PropertyValueSpecification","valueRequired":true,"valueName":"search_term_string"}}],"inLanguage":"pt-BR"},{"@type":"Person","@id":"https:\/\/unisale.com.br\/pastoral\/#\/schema\/person\/a16ba711a0f7dec9cb6b44563144d5a3","name":"pastoral","url":"https:\/\/unisale.com.br\/pastoral\/author\/pastoral\/"}]}},"_links":{"self":[{"href":"https:\/\/unisale.com.br\/pastoral\/wp-json\/wp\/v2\/posts\/13164","targetHints":{"allow":["GET"]}}],"collection":[{"href":"https:\/\/unisale.com.br\/pastoral\/wp-json\/wp\/v2\/posts"}],"about":[{"href":"https:\/\/unisale.com.br\/pastoral\/wp-json\/wp\/v2\/types\/post"}],"author":[{"embeddable":true,"href":"https:\/\/unisale.com.br\/pastoral\/wp-json\/wp\/v2\/users\/1"}],"replies":[{"embeddable":true,"href":"https:\/\/unisale.com.br\/pastoral\/wp-json\/wp\/v2\/comments?post=13164"}],"version-history":[{"count":1,"href":"https:\/\/unisale.com.br\/pastoral\/wp-json\/wp\/v2\/posts\/13164\/revisions"}],"predecessor-version":[{"id":13185,"href":"https:\/\/unisale.com.br\/pastoral\/wp-json\/wp\/v2\/posts\/13164\/revisions\/13185"}],"wp:featuredmedia":[{"embeddable":true,"href":"https:\/\/unisale.com.br\/pastoral\/wp-json\/wp\/v2\/media\/13175"}],"wp:attachment":[{"href":"https:\/\/unisale.com.br\/pastoral\/wp-json\/wp\/v2\/media?parent=13164"}],"wp:term":[{"taxonomy":"category","embeddable":true,"href":"https:\/\/unisale.com.br\/pastoral\/wp-json\/wp\/v2\/categories?post=13164"},{"taxonomy":"post_tag","embeddable":true,"href":"https:\/\/unisale.com.br\/pastoral\/wp-json\/wp\/v2\/tags?post=13164"}],"curies":[{"name":"wp","href":"https:\/\/api.w.org\/{rel}","templated":true}]}}