{"id":13192,"date":"2025-09-29T12:22:30","date_gmt":"2025-09-29T12:22:30","guid":{"rendered":"https:\/\/unisale.com.br\/pastoral\/?p=13192"},"modified":"2025-09-29T12:22:30","modified_gmt":"2025-09-29T12:22:30","slug":"pastoral-universitaria-do-unisalesiano-promove-reflexoes-diarias-no-mes-da-biblia","status":"publish","type":"post","link":"https:\/\/unisale.com.br\/pastoral\/pastoral-universitaria-do-unisalesiano-promove-reflexoes-diarias-no-mes-da-biblia\/","title":{"rendered":"Pastoral Universit\u00e1ria do UniSALESIANO promove reflex\u00f5es di\u00e1rias no M\u00eas da B\u00edblia"},"content":{"rendered":"<p>Setembro \u00e9 tradicionalmente celebrado pela Igreja Cat\u00f3lica como o\u00a0<strong>M\u00eas da B\u00edblia<\/strong>, e a\u00a0<strong>Pastoral Universit\u00e1ria do UniSALESIANO<\/strong>\u00a0preparou uma s\u00e9rie de a\u00e7\u00f5es para aproximar acad\u00eamicos e colaboradores da Palavra de Deus durante esse per\u00edodo especial.<\/p>\n<p>De acordo com o\u00a0<strong>Pr\u00f3-Reitor de Pastoral, Pe. Paulo J\u00e1como,<\/strong>\u00a0as iniciativas acontecem em diferentes frentes. Nas redes sociais da institui\u00e7\u00e3o, por exemplo, est\u00e3o sendo publicadas mensagens di\u00e1rias com o Evangelho do dia, a homilia e uma reflex\u00e3o, para que toda a comunidade acad\u00eamica possa acompanhar e se inspirar.<\/p>\n<p>J\u00e1 nos espa\u00e7os f\u00edsicos do UniSALESIANO, a Pastoral organizou pontos de distribui\u00e7\u00e3o de mensagens b\u00edblicas. \u201cS\u00e3o vers\u00edculos que os colaboradores podem retirar todos os dias. Pedimos que n\u00e3o seja apenas um gesto autom\u00e1tico, mas que cada um tire um momento de cinco minutos, fa\u00e7a uma ora\u00e7\u00e3o, passe pela capela e viva essa experi\u00eancia de reflex\u00e3o\u201d, explicou Pe. Paulo.<\/p>\n<p><strong>PALAVRA DE DEUS<\/strong><\/p>\n<p>As mensagens est\u00e3o dispon\u00edveis em locais estrat\u00e9gicos, como pr\u00f3ximo ao rel\u00f3gio de ponto dos funcion\u00e1rios e no espa\u00e7o do caf\u00e9 da Pastoral, destinado tamb\u00e9m aos alunos. \u201cA ideia \u00e9 que todos, funcion\u00e1rios e acad\u00eamicos, tenham a oportunidade de parar um instante no seu dia e deixar-se conduzir pela Palavra de Deus\u201d, acrescentou.<\/p>\n<p>Segundo o Pr\u00f3-Reitor, os pap\u00e9is s\u00e3o repostos diariamente, garantindo que ao longo de todo o m\u00eas de setembro haja disponibilidade para quem deseja participar dessa proposta de espiritualidade e interioridade.<\/p>\n<p>&nbsp;<\/p>\n\n\t\t<style type=\"text\/css\">\n\t\t\t#gallery-1 {\n\t\t\t\tmargin: auto;\n\t\t\t}\n\t\t\t#gallery-1 .gallery-item {\n\t\t\t\tfloat: left;\n\t\t\t\tmargin-top: 10px;\n\t\t\t\ttext-align: center;\n\t\t\t\twidth: 33%;\n\t\t\t}\n\t\t\t#gallery-1 img {\n\t\t\t\tborder: 2px solid #cfcfcf;\n\t\t\t}\n\t\t\t#gallery-1 .gallery-caption {\n\t\t\t\tmargin-left: 0;\n\t\t\t}\n\t\t\t\/* see gallery_shortcode() in wp-includes\/media.php *\/\n\t\t<\/style>\n\t\t<div id='gallery-1' class='gallery galleryid-13192 gallery-columns-3 gallery-size-medium'><dl class='gallery-item'>\n\t\t\t<dt class='gallery-icon landscape'>\n\t\t\t\t<a href='https:\/\/unisale.com.br\/pastoral\/pastoral-universitaria-do-unisalesiano-promove-reflexoes-diarias-no-mes-da-biblia\/whatsapp-image-2025-09-19-at-15-01-53-2-1024x768\/'><img fetchpriority=\"high\" decoding=\"async\" width=\"300\" height=\"225\" src=\"https:\/\/unisale.com.br\/pastoral\/wp-content\/uploads\/2025\/09\/WhatsApp-Image-2025-09-19-at-15.01.53-2-1024x768-1-300x225.jpeg\" class=\"attachment-medium size-medium\" alt=\"\" srcset=\"https:\/\/unisale.com.br\/pastoral\/wp-content\/uploads\/2025\/09\/WhatsApp-Image-2025-09-19-at-15.01.53-2-1024x768-1-300x225.jpeg 300w, https:\/\/unisale.com.br\/pastoral\/wp-content\/uploads\/2025\/09\/WhatsApp-Image-2025-09-19-at-15.01.53-2-1024x768-1-768x576.jpeg 768w, https:\/\/unisale.com.br\/pastoral\/wp-content\/uploads\/2025\/09\/WhatsApp-Image-2025-09-19-at-15.01.53-2-1024x768-1.jpeg 667w\" sizes=\"(max-width: 300px) 100vw, 300px\" \/><\/a>\n\t\t\t<\/dt><\/dl><dl class='gallery-item'>\n\t\t\t<dt class='gallery-icon landscape'>\n\t\t\t\t<a href='https:\/\/unisale.com.br\/pastoral\/pastoral-universitaria-do-unisalesiano-promove-reflexoes-diarias-no-mes-da-biblia\/whatsapp-image-2025-09-19-at-15-01-53-1-1024x768\/'><img decoding=\"async\" width=\"300\" height=\"225\" src=\"https:\/\/unisale.com.br\/pastoral\/wp-content\/uploads\/2025\/09\/WhatsApp-Image-2025-09-19-at-15.01.53-1-1024x768-1-300x225.jpeg\" class=\"attachment-medium size-medium\" alt=\"\" srcset=\"https:\/\/unisale.com.br\/pastoral\/wp-content\/uploads\/2025\/09\/WhatsApp-Image-2025-09-19-at-15.01.53-1-1024x768-1-300x225.jpeg 300w, https:\/\/unisale.com.br\/pastoral\/wp-content\/uploads\/2025\/09\/WhatsApp-Image-2025-09-19-at-15.01.53-1-1024x768-1-768x576.jpeg 768w, https:\/\/unisale.com.br\/pastoral\/wp-content\/uploads\/2025\/09\/WhatsApp-Image-2025-09-19-at-15.01.53-1-1024x768-1.jpeg 667w\" sizes=\"(max-width: 300px) 100vw, 300px\" \/><\/a>\n\t\t\t<\/dt><\/dl><dl class='gallery-item'>\n\t\t\t<dt class='gallery-icon landscape'>\n\t\t\t\t<a href='https:\/\/unisale.com.br\/pastoral\/pastoral-universitaria-do-unisalesiano-promove-reflexoes-diarias-no-mes-da-biblia\/whatsapp-image-2025-09-19-at-15-01-53-1024x768\/'><img decoding=\"async\" width=\"300\" height=\"225\" src=\"https:\/\/unisale.com.br\/pastoral\/wp-content\/uploads\/2025\/09\/WhatsApp-Image-2025-09-19-at-15.01.53-1024x768-1-300x225.jpeg\" class=\"attachment-medium size-medium\" alt=\"\" srcset=\"https:\/\/unisale.com.br\/pastoral\/wp-content\/uploads\/2025\/09\/WhatsApp-Image-2025-09-19-at-15.01.53-1024x768-1-300x225.jpeg 300w, https:\/\/unisale.com.br\/pastoral\/wp-content\/uploads\/2025\/09\/WhatsApp-Image-2025-09-19-at-15.01.53-1024x768-1-768x576.jpeg 768w, https:\/\/unisale.com.br\/pastoral\/wp-content\/uploads\/2025\/09\/WhatsApp-Image-2025-09-19-at-15.01.53-1024x768-1.jpeg 667w\" sizes=\"(max-width: 300px) 100vw, 300px\" \/><\/a>\n\t\t\t<\/dt><\/dl><br style=\"clear: both\" \/><dl class='gallery-item'>\n\t\t\t<dt class='gallery-icon landscape'>\n\t\t\t\t<a href='https:\/\/unisale.com.br\/pastoral\/pastoral-universitaria-do-unisalesiano-promove-reflexoes-diarias-no-mes-da-biblia\/whatsapp-image-2025-09-19-at-15-01-53-4-1024x768\/'><img loading=\"lazy\" decoding=\"async\" width=\"300\" height=\"225\" src=\"https:\/\/unisale.com.br\/pastoral\/wp-content\/uploads\/2025\/09\/WhatsApp-Image-2025-09-19-at-15.01.53-4-1024x768-1-300x225.jpeg\" class=\"attachment-medium size-medium\" alt=\"\" srcset=\"https:\/\/unisale.com.br\/pastoral\/wp-content\/uploads\/2025\/09\/WhatsApp-Image-2025-09-19-at-15.01.53-4-1024x768-1-300x225.jpeg 300w, https:\/\/unisale.com.br\/pastoral\/wp-content\/uploads\/2025\/09\/WhatsApp-Image-2025-09-19-at-15.01.53-4-1024x768-1-768x576.jpeg 768w, https:\/\/unisale.com.br\/pastoral\/wp-content\/uploads\/2025\/09\/WhatsApp-Image-2025-09-19-at-15.01.53-4-1024x768-1.jpeg 667w\" sizes=\"(max-width: 300px) 100vw, 300px\" \/><\/a>\n\t\t\t<\/dt><\/dl>\n\t\t\t<br style='clear: both' \/>\n\t\t<\/div>\n\n","protected":false},"excerpt":{"rendered":"<p>Setembro \u00e9 tradicionalmente celebrado pela Igreja Cat\u00f3lica como o\u00a0M\u00eas da B\u00edblia, e a\u00a0Pastoral Universit\u00e1ria do UniSALESIANO\u00a0preparou uma s\u00e9rie de a\u00e7\u00f5es para aproximar acad\u00eamicos e colaboradores&#8230;<\/p>\n","protected":false},"author":1,"featured_media":13193,"comment_status":"closed","ping_status":"closed","sticky":false,"template":"","format":"standard","meta":{"_acf_changed":false,"footnotes":""},"categories":[3],"tags":[],"class_list":["post-13192","post","type-post","status-publish","format-standard","has-post-thumbnail","hentry","category-not"],"acf":[],"yoast_head":"<!-- This site is optimized with the Yoast SEO plugin v27.3 - https:\/\/yoast.com\/product\/yoast-seo-wordpress\/ -->\n<title>Pastoral Universit\u00e1ria do UniSALESIANO promove reflex\u00f5es di\u00e1rias no M\u00eas da B\u00edblia - Pastoral Universit\u00e1ria UniSALESIANO<\/title>\n<meta name=\"robots\" content=\"index, follow, max-snippet:-1, max-image-preview:large, max-video-preview:-1\" \/>\n<link rel=\"canonical\" href=\"https:\/\/unisale.com.br\/pastoral\/pastoral-universitaria-do-unisalesiano-promove-reflexoes-diarias-no-mes-da-biblia\/\" \/>\n<meta property=\"og:locale\" content=\"pt_BR\" \/>\n<meta property=\"og:type\" content=\"article\" \/>\n<meta property=\"og:title\" content=\"Pastoral Universit\u00e1ria do UniSALESIANO promove reflex\u00f5es di\u00e1rias no M\u00eas da B\u00edblia - Pastoral Universit\u00e1ria UniSALESIANO\" \/>\n<meta property=\"og:description\" content=\"Setembro \u00e9 tradicionalmente celebrado pela Igreja Cat\u00f3lica como o\u00a0M\u00eas da B\u00edblia, e a\u00a0Pastoral Universit\u00e1ria do UniSALESIANO\u00a0preparou uma s\u00e9rie de a\u00e7\u00f5es para aproximar acad\u00eamicos e colaboradores...\" \/>\n<meta property=\"og:url\" content=\"https:\/\/unisale.com.br\/pastoral\/pastoral-universitaria-do-unisalesiano-promove-reflexoes-diarias-no-mes-da-biblia\/\" \/>\n<meta property=\"og:site_name\" content=\"Pastoral Universit\u00e1ria UniSALESIANO\" \/>\n<meta property=\"article:published_time\" content=\"2025-09-29T12:22:30+00:00\" \/>\n<meta property=\"og:image\" content=\"https:\/\/unisale.com.br\/pastoral\/wp-content\/uploads\/2025\/09\/WhatsApp-Image-2025-09-19-at-15.01.53-3-768x576-1.jpeg\" \/>\n\t<meta property=\"og:image:width\" content=\"768\" \/>\n\t<meta property=\"og:image:height\" content=\"576\" \/>\n\t<meta property=\"og:image:type\" content=\"image\/jpeg\" \/>\n<meta name=\"author\" content=\"pastoral\" \/>\n<meta name=\"twitter:card\" content=\"summary_large_image\" \/>\n<meta name=\"twitter:label1\" content=\"Escrito por\" \/>\n\t<meta name=\"twitter:data1\" content=\"pastoral\" \/>\n\t<meta name=\"twitter:label2\" content=\"Est. tempo de leitura\" \/>\n\t<meta name=\"twitter:data2\" content=\"2 minutos\" \/>\n<script type=\"application\/ld+json\" class=\"yoast-schema-graph\">{\"@context\":\"https:\\\/\\\/schema.org\",\"@graph\":[{\"@type\":\"Article\",\"@id\":\"https:\\\/\\\/unisale.com.br\\\/pastoral\\\/pastoral-universitaria-do-unisalesiano-promove-reflexoes-diarias-no-mes-da-biblia\\\/#article\",\"isPartOf\":{\"@id\":\"https:\\\/\\\/unisale.com.br\\\/pastoral\\\/pastoral-universitaria-do-unisalesiano-promove-reflexoes-diarias-no-mes-da-biblia\\\/\"},\"author\":{\"name\":\"pastoral\",\"@id\":\"https:\\\/\\\/unisale.com.br\\\/pastoral\\\/#\\\/schema\\\/person\\\/a16ba711a0f7dec9cb6b44563144d5a3\"},\"headline\":\"Pastoral Universit\u00e1ria do UniSALESIANO promove reflex\u00f5es di\u00e1rias no M\u00eas da B\u00edblia\",\"datePublished\":\"2025-09-29T12:22:30+00:00\",\"mainEntityOfPage\":{\"@id\":\"https:\\\/\\\/unisale.com.br\\\/pastoral\\\/pastoral-universitaria-do-unisalesiano-promove-reflexoes-diarias-no-mes-da-biblia\\\/\"},\"wordCount\":288,\"image\":{\"@id\":\"https:\\\/\\\/unisale.com.br\\\/pastoral\\\/pastoral-universitaria-do-unisalesiano-promove-reflexoes-diarias-no-mes-da-biblia\\\/#primaryimage\"},\"thumbnailUrl\":\"https:\\\/\\\/unisale.com.br\\\/pastoral\\\/wp-content\\\/uploads\\\/2025\\\/09\\\/WhatsApp-Image-2025-09-19-at-15.01.53-3-768x576-1.jpeg\",\"articleSection\":[\"Not\u00edcias\"],\"inLanguage\":\"pt-BR\"},{\"@type\":\"WebPage\",\"@id\":\"https:\\\/\\\/unisale.com.br\\\/pastoral\\\/pastoral-universitaria-do-unisalesiano-promove-reflexoes-diarias-no-mes-da-biblia\\\/\",\"url\":\"https:\\\/\\\/unisale.com.br\\\/pastoral\\\/pastoral-universitaria-do-unisalesiano-promove-reflexoes-diarias-no-mes-da-biblia\\\/\",\"name\":\"Pastoral Universit\u00e1ria do UniSALESIANO promove reflex\u00f5es di\u00e1rias no M\u00eas da B\u00edblia - Pastoral Universit\u00e1ria UniSALESIANO\",\"isPartOf\":{\"@id\":\"https:\\\/\\\/unisale.com.br\\\/pastoral\\\/#website\"},\"primaryImageOfPage\":{\"@id\":\"https:\\\/\\\/unisale.com.br\\\/pastoral\\\/pastoral-universitaria-do-unisalesiano-promove-reflexoes-diarias-no-mes-da-biblia\\\/#primaryimage\"},\"image\":{\"@id\":\"https:\\\/\\\/unisale.com.br\\\/pastoral\\\/pastoral-universitaria-do-unisalesiano-promove-reflexoes-diarias-no-mes-da-biblia\\\/#primaryimage\"},\"thumbnailUrl\":\"https:\\\/\\\/unisale.com.br\\\/pastoral\\\/wp-content\\\/uploads\\\/2025\\\/09\\\/WhatsApp-Image-2025-09-19-at-15.01.53-3-768x576-1.jpeg\",\"datePublished\":\"2025-09-29T12:22:30+00:00\",\"author\":{\"@id\":\"https:\\\/\\\/unisale.com.br\\\/pastoral\\\/#\\\/schema\\\/person\\\/a16ba711a0f7dec9cb6b44563144d5a3\"},\"inLanguage\":\"pt-BR\",\"potentialAction\":[{\"@type\":\"ReadAction\",\"target\":[\"https:\\\/\\\/unisale.com.br\\\/pastoral\\\/pastoral-universitaria-do-unisalesiano-promove-reflexoes-diarias-no-mes-da-biblia\\\/\"]}]},{\"@type\":\"ImageObject\",\"inLanguage\":\"pt-BR\",\"@id\":\"https:\\\/\\\/unisale.com.br\\\/pastoral\\\/pastoral-universitaria-do-unisalesiano-promove-reflexoes-diarias-no-mes-da-biblia\\\/#primaryimage\",\"url\":\"https:\\\/\\\/unisale.com.br\\\/pastoral\\\/wp-content\\\/uploads\\\/2025\\\/09\\\/WhatsApp-Image-2025-09-19-at-15.01.53-3-768x576-1.jpeg\",\"contentUrl\":\"https:\\\/\\\/unisale.com.br\\\/pastoral\\\/wp-content\\\/uploads\\\/2025\\\/09\\\/WhatsApp-Image-2025-09-19-at-15.01.53-3-768x576-1.jpeg\",\"width\":667,\"height\":500},{\"@type\":\"WebSite\",\"@id\":\"https:\\\/\\\/unisale.com.br\\\/pastoral\\\/#website\",\"url\":\"https:\\\/\\\/unisale.com.br\\\/pastoral\\\/\",\"name\":\"Pastoral Universit\u00e1ria UniSALESIANO\",\"description\":\"Site da Pastoral Universit\u00e1ria do UniSALESIANO\",\"potentialAction\":[{\"@type\":\"SearchAction\",\"target\":{\"@type\":\"EntryPoint\",\"urlTemplate\":\"https:\\\/\\\/unisale.com.br\\\/pastoral\\\/?s={search_term_string}\"},\"query-input\":{\"@type\":\"PropertyValueSpecification\",\"valueRequired\":true,\"valueName\":\"search_term_string\"}}],\"inLanguage\":\"pt-BR\"},{\"@type\":\"Person\",\"@id\":\"https:\\\/\\\/unisale.com.br\\\/pastoral\\\/#\\\/schema\\\/person\\\/a16ba711a0f7dec9cb6b44563144d5a3\",\"name\":\"pastoral\",\"url\":\"https:\\\/\\\/unisale.com.br\\\/pastoral\\\/author\\\/pastoral\\\/\"}]}<\/script>\n<!-- \/ Yoast SEO plugin. -->","yoast_head_json":{"title":"Pastoral Universit\u00e1ria do UniSALESIANO promove reflex\u00f5es di\u00e1rias no M\u00eas da B\u00edblia - Pastoral Universit\u00e1ria UniSALESIANO","robots":{"index":"index","follow":"follow","max-snippet":"max-snippet:-1","max-image-preview":"max-image-preview:large","max-video-preview":"max-video-preview:-1"},"canonical":"https:\/\/unisale.com.br\/pastoral\/pastoral-universitaria-do-unisalesiano-promove-reflexoes-diarias-no-mes-da-biblia\/","og_locale":"pt_BR","og_type":"article","og_title":"Pastoral Universit\u00e1ria do UniSALESIANO promove reflex\u00f5es di\u00e1rias no M\u00eas da B\u00edblia - Pastoral Universit\u00e1ria UniSALESIANO","og_description":"Setembro \u00e9 tradicionalmente celebrado pela Igreja Cat\u00f3lica como o\u00a0M\u00eas da B\u00edblia, e a\u00a0Pastoral Universit\u00e1ria do UniSALESIANO\u00a0preparou uma s\u00e9rie de a\u00e7\u00f5es para aproximar acad\u00eamicos e colaboradores...","og_url":"https:\/\/unisale.com.br\/pastoral\/pastoral-universitaria-do-unisalesiano-promove-reflexoes-diarias-no-mes-da-biblia\/","og_site_name":"Pastoral Universit\u00e1ria UniSALESIANO","article_published_time":"2025-09-29T12:22:30+00:00","og_image":[{"width":768,"height":576,"url":"https:\/\/unisale.com.br\/pastoral\/wp-content\/uploads\/2025\/09\/WhatsApp-Image-2025-09-19-at-15.01.53-3-768x576-1.jpeg","type":"image\/jpeg"}],"author":"pastoral","twitter_card":"summary_large_image","twitter_misc":{"Escrito por":"pastoral","Est. tempo de leitura":"2 minutos"},"schema":{"@context":"https:\/\/schema.org","@graph":[{"@type":"Article","@id":"https:\/\/unisale.com.br\/pastoral\/pastoral-universitaria-do-unisalesiano-promove-reflexoes-diarias-no-mes-da-biblia\/#article","isPartOf":{"@id":"https:\/\/unisale.com.br\/pastoral\/pastoral-universitaria-do-unisalesiano-promove-reflexoes-diarias-no-mes-da-biblia\/"},"author":{"name":"pastoral","@id":"https:\/\/unisale.com.br\/pastoral\/#\/schema\/person\/a16ba711a0f7dec9cb6b44563144d5a3"},"headline":"Pastoral Universit\u00e1ria do UniSALESIANO promove reflex\u00f5es di\u00e1rias no M\u00eas da B\u00edblia","datePublished":"2025-09-29T12:22:30+00:00","mainEntityOfPage":{"@id":"https:\/\/unisale.com.br\/pastoral\/pastoral-universitaria-do-unisalesiano-promove-reflexoes-diarias-no-mes-da-biblia\/"},"wordCount":288,"image":{"@id":"https:\/\/unisale.com.br\/pastoral\/pastoral-universitaria-do-unisalesiano-promove-reflexoes-diarias-no-mes-da-biblia\/#primaryimage"},"thumbnailUrl":"https:\/\/unisale.com.br\/pastoral\/wp-content\/uploads\/2025\/09\/WhatsApp-Image-2025-09-19-at-15.01.53-3-768x576-1.jpeg","articleSection":["Not\u00edcias"],"inLanguage":"pt-BR"},{"@type":"WebPage","@id":"https:\/\/unisale.com.br\/pastoral\/pastoral-universitaria-do-unisalesiano-promove-reflexoes-diarias-no-mes-da-biblia\/","url":"https:\/\/unisale.com.br\/pastoral\/pastoral-universitaria-do-unisalesiano-promove-reflexoes-diarias-no-mes-da-biblia\/","name":"Pastoral Universit\u00e1ria do UniSALESIANO promove reflex\u00f5es di\u00e1rias no M\u00eas da B\u00edblia - Pastoral Universit\u00e1ria UniSALESIANO","isPartOf":{"@id":"https:\/\/unisale.com.br\/pastoral\/#website"},"primaryImageOfPage":{"@id":"https:\/\/unisale.com.br\/pastoral\/pastoral-universitaria-do-unisalesiano-promove-reflexoes-diarias-no-mes-da-biblia\/#primaryimage"},"image":{"@id":"https:\/\/unisale.com.br\/pastoral\/pastoral-universitaria-do-unisalesiano-promove-reflexoes-diarias-no-mes-da-biblia\/#primaryimage"},"thumbnailUrl":"https:\/\/unisale.com.br\/pastoral\/wp-content\/uploads\/2025\/09\/WhatsApp-Image-2025-09-19-at-15.01.53-3-768x576-1.jpeg","datePublished":"2025-09-29T12:22:30+00:00","author":{"@id":"https:\/\/unisale.com.br\/pastoral\/#\/schema\/person\/a16ba711a0f7dec9cb6b44563144d5a3"},"inLanguage":"pt-BR","potentialAction":[{"@type":"ReadAction","target":["https:\/\/unisale.com.br\/pastoral\/pastoral-universitaria-do-unisalesiano-promove-reflexoes-diarias-no-mes-da-biblia\/"]}]},{"@type":"ImageObject","inLanguage":"pt-BR","@id":"https:\/\/unisale.com.br\/pastoral\/pastoral-universitaria-do-unisalesiano-promove-reflexoes-diarias-no-mes-da-biblia\/#primaryimage","url":"https:\/\/unisale.com.br\/pastoral\/wp-content\/uploads\/2025\/09\/WhatsApp-Image-2025-09-19-at-15.01.53-3-768x576-1.jpeg","contentUrl":"https:\/\/unisale.com.br\/pastoral\/wp-content\/uploads\/2025\/09\/WhatsApp-Image-2025-09-19-at-15.01.53-3-768x576-1.jpeg","width":667,"height":500},{"@type":"WebSite","@id":"https:\/\/unisale.com.br\/pastoral\/#website","url":"https:\/\/unisale.com.br\/pastoral\/","name":"Pastoral Universit\u00e1ria UniSALESIANO","description":"Site da Pastoral Universit\u00e1ria do UniSALESIANO","potentialAction":[{"@type":"SearchAction","target":{"@type":"EntryPoint","urlTemplate":"https:\/\/unisale.com.br\/pastoral\/?s={search_term_string}"},"query-input":{"@type":"PropertyValueSpecification","valueRequired":true,"valueName":"search_term_string"}}],"inLanguage":"pt-BR"},{"@type":"Person","@id":"https:\/\/unisale.com.br\/pastoral\/#\/schema\/person\/a16ba711a0f7dec9cb6b44563144d5a3","name":"pastoral","url":"https:\/\/unisale.com.br\/pastoral\/author\/pastoral\/"}]}},"_links":{"self":[{"href":"https:\/\/unisale.com.br\/pastoral\/wp-json\/wp\/v2\/posts\/13192","targetHints":{"allow":["GET"]}}],"collection":[{"href":"https:\/\/unisale.com.br\/pastoral\/wp-json\/wp\/v2\/posts"}],"about":[{"href":"https:\/\/unisale.com.br\/pastoral\/wp-json\/wp\/v2\/types\/post"}],"author":[{"embeddable":true,"href":"https:\/\/unisale.com.br\/pastoral\/wp-json\/wp\/v2\/users\/1"}],"replies":[{"embeddable":true,"href":"https:\/\/unisale.com.br\/pastoral\/wp-json\/wp\/v2\/comments?post=13192"}],"version-history":[{"count":1,"href":"https:\/\/unisale.com.br\/pastoral\/wp-json\/wp\/v2\/posts\/13192\/revisions"}],"predecessor-version":[{"id":13198,"href":"https:\/\/unisale.com.br\/pastoral\/wp-json\/wp\/v2\/posts\/13192\/revisions\/13198"}],"wp:featuredmedia":[{"embeddable":true,"href":"https:\/\/unisale.com.br\/pastoral\/wp-json\/wp\/v2\/media\/13193"}],"wp:attachment":[{"href":"https:\/\/unisale.com.br\/pastoral\/wp-json\/wp\/v2\/media?parent=13192"}],"wp:term":[{"taxonomy":"category","embeddable":true,"href":"https:\/\/unisale.com.br\/pastoral\/wp-json\/wp\/v2\/categories?post=13192"},{"taxonomy":"post_tag","embeddable":true,"href":"https:\/\/unisale.com.br\/pastoral\/wp-json\/wp\/v2\/tags?post=13192"}],"curies":[{"name":"wp","href":"https:\/\/api.w.org\/{rel}","templated":true}]}}