{"id":13204,"date":"2025-09-30T18:43:59","date_gmt":"2025-09-30T18:43:59","guid":{"rendered":"https:\/\/unisale.com.br\/pastoral\/?p=13204"},"modified":"2025-09-30T18:43:59","modified_gmt":"2025-09-30T18:43:59","slug":"01-10-quem-poe-a-mao-no-arado-e-olha-para-tras-nao-esta-apto-para-o-reino-de-deus","status":"publish","type":"post","link":"https:\/\/unisale.com.br\/pastoral\/01-10-quem-poe-a-mao-no-arado-e-olha-para-tras-nao-esta-apto-para-o-reino-de-deus\/","title":{"rendered":"01\/10 &#8211; Quem p\u00f5e a m\u00e3o no arado e olha para tr\u00e1s n\u00e3o est\u00e1 apto para o Reino de Deus."},"content":{"rendered":"<p>Quarta-feira, 01 de outubro de 2025.<\/p>\n<p>&nbsp;<\/p>\n<p>Evangelho (Lc 9,57-62)<\/p>\n<p>&nbsp;<\/p>\n<p><strong>\u201cQuem p\u00f5e a m\u00e3o no arado e olha para tr\u00e1s n\u00e3o est\u00e1 apto para o Reino de Deus\u201d<\/strong><\/p>\n<p>&nbsp;<\/p>\n<p>Naquele tempo, <sup>57<\/sup>enquanto Jesus e seus disc\u00edpulos caminhavam, algu\u00e9m na estrada disse a Jesus: \u201cEu te seguirei para onde quer que fores\u201d. <sup>58<\/sup>Jesus lhe respondeu: \u201cAs raposas t\u00eam tocas e os p\u00e1ssaros t\u00eam ninhos; mas o Filho do Homem n\u00e3o tem onde repousar a cabe\u00e7a\u201d. <sup>59<\/sup>Jesus disse a outro: \u201cSegue-me\u201d. Este respondeu: \u201cDeixa-me primeiro ir enterrar meu pai\u201d. <sup>60<\/sup>Jesus respondeu: \u201cDeixa que os mortos enterrem os seus mortos; mas tu, vai anunciar o Reino de Deus\u201d. <sup>61<\/sup>Um outro ainda lhe disse: \u201cEu te seguirei, Senhor, mas deixa-me primeiro despedir-me dos meus familiares\u201d. <sup>62<\/sup>Jesus, por\u00e9m, respondeu-lhe: \u201cQuem p\u00f5e a m\u00e3o no arado e olha para tr\u00e1s n\u00e3o est\u00e1 apto para o Reino de Deus\u201d.<\/p>\n<p>&nbsp;<\/p>\n<p><strong>Reflex\u00e3o<\/strong><\/p>\n<p>&nbsp;<\/p>\n<p>O Evangelho de hoje parece nos querer mostrar quais as condi\u00e7\u00f5es nas quais se pode tomar Jesus a s\u00e9rio. E estas condi\u00e7\u00f5es se manifestam com uma ruptura total das expectativas inicias que cada um de n\u00f3s tem dentro de si. Antes de tudo, as expectativas maternas, isto \u00e9, da busca de Deus como a seguran\u00e7a de uma casa, de um ninho, um ref\u00fagio onde esconder-se: <sup>\u201c<\/sup>Jesus lhe respondeu: \u2018As raposas t\u00eam tocas e os p\u00e1ssaros t\u00eam ninhos; mas o Filho do Homem n\u00e3o tem onde repousar a cabe\u00e7a\u2019\u201d. Deus n\u00e3os serve como uma seguran\u00e7a. Ele n\u00e3o \u00e9 um ref\u00fagio onde esconder-se da vida. A segunda condi\u00e7\u00e3o dis respeito as expectativas paternas que temos e que s\u00e3o a ruptura de uma busca somente dos deveres e das rela\u00e7\u00f5es estruturais segundo a simples l\u00f3gica mundana: \u201cDeixa-me primeiro ir enterrar meu pai\u201d. Jesus respondeu: \u201cDeixa que os mortos enterrem os seus mortos; mas tu, vai anunciar o Reino de Deus\u201d. De fato, fingindo que vivemos a fe como um simples sentir-nos do dever de algo, agora n\u00e3o conseguiremos verdadeiramente jamais ir al\u00e9m dos esquemas e regras. A terceira condi\u00e7\u00e3o \u00e9 libertar-se das expectativas do nosso eu que n\u00e3o querem jamais renunciar \u00e0s pr\u00f3prias seguran\u00e7as identit\u00e1rias e que por n\u00e3o nos deixar entrar em discuss\u00e3o est\u00e3o dispostas a permanecer sempre ref\u00e9ns do passado: \u201cEu te seguirei, Senhor, mas deixa-me primeiro despedir-me dos meus familiares\u201d. <sup>62<\/sup>Jesus, por\u00e9m, respondeu-lhe: \u201cQuem p\u00f5e a m\u00e3o no arado e olha para tr\u00e1s n\u00e3o est\u00e1 apto para o Reino de Deus\u201d. \u00c9 sempre dif\u00edcil para n\u00f3s descobrir que por detr\u00e1s daquilo que pensamos ser, est\u00e1 escondida uma pessoa que ainda n\u00e3o conhecemos e que Jesus revela pouco a pouco. \u00c9 a experi\u00eancia de Sim\u00e3o que se descobre Pedro pouco a pouco gra\u00e7as a Jesus. A ren\u00fancia a estas tr\u00eas expectativas nos coloca na condi\u00e7\u00e3o melhor para seguir Jesus: nada de seguran\u00e7a, nada de buscar esquemas, nada de paranoias com o nosso eu.<\/p>\n<p><strong>Pe. Paulo Eduardo J\u00e1como, SDB.\u00a0<\/strong><\/p>\n","protected":false},"excerpt":{"rendered":"<p>Quarta-feira, 01 de outubro de 2025. &nbsp; Evangelho (Lc 9,57-62) &nbsp; \u201cQuem p\u00f5e a m\u00e3o no arado e olha para tr\u00e1s n\u00e3o est\u00e1 apto para&#8230;<\/p>\n","protected":false},"author":1,"featured_media":13205,"comment_status":"closed","ping_status":"closed","sticky":false,"template":"","format":"standard","meta":{"_acf_changed":false,"footnotes":""},"categories":[13],"tags":[],"class_list":["post-13204","post","type-post","status-publish","format-standard","has-post-thumbnail","hentry","category-reflexaodoevagelho"],"acf":[],"yoast_head":"<!-- This site is optimized with the Yoast SEO plugin v27.3 - https:\/\/yoast.com\/product\/yoast-seo-wordpress\/ -->\n<title>01\/10 - Quem p\u00f5e a m\u00e3o no arado e olha para tr\u00e1s n\u00e3o est\u00e1 apto para o Reino de Deus. - Pastoral Universit\u00e1ria UniSALESIANO<\/title>\n<meta name=\"robots\" content=\"index, follow, max-snippet:-1, max-image-preview:large, max-video-preview:-1\" \/>\n<link rel=\"canonical\" href=\"https:\/\/unisale.com.br\/pastoral\/01-10-quem-poe-a-mao-no-arado-e-olha-para-tras-nao-esta-apto-para-o-reino-de-deus\/\" \/>\n<meta property=\"og:locale\" content=\"pt_BR\" \/>\n<meta property=\"og:type\" content=\"article\" \/>\n<meta property=\"og:title\" content=\"01\/10 - Quem p\u00f5e a m\u00e3o no arado e olha para tr\u00e1s n\u00e3o est\u00e1 apto para o Reino de Deus. - Pastoral Universit\u00e1ria UniSALESIANO\" \/>\n<meta property=\"og:description\" content=\"Quarta-feira, 01 de outubro de 2025. &nbsp; Evangelho (Lc 9,57-62) &nbsp; \u201cQuem p\u00f5e a m\u00e3o no arado e olha para tr\u00e1s n\u00e3o est\u00e1 apto para...\" \/>\n<meta property=\"og:url\" content=\"https:\/\/unisale.com.br\/pastoral\/01-10-quem-poe-a-mao-no-arado-e-olha-para-tras-nao-esta-apto-para-o-reino-de-deus\/\" \/>\n<meta property=\"og:site_name\" content=\"Pastoral Universit\u00e1ria UniSALESIANO\" \/>\n<meta property=\"article:published_time\" content=\"2025-09-30T18:43:59+00:00\" \/>\n<meta property=\"og:image\" content=\"https:\/\/unisale.com.br\/pastoral\/wp-content\/uploads\/2025\/09\/Naquele-tempo-57enquanto-Jesus-e-seus-discipulos-caminhavam-alguem-na-estrada-disse-a-Jesus_-Eu-te-seguirei-para-onde-quer-que-fores.-58Jesus-lhe-respondeu_-As-raposas-tem-tocas-e-os-passaros.jpg\" \/>\n\t<meta property=\"og:image:width\" content=\"1200\" \/>\n\t<meta property=\"og:image:height\" content=\"1200\" \/>\n\t<meta property=\"og:image:type\" content=\"image\/jpeg\" \/>\n<meta name=\"author\" content=\"pastoral\" \/>\n<meta name=\"twitter:card\" content=\"summary_large_image\" \/>\n<meta name=\"twitter:label1\" content=\"Escrito por\" \/>\n\t<meta name=\"twitter:data1\" content=\"pastoral\" \/>\n\t<meta name=\"twitter:label2\" content=\"Est. tempo de leitura\" \/>\n\t<meta name=\"twitter:data2\" content=\"3 minutos\" \/>\n<script type=\"application\/ld+json\" class=\"yoast-schema-graph\">{\"@context\":\"https:\\\/\\\/schema.org\",\"@graph\":[{\"@type\":\"Article\",\"@id\":\"https:\\\/\\\/unisale.com.br\\\/pastoral\\\/01-10-quem-poe-a-mao-no-arado-e-olha-para-tras-nao-esta-apto-para-o-reino-de-deus\\\/#article\",\"isPartOf\":{\"@id\":\"https:\\\/\\\/unisale.com.br\\\/pastoral\\\/01-10-quem-poe-a-mao-no-arado-e-olha-para-tras-nao-esta-apto-para-o-reino-de-deus\\\/\"},\"author\":{\"name\":\"pastoral\",\"@id\":\"https:\\\/\\\/unisale.com.br\\\/pastoral\\\/#\\\/schema\\\/person\\\/a16ba711a0f7dec9cb6b44563144d5a3\"},\"headline\":\"01\\\/10 &#8211; Quem p\u00f5e a m\u00e3o no arado e olha para tr\u00e1s n\u00e3o est\u00e1 apto para o Reino de Deus.\",\"datePublished\":\"2025-09-30T18:43:59+00:00\",\"mainEntityOfPage\":{\"@id\":\"https:\\\/\\\/unisale.com.br\\\/pastoral\\\/01-10-quem-poe-a-mao-no-arado-e-olha-para-tras-nao-esta-apto-para-o-reino-de-deus\\\/\"},\"wordCount\":553,\"image\":{\"@id\":\"https:\\\/\\\/unisale.com.br\\\/pastoral\\\/01-10-quem-poe-a-mao-no-arado-e-olha-para-tras-nao-esta-apto-para-o-reino-de-deus\\\/#primaryimage\"},\"thumbnailUrl\":\"https:\\\/\\\/unisale.com.br\\\/pastoral\\\/wp-content\\\/uploads\\\/2025\\\/09\\\/Naquele-tempo-57enquanto-Jesus-e-seus-discipulos-caminhavam-alguem-na-estrada-disse-a-Jesus_-Eu-te-seguirei-para-onde-quer-que-fores.-58Jesus-lhe-respondeu_-As-raposas-tem-tocas-e-os-passaros.jpg\",\"articleSection\":[\"Reflex\u00e3o do Evangelho\"],\"inLanguage\":\"pt-BR\"},{\"@type\":\"WebPage\",\"@id\":\"https:\\\/\\\/unisale.com.br\\\/pastoral\\\/01-10-quem-poe-a-mao-no-arado-e-olha-para-tras-nao-esta-apto-para-o-reino-de-deus\\\/\",\"url\":\"https:\\\/\\\/unisale.com.br\\\/pastoral\\\/01-10-quem-poe-a-mao-no-arado-e-olha-para-tras-nao-esta-apto-para-o-reino-de-deus\\\/\",\"name\":\"01\\\/10 - Quem p\u00f5e a m\u00e3o no arado e olha para tr\u00e1s n\u00e3o est\u00e1 apto para o Reino de Deus. - Pastoral Universit\u00e1ria UniSALESIANO\",\"isPartOf\":{\"@id\":\"https:\\\/\\\/unisale.com.br\\\/pastoral\\\/#website\"},\"primaryImageOfPage\":{\"@id\":\"https:\\\/\\\/unisale.com.br\\\/pastoral\\\/01-10-quem-poe-a-mao-no-arado-e-olha-para-tras-nao-esta-apto-para-o-reino-de-deus\\\/#primaryimage\"},\"image\":{\"@id\":\"https:\\\/\\\/unisale.com.br\\\/pastoral\\\/01-10-quem-poe-a-mao-no-arado-e-olha-para-tras-nao-esta-apto-para-o-reino-de-deus\\\/#primaryimage\"},\"thumbnailUrl\":\"https:\\\/\\\/unisale.com.br\\\/pastoral\\\/wp-content\\\/uploads\\\/2025\\\/09\\\/Naquele-tempo-57enquanto-Jesus-e-seus-discipulos-caminhavam-alguem-na-estrada-disse-a-Jesus_-Eu-te-seguirei-para-onde-quer-que-fores.-58Jesus-lhe-respondeu_-As-raposas-tem-tocas-e-os-passaros.jpg\",\"datePublished\":\"2025-09-30T18:43:59+00:00\",\"author\":{\"@id\":\"https:\\\/\\\/unisale.com.br\\\/pastoral\\\/#\\\/schema\\\/person\\\/a16ba711a0f7dec9cb6b44563144d5a3\"},\"inLanguage\":\"pt-BR\",\"potentialAction\":[{\"@type\":\"ReadAction\",\"target\":[\"https:\\\/\\\/unisale.com.br\\\/pastoral\\\/01-10-quem-poe-a-mao-no-arado-e-olha-para-tras-nao-esta-apto-para-o-reino-de-deus\\\/\"]}]},{\"@type\":\"ImageObject\",\"inLanguage\":\"pt-BR\",\"@id\":\"https:\\\/\\\/unisale.com.br\\\/pastoral\\\/01-10-quem-poe-a-mao-no-arado-e-olha-para-tras-nao-esta-apto-para-o-reino-de-deus\\\/#primaryimage\",\"url\":\"https:\\\/\\\/unisale.com.br\\\/pastoral\\\/wp-content\\\/uploads\\\/2025\\\/09\\\/Naquele-tempo-57enquanto-Jesus-e-seus-discipulos-caminhavam-alguem-na-estrada-disse-a-Jesus_-Eu-te-seguirei-para-onde-quer-que-fores.-58Jesus-lhe-respondeu_-As-raposas-tem-tocas-e-os-passaros.jpg\",\"contentUrl\":\"https:\\\/\\\/unisale.com.br\\\/pastoral\\\/wp-content\\\/uploads\\\/2025\\\/09\\\/Naquele-tempo-57enquanto-Jesus-e-seus-discipulos-caminhavam-alguem-na-estrada-disse-a-Jesus_-Eu-te-seguirei-para-onde-quer-que-fores.-58Jesus-lhe-respondeu_-As-raposas-tem-tocas-e-os-passaros.jpg\",\"width\":500,\"height\":500},{\"@type\":\"WebSite\",\"@id\":\"https:\\\/\\\/unisale.com.br\\\/pastoral\\\/#website\",\"url\":\"https:\\\/\\\/unisale.com.br\\\/pastoral\\\/\",\"name\":\"Pastoral Universit\u00e1ria UniSALESIANO\",\"description\":\"Site da Pastoral Universit\u00e1ria do UniSALESIANO\",\"potentialAction\":[{\"@type\":\"SearchAction\",\"target\":{\"@type\":\"EntryPoint\",\"urlTemplate\":\"https:\\\/\\\/unisale.com.br\\\/pastoral\\\/?s={search_term_string}\"},\"query-input\":{\"@type\":\"PropertyValueSpecification\",\"valueRequired\":true,\"valueName\":\"search_term_string\"}}],\"inLanguage\":\"pt-BR\"},{\"@type\":\"Person\",\"@id\":\"https:\\\/\\\/unisale.com.br\\\/pastoral\\\/#\\\/schema\\\/person\\\/a16ba711a0f7dec9cb6b44563144d5a3\",\"name\":\"pastoral\",\"url\":\"https:\\\/\\\/unisale.com.br\\\/pastoral\\\/author\\\/pastoral\\\/\"}]}<\/script>\n<!-- \/ Yoast SEO plugin. -->","yoast_head_json":{"title":"01\/10 - Quem p\u00f5e a m\u00e3o no arado e olha para tr\u00e1s n\u00e3o est\u00e1 apto para o Reino de Deus. - Pastoral Universit\u00e1ria UniSALESIANO","robots":{"index":"index","follow":"follow","max-snippet":"max-snippet:-1","max-image-preview":"max-image-preview:large","max-video-preview":"max-video-preview:-1"},"canonical":"https:\/\/unisale.com.br\/pastoral\/01-10-quem-poe-a-mao-no-arado-e-olha-para-tras-nao-esta-apto-para-o-reino-de-deus\/","og_locale":"pt_BR","og_type":"article","og_title":"01\/10 - Quem p\u00f5e a m\u00e3o no arado e olha para tr\u00e1s n\u00e3o est\u00e1 apto para o Reino de Deus. - Pastoral Universit\u00e1ria UniSALESIANO","og_description":"Quarta-feira, 01 de outubro de 2025. &nbsp; Evangelho (Lc 9,57-62) &nbsp; \u201cQuem p\u00f5e a m\u00e3o no arado e olha para tr\u00e1s n\u00e3o est\u00e1 apto para...","og_url":"https:\/\/unisale.com.br\/pastoral\/01-10-quem-poe-a-mao-no-arado-e-olha-para-tras-nao-esta-apto-para-o-reino-de-deus\/","og_site_name":"Pastoral Universit\u00e1ria UniSALESIANO","article_published_time":"2025-09-30T18:43:59+00:00","og_image":[{"width":1200,"height":1200,"url":"https:\/\/unisale.com.br\/pastoral\/wp-content\/uploads\/2025\/09\/Naquele-tempo-57enquanto-Jesus-e-seus-discipulos-caminhavam-alguem-na-estrada-disse-a-Jesus_-Eu-te-seguirei-para-onde-quer-que-fores.-58Jesus-lhe-respondeu_-As-raposas-tem-tocas-e-os-passaros.jpg","type":"image\/jpeg"}],"author":"pastoral","twitter_card":"summary_large_image","twitter_misc":{"Escrito por":"pastoral","Est. tempo de leitura":"3 minutos"},"schema":{"@context":"https:\/\/schema.org","@graph":[{"@type":"Article","@id":"https:\/\/unisale.com.br\/pastoral\/01-10-quem-poe-a-mao-no-arado-e-olha-para-tras-nao-esta-apto-para-o-reino-de-deus\/#article","isPartOf":{"@id":"https:\/\/unisale.com.br\/pastoral\/01-10-quem-poe-a-mao-no-arado-e-olha-para-tras-nao-esta-apto-para-o-reino-de-deus\/"},"author":{"name":"pastoral","@id":"https:\/\/unisale.com.br\/pastoral\/#\/schema\/person\/a16ba711a0f7dec9cb6b44563144d5a3"},"headline":"01\/10 &#8211; Quem p\u00f5e a m\u00e3o no arado e olha para tr\u00e1s n\u00e3o est\u00e1 apto para o Reino de Deus.","datePublished":"2025-09-30T18:43:59+00:00","mainEntityOfPage":{"@id":"https:\/\/unisale.com.br\/pastoral\/01-10-quem-poe-a-mao-no-arado-e-olha-para-tras-nao-esta-apto-para-o-reino-de-deus\/"},"wordCount":553,"image":{"@id":"https:\/\/unisale.com.br\/pastoral\/01-10-quem-poe-a-mao-no-arado-e-olha-para-tras-nao-esta-apto-para-o-reino-de-deus\/#primaryimage"},"thumbnailUrl":"https:\/\/unisale.com.br\/pastoral\/wp-content\/uploads\/2025\/09\/Naquele-tempo-57enquanto-Jesus-e-seus-discipulos-caminhavam-alguem-na-estrada-disse-a-Jesus_-Eu-te-seguirei-para-onde-quer-que-fores.-58Jesus-lhe-respondeu_-As-raposas-tem-tocas-e-os-passaros.jpg","articleSection":["Reflex\u00e3o do Evangelho"],"inLanguage":"pt-BR"},{"@type":"WebPage","@id":"https:\/\/unisale.com.br\/pastoral\/01-10-quem-poe-a-mao-no-arado-e-olha-para-tras-nao-esta-apto-para-o-reino-de-deus\/","url":"https:\/\/unisale.com.br\/pastoral\/01-10-quem-poe-a-mao-no-arado-e-olha-para-tras-nao-esta-apto-para-o-reino-de-deus\/","name":"01\/10 - Quem p\u00f5e a m\u00e3o no arado e olha para tr\u00e1s n\u00e3o est\u00e1 apto para o Reino de Deus. - Pastoral Universit\u00e1ria UniSALESIANO","isPartOf":{"@id":"https:\/\/unisale.com.br\/pastoral\/#website"},"primaryImageOfPage":{"@id":"https:\/\/unisale.com.br\/pastoral\/01-10-quem-poe-a-mao-no-arado-e-olha-para-tras-nao-esta-apto-para-o-reino-de-deus\/#primaryimage"},"image":{"@id":"https:\/\/unisale.com.br\/pastoral\/01-10-quem-poe-a-mao-no-arado-e-olha-para-tras-nao-esta-apto-para-o-reino-de-deus\/#primaryimage"},"thumbnailUrl":"https:\/\/unisale.com.br\/pastoral\/wp-content\/uploads\/2025\/09\/Naquele-tempo-57enquanto-Jesus-e-seus-discipulos-caminhavam-alguem-na-estrada-disse-a-Jesus_-Eu-te-seguirei-para-onde-quer-que-fores.-58Jesus-lhe-respondeu_-As-raposas-tem-tocas-e-os-passaros.jpg","datePublished":"2025-09-30T18:43:59+00:00","author":{"@id":"https:\/\/unisale.com.br\/pastoral\/#\/schema\/person\/a16ba711a0f7dec9cb6b44563144d5a3"},"inLanguage":"pt-BR","potentialAction":[{"@type":"ReadAction","target":["https:\/\/unisale.com.br\/pastoral\/01-10-quem-poe-a-mao-no-arado-e-olha-para-tras-nao-esta-apto-para-o-reino-de-deus\/"]}]},{"@type":"ImageObject","inLanguage":"pt-BR","@id":"https:\/\/unisale.com.br\/pastoral\/01-10-quem-poe-a-mao-no-arado-e-olha-para-tras-nao-esta-apto-para-o-reino-de-deus\/#primaryimage","url":"https:\/\/unisale.com.br\/pastoral\/wp-content\/uploads\/2025\/09\/Naquele-tempo-57enquanto-Jesus-e-seus-discipulos-caminhavam-alguem-na-estrada-disse-a-Jesus_-Eu-te-seguirei-para-onde-quer-que-fores.-58Jesus-lhe-respondeu_-As-raposas-tem-tocas-e-os-passaros.jpg","contentUrl":"https:\/\/unisale.com.br\/pastoral\/wp-content\/uploads\/2025\/09\/Naquele-tempo-57enquanto-Jesus-e-seus-discipulos-caminhavam-alguem-na-estrada-disse-a-Jesus_-Eu-te-seguirei-para-onde-quer-que-fores.-58Jesus-lhe-respondeu_-As-raposas-tem-tocas-e-os-passaros.jpg","width":500,"height":500},{"@type":"WebSite","@id":"https:\/\/unisale.com.br\/pastoral\/#website","url":"https:\/\/unisale.com.br\/pastoral\/","name":"Pastoral Universit\u00e1ria UniSALESIANO","description":"Site da Pastoral Universit\u00e1ria do UniSALESIANO","potentialAction":[{"@type":"SearchAction","target":{"@type":"EntryPoint","urlTemplate":"https:\/\/unisale.com.br\/pastoral\/?s={search_term_string}"},"query-input":{"@type":"PropertyValueSpecification","valueRequired":true,"valueName":"search_term_string"}}],"inLanguage":"pt-BR"},{"@type":"Person","@id":"https:\/\/unisale.com.br\/pastoral\/#\/schema\/person\/a16ba711a0f7dec9cb6b44563144d5a3","name":"pastoral","url":"https:\/\/unisale.com.br\/pastoral\/author\/pastoral\/"}]}},"_links":{"self":[{"href":"https:\/\/unisale.com.br\/pastoral\/wp-json\/wp\/v2\/posts\/13204","targetHints":{"allow":["GET"]}}],"collection":[{"href":"https:\/\/unisale.com.br\/pastoral\/wp-json\/wp\/v2\/posts"}],"about":[{"href":"https:\/\/unisale.com.br\/pastoral\/wp-json\/wp\/v2\/types\/post"}],"author":[{"embeddable":true,"href":"https:\/\/unisale.com.br\/pastoral\/wp-json\/wp\/v2\/users\/1"}],"replies":[{"embeddable":true,"href":"https:\/\/unisale.com.br\/pastoral\/wp-json\/wp\/v2\/comments?post=13204"}],"version-history":[{"count":1,"href":"https:\/\/unisale.com.br\/pastoral\/wp-json\/wp\/v2\/posts\/13204\/revisions"}],"predecessor-version":[{"id":13206,"href":"https:\/\/unisale.com.br\/pastoral\/wp-json\/wp\/v2\/posts\/13204\/revisions\/13206"}],"wp:featuredmedia":[{"embeddable":true,"href":"https:\/\/unisale.com.br\/pastoral\/wp-json\/wp\/v2\/media\/13205"}],"wp:attachment":[{"href":"https:\/\/unisale.com.br\/pastoral\/wp-json\/wp\/v2\/media?parent=13204"}],"wp:term":[{"taxonomy":"category","embeddable":true,"href":"https:\/\/unisale.com.br\/pastoral\/wp-json\/wp\/v2\/categories?post=13204"},{"taxonomy":"post_tag","embeddable":true,"href":"https:\/\/unisale.com.br\/pastoral\/wp-json\/wp\/v2\/tags?post=13204"}],"curies":[{"name":"wp","href":"https:\/\/api.w.org\/{rel}","templated":true}]}}