{"id":13252,"date":"2025-10-28T22:21:13","date_gmt":"2025-10-28T22:21:13","guid":{"rendered":"https:\/\/unisale.com.br\/pastoral\/?p=13252"},"modified":"2025-10-28T22:21:13","modified_gmt":"2025-10-28T22:21:13","slug":"29-10-fazei-todo-esforco-possivel-para-entrar-pela-porta-estreita","status":"publish","type":"post","link":"https:\/\/unisale.com.br\/pastoral\/29-10-fazei-todo-esforco-possivel-para-entrar-pela-porta-estreita\/","title":{"rendered":"29\/10 &#8211; Fazei todo esfor\u00e7o poss\u00edvel para entrar pela porta estreita."},"content":{"rendered":"<p>Quarta-feira, 29 de outubro de 2025.<\/p>\n<p>&nbsp;<\/p>\n<p>Evangelho (Lc 13,22-30)<\/p>\n<p>&nbsp;<\/p>\n<p><strong>\u201cFazei todo esfor\u00e7o poss\u00edvel para entrar pela porta estreita\u201d<\/strong><\/p>\n<p>&nbsp;<\/p>\n<p>Naquele tempo, <sup>22<\/sup>Jesus atravessava cidades e povoados, ensinando e prosseguindo o caminho para Jerusal\u00e9m. <sup>23<\/sup>Algu\u00e9m lhe perguntou: \u201cSenhor, \u00e9 verdade que s\u00e3o poucos os que se salvam?\u201d Jesus respondeu: <sup>24<\/sup>\u201cFazei todo esfor\u00e7o poss\u00edvel para entrar pela porta estreita. Porque eu vos digo que muitos tentar\u00e3o entrar e n\u00e3o conseguir\u00e3o. <sup>25<\/sup>Uma vez que o dono da casa se levantar e fechar a porta, v\u00f3s, do lado de fora, come\u00e7areis a bater, dizendo: \u2018Senhor, abre-nos a porta!\u2019 Ele responder\u00e1: \u2018N\u00e3o sei de onde sois\u2019. <sup>26<\/sup>Ent\u00e3o come\u00e7areis a dizer: \u2018N\u00f3s comemos e bebemos diante de ti, e tu ensinaste em nossas pra\u00e7as!\u2019 <sup>27<\/sup>Ele, por\u00e9m, responder\u00e1: \u2018N\u00e3o sei de onde sois. Afastai-vos de mim todos v\u00f3s que praticais a injusti\u00e7a!\u2019 <sup>28<\/sup>Ali haver\u00e1 choro e ranger de dentes, quando virdes Abra\u00e3o, Isaac e Jac\u00f3, junto com todos os profetas no Reino de Deus, e v\u00f3s, por\u00e9m, sendo lan\u00e7ados fora. <sup>29<\/sup>Vir\u00e3o homens do oriente e do ocidente, do norte e do sul, e tomar\u00e3o lugar \u00e0 mesa no Reino de Deus. <sup>30<\/sup>E assim h\u00e1 \u00faltimos que ser\u00e3o primeiros, e primeiros que ser\u00e3o \u00faltimos\u201d.<\/p>\n<p>&nbsp;<\/p>\n<p><strong>Reflex\u00e3o<\/strong><\/p>\n<p>&nbsp;<\/p>\n<p>\u201cSenhor, \u00e9 verdade que s\u00e3o poucos os que se salvam?\u201d. Esta curiosidade presente no Evangelho tamb\u00e9m \u00e9 nossa curiosidade. Pode ser que ela seja fruto das ideias distorcidas que temos. A primeira \u00e9 crer que \u2018Deus \u00e9 bom\u2019 e, portanto, podemos viver despreocupados sem jamais colocar em jogo a nossa liberdade, ou seja, viver como se bem entende pensando que no fim, Deus perdoa tudo; a segunda \u00e9 pensar que nos salvamos porque somos bons. Deve ser uma dor muito grande chegar diante de algu\u00e9m que voc\u00ea ama e tomar consci\u00eancia que voc\u00eas s\u00e3o como dois estranhos, chegar diante que voc\u00ea ama e ouvi-lo dizer: \u2018n\u00e3o te conhe\u00e7o\u2019. A dor \u00e9 maior porque percebemos que na realidade n\u00f3s dissemos amar, no entanto este amor esconde s\u00f3 o ego\u00edsmo e um narcisismo auto referencial que n\u00e3o nos faz encontrar o outro, mas s\u00f3 a n\u00f3s mesmos, as nossas necessidades e as nossas expectativas. Voc\u00ea pode viver tamb\u00e9m cinquenta anos na casa com uma pessoa com quem voc\u00ea se casou e render-se conta que depois de todos estes anos, voc\u00eas s\u00e3o \u2018estranhos\u2019 que simplesmente conviveram juntos, somente porque cada um tomou como s\u00e9rio exclusivamente as pr\u00f3prias necessidades e expectativas e n\u00e3o notou jamais o roto do outro. \u00c9 assim com Deus: n\u00f3s enchemos a boca para falar d\u2019Ele, mas n\u00e3o nos preocupamos em dar-lhe espa\u00e7o. Apenas O havemos utilizado, mas n\u00e3o O encontrado. A porta estreita representa o grande esfor\u00e7o de sair da pris\u00e3o do nosso ego\u00edsmo.<\/p>\n<p><strong>Pe. Paulo Eduardo J\u00e1como, SDB.\u00a0<\/strong><\/p>\n","protected":false},"excerpt":{"rendered":"<p>Quarta-feira, 29 de outubro de 2025. &nbsp; Evangelho (Lc 13,22-30) &nbsp; \u201cFazei todo esfor\u00e7o poss\u00edvel para entrar pela porta estreita\u201d &nbsp; Naquele tempo, 22Jesus atravessava&#8230;<\/p>\n","protected":false},"author":1,"featured_media":13253,"comment_status":"closed","ping_status":"closed","sticky":false,"template":"","format":"standard","meta":{"_acf_changed":false,"footnotes":""},"categories":[13],"tags":[],"class_list":["post-13252","post","type-post","status-publish","format-standard","has-post-thumbnail","hentry","category-reflexaodoevagelho"],"acf":[],"yoast_head":"<!-- This site is optimized with the Yoast SEO plugin v27.3 - https:\/\/yoast.com\/product\/yoast-seo-wordpress\/ -->\n<title>29\/10 - Fazei todo esfor\u00e7o poss\u00edvel para entrar pela porta estreita. - Pastoral Universit\u00e1ria UniSALESIANO<\/title>\n<meta name=\"robots\" content=\"index, follow, max-snippet:-1, max-image-preview:large, max-video-preview:-1\" \/>\n<link rel=\"canonical\" href=\"https:\/\/unisale.com.br\/pastoral\/29-10-fazei-todo-esforco-possivel-para-entrar-pela-porta-estreita\/\" \/>\n<meta property=\"og:locale\" content=\"pt_BR\" \/>\n<meta property=\"og:type\" content=\"article\" \/>\n<meta property=\"og:title\" content=\"29\/10 - Fazei todo esfor\u00e7o poss\u00edvel para entrar pela porta estreita. - Pastoral Universit\u00e1ria UniSALESIANO\" \/>\n<meta property=\"og:description\" content=\"Quarta-feira, 29 de outubro de 2025. &nbsp; Evangelho (Lc 13,22-30) &nbsp; \u201cFazei todo esfor\u00e7o poss\u00edvel para entrar pela porta estreita\u201d &nbsp; Naquele tempo, 22Jesus atravessava...\" \/>\n<meta property=\"og:url\" content=\"https:\/\/unisale.com.br\/pastoral\/29-10-fazei-todo-esforco-possivel-para-entrar-pela-porta-estreita\/\" \/>\n<meta property=\"og:site_name\" content=\"Pastoral Universit\u00e1ria UniSALESIANO\" \/>\n<meta property=\"article:published_time\" content=\"2025-10-28T22:21:13+00:00\" \/>\n<meta property=\"og:image\" content=\"https:\/\/unisale.com.br\/pastoral\/wp-content\/uploads\/2025\/10\/Design-sem-nome-2.png\" \/>\n\t<meta property=\"og:image:width\" content=\"1200\" \/>\n\t<meta property=\"og:image:height\" content=\"1200\" \/>\n\t<meta property=\"og:image:type\" content=\"image\/png\" \/>\n<meta name=\"author\" content=\"pastoral\" \/>\n<meta name=\"twitter:card\" content=\"summary_large_image\" \/>\n<meta name=\"twitter:label1\" content=\"Escrito por\" \/>\n\t<meta name=\"twitter:data1\" content=\"pastoral\" \/>\n\t<meta name=\"twitter:label2\" content=\"Est. tempo de leitura\" \/>\n\t<meta name=\"twitter:data2\" content=\"3 minutos\" \/>\n<script type=\"application\/ld+json\" class=\"yoast-schema-graph\">{\"@context\":\"https:\\\/\\\/schema.org\",\"@graph\":[{\"@type\":\"Article\",\"@id\":\"https:\\\/\\\/unisale.com.br\\\/pastoral\\\/29-10-fazei-todo-esforco-possivel-para-entrar-pela-porta-estreita\\\/#article\",\"isPartOf\":{\"@id\":\"https:\\\/\\\/unisale.com.br\\\/pastoral\\\/29-10-fazei-todo-esforco-possivel-para-entrar-pela-porta-estreita\\\/\"},\"author\":{\"name\":\"pastoral\",\"@id\":\"https:\\\/\\\/unisale.com.br\\\/pastoral\\\/#\\\/schema\\\/person\\\/a16ba711a0f7dec9cb6b44563144d5a3\"},\"headline\":\"29\\\/10 &#8211; Fazei todo esfor\u00e7o poss\u00edvel para entrar pela porta estreita.\",\"datePublished\":\"2025-10-28T22:21:13+00:00\",\"mainEntityOfPage\":{\"@id\":\"https:\\\/\\\/unisale.com.br\\\/pastoral\\\/29-10-fazei-todo-esforco-possivel-para-entrar-pela-porta-estreita\\\/\"},\"wordCount\":509,\"image\":{\"@id\":\"https:\\\/\\\/unisale.com.br\\\/pastoral\\\/29-10-fazei-todo-esforco-possivel-para-entrar-pela-porta-estreita\\\/#primaryimage\"},\"thumbnailUrl\":\"https:\\\/\\\/unisale.com.br\\\/pastoral\\\/wp-content\\\/uploads\\\/2025\\\/10\\\/Design-sem-nome-2.jpg\",\"articleSection\":[\"Reflex\u00e3o do Evangelho\"],\"inLanguage\":\"pt-BR\"},{\"@type\":\"WebPage\",\"@id\":\"https:\\\/\\\/unisale.com.br\\\/pastoral\\\/29-10-fazei-todo-esforco-possivel-para-entrar-pela-porta-estreita\\\/\",\"url\":\"https:\\\/\\\/unisale.com.br\\\/pastoral\\\/29-10-fazei-todo-esforco-possivel-para-entrar-pela-porta-estreita\\\/\",\"name\":\"29\\\/10 - Fazei todo esfor\u00e7o poss\u00edvel para entrar pela porta estreita. - Pastoral Universit\u00e1ria UniSALESIANO\",\"isPartOf\":{\"@id\":\"https:\\\/\\\/unisale.com.br\\\/pastoral\\\/#website\"},\"primaryImageOfPage\":{\"@id\":\"https:\\\/\\\/unisale.com.br\\\/pastoral\\\/29-10-fazei-todo-esforco-possivel-para-entrar-pela-porta-estreita\\\/#primaryimage\"},\"image\":{\"@id\":\"https:\\\/\\\/unisale.com.br\\\/pastoral\\\/29-10-fazei-todo-esforco-possivel-para-entrar-pela-porta-estreita\\\/#primaryimage\"},\"thumbnailUrl\":\"https:\\\/\\\/unisale.com.br\\\/pastoral\\\/wp-content\\\/uploads\\\/2025\\\/10\\\/Design-sem-nome-2.jpg\",\"datePublished\":\"2025-10-28T22:21:13+00:00\",\"author\":{\"@id\":\"https:\\\/\\\/unisale.com.br\\\/pastoral\\\/#\\\/schema\\\/person\\\/a16ba711a0f7dec9cb6b44563144d5a3\"},\"inLanguage\":\"pt-BR\",\"potentialAction\":[{\"@type\":\"ReadAction\",\"target\":[\"https:\\\/\\\/unisale.com.br\\\/pastoral\\\/29-10-fazei-todo-esforco-possivel-para-entrar-pela-porta-estreita\\\/\"]}]},{\"@type\":\"ImageObject\",\"inLanguage\":\"pt-BR\",\"@id\":\"https:\\\/\\\/unisale.com.br\\\/pastoral\\\/29-10-fazei-todo-esforco-possivel-para-entrar-pela-porta-estreita\\\/#primaryimage\",\"url\":\"https:\\\/\\\/unisale.com.br\\\/pastoral\\\/wp-content\\\/uploads\\\/2025\\\/10\\\/Design-sem-nome-2.jpg\",\"contentUrl\":\"https:\\\/\\\/unisale.com.br\\\/pastoral\\\/wp-content\\\/uploads\\\/2025\\\/10\\\/Design-sem-nome-2.jpg\",\"width\":500,\"height\":500},{\"@type\":\"WebSite\",\"@id\":\"https:\\\/\\\/unisale.com.br\\\/pastoral\\\/#website\",\"url\":\"https:\\\/\\\/unisale.com.br\\\/pastoral\\\/\",\"name\":\"Pastoral Universit\u00e1ria UniSALESIANO\",\"description\":\"Site da Pastoral Universit\u00e1ria do UniSALESIANO\",\"potentialAction\":[{\"@type\":\"SearchAction\",\"target\":{\"@type\":\"EntryPoint\",\"urlTemplate\":\"https:\\\/\\\/unisale.com.br\\\/pastoral\\\/?s={search_term_string}\"},\"query-input\":{\"@type\":\"PropertyValueSpecification\",\"valueRequired\":true,\"valueName\":\"search_term_string\"}}],\"inLanguage\":\"pt-BR\"},{\"@type\":\"Person\",\"@id\":\"https:\\\/\\\/unisale.com.br\\\/pastoral\\\/#\\\/schema\\\/person\\\/a16ba711a0f7dec9cb6b44563144d5a3\",\"name\":\"pastoral\",\"url\":\"https:\\\/\\\/unisale.com.br\\\/pastoral\\\/author\\\/pastoral\\\/\"}]}<\/script>\n<!-- \/ Yoast SEO plugin. -->","yoast_head_json":{"title":"29\/10 - Fazei todo esfor\u00e7o poss\u00edvel para entrar pela porta estreita. - Pastoral Universit\u00e1ria UniSALESIANO","robots":{"index":"index","follow":"follow","max-snippet":"max-snippet:-1","max-image-preview":"max-image-preview:large","max-video-preview":"max-video-preview:-1"},"canonical":"https:\/\/unisale.com.br\/pastoral\/29-10-fazei-todo-esforco-possivel-para-entrar-pela-porta-estreita\/","og_locale":"pt_BR","og_type":"article","og_title":"29\/10 - Fazei todo esfor\u00e7o poss\u00edvel para entrar pela porta estreita. - Pastoral Universit\u00e1ria UniSALESIANO","og_description":"Quarta-feira, 29 de outubro de 2025. &nbsp; Evangelho (Lc 13,22-30) &nbsp; \u201cFazei todo esfor\u00e7o poss\u00edvel para entrar pela porta estreita\u201d &nbsp; Naquele tempo, 22Jesus atravessava...","og_url":"https:\/\/unisale.com.br\/pastoral\/29-10-fazei-todo-esforco-possivel-para-entrar-pela-porta-estreita\/","og_site_name":"Pastoral Universit\u00e1ria UniSALESIANO","article_published_time":"2025-10-28T22:21:13+00:00","og_image":[{"width":1200,"height":1200,"url":"https:\/\/unisale.com.br\/pastoral\/wp-content\/uploads\/2025\/10\/Design-sem-nome-2.png","type":"image\/png"}],"author":"pastoral","twitter_card":"summary_large_image","twitter_misc":{"Escrito por":"pastoral","Est. tempo de leitura":"3 minutos"},"schema":{"@context":"https:\/\/schema.org","@graph":[{"@type":"Article","@id":"https:\/\/unisale.com.br\/pastoral\/29-10-fazei-todo-esforco-possivel-para-entrar-pela-porta-estreita\/#article","isPartOf":{"@id":"https:\/\/unisale.com.br\/pastoral\/29-10-fazei-todo-esforco-possivel-para-entrar-pela-porta-estreita\/"},"author":{"name":"pastoral","@id":"https:\/\/unisale.com.br\/pastoral\/#\/schema\/person\/a16ba711a0f7dec9cb6b44563144d5a3"},"headline":"29\/10 &#8211; Fazei todo esfor\u00e7o poss\u00edvel para entrar pela porta estreita.","datePublished":"2025-10-28T22:21:13+00:00","mainEntityOfPage":{"@id":"https:\/\/unisale.com.br\/pastoral\/29-10-fazei-todo-esforco-possivel-para-entrar-pela-porta-estreita\/"},"wordCount":509,"image":{"@id":"https:\/\/unisale.com.br\/pastoral\/29-10-fazei-todo-esforco-possivel-para-entrar-pela-porta-estreita\/#primaryimage"},"thumbnailUrl":"https:\/\/unisale.com.br\/pastoral\/wp-content\/uploads\/2025\/10\/Design-sem-nome-2.jpg","articleSection":["Reflex\u00e3o do Evangelho"],"inLanguage":"pt-BR"},{"@type":"WebPage","@id":"https:\/\/unisale.com.br\/pastoral\/29-10-fazei-todo-esforco-possivel-para-entrar-pela-porta-estreita\/","url":"https:\/\/unisale.com.br\/pastoral\/29-10-fazei-todo-esforco-possivel-para-entrar-pela-porta-estreita\/","name":"29\/10 - Fazei todo esfor\u00e7o poss\u00edvel para entrar pela porta estreita. - Pastoral Universit\u00e1ria UniSALESIANO","isPartOf":{"@id":"https:\/\/unisale.com.br\/pastoral\/#website"},"primaryImageOfPage":{"@id":"https:\/\/unisale.com.br\/pastoral\/29-10-fazei-todo-esforco-possivel-para-entrar-pela-porta-estreita\/#primaryimage"},"image":{"@id":"https:\/\/unisale.com.br\/pastoral\/29-10-fazei-todo-esforco-possivel-para-entrar-pela-porta-estreita\/#primaryimage"},"thumbnailUrl":"https:\/\/unisale.com.br\/pastoral\/wp-content\/uploads\/2025\/10\/Design-sem-nome-2.jpg","datePublished":"2025-10-28T22:21:13+00:00","author":{"@id":"https:\/\/unisale.com.br\/pastoral\/#\/schema\/person\/a16ba711a0f7dec9cb6b44563144d5a3"},"inLanguage":"pt-BR","potentialAction":[{"@type":"ReadAction","target":["https:\/\/unisale.com.br\/pastoral\/29-10-fazei-todo-esforco-possivel-para-entrar-pela-porta-estreita\/"]}]},{"@type":"ImageObject","inLanguage":"pt-BR","@id":"https:\/\/unisale.com.br\/pastoral\/29-10-fazei-todo-esforco-possivel-para-entrar-pela-porta-estreita\/#primaryimage","url":"https:\/\/unisale.com.br\/pastoral\/wp-content\/uploads\/2025\/10\/Design-sem-nome-2.jpg","contentUrl":"https:\/\/unisale.com.br\/pastoral\/wp-content\/uploads\/2025\/10\/Design-sem-nome-2.jpg","width":500,"height":500},{"@type":"WebSite","@id":"https:\/\/unisale.com.br\/pastoral\/#website","url":"https:\/\/unisale.com.br\/pastoral\/","name":"Pastoral Universit\u00e1ria UniSALESIANO","description":"Site da Pastoral Universit\u00e1ria do UniSALESIANO","potentialAction":[{"@type":"SearchAction","target":{"@type":"EntryPoint","urlTemplate":"https:\/\/unisale.com.br\/pastoral\/?s={search_term_string}"},"query-input":{"@type":"PropertyValueSpecification","valueRequired":true,"valueName":"search_term_string"}}],"inLanguage":"pt-BR"},{"@type":"Person","@id":"https:\/\/unisale.com.br\/pastoral\/#\/schema\/person\/a16ba711a0f7dec9cb6b44563144d5a3","name":"pastoral","url":"https:\/\/unisale.com.br\/pastoral\/author\/pastoral\/"}]}},"_links":{"self":[{"href":"https:\/\/unisale.com.br\/pastoral\/wp-json\/wp\/v2\/posts\/13252","targetHints":{"allow":["GET"]}}],"collection":[{"href":"https:\/\/unisale.com.br\/pastoral\/wp-json\/wp\/v2\/posts"}],"about":[{"href":"https:\/\/unisale.com.br\/pastoral\/wp-json\/wp\/v2\/types\/post"}],"author":[{"embeddable":true,"href":"https:\/\/unisale.com.br\/pastoral\/wp-json\/wp\/v2\/users\/1"}],"replies":[{"embeddable":true,"href":"https:\/\/unisale.com.br\/pastoral\/wp-json\/wp\/v2\/comments?post=13252"}],"version-history":[{"count":1,"href":"https:\/\/unisale.com.br\/pastoral\/wp-json\/wp\/v2\/posts\/13252\/revisions"}],"predecessor-version":[{"id":13254,"href":"https:\/\/unisale.com.br\/pastoral\/wp-json\/wp\/v2\/posts\/13252\/revisions\/13254"}],"wp:featuredmedia":[{"embeddable":true,"href":"https:\/\/unisale.com.br\/pastoral\/wp-json\/wp\/v2\/media\/13253"}],"wp:attachment":[{"href":"https:\/\/unisale.com.br\/pastoral\/wp-json\/wp\/v2\/media?parent=13252"}],"wp:term":[{"taxonomy":"category","embeddable":true,"href":"https:\/\/unisale.com.br\/pastoral\/wp-json\/wp\/v2\/categories?post=13252"},{"taxonomy":"post_tag","embeddable":true,"href":"https:\/\/unisale.com.br\/pastoral\/wp-json\/wp\/v2\/tags?post=13252"}],"curies":[{"name":"wp","href":"https:\/\/api.w.org\/{rel}","templated":true}]}}