{"id":13279,"date":"2025-11-07T20:57:43","date_gmt":"2025-11-07T20:57:43","guid":{"rendered":"https:\/\/unisale.com.br\/pastoral\/?p=13279"},"modified":"2025-11-07T20:57:43","modified_gmt":"2025-11-07T20:57:43","slug":"10-11-aumenta-a-nossa-fe","status":"publish","type":"post","link":"https:\/\/unisale.com.br\/pastoral\/10-11-aumenta-a-nossa-fe\/","title":{"rendered":"10\/11 &#8211; Aumenta a nossa f\u00e9!"},"content":{"rendered":"<p>Segunda-feira, 10 de novembro de 2025.<\/p>\n<p>&nbsp;<\/p>\n<p>Evangelho (Lc 17,1-6)<\/p>\n<p>&nbsp;<\/p>\n<p><strong>\u201cAumenta a nossa f\u00e9!\u201d<\/strong><\/p>\n<p>&nbsp;<\/p>\n<p>Naquele tempo, <sup>1<\/sup>Jesus disse a seus disc\u00edpulos: \u201c\u00c9 inevit\u00e1vel que aconte\u00e7am esc\u00e2ndalos. Mas ai daquele que produz esc\u00e2ndalos! <sup>2<\/sup>Seria melhor para ele que lhe amarrassem uma pedra de moinho no pesco\u00e7o e o jogassem no mar, do que escandalizar um desses pequeninos. <sup>3<\/sup>Prestai aten\u00e7\u00e3o: se o teu irm\u00e3o pecar, repreende-o. Se ele se converter, perdoa-lhe. <sup>4<\/sup>Se ele pecar contra ti sete vezes num s\u00f3 dia, e sete vezes vier a ti, dizendo: \u2018Estou arrependido\u2019, tu deves perdo\u00e1-lo\u201d. <sup>5<\/sup>Os ap\u00f3stolos disseram ao Senhor: \u201cAumenta a nossa f\u00e9!\u201d <sup>6<\/sup>O Senhor respondeu: \u201cSe v\u00f3s tiv\u00e9sseis f\u00e9, mesmo pequena como um gr\u00e3o de mostarda, poder\u00edeis dizer a esta amoreira: \u2018Arranca-te daqui e planta-te no mar\u2019, e ela vos obedeceria\u201d.<\/p>\n<p>&nbsp;<\/p>\n<p><strong>Reflex\u00e3o<\/strong><\/p>\n<p>&nbsp;<\/p>\n<p>Se a l\u00f3gica que Jesus ensina se baseasse no \u201cbom senso\u201d, certamente n\u00f3s estabelecer\u00edamos um limite para o perd\u00e3o. Mas Jesus nos anuncia no Evangelho a l\u00f3gica da imprevisibilidade do amor gratuito que n\u00e3o usa mais a matem\u00e1tica, mas a infinita possibilidade de dar uma possibilidade a quem erra. No fundo n\u00f3s somos amados assim por Jesus. Deus n\u00e3o \u00e9 aquele que nos concede infinitas possibilidades? \u00c9 por isso que dou raz\u00e3o aos disc\u00edpulos quando pedem a Jesus: \u201caumenta a nossa f\u00e9!\u201d. Eles n\u00e3o pedem a Jesus uma intelig\u00eancia para entender a l\u00f3gica do perd\u00e3o, mas o aumento da f\u00e9. Pois n\u00e3o existem argumentos convincentes que motivam verdadeiramente o perd\u00e3o, mas s\u00f3 uma f\u00e9 forte que nos faz ousar contra tudo e contra todos. Uma f\u00e9 que sabe andar contra toda evid\u00eancia. Uma f\u00e9 que sabe ser o \u00faltimo grande baluarte contra o qual o mal recebido vai se chocar. Haver f\u00e9 do tamanho de uma semente de mostarda nos daria a possibilidade de realizar o \u201cextraordin\u00e1rio\u201d. E a prova verdadeira de que se temos f\u00e9 ou n\u00e3o, n\u00e3o se joga sobre a nossa prepara\u00e7\u00e3o teol\u00f3gica, mas sobre a nossa possibilidade de perdoar ou deixar-se perdoar. \u00c9 um profundo ato de confian\u00e7a em Deus. \u00c9 preciso confiar a Ele a consci\u00eancia de que ningu\u00e9m al\u00e9m dEle, pode fazer justi\u00e7a, de tal maneira que o mal n\u00e3o continue a fazer mal. S\u00e3o Paulo nos diria: \u201cVence o mal com o bem\u201d (Rm 12,21).<\/p>\n<p><strong>Pe. Paulo Eduardo J\u00e1como, SDB.<\/strong><\/p>\n","protected":false},"excerpt":{"rendered":"<p>Segunda-feira, 10 de novembro de 2025. &nbsp; Evangelho (Lc 17,1-6) &nbsp; \u201cAumenta a nossa f\u00e9!\u201d &nbsp; Naquele tempo, 1Jesus disse a seus disc\u00edpulos: \u201c\u00c9 inevit\u00e1vel&#8230;<\/p>\n","protected":false},"author":1,"featured_media":13280,"comment_status":"closed","ping_status":"closed","sticky":false,"template":"","format":"standard","meta":{"_acf_changed":false,"footnotes":""},"categories":[13],"tags":[],"class_list":["post-13279","post","type-post","status-publish","format-standard","has-post-thumbnail","hentry","category-reflexaodoevagelho"],"acf":[],"yoast_head":"<!-- This site is optimized with the Yoast SEO plugin v27.3 - https:\/\/yoast.com\/product\/yoast-seo-wordpress\/ -->\n<title>10\/11 - Aumenta a nossa f\u00e9! - Pastoral Universit\u00e1ria UniSALESIANO<\/title>\n<meta name=\"robots\" content=\"index, follow, max-snippet:-1, max-image-preview:large, max-video-preview:-1\" \/>\n<link rel=\"canonical\" href=\"https:\/\/unisale.com.br\/pastoral\/10-11-aumenta-a-nossa-fe\/\" \/>\n<meta property=\"og:locale\" content=\"pt_BR\" \/>\n<meta property=\"og:type\" content=\"article\" \/>\n<meta property=\"og:title\" content=\"10\/11 - Aumenta a nossa f\u00e9! - Pastoral Universit\u00e1ria UniSALESIANO\" \/>\n<meta property=\"og:description\" content=\"Segunda-feira, 10 de novembro de 2025. &nbsp; Evangelho (Lc 17,1-6) &nbsp; \u201cAumenta a nossa f\u00e9!\u201d &nbsp; Naquele tempo, 1Jesus disse a seus disc\u00edpulos: \u201c\u00c9 inevit\u00e1vel...\" \/>\n<meta property=\"og:url\" content=\"https:\/\/unisale.com.br\/pastoral\/10-11-aumenta-a-nossa-fe\/\" \/>\n<meta property=\"og:site_name\" content=\"Pastoral Universit\u00e1ria UniSALESIANO\" \/>\n<meta property=\"article:published_time\" content=\"2025-11-07T20:57:43+00:00\" \/>\n<meta property=\"og:image\" content=\"https:\/\/unisale.com.br\/pastoral\/wp-content\/uploads\/2025\/11\/Design-sem-nome-9.png\" \/>\n\t<meta property=\"og:image:width\" content=\"1200\" \/>\n\t<meta property=\"og:image:height\" content=\"1200\" \/>\n\t<meta property=\"og:image:type\" content=\"image\/png\" \/>\n<meta name=\"author\" content=\"pastoral\" \/>\n<meta name=\"twitter:card\" content=\"summary_large_image\" \/>\n<meta name=\"twitter:label1\" content=\"Escrito por\" \/>\n\t<meta name=\"twitter:data1\" content=\"pastoral\" \/>\n\t<meta name=\"twitter:label2\" content=\"Est. tempo de leitura\" \/>\n\t<meta name=\"twitter:data2\" content=\"3 minutos\" \/>\n<script type=\"application\/ld+json\" class=\"yoast-schema-graph\">{\"@context\":\"https:\\\/\\\/schema.org\",\"@graph\":[{\"@type\":\"Article\",\"@id\":\"https:\\\/\\\/unisale.com.br\\\/pastoral\\\/10-11-aumenta-a-nossa-fe\\\/#article\",\"isPartOf\":{\"@id\":\"https:\\\/\\\/unisale.com.br\\\/pastoral\\\/10-11-aumenta-a-nossa-fe\\\/\"},\"author\":{\"name\":\"pastoral\",\"@id\":\"https:\\\/\\\/unisale.com.br\\\/pastoral\\\/#\\\/schema\\\/person\\\/a16ba711a0f7dec9cb6b44563144d5a3\"},\"headline\":\"10\\\/11 &#8211; Aumenta a nossa f\u00e9!\",\"datePublished\":\"2025-11-07T20:57:43+00:00\",\"mainEntityOfPage\":{\"@id\":\"https:\\\/\\\/unisale.com.br\\\/pastoral\\\/10-11-aumenta-a-nossa-fe\\\/\"},\"wordCount\":424,\"image\":{\"@id\":\"https:\\\/\\\/unisale.com.br\\\/pastoral\\\/10-11-aumenta-a-nossa-fe\\\/#primaryimage\"},\"thumbnailUrl\":\"https:\\\/\\\/unisale.com.br\\\/pastoral\\\/wp-content\\\/uploads\\\/2025\\\/11\\\/Design-sem-nome-9.jpg\",\"articleSection\":[\"Reflex\u00e3o do Evangelho\"],\"inLanguage\":\"pt-BR\"},{\"@type\":\"WebPage\",\"@id\":\"https:\\\/\\\/unisale.com.br\\\/pastoral\\\/10-11-aumenta-a-nossa-fe\\\/\",\"url\":\"https:\\\/\\\/unisale.com.br\\\/pastoral\\\/10-11-aumenta-a-nossa-fe\\\/\",\"name\":\"10\\\/11 - Aumenta a nossa f\u00e9! - Pastoral Universit\u00e1ria UniSALESIANO\",\"isPartOf\":{\"@id\":\"https:\\\/\\\/unisale.com.br\\\/pastoral\\\/#website\"},\"primaryImageOfPage\":{\"@id\":\"https:\\\/\\\/unisale.com.br\\\/pastoral\\\/10-11-aumenta-a-nossa-fe\\\/#primaryimage\"},\"image\":{\"@id\":\"https:\\\/\\\/unisale.com.br\\\/pastoral\\\/10-11-aumenta-a-nossa-fe\\\/#primaryimage\"},\"thumbnailUrl\":\"https:\\\/\\\/unisale.com.br\\\/pastoral\\\/wp-content\\\/uploads\\\/2025\\\/11\\\/Design-sem-nome-9.jpg\",\"datePublished\":\"2025-11-07T20:57:43+00:00\",\"author\":{\"@id\":\"https:\\\/\\\/unisale.com.br\\\/pastoral\\\/#\\\/schema\\\/person\\\/a16ba711a0f7dec9cb6b44563144d5a3\"},\"inLanguage\":\"pt-BR\",\"potentialAction\":[{\"@type\":\"ReadAction\",\"target\":[\"https:\\\/\\\/unisale.com.br\\\/pastoral\\\/10-11-aumenta-a-nossa-fe\\\/\"]}]},{\"@type\":\"ImageObject\",\"inLanguage\":\"pt-BR\",\"@id\":\"https:\\\/\\\/unisale.com.br\\\/pastoral\\\/10-11-aumenta-a-nossa-fe\\\/#primaryimage\",\"url\":\"https:\\\/\\\/unisale.com.br\\\/pastoral\\\/wp-content\\\/uploads\\\/2025\\\/11\\\/Design-sem-nome-9.jpg\",\"contentUrl\":\"https:\\\/\\\/unisale.com.br\\\/pastoral\\\/wp-content\\\/uploads\\\/2025\\\/11\\\/Design-sem-nome-9.jpg\",\"width\":500,\"height\":500},{\"@type\":\"WebSite\",\"@id\":\"https:\\\/\\\/unisale.com.br\\\/pastoral\\\/#website\",\"url\":\"https:\\\/\\\/unisale.com.br\\\/pastoral\\\/\",\"name\":\"Pastoral Universit\u00e1ria UniSALESIANO\",\"description\":\"Site da Pastoral Universit\u00e1ria do UniSALESIANO\",\"potentialAction\":[{\"@type\":\"SearchAction\",\"target\":{\"@type\":\"EntryPoint\",\"urlTemplate\":\"https:\\\/\\\/unisale.com.br\\\/pastoral\\\/?s={search_term_string}\"},\"query-input\":{\"@type\":\"PropertyValueSpecification\",\"valueRequired\":true,\"valueName\":\"search_term_string\"}}],\"inLanguage\":\"pt-BR\"},{\"@type\":\"Person\",\"@id\":\"https:\\\/\\\/unisale.com.br\\\/pastoral\\\/#\\\/schema\\\/person\\\/a16ba711a0f7dec9cb6b44563144d5a3\",\"name\":\"pastoral\",\"url\":\"https:\\\/\\\/unisale.com.br\\\/pastoral\\\/author\\\/pastoral\\\/\"}]}<\/script>\n<!-- \/ Yoast SEO plugin. -->","yoast_head_json":{"title":"10\/11 - Aumenta a nossa f\u00e9! - Pastoral Universit\u00e1ria UniSALESIANO","robots":{"index":"index","follow":"follow","max-snippet":"max-snippet:-1","max-image-preview":"max-image-preview:large","max-video-preview":"max-video-preview:-1"},"canonical":"https:\/\/unisale.com.br\/pastoral\/10-11-aumenta-a-nossa-fe\/","og_locale":"pt_BR","og_type":"article","og_title":"10\/11 - Aumenta a nossa f\u00e9! - Pastoral Universit\u00e1ria UniSALESIANO","og_description":"Segunda-feira, 10 de novembro de 2025. &nbsp; Evangelho (Lc 17,1-6) &nbsp; \u201cAumenta a nossa f\u00e9!\u201d &nbsp; Naquele tempo, 1Jesus disse a seus disc\u00edpulos: \u201c\u00c9 inevit\u00e1vel...","og_url":"https:\/\/unisale.com.br\/pastoral\/10-11-aumenta-a-nossa-fe\/","og_site_name":"Pastoral Universit\u00e1ria UniSALESIANO","article_published_time":"2025-11-07T20:57:43+00:00","og_image":[{"width":1200,"height":1200,"url":"https:\/\/unisale.com.br\/pastoral\/wp-content\/uploads\/2025\/11\/Design-sem-nome-9.png","type":"image\/png"}],"author":"pastoral","twitter_card":"summary_large_image","twitter_misc":{"Escrito por":"pastoral","Est. tempo de leitura":"3 minutos"},"schema":{"@context":"https:\/\/schema.org","@graph":[{"@type":"Article","@id":"https:\/\/unisale.com.br\/pastoral\/10-11-aumenta-a-nossa-fe\/#article","isPartOf":{"@id":"https:\/\/unisale.com.br\/pastoral\/10-11-aumenta-a-nossa-fe\/"},"author":{"name":"pastoral","@id":"https:\/\/unisale.com.br\/pastoral\/#\/schema\/person\/a16ba711a0f7dec9cb6b44563144d5a3"},"headline":"10\/11 &#8211; Aumenta a nossa f\u00e9!","datePublished":"2025-11-07T20:57:43+00:00","mainEntityOfPage":{"@id":"https:\/\/unisale.com.br\/pastoral\/10-11-aumenta-a-nossa-fe\/"},"wordCount":424,"image":{"@id":"https:\/\/unisale.com.br\/pastoral\/10-11-aumenta-a-nossa-fe\/#primaryimage"},"thumbnailUrl":"https:\/\/unisale.com.br\/pastoral\/wp-content\/uploads\/2025\/11\/Design-sem-nome-9.jpg","articleSection":["Reflex\u00e3o do Evangelho"],"inLanguage":"pt-BR"},{"@type":"WebPage","@id":"https:\/\/unisale.com.br\/pastoral\/10-11-aumenta-a-nossa-fe\/","url":"https:\/\/unisale.com.br\/pastoral\/10-11-aumenta-a-nossa-fe\/","name":"10\/11 - Aumenta a nossa f\u00e9! - Pastoral Universit\u00e1ria UniSALESIANO","isPartOf":{"@id":"https:\/\/unisale.com.br\/pastoral\/#website"},"primaryImageOfPage":{"@id":"https:\/\/unisale.com.br\/pastoral\/10-11-aumenta-a-nossa-fe\/#primaryimage"},"image":{"@id":"https:\/\/unisale.com.br\/pastoral\/10-11-aumenta-a-nossa-fe\/#primaryimage"},"thumbnailUrl":"https:\/\/unisale.com.br\/pastoral\/wp-content\/uploads\/2025\/11\/Design-sem-nome-9.jpg","datePublished":"2025-11-07T20:57:43+00:00","author":{"@id":"https:\/\/unisale.com.br\/pastoral\/#\/schema\/person\/a16ba711a0f7dec9cb6b44563144d5a3"},"inLanguage":"pt-BR","potentialAction":[{"@type":"ReadAction","target":["https:\/\/unisale.com.br\/pastoral\/10-11-aumenta-a-nossa-fe\/"]}]},{"@type":"ImageObject","inLanguage":"pt-BR","@id":"https:\/\/unisale.com.br\/pastoral\/10-11-aumenta-a-nossa-fe\/#primaryimage","url":"https:\/\/unisale.com.br\/pastoral\/wp-content\/uploads\/2025\/11\/Design-sem-nome-9.jpg","contentUrl":"https:\/\/unisale.com.br\/pastoral\/wp-content\/uploads\/2025\/11\/Design-sem-nome-9.jpg","width":500,"height":500},{"@type":"WebSite","@id":"https:\/\/unisale.com.br\/pastoral\/#website","url":"https:\/\/unisale.com.br\/pastoral\/","name":"Pastoral Universit\u00e1ria UniSALESIANO","description":"Site da Pastoral Universit\u00e1ria do UniSALESIANO","potentialAction":[{"@type":"SearchAction","target":{"@type":"EntryPoint","urlTemplate":"https:\/\/unisale.com.br\/pastoral\/?s={search_term_string}"},"query-input":{"@type":"PropertyValueSpecification","valueRequired":true,"valueName":"search_term_string"}}],"inLanguage":"pt-BR"},{"@type":"Person","@id":"https:\/\/unisale.com.br\/pastoral\/#\/schema\/person\/a16ba711a0f7dec9cb6b44563144d5a3","name":"pastoral","url":"https:\/\/unisale.com.br\/pastoral\/author\/pastoral\/"}]}},"_links":{"self":[{"href":"https:\/\/unisale.com.br\/pastoral\/wp-json\/wp\/v2\/posts\/13279","targetHints":{"allow":["GET"]}}],"collection":[{"href":"https:\/\/unisale.com.br\/pastoral\/wp-json\/wp\/v2\/posts"}],"about":[{"href":"https:\/\/unisale.com.br\/pastoral\/wp-json\/wp\/v2\/types\/post"}],"author":[{"embeddable":true,"href":"https:\/\/unisale.com.br\/pastoral\/wp-json\/wp\/v2\/users\/1"}],"replies":[{"embeddable":true,"href":"https:\/\/unisale.com.br\/pastoral\/wp-json\/wp\/v2\/comments?post=13279"}],"version-history":[{"count":1,"href":"https:\/\/unisale.com.br\/pastoral\/wp-json\/wp\/v2\/posts\/13279\/revisions"}],"predecessor-version":[{"id":13281,"href":"https:\/\/unisale.com.br\/pastoral\/wp-json\/wp\/v2\/posts\/13279\/revisions\/13281"}],"wp:featuredmedia":[{"embeddable":true,"href":"https:\/\/unisale.com.br\/pastoral\/wp-json\/wp\/v2\/media\/13280"}],"wp:attachment":[{"href":"https:\/\/unisale.com.br\/pastoral\/wp-json\/wp\/v2\/media?parent=13279"}],"wp:term":[{"taxonomy":"category","embeddable":true,"href":"https:\/\/unisale.com.br\/pastoral\/wp-json\/wp\/v2\/categories?post=13279"},{"taxonomy":"post_tag","embeddable":true,"href":"https:\/\/unisale.com.br\/pastoral\/wp-json\/wp\/v2\/tags?post=13279"}],"curies":[{"name":"wp","href":"https:\/\/api.w.org\/{rel}","templated":true}]}}