{"id":1329,"date":"2021-05-14T11:26:31","date_gmt":"2021-05-14T11:26:31","guid":{"rendered":"https:\/\/unisale.com.br\/pastoral\/?p=1329"},"modified":"2021-05-21T11:46:46","modified_gmt":"2021-05-21T11:46:46","slug":"nao-te-rogo-pelo-mundo","status":"publish","type":"post","link":"https:\/\/unisale.com.br\/pastoral\/nao-te-rogo-pelo-mundo\/","title":{"rendered":"18\/05 &#8211; N\u00e3o te rogo pelo mundo, mas por aqueles que me deste, porque s\u00e3o teus."},"content":{"rendered":"<p><strong>Ter\u00e7a-feira, 18 de maio de 2021.<\/strong><\/p>\n<p>Evangelho (Jo 17,1-11))<\/p>\n<p><strong>\u00a0<\/strong><\/p>\n<p><strong><em>\u201cN\u00e3o te rogo pelo mundo, mas por aqueles que me deste, porque s\u00e3o teus.\u201d<\/em><\/strong><\/p>\n<p>Naquele tempo, <sup>1<\/sup>Jesus ergueu os olhos ao c\u00e9u e disse: \u201cPai, chegou a hora. Glorifica o teu Filho, para que o teu Filho te glorifique, <sup>2<\/sup>e, porque lhe deste poder sobre todo homem, ele d\u00ea a vida eterna a todos aqueles que lhe confiaste. <sup>3<\/sup>Ora, a vida eterna \u00e9 esta: que eles te conhe\u00e7am a ti, o \u00fanico Deus verdadeiro, e \u00e0quele que tu enviaste, Jesus Cristo. <sup>4<\/sup>Eu te glorifiquei na terra e levei a termo a obra que me deste para fazer. <sup>5<\/sup>E agora, Pai, glorifica-me junto de ti, com a gl\u00f3ria que eu tinha junto de ti antes que o mundo existisse. <sup>6<\/sup>Manifestei o teu nome aos homens que tu me deste do meio do mundo. Eram teus, e tu os confiaste a mim, e eles guardaram a tua palavra. <sup>7<\/sup>Agora eles sabem que tudo quanto me deste vem de ti, <sup>8<\/sup>pois dei-lhes as palavras que tu me deste, e eles as acolheram, e reconheceram verdadeiramente que eu sa\u00ed de ti e acreditaram que tu me enviaste. <sup>9<\/sup>Eu te rogo por eles. N\u00e3o te rogo pelo mundo, mas por aqueles que me deste, porque s\u00e3o teus. <sup>10<\/sup>Tudo o que \u00e9 meu \u00e9 teu e tudo o que \u00e9 teu \u00e9 meu. E eu sou glorificado neles. <sup>11a<\/sup>J\u00e1 n\u00e3o estou no mundo, mas eles permanecem no mundo, enquanto eu vou para junto de ti\u201d.<\/p>\n<p><strong>Reflex\u00e3o<\/strong><\/p>\n<p>Este trecho do evangelho de hoje \u00e9 um dos mais significativos do Evangelho de Jo\u00e3o. Em seu discurso, Jesus se volta para seu Pai em ora\u00e7\u00e3o. Jesus dirige o seu olhar ao c\u00e9u e fala com seu Pai. Ele que est\u00e1 pronto para se colocar a caminho do seu sacrif\u00edcio eleva sua ora\u00e7\u00e3o ao Pai pedindo pelos seus.<\/p>\n<p>\u201cPai, chegou a hora\u201d, diz Jesus. \u00c9 chegada a hora na qual os homens conhe\u00e7am a Deus que fala no Filho. Em Jesus n\u00f3s vivemos, nos movemos e somos; Nele encontramos palavras que nos alimentam e nos fazem crescer; Nele descobrimos o que Deus espera de n\u00f3s; Deus quer nos comunicar vida! Santo Irineu dizia: \u201cA gl\u00f3ria de Deus \u00e9 que o homem viva!\u201d.<\/p>\n<p>N\u00f3s devemos trabalhar para a gl\u00f3ria de Deus, e o fazemos atrav\u00e9s do nosso trabalho para que a humanidade tenha mais vida. Devemos trabalhar para que aconte\u00e7a a verdadeira felicidade humana, para alegrar quem est\u00e1 triste, para nos compadecermos com quem \u00e9 fraco.<\/p>\n<p>Pelo Esp\u00edrito, Deus trabalha em cada um de n\u00f3s e vive no mais \u00edntimo de cada um de n\u00f3s. Deus n\u00e3o se cansa de pedir que vivamos o seu Evangelho e os seus valores. A Boa Nova \u00e9 express\u00e3o da felicidade libertadora que Deus deseja dar a cada um de n\u00f3s.<\/p>\n<p>&nbsp;<\/p>\n<p>Pe. Paulo Eduardo J\u00e1como, sdb.<\/p>\n","protected":false},"excerpt":{"rendered":"<p>Ter\u00e7a-feira, 18 de maio de 2021. Evangelho (Jo 17,1-11)) \u00a0 \u201cN\u00e3o te rogo pelo mundo, mas por aqueles que me deste, porque s\u00e3o teus.\u201d Naquele&#8230;<\/p>\n","protected":false},"author":1,"featured_media":1311,"comment_status":"closed","ping_status":"closed","sticky":false,"template":"","format":"standard","meta":{"_acf_changed":false,"footnotes":""},"categories":[13],"tags":[],"class_list":["post-1329","post","type-post","status-publish","format-standard","has-post-thumbnail","hentry","category-reflexaodoevagelho"],"acf":[],"yoast_head":"<!-- This site is optimized with the Yoast SEO plugin v27.3 - https:\/\/yoast.com\/product\/yoast-seo-wordpress\/ -->\n<title>18\/05 - N\u00e3o te rogo pelo mundo, mas por aqueles que me deste, porque s\u00e3o teus. - Pastoral Universit\u00e1ria UniSALESIANO<\/title>\n<meta name=\"robots\" content=\"index, follow, max-snippet:-1, max-image-preview:large, max-video-preview:-1\" \/>\n<link rel=\"canonical\" href=\"https:\/\/unisale.com.br\/novo\/nao-te-rogo-pelo-mundo\/\" \/>\n<meta property=\"og:locale\" content=\"pt_BR\" \/>\n<meta property=\"og:type\" content=\"article\" \/>\n<meta property=\"og:title\" content=\"18\/05 - N\u00e3o te rogo pelo mundo, mas por aqueles que me deste, porque s\u00e3o teus. - Pastoral Universit\u00e1ria UniSALESIANO\" \/>\n<meta property=\"og:description\" content=\"Ter\u00e7a-feira, 18 de maio de 2021. Evangelho (Jo 17,1-11)) \u00a0 \u201cN\u00e3o te rogo pelo mundo, mas por aqueles que me deste, porque s\u00e3o teus.\u201d Naquele...\" \/>\n<meta property=\"og:url\" content=\"https:\/\/unisale.com.br\/novo\/nao-te-rogo-pelo-mundo\/\" \/>\n<meta property=\"og:site_name\" content=\"Pastoral Universit\u00e1ria UniSALESIANO\" \/>\n<meta property=\"article:published_time\" content=\"2021-05-14T11:26:31+00:00\" \/>\n<meta property=\"article:modified_time\" content=\"2021-05-21T11:46:46+00:00\" \/>\n<meta property=\"og:image\" content=\"https:\/\/unisale.com.br\/novo\/wp-content\/uploads\/2021\/05\/18.jpg\" \/>\n\t<meta property=\"og:image:width\" content=\"1920\" \/>\n\t<meta property=\"og:image:height\" content=\"1080\" \/>\n\t<meta property=\"og:image:type\" content=\"image\/jpeg\" \/>\n<meta name=\"author\" content=\"pastoral\" \/>\n<meta name=\"twitter:card\" content=\"summary_large_image\" \/>\n<meta name=\"twitter:label1\" content=\"Escrito por\" \/>\n\t<meta name=\"twitter:data1\" content=\"pastoral\" \/>\n\t<meta name=\"twitter:label2\" content=\"Est. tempo de leitura\" \/>\n\t<meta name=\"twitter:data2\" content=\"2 minutos\" \/>\n<script type=\"application\/ld+json\" class=\"yoast-schema-graph\">{\"@context\":\"https:\\\/\\\/schema.org\",\"@graph\":[{\"@type\":\"Article\",\"@id\":\"https:\\\/\\\/unisale.com.br\\\/novo\\\/nao-te-rogo-pelo-mundo\\\/#article\",\"isPartOf\":{\"@id\":\"https:\\\/\\\/unisale.com.br\\\/novo\\\/nao-te-rogo-pelo-mundo\\\/\"},\"author\":{\"name\":\"pastoral\",\"@id\":\"https:\\\/\\\/unisale.com.br\\\/pastoral\\\/#\\\/schema\\\/person\\\/a16ba711a0f7dec9cb6b44563144d5a3\"},\"headline\":\"18\\\/05 &#8211; N\u00e3o te rogo pelo mundo, mas por aqueles que me deste, porque s\u00e3o teus.\",\"datePublished\":\"2021-05-14T11:26:31+00:00\",\"dateModified\":\"2021-05-21T11:46:46+00:00\",\"mainEntityOfPage\":{\"@id\":\"https:\\\/\\\/unisale.com.br\\\/novo\\\/nao-te-rogo-pelo-mundo\\\/\"},\"wordCount\":506,\"image\":{\"@id\":\"https:\\\/\\\/unisale.com.br\\\/novo\\\/nao-te-rogo-pelo-mundo\\\/#primaryimage\"},\"thumbnailUrl\":\"https:\\\/\\\/unisale.com.br\\\/pastoral\\\/wp-content\\\/uploads\\\/2021\\\/05\\\/18.jpg\",\"articleSection\":[\"Reflex\u00e3o do Evangelho\"],\"inLanguage\":\"pt-BR\"},{\"@type\":\"WebPage\",\"@id\":\"https:\\\/\\\/unisale.com.br\\\/novo\\\/nao-te-rogo-pelo-mundo\\\/\",\"url\":\"https:\\\/\\\/unisale.com.br\\\/novo\\\/nao-te-rogo-pelo-mundo\\\/\",\"name\":\"18\\\/05 - N\u00e3o te rogo pelo mundo, mas por aqueles que me deste, porque s\u00e3o teus. - Pastoral Universit\u00e1ria UniSALESIANO\",\"isPartOf\":{\"@id\":\"https:\\\/\\\/unisale.com.br\\\/pastoral\\\/#website\"},\"primaryImageOfPage\":{\"@id\":\"https:\\\/\\\/unisale.com.br\\\/novo\\\/nao-te-rogo-pelo-mundo\\\/#primaryimage\"},\"image\":{\"@id\":\"https:\\\/\\\/unisale.com.br\\\/novo\\\/nao-te-rogo-pelo-mundo\\\/#primaryimage\"},\"thumbnailUrl\":\"https:\\\/\\\/unisale.com.br\\\/pastoral\\\/wp-content\\\/uploads\\\/2021\\\/05\\\/18.jpg\",\"datePublished\":\"2021-05-14T11:26:31+00:00\",\"dateModified\":\"2021-05-21T11:46:46+00:00\",\"author\":{\"@id\":\"https:\\\/\\\/unisale.com.br\\\/pastoral\\\/#\\\/schema\\\/person\\\/a16ba711a0f7dec9cb6b44563144d5a3\"},\"inLanguage\":\"pt-BR\",\"potentialAction\":[{\"@type\":\"ReadAction\",\"target\":[\"https:\\\/\\\/unisale.com.br\\\/novo\\\/nao-te-rogo-pelo-mundo\\\/\"]}]},{\"@type\":\"ImageObject\",\"inLanguage\":\"pt-BR\",\"@id\":\"https:\\\/\\\/unisale.com.br\\\/novo\\\/nao-te-rogo-pelo-mundo\\\/#primaryimage\",\"url\":\"https:\\\/\\\/unisale.com.br\\\/pastoral\\\/wp-content\\\/uploads\\\/2021\\\/05\\\/18.jpg\",\"contentUrl\":\"https:\\\/\\\/unisale.com.br\\\/pastoral\\\/wp-content\\\/uploads\\\/2021\\\/05\\\/18.jpg\",\"width\":889,\"height\":500},{\"@type\":\"WebSite\",\"@id\":\"https:\\\/\\\/unisale.com.br\\\/pastoral\\\/#website\",\"url\":\"https:\\\/\\\/unisale.com.br\\\/pastoral\\\/\",\"name\":\"Pastoral Universit\u00e1ria UniSALESIANO\",\"description\":\"Site da Pastoral Universit\u00e1ria do UniSALESIANO\",\"potentialAction\":[{\"@type\":\"SearchAction\",\"target\":{\"@type\":\"EntryPoint\",\"urlTemplate\":\"https:\\\/\\\/unisale.com.br\\\/pastoral\\\/?s={search_term_string}\"},\"query-input\":{\"@type\":\"PropertyValueSpecification\",\"valueRequired\":true,\"valueName\":\"search_term_string\"}}],\"inLanguage\":\"pt-BR\"},{\"@type\":\"Person\",\"@id\":\"https:\\\/\\\/unisale.com.br\\\/pastoral\\\/#\\\/schema\\\/person\\\/a16ba711a0f7dec9cb6b44563144d5a3\",\"name\":\"pastoral\",\"url\":\"https:\\\/\\\/unisale.com.br\\\/pastoral\\\/author\\\/pastoral\\\/\"}]}<\/script>\n<!-- \/ Yoast SEO plugin. -->","yoast_head_json":{"title":"18\/05 - N\u00e3o te rogo pelo mundo, mas por aqueles que me deste, porque s\u00e3o teus. - Pastoral Universit\u00e1ria UniSALESIANO","robots":{"index":"index","follow":"follow","max-snippet":"max-snippet:-1","max-image-preview":"max-image-preview:large","max-video-preview":"max-video-preview:-1"},"canonical":"https:\/\/unisale.com.br\/novo\/nao-te-rogo-pelo-mundo\/","og_locale":"pt_BR","og_type":"article","og_title":"18\/05 - N\u00e3o te rogo pelo mundo, mas por aqueles que me deste, porque s\u00e3o teus. - Pastoral Universit\u00e1ria UniSALESIANO","og_description":"Ter\u00e7a-feira, 18 de maio de 2021. Evangelho (Jo 17,1-11)) \u00a0 \u201cN\u00e3o te rogo pelo mundo, mas por aqueles que me deste, porque s\u00e3o teus.\u201d Naquele...","og_url":"https:\/\/unisale.com.br\/novo\/nao-te-rogo-pelo-mundo\/","og_site_name":"Pastoral Universit\u00e1ria UniSALESIANO","article_published_time":"2021-05-14T11:26:31+00:00","article_modified_time":"2021-05-21T11:46:46+00:00","og_image":[{"width":1920,"height":1080,"url":"https:\/\/unisale.com.br\/novo\/wp-content\/uploads\/2021\/05\/18.jpg","type":"image\/jpeg"}],"author":"pastoral","twitter_card":"summary_large_image","twitter_misc":{"Escrito por":"pastoral","Est. tempo de leitura":"2 minutos"},"schema":{"@context":"https:\/\/schema.org","@graph":[{"@type":"Article","@id":"https:\/\/unisale.com.br\/novo\/nao-te-rogo-pelo-mundo\/#article","isPartOf":{"@id":"https:\/\/unisale.com.br\/novo\/nao-te-rogo-pelo-mundo\/"},"author":{"name":"pastoral","@id":"https:\/\/unisale.com.br\/pastoral\/#\/schema\/person\/a16ba711a0f7dec9cb6b44563144d5a3"},"headline":"18\/05 &#8211; N\u00e3o te rogo pelo mundo, mas por aqueles que me deste, porque s\u00e3o teus.","datePublished":"2021-05-14T11:26:31+00:00","dateModified":"2021-05-21T11:46:46+00:00","mainEntityOfPage":{"@id":"https:\/\/unisale.com.br\/novo\/nao-te-rogo-pelo-mundo\/"},"wordCount":506,"image":{"@id":"https:\/\/unisale.com.br\/novo\/nao-te-rogo-pelo-mundo\/#primaryimage"},"thumbnailUrl":"https:\/\/unisale.com.br\/pastoral\/wp-content\/uploads\/2021\/05\/18.jpg","articleSection":["Reflex\u00e3o do Evangelho"],"inLanguage":"pt-BR"},{"@type":"WebPage","@id":"https:\/\/unisale.com.br\/novo\/nao-te-rogo-pelo-mundo\/","url":"https:\/\/unisale.com.br\/novo\/nao-te-rogo-pelo-mundo\/","name":"18\/05 - N\u00e3o te rogo pelo mundo, mas por aqueles que me deste, porque s\u00e3o teus. - Pastoral Universit\u00e1ria UniSALESIANO","isPartOf":{"@id":"https:\/\/unisale.com.br\/pastoral\/#website"},"primaryImageOfPage":{"@id":"https:\/\/unisale.com.br\/novo\/nao-te-rogo-pelo-mundo\/#primaryimage"},"image":{"@id":"https:\/\/unisale.com.br\/novo\/nao-te-rogo-pelo-mundo\/#primaryimage"},"thumbnailUrl":"https:\/\/unisale.com.br\/pastoral\/wp-content\/uploads\/2021\/05\/18.jpg","datePublished":"2021-05-14T11:26:31+00:00","dateModified":"2021-05-21T11:46:46+00:00","author":{"@id":"https:\/\/unisale.com.br\/pastoral\/#\/schema\/person\/a16ba711a0f7dec9cb6b44563144d5a3"},"inLanguage":"pt-BR","potentialAction":[{"@type":"ReadAction","target":["https:\/\/unisale.com.br\/novo\/nao-te-rogo-pelo-mundo\/"]}]},{"@type":"ImageObject","inLanguage":"pt-BR","@id":"https:\/\/unisale.com.br\/novo\/nao-te-rogo-pelo-mundo\/#primaryimage","url":"https:\/\/unisale.com.br\/pastoral\/wp-content\/uploads\/2021\/05\/18.jpg","contentUrl":"https:\/\/unisale.com.br\/pastoral\/wp-content\/uploads\/2021\/05\/18.jpg","width":889,"height":500},{"@type":"WebSite","@id":"https:\/\/unisale.com.br\/pastoral\/#website","url":"https:\/\/unisale.com.br\/pastoral\/","name":"Pastoral Universit\u00e1ria UniSALESIANO","description":"Site da Pastoral Universit\u00e1ria do UniSALESIANO","potentialAction":[{"@type":"SearchAction","target":{"@type":"EntryPoint","urlTemplate":"https:\/\/unisale.com.br\/pastoral\/?s={search_term_string}"},"query-input":{"@type":"PropertyValueSpecification","valueRequired":true,"valueName":"search_term_string"}}],"inLanguage":"pt-BR"},{"@type":"Person","@id":"https:\/\/unisale.com.br\/pastoral\/#\/schema\/person\/a16ba711a0f7dec9cb6b44563144d5a3","name":"pastoral","url":"https:\/\/unisale.com.br\/pastoral\/author\/pastoral\/"}]}},"_links":{"self":[{"href":"https:\/\/unisale.com.br\/pastoral\/wp-json\/wp\/v2\/posts\/1329","targetHints":{"allow":["GET"]}}],"collection":[{"href":"https:\/\/unisale.com.br\/pastoral\/wp-json\/wp\/v2\/posts"}],"about":[{"href":"https:\/\/unisale.com.br\/pastoral\/wp-json\/wp\/v2\/types\/post"}],"author":[{"embeddable":true,"href":"https:\/\/unisale.com.br\/pastoral\/wp-json\/wp\/v2\/users\/1"}],"replies":[{"embeddable":true,"href":"https:\/\/unisale.com.br\/pastoral\/wp-json\/wp\/v2\/comments?post=1329"}],"version-history":[{"count":0,"href":"https:\/\/unisale.com.br\/pastoral\/wp-json\/wp\/v2\/posts\/1329\/revisions"}],"wp:featuredmedia":[{"embeddable":true,"href":"https:\/\/unisale.com.br\/pastoral\/wp-json\/wp\/v2\/media\/1311"}],"wp:attachment":[{"href":"https:\/\/unisale.com.br\/pastoral\/wp-json\/wp\/v2\/media?parent=1329"}],"wp:term":[{"taxonomy":"category","embeddable":true,"href":"https:\/\/unisale.com.br\/pastoral\/wp-json\/wp\/v2\/categories?post=1329"},{"taxonomy":"post_tag","embeddable":true,"href":"https:\/\/unisale.com.br\/pastoral\/wp-json\/wp\/v2\/tags?post=1329"}],"curies":[{"name":"wp","href":"https:\/\/api.w.org\/{rel}","templated":true}]}}