{"id":13321,"date":"2025-12-05T23:55:45","date_gmt":"2025-12-05T23:55:45","guid":{"rendered":"https:\/\/unisale.com.br\/pastoral\/?p=13321"},"modified":"2025-12-05T23:55:45","modified_gmt":"2025-12-05T23:55:45","slug":"06-12-a-messe-e-grande-mas-os-trabalhadores-sao-poucos","status":"publish","type":"post","link":"https:\/\/unisale.com.br\/pastoral\/06-12-a-messe-e-grande-mas-os-trabalhadores-sao-poucos\/","title":{"rendered":"06\/12- A Messe \u00e9 grande, mas os trabalhadores s\u00e3o poucos."},"content":{"rendered":"<p>S\u00e1bado, 06 de dezembro de 2025.<\/p>\n<p>&nbsp;<\/p>\n<p>Evangelho (Mt 9,35-10,1.6-8)<\/p>\n<p>&nbsp;<\/p>\n<p><strong>\u201cA Messe \u00e9 grande, mas os trabalhadores s\u00e3o poucos.\u201d<\/strong><\/p>\n<p>&nbsp;<\/p>\n<p>Naquele tempo, <sup>35<\/sup>Jesus percorria todas as cidades e povoados, ensinando em suas sinagogas, pregando o evangelho do Reino, e curando todo tipo de doen\u00e7a e enfermidade. <sup>36<\/sup>Vendo Jesus as multid\u00f5es, compadeceu-se delas, porque estavam cansadas e abatidas, como ovelhas que n\u00e3o t\u00eam pastor. Ent\u00e3o disse a seus disc\u00edpulos: <sup>37<\/sup>\u201cA Messe \u00e9 grande, mas os trabalhadores s\u00e3o poucos. <sup>38<\/sup>Pedi pois ao dono da messe que envie trabalhadores para a sua colheita!\u201d <sup>10,1<\/sup>E, chamando os seus doze disc\u00edpulos deu-lhes poder para expulsarem os esp\u00edritos maus e para curarem todo tipo de doen\u00e7a e enfermidade. Enviou-os com as seguintes recomenda\u00e7\u00f5es: <sup>6<\/sup>\u201cIde, antes, \u00e0s ovelhas perdidas da casa de Israel! <sup>7<\/sup>Em vosso caminho, anunciai: \u2018O Reino dos C\u00e9us est\u00e1 pr\u00f3ximo\u2019. <sup>8<\/sup>Curai os doentes, ressuscitai os mortos, purificai os leprosos, expulsai os dem\u00f4nios. De gra\u00e7a recebestes, de gra\u00e7a deveis dar!\u201d<\/p>\n<p>&nbsp;<\/p>\n<p><strong>Reflex\u00e3o<\/strong><\/p>\n<p>&nbsp;<\/p>\n<p>O primeiro milagre que pode fazer cada um que cr\u00ea \u00e9 viver a proximidade. Fazer-se pr\u00f3ximo, sobretudo de quem sofre mais, de quem se sente sozinho, de quem \u00e9 marginalizado ou est\u00e1 aparentemente distante. \u00c9 esta maneira que temos para anunciar o Reino. Se nos fazemos pr\u00f3ximos, agora agir\u00e1 em n\u00f3s uma for\u00e7a que ter\u00e1 o poder de curar, ressuscitar, purificar e libertar. Na pr\u00e1tica quando queremos bem a algu\u00e9m, e verdadeiro o queremos e gratuitamente, isto agora se torna princ\u00edpio de cura nele ou nela: estas pessoas retornam a viver, n\u00e3o s\u00e3o mais como mortos, repreendem a si mesmos. A sensa\u00e7\u00e3o que tinham de sentirem-se errados e por isto n\u00e3o amados (o Evangelho usa a sugestiva e tremenda imagem da lepra) desaparece, e o mal que lhe aprisionava, pouco a pouco desaparece.\u00a0 Eis o que entendemos quando falamos de evangeliza\u00e7\u00e3o: amar de maneira tal que atrav\u00e9s do nosso amor passe o Amor de Deus. E \u00e9 justamente o Seu Amor (n\u00e3o o nosso que \u00e9 s\u00f3 um instrumento) a realizar maravilhas.<\/p>\n<p><strong>Pe. Paulo Eduardo J\u00e1como, SDB.\u00a0<\/strong><\/p>\n","protected":false},"excerpt":{"rendered":"<p>S\u00e1bado, 06 de dezembro de 2025. &nbsp; Evangelho (Mt 9,35-10,1.6-8) &nbsp; \u201cA Messe \u00e9 grande, mas os trabalhadores s\u00e3o poucos.\u201d &nbsp; Naquele tempo, 35Jesus percorria&#8230;<\/p>\n","protected":false},"author":1,"featured_media":13322,"comment_status":"closed","ping_status":"closed","sticky":false,"template":"","format":"standard","meta":{"_acf_changed":false,"footnotes":""},"categories":[13],"tags":[],"class_list":["post-13321","post","type-post","status-publish","format-standard","has-post-thumbnail","hentry","category-reflexaodoevagelho"],"acf":[],"yoast_head":"<!-- This site is optimized with the Yoast SEO plugin v27.3 - https:\/\/yoast.com\/product\/yoast-seo-wordpress\/ -->\n<title>06\/12- A Messe \u00e9 grande, mas os trabalhadores s\u00e3o poucos. - Pastoral Universit\u00e1ria UniSALESIANO<\/title>\n<meta name=\"robots\" content=\"index, follow, max-snippet:-1, max-image-preview:large, max-video-preview:-1\" \/>\n<link rel=\"canonical\" href=\"https:\/\/unisale.com.br\/pastoral\/06-12-a-messe-e-grande-mas-os-trabalhadores-sao-poucos\/\" \/>\n<meta property=\"og:locale\" content=\"pt_BR\" \/>\n<meta property=\"og:type\" content=\"article\" \/>\n<meta property=\"og:title\" content=\"06\/12- A Messe \u00e9 grande, mas os trabalhadores s\u00e3o poucos. - Pastoral Universit\u00e1ria UniSALESIANO\" \/>\n<meta property=\"og:description\" content=\"S\u00e1bado, 06 de dezembro de 2025. &nbsp; Evangelho (Mt 9,35-10,1.6-8) &nbsp; \u201cA Messe \u00e9 grande, mas os trabalhadores s\u00e3o poucos.\u201d &nbsp; Naquele tempo, 35Jesus percorria...\" \/>\n<meta property=\"og:url\" content=\"https:\/\/unisale.com.br\/pastoral\/06-12-a-messe-e-grande-mas-os-trabalhadores-sao-poucos\/\" \/>\n<meta property=\"og:site_name\" content=\"Pastoral Universit\u00e1ria UniSALESIANO\" \/>\n<meta property=\"article:published_time\" content=\"2025-12-05T23:55:45+00:00\" \/>\n<meta property=\"og:image\" content=\"https:\/\/unisale.com.br\/pastoral\/wp-content\/uploads\/2025\/12\/Design-sem-nome-22.png\" \/>\n\t<meta property=\"og:image:width\" content=\"1200\" \/>\n\t<meta property=\"og:image:height\" content=\"1200\" \/>\n\t<meta property=\"og:image:type\" content=\"image\/png\" \/>\n<meta name=\"author\" content=\"pastoral\" \/>\n<meta name=\"twitter:card\" content=\"summary_large_image\" \/>\n<meta name=\"twitter:label1\" content=\"Escrito por\" \/>\n\t<meta name=\"twitter:data1\" content=\"pastoral\" \/>\n\t<meta name=\"twitter:label2\" content=\"Est. tempo de leitura\" \/>\n\t<meta name=\"twitter:data2\" content=\"3 minutos\" \/>\n<script type=\"application\/ld+json\" class=\"yoast-schema-graph\">{\"@context\":\"https:\\\/\\\/schema.org\",\"@graph\":[{\"@type\":\"Article\",\"@id\":\"https:\\\/\\\/unisale.com.br\\\/pastoral\\\/06-12-a-messe-e-grande-mas-os-trabalhadores-sao-poucos\\\/#article\",\"isPartOf\":{\"@id\":\"https:\\\/\\\/unisale.com.br\\\/pastoral\\\/06-12-a-messe-e-grande-mas-os-trabalhadores-sao-poucos\\\/\"},\"author\":{\"name\":\"pastoral\",\"@id\":\"https:\\\/\\\/unisale.com.br\\\/pastoral\\\/#\\\/schema\\\/person\\\/a16ba711a0f7dec9cb6b44563144d5a3\"},\"headline\":\"06\\\/12- A Messe \u00e9 grande, mas os trabalhadores s\u00e3o poucos.\",\"datePublished\":\"2025-12-05T23:55:45+00:00\",\"mainEntityOfPage\":{\"@id\":\"https:\\\/\\\/unisale.com.br\\\/pastoral\\\/06-12-a-messe-e-grande-mas-os-trabalhadores-sao-poucos\\\/\"},\"wordCount\":372,\"image\":{\"@id\":\"https:\\\/\\\/unisale.com.br\\\/pastoral\\\/06-12-a-messe-e-grande-mas-os-trabalhadores-sao-poucos\\\/#primaryimage\"},\"thumbnailUrl\":\"https:\\\/\\\/unisale.com.br\\\/pastoral\\\/wp-content\\\/uploads\\\/2025\\\/12\\\/Design-sem-nome-22.jpg\",\"articleSection\":[\"Reflex\u00e3o do Evangelho\"],\"inLanguage\":\"pt-BR\"},{\"@type\":\"WebPage\",\"@id\":\"https:\\\/\\\/unisale.com.br\\\/pastoral\\\/06-12-a-messe-e-grande-mas-os-trabalhadores-sao-poucos\\\/\",\"url\":\"https:\\\/\\\/unisale.com.br\\\/pastoral\\\/06-12-a-messe-e-grande-mas-os-trabalhadores-sao-poucos\\\/\",\"name\":\"06\\\/12- A Messe \u00e9 grande, mas os trabalhadores s\u00e3o poucos. - Pastoral Universit\u00e1ria UniSALESIANO\",\"isPartOf\":{\"@id\":\"https:\\\/\\\/unisale.com.br\\\/pastoral\\\/#website\"},\"primaryImageOfPage\":{\"@id\":\"https:\\\/\\\/unisale.com.br\\\/pastoral\\\/06-12-a-messe-e-grande-mas-os-trabalhadores-sao-poucos\\\/#primaryimage\"},\"image\":{\"@id\":\"https:\\\/\\\/unisale.com.br\\\/pastoral\\\/06-12-a-messe-e-grande-mas-os-trabalhadores-sao-poucos\\\/#primaryimage\"},\"thumbnailUrl\":\"https:\\\/\\\/unisale.com.br\\\/pastoral\\\/wp-content\\\/uploads\\\/2025\\\/12\\\/Design-sem-nome-22.jpg\",\"datePublished\":\"2025-12-05T23:55:45+00:00\",\"author\":{\"@id\":\"https:\\\/\\\/unisale.com.br\\\/pastoral\\\/#\\\/schema\\\/person\\\/a16ba711a0f7dec9cb6b44563144d5a3\"},\"inLanguage\":\"pt-BR\",\"potentialAction\":[{\"@type\":\"ReadAction\",\"target\":[\"https:\\\/\\\/unisale.com.br\\\/pastoral\\\/06-12-a-messe-e-grande-mas-os-trabalhadores-sao-poucos\\\/\"]}]},{\"@type\":\"ImageObject\",\"inLanguage\":\"pt-BR\",\"@id\":\"https:\\\/\\\/unisale.com.br\\\/pastoral\\\/06-12-a-messe-e-grande-mas-os-trabalhadores-sao-poucos\\\/#primaryimage\",\"url\":\"https:\\\/\\\/unisale.com.br\\\/pastoral\\\/wp-content\\\/uploads\\\/2025\\\/12\\\/Design-sem-nome-22.jpg\",\"contentUrl\":\"https:\\\/\\\/unisale.com.br\\\/pastoral\\\/wp-content\\\/uploads\\\/2025\\\/12\\\/Design-sem-nome-22.jpg\",\"width\":500,\"height\":500},{\"@type\":\"WebSite\",\"@id\":\"https:\\\/\\\/unisale.com.br\\\/pastoral\\\/#website\",\"url\":\"https:\\\/\\\/unisale.com.br\\\/pastoral\\\/\",\"name\":\"Pastoral Universit\u00e1ria UniSALESIANO\",\"description\":\"Site da Pastoral Universit\u00e1ria do UniSALESIANO\",\"potentialAction\":[{\"@type\":\"SearchAction\",\"target\":{\"@type\":\"EntryPoint\",\"urlTemplate\":\"https:\\\/\\\/unisale.com.br\\\/pastoral\\\/?s={search_term_string}\"},\"query-input\":{\"@type\":\"PropertyValueSpecification\",\"valueRequired\":true,\"valueName\":\"search_term_string\"}}],\"inLanguage\":\"pt-BR\"},{\"@type\":\"Person\",\"@id\":\"https:\\\/\\\/unisale.com.br\\\/pastoral\\\/#\\\/schema\\\/person\\\/a16ba711a0f7dec9cb6b44563144d5a3\",\"name\":\"pastoral\",\"url\":\"https:\\\/\\\/unisale.com.br\\\/pastoral\\\/author\\\/pastoral\\\/\"}]}<\/script>\n<!-- \/ Yoast SEO plugin. -->","yoast_head_json":{"title":"06\/12- A Messe \u00e9 grande, mas os trabalhadores s\u00e3o poucos. - Pastoral Universit\u00e1ria UniSALESIANO","robots":{"index":"index","follow":"follow","max-snippet":"max-snippet:-1","max-image-preview":"max-image-preview:large","max-video-preview":"max-video-preview:-1"},"canonical":"https:\/\/unisale.com.br\/pastoral\/06-12-a-messe-e-grande-mas-os-trabalhadores-sao-poucos\/","og_locale":"pt_BR","og_type":"article","og_title":"06\/12- A Messe \u00e9 grande, mas os trabalhadores s\u00e3o poucos. - Pastoral Universit\u00e1ria UniSALESIANO","og_description":"S\u00e1bado, 06 de dezembro de 2025. &nbsp; Evangelho (Mt 9,35-10,1.6-8) &nbsp; \u201cA Messe \u00e9 grande, mas os trabalhadores s\u00e3o poucos.\u201d &nbsp; Naquele tempo, 35Jesus percorria...","og_url":"https:\/\/unisale.com.br\/pastoral\/06-12-a-messe-e-grande-mas-os-trabalhadores-sao-poucos\/","og_site_name":"Pastoral Universit\u00e1ria UniSALESIANO","article_published_time":"2025-12-05T23:55:45+00:00","og_image":[{"width":1200,"height":1200,"url":"https:\/\/unisale.com.br\/pastoral\/wp-content\/uploads\/2025\/12\/Design-sem-nome-22.png","type":"image\/png"}],"author":"pastoral","twitter_card":"summary_large_image","twitter_misc":{"Escrito por":"pastoral","Est. tempo de leitura":"3 minutos"},"schema":{"@context":"https:\/\/schema.org","@graph":[{"@type":"Article","@id":"https:\/\/unisale.com.br\/pastoral\/06-12-a-messe-e-grande-mas-os-trabalhadores-sao-poucos\/#article","isPartOf":{"@id":"https:\/\/unisale.com.br\/pastoral\/06-12-a-messe-e-grande-mas-os-trabalhadores-sao-poucos\/"},"author":{"name":"pastoral","@id":"https:\/\/unisale.com.br\/pastoral\/#\/schema\/person\/a16ba711a0f7dec9cb6b44563144d5a3"},"headline":"06\/12- A Messe \u00e9 grande, mas os trabalhadores s\u00e3o poucos.","datePublished":"2025-12-05T23:55:45+00:00","mainEntityOfPage":{"@id":"https:\/\/unisale.com.br\/pastoral\/06-12-a-messe-e-grande-mas-os-trabalhadores-sao-poucos\/"},"wordCount":372,"image":{"@id":"https:\/\/unisale.com.br\/pastoral\/06-12-a-messe-e-grande-mas-os-trabalhadores-sao-poucos\/#primaryimage"},"thumbnailUrl":"https:\/\/unisale.com.br\/pastoral\/wp-content\/uploads\/2025\/12\/Design-sem-nome-22.jpg","articleSection":["Reflex\u00e3o do Evangelho"],"inLanguage":"pt-BR"},{"@type":"WebPage","@id":"https:\/\/unisale.com.br\/pastoral\/06-12-a-messe-e-grande-mas-os-trabalhadores-sao-poucos\/","url":"https:\/\/unisale.com.br\/pastoral\/06-12-a-messe-e-grande-mas-os-trabalhadores-sao-poucos\/","name":"06\/12- A Messe \u00e9 grande, mas os trabalhadores s\u00e3o poucos. - Pastoral Universit\u00e1ria UniSALESIANO","isPartOf":{"@id":"https:\/\/unisale.com.br\/pastoral\/#website"},"primaryImageOfPage":{"@id":"https:\/\/unisale.com.br\/pastoral\/06-12-a-messe-e-grande-mas-os-trabalhadores-sao-poucos\/#primaryimage"},"image":{"@id":"https:\/\/unisale.com.br\/pastoral\/06-12-a-messe-e-grande-mas-os-trabalhadores-sao-poucos\/#primaryimage"},"thumbnailUrl":"https:\/\/unisale.com.br\/pastoral\/wp-content\/uploads\/2025\/12\/Design-sem-nome-22.jpg","datePublished":"2025-12-05T23:55:45+00:00","author":{"@id":"https:\/\/unisale.com.br\/pastoral\/#\/schema\/person\/a16ba711a0f7dec9cb6b44563144d5a3"},"inLanguage":"pt-BR","potentialAction":[{"@type":"ReadAction","target":["https:\/\/unisale.com.br\/pastoral\/06-12-a-messe-e-grande-mas-os-trabalhadores-sao-poucos\/"]}]},{"@type":"ImageObject","inLanguage":"pt-BR","@id":"https:\/\/unisale.com.br\/pastoral\/06-12-a-messe-e-grande-mas-os-trabalhadores-sao-poucos\/#primaryimage","url":"https:\/\/unisale.com.br\/pastoral\/wp-content\/uploads\/2025\/12\/Design-sem-nome-22.jpg","contentUrl":"https:\/\/unisale.com.br\/pastoral\/wp-content\/uploads\/2025\/12\/Design-sem-nome-22.jpg","width":500,"height":500},{"@type":"WebSite","@id":"https:\/\/unisale.com.br\/pastoral\/#website","url":"https:\/\/unisale.com.br\/pastoral\/","name":"Pastoral Universit\u00e1ria UniSALESIANO","description":"Site da Pastoral Universit\u00e1ria do UniSALESIANO","potentialAction":[{"@type":"SearchAction","target":{"@type":"EntryPoint","urlTemplate":"https:\/\/unisale.com.br\/pastoral\/?s={search_term_string}"},"query-input":{"@type":"PropertyValueSpecification","valueRequired":true,"valueName":"search_term_string"}}],"inLanguage":"pt-BR"},{"@type":"Person","@id":"https:\/\/unisale.com.br\/pastoral\/#\/schema\/person\/a16ba711a0f7dec9cb6b44563144d5a3","name":"pastoral","url":"https:\/\/unisale.com.br\/pastoral\/author\/pastoral\/"}]}},"_links":{"self":[{"href":"https:\/\/unisale.com.br\/pastoral\/wp-json\/wp\/v2\/posts\/13321","targetHints":{"allow":["GET"]}}],"collection":[{"href":"https:\/\/unisale.com.br\/pastoral\/wp-json\/wp\/v2\/posts"}],"about":[{"href":"https:\/\/unisale.com.br\/pastoral\/wp-json\/wp\/v2\/types\/post"}],"author":[{"embeddable":true,"href":"https:\/\/unisale.com.br\/pastoral\/wp-json\/wp\/v2\/users\/1"}],"replies":[{"embeddable":true,"href":"https:\/\/unisale.com.br\/pastoral\/wp-json\/wp\/v2\/comments?post=13321"}],"version-history":[{"count":1,"href":"https:\/\/unisale.com.br\/pastoral\/wp-json\/wp\/v2\/posts\/13321\/revisions"}],"predecessor-version":[{"id":13323,"href":"https:\/\/unisale.com.br\/pastoral\/wp-json\/wp\/v2\/posts\/13321\/revisions\/13323"}],"wp:featuredmedia":[{"embeddable":true,"href":"https:\/\/unisale.com.br\/pastoral\/wp-json\/wp\/v2\/media\/13322"}],"wp:attachment":[{"href":"https:\/\/unisale.com.br\/pastoral\/wp-json\/wp\/v2\/media?parent=13321"}],"wp:term":[{"taxonomy":"category","embeddable":true,"href":"https:\/\/unisale.com.br\/pastoral\/wp-json\/wp\/v2\/categories?post=13321"},{"taxonomy":"post_tag","embeddable":true,"href":"https:\/\/unisale.com.br\/pastoral\/wp-json\/wp\/v2\/tags?post=13321"}],"curies":[{"name":"wp","href":"https:\/\/api.w.org\/{rel}","templated":true}]}}