{"id":13342,"date":"2025-12-10T10:49:52","date_gmt":"2025-12-10T10:49:52","guid":{"rendered":"https:\/\/unisale.com.br\/pastoral\/?p=13342"},"modified":"2025-12-10T10:49:52","modified_gmt":"2025-12-10T10:49:52","slug":"11-12-em-verdade-eu-vos-digo-de-todos-os-homens-que-ja-nasceram-nenhum-e-maior-do-que-joao-batista","status":"publish","type":"post","link":"https:\/\/unisale.com.br\/pastoral\/11-12-em-verdade-eu-vos-digo-de-todos-os-homens-que-ja-nasceram-nenhum-e-maior-do-que-joao-batista\/","title":{"rendered":"11\/12 &#8211; Em verdade eu vos digo, de todos os homens que j\u00e1 nasceram, nenhum \u00e9 maior do que Jo\u00e3o Batista."},"content":{"rendered":"<p>Quinta-feira, 11 de dezembro de 2025.<\/p>\n<p>&nbsp;<\/p>\n<p>Evangelho (Mt 11,11-15)<\/p>\n<p>&nbsp;<\/p>\n<p><strong>\u201cEm verdade eu vos digo, de todos os homens que j\u00e1 nasceram, nenhum \u00e9 maior do que Jo\u00e3o Batista\u201d.<\/strong><\/p>\n<p>&nbsp;<\/p>\n<p>Naquele tempo, disse Jesus \u00e0 multid\u00e3o: <sup>11<\/sup>\u201cEm verdade eu vos digo, de todos os homens que j\u00e1 nasceram, nenhum \u00e9 maior do que Jo\u00e3o Batista. No entanto, o menor no Reino dos C\u00e9us \u00e9 maior do que ele. <sup>12<\/sup>Desde os dias de Jo\u00e3o Batista at\u00e9 agora, o Reino dos C\u00e9us sofre viol\u00eancia, e s\u00e3o os violentos que o conquistam. <sup>13<\/sup>Com efeito, todos os Profetas e a Lei profetizaram at\u00e9 Jo\u00e3o. <sup>14<\/sup>E se quereis aceitar, ele \u00e9 o Elias que h\u00e1 de vir. <sup>15<\/sup>Quem tem ouvidos, ou\u00e7a\u201d.<\/p>\n<p>&nbsp;<\/p>\n<p><strong>Reflex\u00e3o<\/strong><\/p>\n<p>&nbsp;<\/p>\n<p>Entre os nascidos de mulher, nenhum \u00e9 maior do que Jo\u00e3o Batista. Esta afirma\u00e7\u00e3o de Jesus \u00e9 muito forte, Jo\u00e3o Batista \u00e9 maior do que Mois\u00e9s, Elias&#8230; Para os que viviam com Jesus esta afirma\u00e7\u00e3o deve ter produzido um espanto. Mas o que Jesus est\u00e1 querendo dizer \u00e9 que em Jo\u00e3o Batista conflui toda a hist\u00f3ria que o precede, mas a diferen\u00e7a entre os outros \u00e9 que ele possui o privil\u00e9gio, a grandeza de ver com os pr\u00f3prios olhos o fim da promessa que est\u00e1 nascendo no cumprimento, que \u00e9 Jesus. \u201cNo entanto, o menor no reino dos C\u00e9us \u00e9 maior do que ele\u201d, prossegue Jesus. Mas a grandeza de Jo\u00e3o n\u00e3o se compara ao menos do reino de Deus que justamente porque quem faz parte do reino de Deus possui a dignidade de filho. E ser filho tem maior import\u00e2ncia do que ser o \u201cmelhor\u201d dos homens. Um filho tem um pai. Um filho tem uma casa. Um filho \u00e9 amado. \u00c9 esta a nossa for\u00e7a: sermos filhos, tamb\u00e9m se n\u00e3o temos nada da coer\u00eancia e da grandeza humana de Jo\u00e3o Batista, que permanece, por\u00e9m, o sinal mulher que Jesus poderia escolher para ser anunciado. \u201cDesde os dias de Jo\u00e3o Batista at\u00e9 agora, o Reino dos C\u00e9us sofre viol\u00eancia, e s\u00e3o os violentos que o conquistam\u201d. Desde Abel, todos aqueles que s\u00e3o da parte de Deus carregam consigo a viol\u00eancia que cai sobre eles. Tamb\u00e9m os que s\u00e3o da parte de<br \/>\nDeus padecem a viol\u00eancia. O \u00fanico modo para n\u00e3o ter problemas com o mal \u00e9 colocar-se \u00e0 parte dele. Somente deste modo te deixar\u00e1 em paz. Tamb\u00e9m Jesus se encontrou com o mal e a cruz foi sua batalha definitiva contra o mal.<\/p>\n<p>&nbsp;<\/p>\n<p><strong>Pe. Paulo Eduardo J\u00e1como, SDB<\/strong><\/p>\n","protected":false},"excerpt":{"rendered":"<p>Quinta-feira, 11 de dezembro de 2025. &nbsp; Evangelho (Mt 11,11-15) &nbsp; \u201cEm verdade eu vos digo, de todos os homens que j\u00e1 nasceram, nenhum \u00e9&#8230;<\/p>\n","protected":false},"author":1,"featured_media":13343,"comment_status":"closed","ping_status":"closed","sticky":false,"template":"","format":"standard","meta":{"_acf_changed":false,"footnotes":""},"categories":[13],"tags":[],"class_list":["post-13342","post","type-post","status-publish","format-standard","has-post-thumbnail","hentry","category-reflexaodoevagelho"],"acf":[],"yoast_head":"<!-- This site is optimized with the Yoast SEO plugin v27.3 - https:\/\/yoast.com\/product\/yoast-seo-wordpress\/ -->\n<title>11\/12 - Em verdade eu vos digo, de todos os homens que j\u00e1 nasceram, nenhum \u00e9 maior do que Jo\u00e3o Batista. - Pastoral Universit\u00e1ria UniSALESIANO<\/title>\n<meta name=\"robots\" content=\"index, follow, max-snippet:-1, max-image-preview:large, max-video-preview:-1\" \/>\n<link rel=\"canonical\" href=\"https:\/\/unisale.com.br\/pastoral\/11-12-em-verdade-eu-vos-digo-de-todos-os-homens-que-ja-nasceram-nenhum-e-maior-do-que-joao-batista\/\" \/>\n<meta property=\"og:locale\" content=\"pt_BR\" \/>\n<meta property=\"og:type\" content=\"article\" \/>\n<meta property=\"og:title\" content=\"11\/12 - Em verdade eu vos digo, de todos os homens que j\u00e1 nasceram, nenhum \u00e9 maior do que Jo\u00e3o Batista. - Pastoral Universit\u00e1ria UniSALESIANO\" \/>\n<meta property=\"og:description\" content=\"Quinta-feira, 11 de dezembro de 2025. &nbsp; Evangelho (Mt 11,11-15) &nbsp; \u201cEm verdade eu vos digo, de todos os homens que j\u00e1 nasceram, nenhum \u00e9...\" \/>\n<meta property=\"og:url\" content=\"https:\/\/unisale.com.br\/pastoral\/11-12-em-verdade-eu-vos-digo-de-todos-os-homens-que-ja-nasceram-nenhum-e-maior-do-que-joao-batista\/\" \/>\n<meta property=\"og:site_name\" content=\"Pastoral Universit\u00e1ria UniSALESIANO\" \/>\n<meta property=\"article:published_time\" content=\"2025-12-10T10:49:52+00:00\" \/>\n<meta property=\"og:image\" content=\"https:\/\/unisale.com.br\/pastoral\/wp-content\/uploads\/2025\/12\/Gemini_Generated_Image_y653fty653fty653-1024x559.png\" \/>\n\t<meta property=\"og:image:width\" content=\"1024\" \/>\n\t<meta property=\"og:image:height\" content=\"559\" \/>\n\t<meta property=\"og:image:type\" content=\"image\/png\" \/>\n<meta name=\"author\" content=\"pastoral\" \/>\n<meta name=\"twitter:card\" content=\"summary_large_image\" \/>\n<meta name=\"twitter:label1\" content=\"Escrito por\" \/>\n\t<meta name=\"twitter:data1\" content=\"pastoral\" \/>\n\t<meta name=\"twitter:label2\" content=\"Est. tempo de leitura\" \/>\n\t<meta name=\"twitter:data2\" content=\"3 minutos\" \/>\n<script type=\"application\/ld+json\" class=\"yoast-schema-graph\">{\"@context\":\"https:\\\/\\\/schema.org\",\"@graph\":[{\"@type\":\"Article\",\"@id\":\"https:\\\/\\\/unisale.com.br\\\/pastoral\\\/11-12-em-verdade-eu-vos-digo-de-todos-os-homens-que-ja-nasceram-nenhum-e-maior-do-que-joao-batista\\\/#article\",\"isPartOf\":{\"@id\":\"https:\\\/\\\/unisale.com.br\\\/pastoral\\\/11-12-em-verdade-eu-vos-digo-de-todos-os-homens-que-ja-nasceram-nenhum-e-maior-do-que-joao-batista\\\/\"},\"author\":{\"name\":\"pastoral\",\"@id\":\"https:\\\/\\\/unisale.com.br\\\/pastoral\\\/#\\\/schema\\\/person\\\/a16ba711a0f7dec9cb6b44563144d5a3\"},\"headline\":\"11\\\/12 &#8211; Em verdade eu vos digo, de todos os homens que j\u00e1 nasceram, nenhum \u00e9 maior do que Jo\u00e3o Batista.\",\"datePublished\":\"2025-12-10T10:49:52+00:00\",\"mainEntityOfPage\":{\"@id\":\"https:\\\/\\\/unisale.com.br\\\/pastoral\\\/11-12-em-verdade-eu-vos-digo-de-todos-os-homens-que-ja-nasceram-nenhum-e-maior-do-que-joao-batista\\\/\"},\"wordCount\":456,\"image\":{\"@id\":\"https:\\\/\\\/unisale.com.br\\\/pastoral\\\/11-12-em-verdade-eu-vos-digo-de-todos-os-homens-que-ja-nasceram-nenhum-e-maior-do-que-joao-batista\\\/#primaryimage\"},\"thumbnailUrl\":\"https:\\\/\\\/unisale.com.br\\\/pastoral\\\/wp-content\\\/uploads\\\/2025\\\/12\\\/Gemini_Generated_Image_y653fty653fty653-scaled-1.jpg\",\"articleSection\":[\"Reflex\u00e3o do Evangelho\"],\"inLanguage\":\"pt-BR\"},{\"@type\":\"WebPage\",\"@id\":\"https:\\\/\\\/unisale.com.br\\\/pastoral\\\/11-12-em-verdade-eu-vos-digo-de-todos-os-homens-que-ja-nasceram-nenhum-e-maior-do-que-joao-batista\\\/\",\"url\":\"https:\\\/\\\/unisale.com.br\\\/pastoral\\\/11-12-em-verdade-eu-vos-digo-de-todos-os-homens-que-ja-nasceram-nenhum-e-maior-do-que-joao-batista\\\/\",\"name\":\"11\\\/12 - Em verdade eu vos digo, de todos os homens que j\u00e1 nasceram, nenhum \u00e9 maior do que Jo\u00e3o Batista. - Pastoral Universit\u00e1ria UniSALESIANO\",\"isPartOf\":{\"@id\":\"https:\\\/\\\/unisale.com.br\\\/pastoral\\\/#website\"},\"primaryImageOfPage\":{\"@id\":\"https:\\\/\\\/unisale.com.br\\\/pastoral\\\/11-12-em-verdade-eu-vos-digo-de-todos-os-homens-que-ja-nasceram-nenhum-e-maior-do-que-joao-batista\\\/#primaryimage\"},\"image\":{\"@id\":\"https:\\\/\\\/unisale.com.br\\\/pastoral\\\/11-12-em-verdade-eu-vos-digo-de-todos-os-homens-que-ja-nasceram-nenhum-e-maior-do-que-joao-batista\\\/#primaryimage\"},\"thumbnailUrl\":\"https:\\\/\\\/unisale.com.br\\\/pastoral\\\/wp-content\\\/uploads\\\/2025\\\/12\\\/Gemini_Generated_Image_y653fty653fty653-scaled-1.jpg\",\"datePublished\":\"2025-12-10T10:49:52+00:00\",\"author\":{\"@id\":\"https:\\\/\\\/unisale.com.br\\\/pastoral\\\/#\\\/schema\\\/person\\\/a16ba711a0f7dec9cb6b44563144d5a3\"},\"inLanguage\":\"pt-BR\",\"potentialAction\":[{\"@type\":\"ReadAction\",\"target\":[\"https:\\\/\\\/unisale.com.br\\\/pastoral\\\/11-12-em-verdade-eu-vos-digo-de-todos-os-homens-que-ja-nasceram-nenhum-e-maior-do-que-joao-batista\\\/\"]}]},{\"@type\":\"ImageObject\",\"inLanguage\":\"pt-BR\",\"@id\":\"https:\\\/\\\/unisale.com.br\\\/pastoral\\\/11-12-em-verdade-eu-vos-digo-de-todos-os-homens-que-ja-nasceram-nenhum-e-maior-do-que-joao-batista\\\/#primaryimage\",\"url\":\"https:\\\/\\\/unisale.com.br\\\/pastoral\\\/wp-content\\\/uploads\\\/2025\\\/12\\\/Gemini_Generated_Image_y653fty653fty653-scaled-1.jpg\",\"contentUrl\":\"https:\\\/\\\/unisale.com.br\\\/pastoral\\\/wp-content\\\/uploads\\\/2025\\\/12\\\/Gemini_Generated_Image_y653fty653fty653-scaled-1.jpg\",\"width\":917,\"height\":500},{\"@type\":\"WebSite\",\"@id\":\"https:\\\/\\\/unisale.com.br\\\/pastoral\\\/#website\",\"url\":\"https:\\\/\\\/unisale.com.br\\\/pastoral\\\/\",\"name\":\"Pastoral Universit\u00e1ria UniSALESIANO\",\"description\":\"Site da Pastoral Universit\u00e1ria do UniSALESIANO\",\"potentialAction\":[{\"@type\":\"SearchAction\",\"target\":{\"@type\":\"EntryPoint\",\"urlTemplate\":\"https:\\\/\\\/unisale.com.br\\\/pastoral\\\/?s={search_term_string}\"},\"query-input\":{\"@type\":\"PropertyValueSpecification\",\"valueRequired\":true,\"valueName\":\"search_term_string\"}}],\"inLanguage\":\"pt-BR\"},{\"@type\":\"Person\",\"@id\":\"https:\\\/\\\/unisale.com.br\\\/pastoral\\\/#\\\/schema\\\/person\\\/a16ba711a0f7dec9cb6b44563144d5a3\",\"name\":\"pastoral\",\"url\":\"https:\\\/\\\/unisale.com.br\\\/pastoral\\\/author\\\/pastoral\\\/\"}]}<\/script>\n<!-- \/ Yoast SEO plugin. -->","yoast_head_json":{"title":"11\/12 - Em verdade eu vos digo, de todos os homens que j\u00e1 nasceram, nenhum \u00e9 maior do que Jo\u00e3o Batista. - Pastoral Universit\u00e1ria UniSALESIANO","robots":{"index":"index","follow":"follow","max-snippet":"max-snippet:-1","max-image-preview":"max-image-preview:large","max-video-preview":"max-video-preview:-1"},"canonical":"https:\/\/unisale.com.br\/pastoral\/11-12-em-verdade-eu-vos-digo-de-todos-os-homens-que-ja-nasceram-nenhum-e-maior-do-que-joao-batista\/","og_locale":"pt_BR","og_type":"article","og_title":"11\/12 - Em verdade eu vos digo, de todos os homens que j\u00e1 nasceram, nenhum \u00e9 maior do que Jo\u00e3o Batista. - Pastoral Universit\u00e1ria UniSALESIANO","og_description":"Quinta-feira, 11 de dezembro de 2025. &nbsp; Evangelho (Mt 11,11-15) &nbsp; \u201cEm verdade eu vos digo, de todos os homens que j\u00e1 nasceram, nenhum \u00e9...","og_url":"https:\/\/unisale.com.br\/pastoral\/11-12-em-verdade-eu-vos-digo-de-todos-os-homens-que-ja-nasceram-nenhum-e-maior-do-que-joao-batista\/","og_site_name":"Pastoral Universit\u00e1ria UniSALESIANO","article_published_time":"2025-12-10T10:49:52+00:00","og_image":[{"width":1024,"height":559,"url":"https:\/\/unisale.com.br\/pastoral\/wp-content\/uploads\/2025\/12\/Gemini_Generated_Image_y653fty653fty653-1024x559.png","type":"image\/png"}],"author":"pastoral","twitter_card":"summary_large_image","twitter_misc":{"Escrito por":"pastoral","Est. tempo de leitura":"3 minutos"},"schema":{"@context":"https:\/\/schema.org","@graph":[{"@type":"Article","@id":"https:\/\/unisale.com.br\/pastoral\/11-12-em-verdade-eu-vos-digo-de-todos-os-homens-que-ja-nasceram-nenhum-e-maior-do-que-joao-batista\/#article","isPartOf":{"@id":"https:\/\/unisale.com.br\/pastoral\/11-12-em-verdade-eu-vos-digo-de-todos-os-homens-que-ja-nasceram-nenhum-e-maior-do-que-joao-batista\/"},"author":{"name":"pastoral","@id":"https:\/\/unisale.com.br\/pastoral\/#\/schema\/person\/a16ba711a0f7dec9cb6b44563144d5a3"},"headline":"11\/12 &#8211; Em verdade eu vos digo, de todos os homens que j\u00e1 nasceram, nenhum \u00e9 maior do que Jo\u00e3o Batista.","datePublished":"2025-12-10T10:49:52+00:00","mainEntityOfPage":{"@id":"https:\/\/unisale.com.br\/pastoral\/11-12-em-verdade-eu-vos-digo-de-todos-os-homens-que-ja-nasceram-nenhum-e-maior-do-que-joao-batista\/"},"wordCount":456,"image":{"@id":"https:\/\/unisale.com.br\/pastoral\/11-12-em-verdade-eu-vos-digo-de-todos-os-homens-que-ja-nasceram-nenhum-e-maior-do-que-joao-batista\/#primaryimage"},"thumbnailUrl":"https:\/\/unisale.com.br\/pastoral\/wp-content\/uploads\/2025\/12\/Gemini_Generated_Image_y653fty653fty653-scaled-1.jpg","articleSection":["Reflex\u00e3o do Evangelho"],"inLanguage":"pt-BR"},{"@type":"WebPage","@id":"https:\/\/unisale.com.br\/pastoral\/11-12-em-verdade-eu-vos-digo-de-todos-os-homens-que-ja-nasceram-nenhum-e-maior-do-que-joao-batista\/","url":"https:\/\/unisale.com.br\/pastoral\/11-12-em-verdade-eu-vos-digo-de-todos-os-homens-que-ja-nasceram-nenhum-e-maior-do-que-joao-batista\/","name":"11\/12 - Em verdade eu vos digo, de todos os homens que j\u00e1 nasceram, nenhum \u00e9 maior do que Jo\u00e3o Batista. - Pastoral Universit\u00e1ria UniSALESIANO","isPartOf":{"@id":"https:\/\/unisale.com.br\/pastoral\/#website"},"primaryImageOfPage":{"@id":"https:\/\/unisale.com.br\/pastoral\/11-12-em-verdade-eu-vos-digo-de-todos-os-homens-que-ja-nasceram-nenhum-e-maior-do-que-joao-batista\/#primaryimage"},"image":{"@id":"https:\/\/unisale.com.br\/pastoral\/11-12-em-verdade-eu-vos-digo-de-todos-os-homens-que-ja-nasceram-nenhum-e-maior-do-que-joao-batista\/#primaryimage"},"thumbnailUrl":"https:\/\/unisale.com.br\/pastoral\/wp-content\/uploads\/2025\/12\/Gemini_Generated_Image_y653fty653fty653-scaled-1.jpg","datePublished":"2025-12-10T10:49:52+00:00","author":{"@id":"https:\/\/unisale.com.br\/pastoral\/#\/schema\/person\/a16ba711a0f7dec9cb6b44563144d5a3"},"inLanguage":"pt-BR","potentialAction":[{"@type":"ReadAction","target":["https:\/\/unisale.com.br\/pastoral\/11-12-em-verdade-eu-vos-digo-de-todos-os-homens-que-ja-nasceram-nenhum-e-maior-do-que-joao-batista\/"]}]},{"@type":"ImageObject","inLanguage":"pt-BR","@id":"https:\/\/unisale.com.br\/pastoral\/11-12-em-verdade-eu-vos-digo-de-todos-os-homens-que-ja-nasceram-nenhum-e-maior-do-que-joao-batista\/#primaryimage","url":"https:\/\/unisale.com.br\/pastoral\/wp-content\/uploads\/2025\/12\/Gemini_Generated_Image_y653fty653fty653-scaled-1.jpg","contentUrl":"https:\/\/unisale.com.br\/pastoral\/wp-content\/uploads\/2025\/12\/Gemini_Generated_Image_y653fty653fty653-scaled-1.jpg","width":917,"height":500},{"@type":"WebSite","@id":"https:\/\/unisale.com.br\/pastoral\/#website","url":"https:\/\/unisale.com.br\/pastoral\/","name":"Pastoral Universit\u00e1ria UniSALESIANO","description":"Site da Pastoral Universit\u00e1ria do UniSALESIANO","potentialAction":[{"@type":"SearchAction","target":{"@type":"EntryPoint","urlTemplate":"https:\/\/unisale.com.br\/pastoral\/?s={search_term_string}"},"query-input":{"@type":"PropertyValueSpecification","valueRequired":true,"valueName":"search_term_string"}}],"inLanguage":"pt-BR"},{"@type":"Person","@id":"https:\/\/unisale.com.br\/pastoral\/#\/schema\/person\/a16ba711a0f7dec9cb6b44563144d5a3","name":"pastoral","url":"https:\/\/unisale.com.br\/pastoral\/author\/pastoral\/"}]}},"_links":{"self":[{"href":"https:\/\/unisale.com.br\/pastoral\/wp-json\/wp\/v2\/posts\/13342","targetHints":{"allow":["GET"]}}],"collection":[{"href":"https:\/\/unisale.com.br\/pastoral\/wp-json\/wp\/v2\/posts"}],"about":[{"href":"https:\/\/unisale.com.br\/pastoral\/wp-json\/wp\/v2\/types\/post"}],"author":[{"embeddable":true,"href":"https:\/\/unisale.com.br\/pastoral\/wp-json\/wp\/v2\/users\/1"}],"replies":[{"embeddable":true,"href":"https:\/\/unisale.com.br\/pastoral\/wp-json\/wp\/v2\/comments?post=13342"}],"version-history":[{"count":1,"href":"https:\/\/unisale.com.br\/pastoral\/wp-json\/wp\/v2\/posts\/13342\/revisions"}],"predecessor-version":[{"id":13344,"href":"https:\/\/unisale.com.br\/pastoral\/wp-json\/wp\/v2\/posts\/13342\/revisions\/13344"}],"wp:featuredmedia":[{"embeddable":true,"href":"https:\/\/unisale.com.br\/pastoral\/wp-json\/wp\/v2\/media\/13343"}],"wp:attachment":[{"href":"https:\/\/unisale.com.br\/pastoral\/wp-json\/wp\/v2\/media?parent=13342"}],"wp:term":[{"taxonomy":"category","embeddable":true,"href":"https:\/\/unisale.com.br\/pastoral\/wp-json\/wp\/v2\/categories?post=13342"},{"taxonomy":"post_tag","embeddable":true,"href":"https:\/\/unisale.com.br\/pastoral\/wp-json\/wp\/v2\/tags?post=13342"}],"curies":[{"name":"wp","href":"https:\/\/api.w.org\/{rel}","templated":true}]}}