{"id":13350,"date":"2025-12-12T14:04:55","date_gmt":"2025-12-12T14:04:55","guid":{"rendered":"https:\/\/unisale.com.br\/pastoral\/?p=13350"},"modified":"2025-12-12T14:04:55","modified_gmt":"2025-12-12T14:04:55","slug":"13-12-eles-nao-o-reconheceram","status":"publish","type":"post","link":"https:\/\/unisale.com.br\/pastoral\/13-12-eles-nao-o-reconheceram\/","title":{"rendered":"13\/12 &#8211; &#8230;eles n\u00e3o o reconheceram."},"content":{"rendered":"<p>S\u00e1bado, 12 de dezembro de 2022.<\/p>\n<p>&nbsp;<\/p>\n<p>Evangelho (Mt 17,10-13)<\/p>\n<p>&nbsp;<\/p>\n<p><strong>\u201c&#8230;eles n\u00e3o o reconheceram\u201d<\/strong><\/p>\n<p>&nbsp;<\/p>\n<p>Ao descerem do monte, <sup>10<\/sup>os disc\u00edpulos perguntaram a Jesus: \u201cPor que os mestres da Lei dizem que Elias deve vir primeiro?\u201d <sup>11<\/sup>Jesus respondeu: \u201cElias vem e colocar\u00e1 tudo em ordem. <sup>12<\/sup>Ora, eu vos digo: Elias j\u00e1 veio, mas eles n\u00e3o o reconheceram. Ao contr\u00e1rio, fizeram com ele tudo o que quiseram. Assim tamb\u00e9m o Filho do Homem ser\u00e1 maltratado por eles\u201d. <sup>13<\/sup>Ent\u00e3o os disc\u00edpulos compreenderam que Jesus lhes falava de Jo\u00e3o Batista.<\/p>\n<p>&nbsp;<\/p>\n<p><strong>Reflex\u00e3o<\/strong><\/p>\n<p>&nbsp;<\/p>\n<p>N\u00f3s sempre estamos \u00e0 espera de algu\u00e9m ou de algo que fa\u00e7a a diferen\u00e7a na nossa vida. No tempo de Jesus todos esperavam o retorno de Elias, o grande profeta, como um \u2018sinal\u2019. Mas Jesus recorda que o destino de todos os profetas \u00e9 aquele de n\u00e3o ser reconhecido no momento no qual fala e profetizam. E esta \u00e9 uma verdade muito amarga: entendermos a import\u00e2ncia de alguma coisa ou de algu\u00e9m quando infelizmente j\u00e1 \u00e9 muito tarde. No entanto, bastaria ser mais simples, mais humildes, mais pacientes e mais leais, para perceber que o Senhor enche a nossa vida daquilo que conta atrav\u00e9s das coisas mais normais e menos evidentes das quais \u00e9 feita a nossa exist\u00eancia. Queremos sempre um efeito especial que nos diga que aquilo \u00e9 bom para n\u00f3s, mas a verdade \u00e9 que quem busca efeitos especiais, sinais, n\u00e3o percebe quanto beleza existe nas coisas simples que nos circundam e que nos falam sem fazer muito barulho. A verdade que estamos buscando n\u00e3o diz respeito ao futuro, mas ao presente que est\u00e1 diante dos nossos olhos. \u00c9 uma li\u00e7\u00e3o que os pastores aprenderam imediatamente quando Jesus nasceu, eles souberam reconhecer o filho de Deus em um menino envolto em faixas e repousando numa manjedoura. Naquela cena simples eles foram capazes de realizar um grande gesto de f\u00e9: \u201ce os pastores O adoraram\u201d. O Advento \u00e9 um tempo no qual devemos fazer paz com Deus que n\u00e3o necessita chamar a aten\u00e7\u00e3o para vir ao mundo, mas necessita de um cora\u00e7\u00e3o atento que sabe ver no detalhe o essencial que se procura e que encontra-lo preenche a vida at\u00e9 faz\u00ea-la transbordar de alegria\u201d.<\/p>\n<p><strong>Pe. Paulo Eduardo J\u00e1como, SDB<\/strong><\/p>\n","protected":false},"excerpt":{"rendered":"<p>S\u00e1bado, 12 de dezembro de 2022. &nbsp; Evangelho (Mt 17,10-13) &nbsp; \u201c&#8230;eles n\u00e3o o reconheceram\u201d &nbsp; Ao descerem do monte, 10os disc\u00edpulos perguntaram a Jesus:&#8230;<\/p>\n","protected":false},"author":1,"featured_media":13351,"comment_status":"closed","ping_status":"closed","sticky":false,"template":"","format":"standard","meta":{"_acf_changed":false,"footnotes":""},"categories":[13],"tags":[],"class_list":["post-13350","post","type-post","status-publish","format-standard","has-post-thumbnail","hentry","category-reflexaodoevagelho"],"acf":[],"yoast_head":"<!-- This site is optimized with the Yoast SEO plugin v27.3 - https:\/\/yoast.com\/product\/yoast-seo-wordpress\/ -->\n<title>13\/12 - ...eles n\u00e3o o reconheceram. - Pastoral Universit\u00e1ria UniSALESIANO<\/title>\n<meta name=\"robots\" content=\"index, follow, max-snippet:-1, max-image-preview:large, max-video-preview:-1\" \/>\n<link rel=\"canonical\" href=\"https:\/\/unisale.com.br\/pastoral\/13-12-eles-nao-o-reconheceram\/\" \/>\n<meta property=\"og:locale\" content=\"pt_BR\" \/>\n<meta property=\"og:type\" content=\"article\" \/>\n<meta property=\"og:title\" content=\"13\/12 - ...eles n\u00e3o o reconheceram. - Pastoral Universit\u00e1ria UniSALESIANO\" \/>\n<meta property=\"og:description\" content=\"S\u00e1bado, 12 de dezembro de 2022. &nbsp; Evangelho (Mt 17,10-13) &nbsp; \u201c&#8230;eles n\u00e3o o reconheceram\u201d &nbsp; Ao descerem do monte, 10os disc\u00edpulos perguntaram a Jesus:...\" \/>\n<meta property=\"og:url\" content=\"https:\/\/unisale.com.br\/pastoral\/13-12-eles-nao-o-reconheceram\/\" \/>\n<meta property=\"og:site_name\" content=\"Pastoral Universit\u00e1ria UniSALESIANO\" \/>\n<meta property=\"article:published_time\" content=\"2025-12-12T14:04:55+00:00\" \/>\n<meta property=\"og:image\" content=\"https:\/\/unisale.com.br\/pastoral\/wp-content\/uploads\/2025\/12\/Gemini_Generated_Image_b1w80zb1w80zb1w8.png\" \/>\n\t<meta property=\"og:image:width\" content=\"1024\" \/>\n\t<meta property=\"og:image:height\" content=\"1024\" \/>\n\t<meta property=\"og:image:type\" content=\"image\/png\" \/>\n<meta name=\"author\" content=\"pastoral\" \/>\n<meta name=\"twitter:card\" content=\"summary_large_image\" \/>\n<meta name=\"twitter:label1\" content=\"Escrito por\" \/>\n\t<meta name=\"twitter:data1\" content=\"pastoral\" \/>\n\t<meta name=\"twitter:label2\" content=\"Est. tempo de leitura\" \/>\n\t<meta name=\"twitter:data2\" content=\"3 minutos\" \/>\n<script type=\"application\/ld+json\" class=\"yoast-schema-graph\">{\"@context\":\"https:\\\/\\\/schema.org\",\"@graph\":[{\"@type\":\"Article\",\"@id\":\"https:\\\/\\\/unisale.com.br\\\/pastoral\\\/13-12-eles-nao-o-reconheceram\\\/#article\",\"isPartOf\":{\"@id\":\"https:\\\/\\\/unisale.com.br\\\/pastoral\\\/13-12-eles-nao-o-reconheceram\\\/\"},\"author\":{\"name\":\"pastoral\",\"@id\":\"https:\\\/\\\/unisale.com.br\\\/pastoral\\\/#\\\/schema\\\/person\\\/a16ba711a0f7dec9cb6b44563144d5a3\"},\"headline\":\"13\\\/12 &#8211; &#8230;eles n\u00e3o o reconheceram.\",\"datePublished\":\"2025-12-12T14:04:55+00:00\",\"mainEntityOfPage\":{\"@id\":\"https:\\\/\\\/unisale.com.br\\\/pastoral\\\/13-12-eles-nao-o-reconheceram\\\/\"},\"wordCount\":394,\"image\":{\"@id\":\"https:\\\/\\\/unisale.com.br\\\/pastoral\\\/13-12-eles-nao-o-reconheceram\\\/#primaryimage\"},\"thumbnailUrl\":\"https:\\\/\\\/unisale.com.br\\\/pastoral\\\/wp-content\\\/uploads\\\/2025\\\/12\\\/Gemini_Generated_Image_b1w80zb1w80zb1w8.jpg\",\"articleSection\":[\"Reflex\u00e3o do Evangelho\"],\"inLanguage\":\"pt-BR\"},{\"@type\":\"WebPage\",\"@id\":\"https:\\\/\\\/unisale.com.br\\\/pastoral\\\/13-12-eles-nao-o-reconheceram\\\/\",\"url\":\"https:\\\/\\\/unisale.com.br\\\/pastoral\\\/13-12-eles-nao-o-reconheceram\\\/\",\"name\":\"13\\\/12 - ...eles n\u00e3o o reconheceram. - Pastoral Universit\u00e1ria UniSALESIANO\",\"isPartOf\":{\"@id\":\"https:\\\/\\\/unisale.com.br\\\/pastoral\\\/#website\"},\"primaryImageOfPage\":{\"@id\":\"https:\\\/\\\/unisale.com.br\\\/pastoral\\\/13-12-eles-nao-o-reconheceram\\\/#primaryimage\"},\"image\":{\"@id\":\"https:\\\/\\\/unisale.com.br\\\/pastoral\\\/13-12-eles-nao-o-reconheceram\\\/#primaryimage\"},\"thumbnailUrl\":\"https:\\\/\\\/unisale.com.br\\\/pastoral\\\/wp-content\\\/uploads\\\/2025\\\/12\\\/Gemini_Generated_Image_b1w80zb1w80zb1w8.jpg\",\"datePublished\":\"2025-12-12T14:04:55+00:00\",\"author\":{\"@id\":\"https:\\\/\\\/unisale.com.br\\\/pastoral\\\/#\\\/schema\\\/person\\\/a16ba711a0f7dec9cb6b44563144d5a3\"},\"inLanguage\":\"pt-BR\",\"potentialAction\":[{\"@type\":\"ReadAction\",\"target\":[\"https:\\\/\\\/unisale.com.br\\\/pastoral\\\/13-12-eles-nao-o-reconheceram\\\/\"]}]},{\"@type\":\"ImageObject\",\"inLanguage\":\"pt-BR\",\"@id\":\"https:\\\/\\\/unisale.com.br\\\/pastoral\\\/13-12-eles-nao-o-reconheceram\\\/#primaryimage\",\"url\":\"https:\\\/\\\/unisale.com.br\\\/pastoral\\\/wp-content\\\/uploads\\\/2025\\\/12\\\/Gemini_Generated_Image_b1w80zb1w80zb1w8.jpg\",\"contentUrl\":\"https:\\\/\\\/unisale.com.br\\\/pastoral\\\/wp-content\\\/uploads\\\/2025\\\/12\\\/Gemini_Generated_Image_b1w80zb1w80zb1w8.jpg\",\"width\":500,\"height\":500},{\"@type\":\"WebSite\",\"@id\":\"https:\\\/\\\/unisale.com.br\\\/pastoral\\\/#website\",\"url\":\"https:\\\/\\\/unisale.com.br\\\/pastoral\\\/\",\"name\":\"Pastoral Universit\u00e1ria UniSALESIANO\",\"description\":\"Site da Pastoral Universit\u00e1ria do UniSALESIANO\",\"potentialAction\":[{\"@type\":\"SearchAction\",\"target\":{\"@type\":\"EntryPoint\",\"urlTemplate\":\"https:\\\/\\\/unisale.com.br\\\/pastoral\\\/?s={search_term_string}\"},\"query-input\":{\"@type\":\"PropertyValueSpecification\",\"valueRequired\":true,\"valueName\":\"search_term_string\"}}],\"inLanguage\":\"pt-BR\"},{\"@type\":\"Person\",\"@id\":\"https:\\\/\\\/unisale.com.br\\\/pastoral\\\/#\\\/schema\\\/person\\\/a16ba711a0f7dec9cb6b44563144d5a3\",\"name\":\"pastoral\",\"url\":\"https:\\\/\\\/unisale.com.br\\\/pastoral\\\/author\\\/pastoral\\\/\"}]}<\/script>\n<!-- \/ Yoast SEO plugin. -->","yoast_head_json":{"title":"13\/12 - ...eles n\u00e3o o reconheceram. - Pastoral Universit\u00e1ria UniSALESIANO","robots":{"index":"index","follow":"follow","max-snippet":"max-snippet:-1","max-image-preview":"max-image-preview:large","max-video-preview":"max-video-preview:-1"},"canonical":"https:\/\/unisale.com.br\/pastoral\/13-12-eles-nao-o-reconheceram\/","og_locale":"pt_BR","og_type":"article","og_title":"13\/12 - ...eles n\u00e3o o reconheceram. - Pastoral Universit\u00e1ria UniSALESIANO","og_description":"S\u00e1bado, 12 de dezembro de 2022. &nbsp; Evangelho (Mt 17,10-13) &nbsp; \u201c&#8230;eles n\u00e3o o reconheceram\u201d &nbsp; Ao descerem do monte, 10os disc\u00edpulos perguntaram a Jesus:...","og_url":"https:\/\/unisale.com.br\/pastoral\/13-12-eles-nao-o-reconheceram\/","og_site_name":"Pastoral Universit\u00e1ria UniSALESIANO","article_published_time":"2025-12-12T14:04:55+00:00","og_image":[{"width":1024,"height":1024,"url":"https:\/\/unisale.com.br\/pastoral\/wp-content\/uploads\/2025\/12\/Gemini_Generated_Image_b1w80zb1w80zb1w8.png","type":"image\/png"}],"author":"pastoral","twitter_card":"summary_large_image","twitter_misc":{"Escrito por":"pastoral","Est. tempo de leitura":"3 minutos"},"schema":{"@context":"https:\/\/schema.org","@graph":[{"@type":"Article","@id":"https:\/\/unisale.com.br\/pastoral\/13-12-eles-nao-o-reconheceram\/#article","isPartOf":{"@id":"https:\/\/unisale.com.br\/pastoral\/13-12-eles-nao-o-reconheceram\/"},"author":{"name":"pastoral","@id":"https:\/\/unisale.com.br\/pastoral\/#\/schema\/person\/a16ba711a0f7dec9cb6b44563144d5a3"},"headline":"13\/12 &#8211; &#8230;eles n\u00e3o o reconheceram.","datePublished":"2025-12-12T14:04:55+00:00","mainEntityOfPage":{"@id":"https:\/\/unisale.com.br\/pastoral\/13-12-eles-nao-o-reconheceram\/"},"wordCount":394,"image":{"@id":"https:\/\/unisale.com.br\/pastoral\/13-12-eles-nao-o-reconheceram\/#primaryimage"},"thumbnailUrl":"https:\/\/unisale.com.br\/pastoral\/wp-content\/uploads\/2025\/12\/Gemini_Generated_Image_b1w80zb1w80zb1w8.jpg","articleSection":["Reflex\u00e3o do Evangelho"],"inLanguage":"pt-BR"},{"@type":"WebPage","@id":"https:\/\/unisale.com.br\/pastoral\/13-12-eles-nao-o-reconheceram\/","url":"https:\/\/unisale.com.br\/pastoral\/13-12-eles-nao-o-reconheceram\/","name":"13\/12 - ...eles n\u00e3o o reconheceram. - Pastoral Universit\u00e1ria UniSALESIANO","isPartOf":{"@id":"https:\/\/unisale.com.br\/pastoral\/#website"},"primaryImageOfPage":{"@id":"https:\/\/unisale.com.br\/pastoral\/13-12-eles-nao-o-reconheceram\/#primaryimage"},"image":{"@id":"https:\/\/unisale.com.br\/pastoral\/13-12-eles-nao-o-reconheceram\/#primaryimage"},"thumbnailUrl":"https:\/\/unisale.com.br\/pastoral\/wp-content\/uploads\/2025\/12\/Gemini_Generated_Image_b1w80zb1w80zb1w8.jpg","datePublished":"2025-12-12T14:04:55+00:00","author":{"@id":"https:\/\/unisale.com.br\/pastoral\/#\/schema\/person\/a16ba711a0f7dec9cb6b44563144d5a3"},"inLanguage":"pt-BR","potentialAction":[{"@type":"ReadAction","target":["https:\/\/unisale.com.br\/pastoral\/13-12-eles-nao-o-reconheceram\/"]}]},{"@type":"ImageObject","inLanguage":"pt-BR","@id":"https:\/\/unisale.com.br\/pastoral\/13-12-eles-nao-o-reconheceram\/#primaryimage","url":"https:\/\/unisale.com.br\/pastoral\/wp-content\/uploads\/2025\/12\/Gemini_Generated_Image_b1w80zb1w80zb1w8.jpg","contentUrl":"https:\/\/unisale.com.br\/pastoral\/wp-content\/uploads\/2025\/12\/Gemini_Generated_Image_b1w80zb1w80zb1w8.jpg","width":500,"height":500},{"@type":"WebSite","@id":"https:\/\/unisale.com.br\/pastoral\/#website","url":"https:\/\/unisale.com.br\/pastoral\/","name":"Pastoral Universit\u00e1ria UniSALESIANO","description":"Site da Pastoral Universit\u00e1ria do UniSALESIANO","potentialAction":[{"@type":"SearchAction","target":{"@type":"EntryPoint","urlTemplate":"https:\/\/unisale.com.br\/pastoral\/?s={search_term_string}"},"query-input":{"@type":"PropertyValueSpecification","valueRequired":true,"valueName":"search_term_string"}}],"inLanguage":"pt-BR"},{"@type":"Person","@id":"https:\/\/unisale.com.br\/pastoral\/#\/schema\/person\/a16ba711a0f7dec9cb6b44563144d5a3","name":"pastoral","url":"https:\/\/unisale.com.br\/pastoral\/author\/pastoral\/"}]}},"_links":{"self":[{"href":"https:\/\/unisale.com.br\/pastoral\/wp-json\/wp\/v2\/posts\/13350","targetHints":{"allow":["GET"]}}],"collection":[{"href":"https:\/\/unisale.com.br\/pastoral\/wp-json\/wp\/v2\/posts"}],"about":[{"href":"https:\/\/unisale.com.br\/pastoral\/wp-json\/wp\/v2\/types\/post"}],"author":[{"embeddable":true,"href":"https:\/\/unisale.com.br\/pastoral\/wp-json\/wp\/v2\/users\/1"}],"replies":[{"embeddable":true,"href":"https:\/\/unisale.com.br\/pastoral\/wp-json\/wp\/v2\/comments?post=13350"}],"version-history":[{"count":1,"href":"https:\/\/unisale.com.br\/pastoral\/wp-json\/wp\/v2\/posts\/13350\/revisions"}],"predecessor-version":[{"id":13352,"href":"https:\/\/unisale.com.br\/pastoral\/wp-json\/wp\/v2\/posts\/13350\/revisions\/13352"}],"wp:featuredmedia":[{"embeddable":true,"href":"https:\/\/unisale.com.br\/pastoral\/wp-json\/wp\/v2\/media\/13351"}],"wp:attachment":[{"href":"https:\/\/unisale.com.br\/pastoral\/wp-json\/wp\/v2\/media?parent=13350"}],"wp:term":[{"taxonomy":"category","embeddable":true,"href":"https:\/\/unisale.com.br\/pastoral\/wp-json\/wp\/v2\/categories?post=13350"},{"taxonomy":"post_tag","embeddable":true,"href":"https:\/\/unisale.com.br\/pastoral\/wp-json\/wp\/v2\/tags?post=13350"}],"curies":[{"name":"wp","href":"https:\/\/api.w.org\/{rel}","templated":true}]}}