{"id":13353,"date":"2025-12-12T14:56:34","date_gmt":"2025-12-12T14:56:34","guid":{"rendered":"https:\/\/unisale.com.br\/pastoral\/?p=13353"},"modified":"2025-12-12T14:56:34","modified_gmt":"2025-12-12T14:56:34","slug":"14-12-es-tu-aquele-que-ha-de-vir-ou-devemos-esperar-um-outro","status":"publish","type":"post","link":"https:\/\/unisale.com.br\/pastoral\/14-12-es-tu-aquele-que-ha-de-vir-ou-devemos-esperar-um-outro\/","title":{"rendered":"14\/12 &#8211; \u00c9s tu aquele que h\u00e1 de vir ou devemos esperar um outro?"},"content":{"rendered":"<p>Domingo, 14 de dezembro de 2025.<\/p>\n<p>&nbsp;<\/p>\n<p>Evangelho (Mt 11,2-11)<\/p>\n<p>&nbsp;<\/p>\n<p><strong>\u201c\u00c9s tu aquele que h\u00e1 de vir ou devemos esperar um outro?\u201d<\/strong><\/p>\n<p>&nbsp;<\/p>\n<p>Naquele tempo, <sup>2<\/sup>Jo\u00e3o estava na pris\u00e3o. Quando ouviu falar das obras de Cristo, enviou-lhe alguns disc\u00edpulos, <sup>3<\/sup>para lhe perguntarem: \u201c\u00c9s tu aquele que h\u00e1 de vir ou devemos esperar um outro?\u201d <sup>4<\/sup>Jesus respondeu-lhes: \u201cIde contar a Jo\u00e3o o que estais ouvindo e vendo: <sup>5<\/sup>os cegos recuperam a vista, os paral\u00edticos andam, os leprosos s\u00e3o curados, os surdos ouvem, os mortos ressuscitam e os pobres s\u00e3o evangelizados. <sup>6<\/sup>Feliz aquele que n\u00e3o se escandaliza por causa de mim!\u201d <sup>7<\/sup>Os disc\u00edpulos de Jo\u00e3o partiram, e Jesus come\u00e7ou a falar \u00e0s multid\u00f5es sobre Jo\u00e3o: \u201cO que fostes ver no deserto? Um cani\u00e7o agitado pelo vento? <sup>8<\/sup>O que fostes ver? Um homem vestido com roupas finas? Mas os que vestem roupas finas est\u00e3o nos pal\u00e1cios dos reis. <sup>9<\/sup>Ent\u00e3o, o que fostes ver? Um profeta? Sim, eu vos afirmo, e algu\u00e9m que \u00e9 mais do que profeta. <sup>10<\/sup>\u00c9 dele que est\u00e1 escrito: \u2018Eis que envio o meu mensageiro \u00e0 tua frente; ele vai preparar o teu caminho diante de ti\u2019. <sup>11<\/sup>Em verdade vos digo, de todos os homens que j\u00e1 nasceram, nenhum \u00e9 maior do que Jo\u00e3o Batista. No entanto, o menor no Reino dos C\u00e9us \u00e9 maior do que ele\u201d.<\/p>\n<p>&nbsp;<\/p>\n<p>&nbsp;<\/p>\n<p><strong>Reflex\u00e3o<\/strong><\/p>\n<p>&nbsp;<\/p>\n<p>Hoje o Evangelho nos apresenta Jo\u00e3o Batista numa situa\u00e7\u00e3o nova, est\u00e1 no c\u00e1rcere. Mas n\u00e3o \u00e9 Deus quem pune os seus profetas. Deus permite o mal, porque dentro do mal Ele pode nos salvar, \u00e9 capaz de salvar na espera do dia em que veremos se realizar toda a sua justi\u00e7a. Os tiranos, os prepotentes, os imorais, os profanadores dos des\u00edgnios de Deus, os orgulhosos, os cheios de si experimentar\u00e3o o inferno do ego\u00edsmo e do \u00f3dio, porque Deus \u201cdespede os soberbos e eleva os humildes\u201d. Se hoje sofremos pelo bem, agrade\u00e7amos a Deus: \u00e9 o sinal de que somos convidados \u00e0 sua festa. Mas esta certeza n\u00e3o nos pode fazer arrogantes. Jo\u00e3o Batista na pris\u00e3o passa por uma prova de f\u00e9 que o purifica e o aproxima ainda mais de Deus. Ele, inspirado por Deus, anuncia a vinda do Messias. Mas ele n\u00e3o era Como Jo\u00e3o esperava. Por isso ele pergunta: \u201c\u00c9s tu aquele que h\u00e1 de vir ou devemos esperar um outro?\u201d. A resposta de Jesus cria uma nova realidade de f\u00e9 para Jo\u00e3o: \u201cos pobres s\u00e3o evangelizados. Feliz aquele que n\u00e3o se escandaliza por causa de mim!\u201d. Jo\u00e3o n\u00e3o se escandalizou, mas abaixou a cabe\u00e7a e acreditou com toda a humildade. Quem se coloca em busca de Deus ser\u00e1 sempre surpreendido: Ele n\u00e3o ser\u00e1 jamais como n\u00f3s esperamos; por isso Ele s\u00f3 \u00e9 encontrado na humildade da f\u00e9, se encontra deixando-se conduzir por Ele pela estrada que n\u00f3s n\u00e3o podemos imaginar. Assim foi com Jo\u00e3o e Assim \u00e9 com cada um de n\u00f3s. Aproximemo-nos do drama de Jo\u00e3o, ele havia dito: \u201cEu devo diminuir e Ele deve crescer\u201d. Jesus ao inv\u00e9s de se manifestar revestido de poder, se esconde, toma o \u00faltimo lugar, n\u00e3o busca a fama, a popularidade, se coloca longe do poder humano. Que mist\u00e9rio! Isaias j\u00e1 havia profetizado: \u201cOs meus pensamentos n\u00e3o s\u00e3o os vossos pensamentos e os vossos caminhos n\u00e3o s\u00e3o os meus caminhos\u201d. Com certeza deve ter sido dif\u00edcil para Jo\u00e3o entender tudo isso. Jo\u00e3o falava \u201cdo machado posto na raiz, pronto para cortar. Jesus ao inv\u00e9s veio acolher a todos, come com os publicanos e pecadores. Deus de fato nos supera, nos surpreende: por isso n\u00f3s precisamos da f\u00e9 na nossa rela\u00e7\u00e3o com Deus. No drama de Jo\u00e3o est\u00e1 presente aquele que n\u00e3o consegue entender, mas possui a humildade de quem se deixa guiar para entender. Aqui Jo\u00e3o alcan\u00e7a a santidade: ele \u00e9 m\u00e1rtir no cora\u00e7\u00e3o antes de ser no corpo: ele \u00e9 m\u00e1rtir da f\u00e9. Hoje Jo\u00e3o \u00e9 uma grande li\u00e7\u00e3o para n\u00f3s. Ele \u00e9 o homem que caminhou na f\u00e9 e se deixou conduzir por Jesus. Precisamos nos perguntar se a nossa f\u00e9 \u00e9 de fato o caminho, se \u00e9 um verdadeiro acolhimento de Deus, se seguimos Jesus, ele nos revela o seu caminho. \u00c9 tempo de verificar, \u00e9 tempo da verdade: verdade e verificar para percebermos a dist\u00e2ncia entre n\u00f3s e Deus, entre o ego\u00edsmo e o amor.<\/p>\n<p><strong>Pe. Paulo Eduardo J\u00e1como, SDB<\/strong><\/p>\n","protected":false},"excerpt":{"rendered":"<p>Domingo, 14 de dezembro de 2025. &nbsp; Evangelho (Mt 11,2-11) &nbsp; \u201c\u00c9s tu aquele que h\u00e1 de vir ou devemos esperar um outro?\u201d &nbsp; Naquele&#8230;<\/p>\n","protected":false},"author":1,"featured_media":13354,"comment_status":"closed","ping_status":"closed","sticky":false,"template":"","format":"standard","meta":{"_acf_changed":false,"footnotes":""},"categories":[13],"tags":[],"class_list":["post-13353","post","type-post","status-publish","format-standard","has-post-thumbnail","hentry","category-reflexaodoevagelho"],"acf":[],"yoast_head":"<!-- This site is optimized with the Yoast SEO plugin v27.3 - https:\/\/yoast.com\/product\/yoast-seo-wordpress\/ -->\n<title>14\/12 - \u00c9s tu aquele que h\u00e1 de vir ou devemos esperar um outro? - Pastoral Universit\u00e1ria UniSALESIANO<\/title>\n<meta name=\"robots\" content=\"index, follow, max-snippet:-1, max-image-preview:large, max-video-preview:-1\" \/>\n<link rel=\"canonical\" href=\"https:\/\/unisale.com.br\/pastoral\/14-12-es-tu-aquele-que-ha-de-vir-ou-devemos-esperar-um-outro\/\" \/>\n<meta property=\"og:locale\" content=\"pt_BR\" \/>\n<meta property=\"og:type\" content=\"article\" \/>\n<meta property=\"og:title\" content=\"14\/12 - \u00c9s tu aquele que h\u00e1 de vir ou devemos esperar um outro? - Pastoral Universit\u00e1ria UniSALESIANO\" \/>\n<meta property=\"og:description\" content=\"Domingo, 14 de dezembro de 2025. &nbsp; Evangelho (Mt 11,2-11) &nbsp; \u201c\u00c9s tu aquele que h\u00e1 de vir ou devemos esperar um outro?\u201d &nbsp; Naquele...\" \/>\n<meta property=\"og:url\" content=\"https:\/\/unisale.com.br\/pastoral\/14-12-es-tu-aquele-que-ha-de-vir-ou-devemos-esperar-um-outro\/\" \/>\n<meta property=\"og:site_name\" content=\"Pastoral Universit\u00e1ria UniSALESIANO\" \/>\n<meta property=\"article:published_time\" content=\"2025-12-12T14:56:34+00:00\" \/>\n<meta property=\"og:image\" content=\"https:\/\/unisale.com.br\/pastoral\/wp-content\/uploads\/2025\/12\/Gemini_Generated_Image_m6j5orm6j5orm6j5.png\" \/>\n\t<meta property=\"og:image:width\" content=\"1024\" \/>\n\t<meta property=\"og:image:height\" content=\"1024\" \/>\n\t<meta property=\"og:image:type\" content=\"image\/png\" \/>\n<meta name=\"author\" content=\"pastoral\" \/>\n<meta name=\"twitter:card\" content=\"summary_large_image\" \/>\n<meta name=\"twitter:label1\" content=\"Escrito por\" \/>\n\t<meta name=\"twitter:data1\" content=\"pastoral\" \/>\n\t<meta name=\"twitter:label2\" content=\"Est. tempo de leitura\" \/>\n\t<meta name=\"twitter:data2\" content=\"5 minutos\" \/>\n<script type=\"application\/ld+json\" class=\"yoast-schema-graph\">{\"@context\":\"https:\\\/\\\/schema.org\",\"@graph\":[{\"@type\":\"Article\",\"@id\":\"https:\\\/\\\/unisale.com.br\\\/pastoral\\\/14-12-es-tu-aquele-que-ha-de-vir-ou-devemos-esperar-um-outro\\\/#article\",\"isPartOf\":{\"@id\":\"https:\\\/\\\/unisale.com.br\\\/pastoral\\\/14-12-es-tu-aquele-que-ha-de-vir-ou-devemos-esperar-um-outro\\\/\"},\"author\":{\"name\":\"pastoral\",\"@id\":\"https:\\\/\\\/unisale.com.br\\\/pastoral\\\/#\\\/schema\\\/person\\\/a16ba711a0f7dec9cb6b44563144d5a3\"},\"headline\":\"14\\\/12 &#8211; \u00c9s tu aquele que h\u00e1 de vir ou devemos esperar um outro?\",\"datePublished\":\"2025-12-12T14:56:34+00:00\",\"mainEntityOfPage\":{\"@id\":\"https:\\\/\\\/unisale.com.br\\\/pastoral\\\/14-12-es-tu-aquele-que-ha-de-vir-ou-devemos-esperar-um-outro\\\/\"},\"wordCount\":785,\"image\":{\"@id\":\"https:\\\/\\\/unisale.com.br\\\/pastoral\\\/14-12-es-tu-aquele-que-ha-de-vir-ou-devemos-esperar-um-outro\\\/#primaryimage\"},\"thumbnailUrl\":\"https:\\\/\\\/unisale.com.br\\\/pastoral\\\/wp-content\\\/uploads\\\/2025\\\/12\\\/Gemini_Generated_Image_m6j5orm6j5orm6j5.jpg\",\"articleSection\":[\"Reflex\u00e3o do Evangelho\"],\"inLanguage\":\"pt-BR\"},{\"@type\":\"WebPage\",\"@id\":\"https:\\\/\\\/unisale.com.br\\\/pastoral\\\/14-12-es-tu-aquele-que-ha-de-vir-ou-devemos-esperar-um-outro\\\/\",\"url\":\"https:\\\/\\\/unisale.com.br\\\/pastoral\\\/14-12-es-tu-aquele-que-ha-de-vir-ou-devemos-esperar-um-outro\\\/\",\"name\":\"14\\\/12 - \u00c9s tu aquele que h\u00e1 de vir ou devemos esperar um outro? - Pastoral Universit\u00e1ria UniSALESIANO\",\"isPartOf\":{\"@id\":\"https:\\\/\\\/unisale.com.br\\\/pastoral\\\/#website\"},\"primaryImageOfPage\":{\"@id\":\"https:\\\/\\\/unisale.com.br\\\/pastoral\\\/14-12-es-tu-aquele-que-ha-de-vir-ou-devemos-esperar-um-outro\\\/#primaryimage\"},\"image\":{\"@id\":\"https:\\\/\\\/unisale.com.br\\\/pastoral\\\/14-12-es-tu-aquele-que-ha-de-vir-ou-devemos-esperar-um-outro\\\/#primaryimage\"},\"thumbnailUrl\":\"https:\\\/\\\/unisale.com.br\\\/pastoral\\\/wp-content\\\/uploads\\\/2025\\\/12\\\/Gemini_Generated_Image_m6j5orm6j5orm6j5.jpg\",\"datePublished\":\"2025-12-12T14:56:34+00:00\",\"author\":{\"@id\":\"https:\\\/\\\/unisale.com.br\\\/pastoral\\\/#\\\/schema\\\/person\\\/a16ba711a0f7dec9cb6b44563144d5a3\"},\"inLanguage\":\"pt-BR\",\"potentialAction\":[{\"@type\":\"ReadAction\",\"target\":[\"https:\\\/\\\/unisale.com.br\\\/pastoral\\\/14-12-es-tu-aquele-que-ha-de-vir-ou-devemos-esperar-um-outro\\\/\"]}]},{\"@type\":\"ImageObject\",\"inLanguage\":\"pt-BR\",\"@id\":\"https:\\\/\\\/unisale.com.br\\\/pastoral\\\/14-12-es-tu-aquele-que-ha-de-vir-ou-devemos-esperar-um-outro\\\/#primaryimage\",\"url\":\"https:\\\/\\\/unisale.com.br\\\/pastoral\\\/wp-content\\\/uploads\\\/2025\\\/12\\\/Gemini_Generated_Image_m6j5orm6j5orm6j5.jpg\",\"contentUrl\":\"https:\\\/\\\/unisale.com.br\\\/pastoral\\\/wp-content\\\/uploads\\\/2025\\\/12\\\/Gemini_Generated_Image_m6j5orm6j5orm6j5.jpg\",\"width\":500,\"height\":500},{\"@type\":\"WebSite\",\"@id\":\"https:\\\/\\\/unisale.com.br\\\/pastoral\\\/#website\",\"url\":\"https:\\\/\\\/unisale.com.br\\\/pastoral\\\/\",\"name\":\"Pastoral Universit\u00e1ria UniSALESIANO\",\"description\":\"Site da Pastoral Universit\u00e1ria do UniSALESIANO\",\"potentialAction\":[{\"@type\":\"SearchAction\",\"target\":{\"@type\":\"EntryPoint\",\"urlTemplate\":\"https:\\\/\\\/unisale.com.br\\\/pastoral\\\/?s={search_term_string}\"},\"query-input\":{\"@type\":\"PropertyValueSpecification\",\"valueRequired\":true,\"valueName\":\"search_term_string\"}}],\"inLanguage\":\"pt-BR\"},{\"@type\":\"Person\",\"@id\":\"https:\\\/\\\/unisale.com.br\\\/pastoral\\\/#\\\/schema\\\/person\\\/a16ba711a0f7dec9cb6b44563144d5a3\",\"name\":\"pastoral\",\"url\":\"https:\\\/\\\/unisale.com.br\\\/pastoral\\\/author\\\/pastoral\\\/\"}]}<\/script>\n<!-- \/ Yoast SEO plugin. -->","yoast_head_json":{"title":"14\/12 - \u00c9s tu aquele que h\u00e1 de vir ou devemos esperar um outro? - Pastoral Universit\u00e1ria UniSALESIANO","robots":{"index":"index","follow":"follow","max-snippet":"max-snippet:-1","max-image-preview":"max-image-preview:large","max-video-preview":"max-video-preview:-1"},"canonical":"https:\/\/unisale.com.br\/pastoral\/14-12-es-tu-aquele-que-ha-de-vir-ou-devemos-esperar-um-outro\/","og_locale":"pt_BR","og_type":"article","og_title":"14\/12 - \u00c9s tu aquele que h\u00e1 de vir ou devemos esperar um outro? - Pastoral Universit\u00e1ria UniSALESIANO","og_description":"Domingo, 14 de dezembro de 2025. &nbsp; Evangelho (Mt 11,2-11) &nbsp; \u201c\u00c9s tu aquele que h\u00e1 de vir ou devemos esperar um outro?\u201d &nbsp; Naquele...","og_url":"https:\/\/unisale.com.br\/pastoral\/14-12-es-tu-aquele-que-ha-de-vir-ou-devemos-esperar-um-outro\/","og_site_name":"Pastoral Universit\u00e1ria UniSALESIANO","article_published_time":"2025-12-12T14:56:34+00:00","og_image":[{"width":1024,"height":1024,"url":"https:\/\/unisale.com.br\/pastoral\/wp-content\/uploads\/2025\/12\/Gemini_Generated_Image_m6j5orm6j5orm6j5.png","type":"image\/png"}],"author":"pastoral","twitter_card":"summary_large_image","twitter_misc":{"Escrito por":"pastoral","Est. tempo de leitura":"5 minutos"},"schema":{"@context":"https:\/\/schema.org","@graph":[{"@type":"Article","@id":"https:\/\/unisale.com.br\/pastoral\/14-12-es-tu-aquele-que-ha-de-vir-ou-devemos-esperar-um-outro\/#article","isPartOf":{"@id":"https:\/\/unisale.com.br\/pastoral\/14-12-es-tu-aquele-que-ha-de-vir-ou-devemos-esperar-um-outro\/"},"author":{"name":"pastoral","@id":"https:\/\/unisale.com.br\/pastoral\/#\/schema\/person\/a16ba711a0f7dec9cb6b44563144d5a3"},"headline":"14\/12 &#8211; \u00c9s tu aquele que h\u00e1 de vir ou devemos esperar um outro?","datePublished":"2025-12-12T14:56:34+00:00","mainEntityOfPage":{"@id":"https:\/\/unisale.com.br\/pastoral\/14-12-es-tu-aquele-que-ha-de-vir-ou-devemos-esperar-um-outro\/"},"wordCount":785,"image":{"@id":"https:\/\/unisale.com.br\/pastoral\/14-12-es-tu-aquele-que-ha-de-vir-ou-devemos-esperar-um-outro\/#primaryimage"},"thumbnailUrl":"https:\/\/unisale.com.br\/pastoral\/wp-content\/uploads\/2025\/12\/Gemini_Generated_Image_m6j5orm6j5orm6j5.jpg","articleSection":["Reflex\u00e3o do Evangelho"],"inLanguage":"pt-BR"},{"@type":"WebPage","@id":"https:\/\/unisale.com.br\/pastoral\/14-12-es-tu-aquele-que-ha-de-vir-ou-devemos-esperar-um-outro\/","url":"https:\/\/unisale.com.br\/pastoral\/14-12-es-tu-aquele-que-ha-de-vir-ou-devemos-esperar-um-outro\/","name":"14\/12 - \u00c9s tu aquele que h\u00e1 de vir ou devemos esperar um outro? - Pastoral Universit\u00e1ria UniSALESIANO","isPartOf":{"@id":"https:\/\/unisale.com.br\/pastoral\/#website"},"primaryImageOfPage":{"@id":"https:\/\/unisale.com.br\/pastoral\/14-12-es-tu-aquele-que-ha-de-vir-ou-devemos-esperar-um-outro\/#primaryimage"},"image":{"@id":"https:\/\/unisale.com.br\/pastoral\/14-12-es-tu-aquele-que-ha-de-vir-ou-devemos-esperar-um-outro\/#primaryimage"},"thumbnailUrl":"https:\/\/unisale.com.br\/pastoral\/wp-content\/uploads\/2025\/12\/Gemini_Generated_Image_m6j5orm6j5orm6j5.jpg","datePublished":"2025-12-12T14:56:34+00:00","author":{"@id":"https:\/\/unisale.com.br\/pastoral\/#\/schema\/person\/a16ba711a0f7dec9cb6b44563144d5a3"},"inLanguage":"pt-BR","potentialAction":[{"@type":"ReadAction","target":["https:\/\/unisale.com.br\/pastoral\/14-12-es-tu-aquele-que-ha-de-vir-ou-devemos-esperar-um-outro\/"]}]},{"@type":"ImageObject","inLanguage":"pt-BR","@id":"https:\/\/unisale.com.br\/pastoral\/14-12-es-tu-aquele-que-ha-de-vir-ou-devemos-esperar-um-outro\/#primaryimage","url":"https:\/\/unisale.com.br\/pastoral\/wp-content\/uploads\/2025\/12\/Gemini_Generated_Image_m6j5orm6j5orm6j5.jpg","contentUrl":"https:\/\/unisale.com.br\/pastoral\/wp-content\/uploads\/2025\/12\/Gemini_Generated_Image_m6j5orm6j5orm6j5.jpg","width":500,"height":500},{"@type":"WebSite","@id":"https:\/\/unisale.com.br\/pastoral\/#website","url":"https:\/\/unisale.com.br\/pastoral\/","name":"Pastoral Universit\u00e1ria UniSALESIANO","description":"Site da Pastoral Universit\u00e1ria do UniSALESIANO","potentialAction":[{"@type":"SearchAction","target":{"@type":"EntryPoint","urlTemplate":"https:\/\/unisale.com.br\/pastoral\/?s={search_term_string}"},"query-input":{"@type":"PropertyValueSpecification","valueRequired":true,"valueName":"search_term_string"}}],"inLanguage":"pt-BR"},{"@type":"Person","@id":"https:\/\/unisale.com.br\/pastoral\/#\/schema\/person\/a16ba711a0f7dec9cb6b44563144d5a3","name":"pastoral","url":"https:\/\/unisale.com.br\/pastoral\/author\/pastoral\/"}]}},"_links":{"self":[{"href":"https:\/\/unisale.com.br\/pastoral\/wp-json\/wp\/v2\/posts\/13353","targetHints":{"allow":["GET"]}}],"collection":[{"href":"https:\/\/unisale.com.br\/pastoral\/wp-json\/wp\/v2\/posts"}],"about":[{"href":"https:\/\/unisale.com.br\/pastoral\/wp-json\/wp\/v2\/types\/post"}],"author":[{"embeddable":true,"href":"https:\/\/unisale.com.br\/pastoral\/wp-json\/wp\/v2\/users\/1"}],"replies":[{"embeddable":true,"href":"https:\/\/unisale.com.br\/pastoral\/wp-json\/wp\/v2\/comments?post=13353"}],"version-history":[{"count":1,"href":"https:\/\/unisale.com.br\/pastoral\/wp-json\/wp\/v2\/posts\/13353\/revisions"}],"predecessor-version":[{"id":13355,"href":"https:\/\/unisale.com.br\/pastoral\/wp-json\/wp\/v2\/posts\/13353\/revisions\/13355"}],"wp:featuredmedia":[{"embeddable":true,"href":"https:\/\/unisale.com.br\/pastoral\/wp-json\/wp\/v2\/media\/13354"}],"wp:attachment":[{"href":"https:\/\/unisale.com.br\/pastoral\/wp-json\/wp\/v2\/media?parent=13353"}],"wp:term":[{"taxonomy":"category","embeddable":true,"href":"https:\/\/unisale.com.br\/pastoral\/wp-json\/wp\/v2\/categories?post=13353"},{"taxonomy":"post_tag","embeddable":true,"href":"https:\/\/unisale.com.br\/pastoral\/wp-json\/wp\/v2\/tags?post=13353"}],"curies":[{"name":"wp","href":"https:\/\/api.w.org\/{rel}","templated":true}]}}