{"id":13370,"date":"2025-12-18T12:19:50","date_gmt":"2025-12-18T12:19:50","guid":{"rendered":"https:\/\/unisale.com.br\/pastoral\/?p=13370"},"modified":"2025-12-18T12:19:50","modified_gmt":"2025-12-18T12:19:50","slug":"19-12-eis-o-que-o-senhor-fez-por-mim-nos-dias-em-que-ele-se-dignou-tirar-me-da-humilhacao-publica-4","status":"publish","type":"post","link":"https:\/\/unisale.com.br\/pastoral\/19-12-eis-o-que-o-senhor-fez-por-mim-nos-dias-em-que-ele-se-dignou-tirar-me-da-humilhacao-publica-4\/","title":{"rendered":"19\/12 &#8211; Eis o que o Senhor fez por mim, nos dias em que ele se dignou tirar-me da humilha\u00e7\u00e3o p\u00fablica!"},"content":{"rendered":"<p>Sexta-feira, 19 de dezembro de 2025.<\/p>\n<p>&nbsp;<\/p>\n<p>Evangelho (Lc 1,5-25)<\/p>\n<p>&nbsp;<\/p>\n<p><strong>\u201cEis o que o Senhor fez por mim, nos dias em que ele se dignou tirar-me da humilha\u00e7\u00e3o p\u00fablica!\u201d<\/strong><\/p>\n<p>&nbsp;<\/p>\n<p><sup>5<\/sup>Nos dias de Herodes, rei da Judeia, vivia um sacerdote chamado Zacarias, do grupo de Abia. Sua esposa era descendente de Aar\u00e3o e chamava-se Isabel. <sup>6<\/sup>Ambos eram justos diante de Deus e obedeciam fielmente a todos os mandamentos e ordens do Senhor. <sup>7<\/sup>N\u00e3o tinham filhos, porque Isabel era est\u00e9ril, e os dois j\u00e1 eram de idade avan\u00e7ada. <sup>8<\/sup>Em certa ocasi\u00e3o, Zacarias estava exercendo as fun\u00e7\u00f5es sacerdotais no Templo, pois era a vez do seu grupo. <sup>9<\/sup>Conforme o costume dos sacerdotes, ele foi sorteado para entrar no Santu\u00e1rio, e fazer a oferta do incenso. <sup>10<\/sup>Toda a assembleia do povo estava do lado de fora rezando, enquanto o incenso estava sendo oferecido. <sup>11<\/sup>Ent\u00e3o apareceu-lhe o anjo do Senhor, de p\u00e9, \u00e0 direita do altar do incenso. <sup>12<\/sup>Ao v\u00ea-lo, Zacarias ficou perturbado e o temor apoderou-se dele. <sup>13<\/sup>Mas o anjo disse: \u201cN\u00e3o tenhas medo, Zacarias, porque Deus ouviu tua s\u00faplica. Tua esposa, Isabel, vai ter um filho, e tu lhe dar\u00e1s o nome de Jo\u00e3o. <sup>14<\/sup>Tu ficar\u00e1s alegre e feliz, e muita gente se alegrar\u00e1 com o nascimento do menino, <sup>15<\/sup>porque ele vai ser grande diante do Senhor. N\u00e3o beber\u00e1 vinho nem bebida fermentada e, desde o ventre materno, ficar\u00e1 repleto do Esp\u00edrito Santo. <sup>16<\/sup>Ele reconduzir\u00e1 muitos do povo de Israel ao Senhor seu Deus. <sup>17<\/sup>E h\u00e1 de caminhar \u00e0 frente deles, com o esp\u00edrito e o poder de Elias, a fim de converter os cora\u00e7\u00f5es dos pais aos filhos, e os rebeldes \u00e0 sabedoria dos justos, preparando para o Senhor um povo bem disposto\u201d. <sup>18<\/sup>Ent\u00e3o Zacarias perguntou ao anjo: \u201cComo terei certeza disto? Sou velho e minha mulher \u00e9 de idade avan\u00e7ada\u201d. <sup>19<\/sup>O anjo respondeu-lhe: \u201cEu sou Gabriel. Estou sempre na presen\u00e7a de Deus, e fui enviado para dar-te esta boa not\u00edcia. <sup>20<\/sup>Eis que ficar\u00e1s mudo e n\u00e3o poder\u00e1s falar, at\u00e9 o dia em que essas coisas acontecerem, porque n\u00e3o acreditaste nas minhas palavras, que se h\u00e3o de cumprir no tempo certo\u201d. <sup>21<\/sup>O povo estava esperando Zacarias, e admirava-se com a demora no Santu\u00e1rio. <sup>22<\/sup>Quando saiu, n\u00e3o podia falar-lhes. E compreenderam que ele tinha tido uma vis\u00e3o no Santu\u00e1rio. Zacarias falava por sinais e continuava mudo. <sup>23<\/sup>Depois que terminou seus dias de servi\u00e7o no Santu\u00e1rio, Zacarias voltou para casa. <sup>24<\/sup>Algum tempo depois, sua esposa Isabel ficou gr\u00e1vida, e escondeu-se durante cinco meses. <sup>25<\/sup>Ela dizia: \u201cEis o que o Senhor fez por mim, nos dias em que ele se dignou tirar-me da humilha\u00e7\u00e3o p\u00fablica!\u201d<\/p>\n<p>&nbsp;<\/p>\n<p>&nbsp;<\/p>\n<p><strong>Reflex\u00e3o<\/strong><\/p>\n<p>&nbsp;<\/p>\n<p>\u00c9 importante pensar que o evangelho refor\u00e7a que o Natal s\u00f3 \u00e9 poss\u00edvel sob a condi\u00e7\u00e3o de sermos pessoas que se amam. E as hist\u00f3rias que estamos lendo nestes dias testemunham justamente isso. Estas s\u00e3o casais, fam\u00edlias, circuitos de bem, e jamais personagens solit\u00e1rios que fazem tudo sozinhos. Hoje o evangelho nos apresenta a hist\u00f3ria de destes casais: Zacarias e Isabel. O Evangelho nos diz que s\u00e3o pessoas boas e justas, mas que n\u00e3o obstante este detalhe, na realidade n\u00e3o conseguiram ter um filho. Mas Deus, a partir do sofrimento deles, far\u00e1 algo inesperado, motivo pelo qual manda o anjo Gabriel a anunciar: \u201cN\u00e3o tenhas medo, Zacarias, porque Deus ouviu tua s\u00faplica. Tua esposa, Isabel, vai ter um filho, e tu lhe dar\u00e1s o nome de Jo\u00e3o. <sup>14<\/sup>Tu ficar\u00e1s alegre e feliz, e muita gente se alegrar\u00e1 com o nascimento do menino, <sup>15<\/sup>porque ele vai ser grande diante do Senhor. N\u00e3o beber\u00e1 vinho nem bebida fermentada e, desde o ventre materno, ficar\u00e1 repleto do Esp\u00edrito Santo. <sup>16<\/sup>Ele reconduzir\u00e1 muitos do povo de Israel ao Senhor seu Deus. <sup>17<\/sup>E h\u00e1 de caminhar \u00e0 frente deles, com o esp\u00edrito e o poder de Elias, a fim de converter os cora\u00e7\u00f5es dos pais aos filhos, e os rebeldes \u00e0 sabedoria dos justos, preparando para o Senhor um povo bem disposto\u201d Aquilo que pode parecer uma boa not\u00edcia gera em Zacarias o temos e a incredulidade, e penso que seja absolutamente humano agir assim, especialmente depois de ter passado toda a sua vida esperando acontecer algo que n\u00e3o aconteceu e que agora para verdadeiramente improv\u00e1vel acontecer: \u201cComo terei certeza disto? Sou velho e minha mulher \u00e9 de idade avan\u00e7ada\u201d. Zacarias contrap\u00f5e a sua velhice como seu limite \u00e0 Palavra do Senhor. Mas o ponto \u00e9 justamente esse: Deus \u00e9 tal justamente porque pode fazer acontecer coisas n\u00e3o s\u00f3 para al\u00e9m dos nossos limites, mas pr\u00f3prio a partir dos nossos limites.<sup> \u201c<\/sup>Algum tempo depois, sua esposa Isabel ficou gr\u00e1vida, e escondeu-se durante cinco meses\u201d. O Natal se enra\u00edza onde n\u00f3s n\u00e3o temos nenhum poder.<\/p>\n<p><strong>Pe. Paulo<\/strong><strong> Eduardo<\/strong><strong> J\u00e1como, SDB<\/strong><\/p>\n","protected":false},"excerpt":{"rendered":"<p>Sexta-feira, 19 de dezembro de 2025. &nbsp; Evangelho (Lc 1,5-25) &nbsp; \u201cEis o que o Senhor fez por mim, nos dias em que ele se&#8230;<\/p>\n","protected":false},"author":1,"featured_media":13371,"comment_status":"closed","ping_status":"closed","sticky":false,"template":"","format":"standard","meta":{"_acf_changed":false,"footnotes":""},"categories":[13],"tags":[],"class_list":["post-13370","post","type-post","status-publish","format-standard","has-post-thumbnail","hentry","category-reflexaodoevagelho"],"acf":[],"yoast_head":"<!-- This site is optimized with the Yoast SEO plugin v27.3 - https:\/\/yoast.com\/product\/yoast-seo-wordpress\/ -->\n<title>19\/12 - Eis o que o Senhor fez por mim, nos dias em que ele se dignou tirar-me da humilha\u00e7\u00e3o p\u00fablica! - Pastoral Universit\u00e1ria UniSALESIANO<\/title>\n<meta name=\"robots\" content=\"index, follow, max-snippet:-1, max-image-preview:large, max-video-preview:-1\" \/>\n<link rel=\"canonical\" href=\"https:\/\/unisale.com.br\/pastoral\/19-12-eis-o-que-o-senhor-fez-por-mim-nos-dias-em-que-ele-se-dignou-tirar-me-da-humilhacao-publica-4\/\" \/>\n<meta property=\"og:locale\" content=\"pt_BR\" \/>\n<meta property=\"og:type\" content=\"article\" \/>\n<meta property=\"og:title\" content=\"19\/12 - Eis o que o Senhor fez por mim, nos dias em que ele se dignou tirar-me da humilha\u00e7\u00e3o p\u00fablica! - Pastoral Universit\u00e1ria UniSALESIANO\" \/>\n<meta property=\"og:description\" content=\"Sexta-feira, 19 de dezembro de 2025. &nbsp; Evangelho (Lc 1,5-25) &nbsp; \u201cEis o que o Senhor fez por mim, nos dias em que ele se...\" \/>\n<meta property=\"og:url\" content=\"https:\/\/unisale.com.br\/pastoral\/19-12-eis-o-que-o-senhor-fez-por-mim-nos-dias-em-que-ele-se-dignou-tirar-me-da-humilhacao-publica-4\/\" \/>\n<meta property=\"og:site_name\" content=\"Pastoral Universit\u00e1ria UniSALESIANO\" \/>\n<meta property=\"article:published_time\" content=\"2025-12-18T12:19:50+00:00\" \/>\n<meta property=\"og:image\" content=\"https:\/\/unisale.com.br\/pastoral\/wp-content\/uploads\/2025\/12\/Gemini_Generated_Image_sb4aeksb4aeksb4a.png\" \/>\n\t<meta property=\"og:image:width\" content=\"1024\" \/>\n\t<meta property=\"og:image:height\" content=\"1024\" \/>\n\t<meta property=\"og:image:type\" content=\"image\/png\" \/>\n<meta name=\"author\" content=\"pastoral\" \/>\n<meta name=\"twitter:card\" content=\"summary_large_image\" \/>\n<meta name=\"twitter:label1\" content=\"Escrito por\" \/>\n\t<meta name=\"twitter:data1\" content=\"pastoral\" \/>\n\t<meta name=\"twitter:label2\" content=\"Est. tempo de leitura\" \/>\n\t<meta name=\"twitter:data2\" content=\"5 minutos\" \/>\n<script type=\"application\/ld+json\" class=\"yoast-schema-graph\">{\"@context\":\"https:\\\/\\\/schema.org\",\"@graph\":[{\"@type\":\"Article\",\"@id\":\"https:\\\/\\\/unisale.com.br\\\/pastoral\\\/19-12-eis-o-que-o-senhor-fez-por-mim-nos-dias-em-que-ele-se-dignou-tirar-me-da-humilhacao-publica-4\\\/#article\",\"isPartOf\":{\"@id\":\"https:\\\/\\\/unisale.com.br\\\/pastoral\\\/19-12-eis-o-que-o-senhor-fez-por-mim-nos-dias-em-que-ele-se-dignou-tirar-me-da-humilhacao-publica-4\\\/\"},\"author\":{\"name\":\"pastoral\",\"@id\":\"https:\\\/\\\/unisale.com.br\\\/pastoral\\\/#\\\/schema\\\/person\\\/a16ba711a0f7dec9cb6b44563144d5a3\"},\"headline\":\"19\\\/12 &#8211; Eis o que o Senhor fez por mim, nos dias em que ele se dignou tirar-me da humilha\u00e7\u00e3o p\u00fablica!\",\"datePublished\":\"2025-12-18T12:19:50+00:00\",\"mainEntityOfPage\":{\"@id\":\"https:\\\/\\\/unisale.com.br\\\/pastoral\\\/19-12-eis-o-que-o-senhor-fez-por-mim-nos-dias-em-que-ele-se-dignou-tirar-me-da-humilhacao-publica-4\\\/\"},\"wordCount\":860,\"image\":{\"@id\":\"https:\\\/\\\/unisale.com.br\\\/pastoral\\\/19-12-eis-o-que-o-senhor-fez-por-mim-nos-dias-em-que-ele-se-dignou-tirar-me-da-humilhacao-publica-4\\\/#primaryimage\"},\"thumbnailUrl\":\"https:\\\/\\\/unisale.com.br\\\/pastoral\\\/wp-content\\\/uploads\\\/2025\\\/12\\\/Gemini_Generated_Image_sb4aeksb4aeksb4a.jpg\",\"articleSection\":[\"Reflex\u00e3o do Evangelho\"],\"inLanguage\":\"pt-BR\"},{\"@type\":\"WebPage\",\"@id\":\"https:\\\/\\\/unisale.com.br\\\/pastoral\\\/19-12-eis-o-que-o-senhor-fez-por-mim-nos-dias-em-que-ele-se-dignou-tirar-me-da-humilhacao-publica-4\\\/\",\"url\":\"https:\\\/\\\/unisale.com.br\\\/pastoral\\\/19-12-eis-o-que-o-senhor-fez-por-mim-nos-dias-em-que-ele-se-dignou-tirar-me-da-humilhacao-publica-4\\\/\",\"name\":\"19\\\/12 - Eis o que o Senhor fez por mim, nos dias em que ele se dignou tirar-me da humilha\u00e7\u00e3o p\u00fablica! - Pastoral Universit\u00e1ria UniSALESIANO\",\"isPartOf\":{\"@id\":\"https:\\\/\\\/unisale.com.br\\\/pastoral\\\/#website\"},\"primaryImageOfPage\":{\"@id\":\"https:\\\/\\\/unisale.com.br\\\/pastoral\\\/19-12-eis-o-que-o-senhor-fez-por-mim-nos-dias-em-que-ele-se-dignou-tirar-me-da-humilhacao-publica-4\\\/#primaryimage\"},\"image\":{\"@id\":\"https:\\\/\\\/unisale.com.br\\\/pastoral\\\/19-12-eis-o-que-o-senhor-fez-por-mim-nos-dias-em-que-ele-se-dignou-tirar-me-da-humilhacao-publica-4\\\/#primaryimage\"},\"thumbnailUrl\":\"https:\\\/\\\/unisale.com.br\\\/pastoral\\\/wp-content\\\/uploads\\\/2025\\\/12\\\/Gemini_Generated_Image_sb4aeksb4aeksb4a.jpg\",\"datePublished\":\"2025-12-18T12:19:50+00:00\",\"author\":{\"@id\":\"https:\\\/\\\/unisale.com.br\\\/pastoral\\\/#\\\/schema\\\/person\\\/a16ba711a0f7dec9cb6b44563144d5a3\"},\"inLanguage\":\"pt-BR\",\"potentialAction\":[{\"@type\":\"ReadAction\",\"target\":[\"https:\\\/\\\/unisale.com.br\\\/pastoral\\\/19-12-eis-o-que-o-senhor-fez-por-mim-nos-dias-em-que-ele-se-dignou-tirar-me-da-humilhacao-publica-4\\\/\"]}]},{\"@type\":\"ImageObject\",\"inLanguage\":\"pt-BR\",\"@id\":\"https:\\\/\\\/unisale.com.br\\\/pastoral\\\/19-12-eis-o-que-o-senhor-fez-por-mim-nos-dias-em-que-ele-se-dignou-tirar-me-da-humilhacao-publica-4\\\/#primaryimage\",\"url\":\"https:\\\/\\\/unisale.com.br\\\/pastoral\\\/wp-content\\\/uploads\\\/2025\\\/12\\\/Gemini_Generated_Image_sb4aeksb4aeksb4a.jpg\",\"contentUrl\":\"https:\\\/\\\/unisale.com.br\\\/pastoral\\\/wp-content\\\/uploads\\\/2025\\\/12\\\/Gemini_Generated_Image_sb4aeksb4aeksb4a.jpg\",\"width\":500,\"height\":500},{\"@type\":\"WebSite\",\"@id\":\"https:\\\/\\\/unisale.com.br\\\/pastoral\\\/#website\",\"url\":\"https:\\\/\\\/unisale.com.br\\\/pastoral\\\/\",\"name\":\"Pastoral Universit\u00e1ria UniSALESIANO\",\"description\":\"Site da Pastoral Universit\u00e1ria do UniSALESIANO\",\"potentialAction\":[{\"@type\":\"SearchAction\",\"target\":{\"@type\":\"EntryPoint\",\"urlTemplate\":\"https:\\\/\\\/unisale.com.br\\\/pastoral\\\/?s={search_term_string}\"},\"query-input\":{\"@type\":\"PropertyValueSpecification\",\"valueRequired\":true,\"valueName\":\"search_term_string\"}}],\"inLanguage\":\"pt-BR\"},{\"@type\":\"Person\",\"@id\":\"https:\\\/\\\/unisale.com.br\\\/pastoral\\\/#\\\/schema\\\/person\\\/a16ba711a0f7dec9cb6b44563144d5a3\",\"name\":\"pastoral\",\"url\":\"https:\\\/\\\/unisale.com.br\\\/pastoral\\\/author\\\/pastoral\\\/\"}]}<\/script>\n<!-- \/ Yoast SEO plugin. -->","yoast_head_json":{"title":"19\/12 - Eis o que o Senhor fez por mim, nos dias em que ele se dignou tirar-me da humilha\u00e7\u00e3o p\u00fablica! - Pastoral Universit\u00e1ria UniSALESIANO","robots":{"index":"index","follow":"follow","max-snippet":"max-snippet:-1","max-image-preview":"max-image-preview:large","max-video-preview":"max-video-preview:-1"},"canonical":"https:\/\/unisale.com.br\/pastoral\/19-12-eis-o-que-o-senhor-fez-por-mim-nos-dias-em-que-ele-se-dignou-tirar-me-da-humilhacao-publica-4\/","og_locale":"pt_BR","og_type":"article","og_title":"19\/12 - Eis o que o Senhor fez por mim, nos dias em que ele se dignou tirar-me da humilha\u00e7\u00e3o p\u00fablica! - Pastoral Universit\u00e1ria UniSALESIANO","og_description":"Sexta-feira, 19 de dezembro de 2025. &nbsp; Evangelho (Lc 1,5-25) &nbsp; \u201cEis o que o Senhor fez por mim, nos dias em que ele se...","og_url":"https:\/\/unisale.com.br\/pastoral\/19-12-eis-o-que-o-senhor-fez-por-mim-nos-dias-em-que-ele-se-dignou-tirar-me-da-humilhacao-publica-4\/","og_site_name":"Pastoral Universit\u00e1ria UniSALESIANO","article_published_time":"2025-12-18T12:19:50+00:00","og_image":[{"width":1024,"height":1024,"url":"https:\/\/unisale.com.br\/pastoral\/wp-content\/uploads\/2025\/12\/Gemini_Generated_Image_sb4aeksb4aeksb4a.png","type":"image\/png"}],"author":"pastoral","twitter_card":"summary_large_image","twitter_misc":{"Escrito por":"pastoral","Est. tempo de leitura":"5 minutos"},"schema":{"@context":"https:\/\/schema.org","@graph":[{"@type":"Article","@id":"https:\/\/unisale.com.br\/pastoral\/19-12-eis-o-que-o-senhor-fez-por-mim-nos-dias-em-que-ele-se-dignou-tirar-me-da-humilhacao-publica-4\/#article","isPartOf":{"@id":"https:\/\/unisale.com.br\/pastoral\/19-12-eis-o-que-o-senhor-fez-por-mim-nos-dias-em-que-ele-se-dignou-tirar-me-da-humilhacao-publica-4\/"},"author":{"name":"pastoral","@id":"https:\/\/unisale.com.br\/pastoral\/#\/schema\/person\/a16ba711a0f7dec9cb6b44563144d5a3"},"headline":"19\/12 &#8211; Eis o que o Senhor fez por mim, nos dias em que ele se dignou tirar-me da humilha\u00e7\u00e3o p\u00fablica!","datePublished":"2025-12-18T12:19:50+00:00","mainEntityOfPage":{"@id":"https:\/\/unisale.com.br\/pastoral\/19-12-eis-o-que-o-senhor-fez-por-mim-nos-dias-em-que-ele-se-dignou-tirar-me-da-humilhacao-publica-4\/"},"wordCount":860,"image":{"@id":"https:\/\/unisale.com.br\/pastoral\/19-12-eis-o-que-o-senhor-fez-por-mim-nos-dias-em-que-ele-se-dignou-tirar-me-da-humilhacao-publica-4\/#primaryimage"},"thumbnailUrl":"https:\/\/unisale.com.br\/pastoral\/wp-content\/uploads\/2025\/12\/Gemini_Generated_Image_sb4aeksb4aeksb4a.jpg","articleSection":["Reflex\u00e3o do Evangelho"],"inLanguage":"pt-BR"},{"@type":"WebPage","@id":"https:\/\/unisale.com.br\/pastoral\/19-12-eis-o-que-o-senhor-fez-por-mim-nos-dias-em-que-ele-se-dignou-tirar-me-da-humilhacao-publica-4\/","url":"https:\/\/unisale.com.br\/pastoral\/19-12-eis-o-que-o-senhor-fez-por-mim-nos-dias-em-que-ele-se-dignou-tirar-me-da-humilhacao-publica-4\/","name":"19\/12 - Eis o que o Senhor fez por mim, nos dias em que ele se dignou tirar-me da humilha\u00e7\u00e3o p\u00fablica! - Pastoral Universit\u00e1ria UniSALESIANO","isPartOf":{"@id":"https:\/\/unisale.com.br\/pastoral\/#website"},"primaryImageOfPage":{"@id":"https:\/\/unisale.com.br\/pastoral\/19-12-eis-o-que-o-senhor-fez-por-mim-nos-dias-em-que-ele-se-dignou-tirar-me-da-humilhacao-publica-4\/#primaryimage"},"image":{"@id":"https:\/\/unisale.com.br\/pastoral\/19-12-eis-o-que-o-senhor-fez-por-mim-nos-dias-em-que-ele-se-dignou-tirar-me-da-humilhacao-publica-4\/#primaryimage"},"thumbnailUrl":"https:\/\/unisale.com.br\/pastoral\/wp-content\/uploads\/2025\/12\/Gemini_Generated_Image_sb4aeksb4aeksb4a.jpg","datePublished":"2025-12-18T12:19:50+00:00","author":{"@id":"https:\/\/unisale.com.br\/pastoral\/#\/schema\/person\/a16ba711a0f7dec9cb6b44563144d5a3"},"inLanguage":"pt-BR","potentialAction":[{"@type":"ReadAction","target":["https:\/\/unisale.com.br\/pastoral\/19-12-eis-o-que-o-senhor-fez-por-mim-nos-dias-em-que-ele-se-dignou-tirar-me-da-humilhacao-publica-4\/"]}]},{"@type":"ImageObject","inLanguage":"pt-BR","@id":"https:\/\/unisale.com.br\/pastoral\/19-12-eis-o-que-o-senhor-fez-por-mim-nos-dias-em-que-ele-se-dignou-tirar-me-da-humilhacao-publica-4\/#primaryimage","url":"https:\/\/unisale.com.br\/pastoral\/wp-content\/uploads\/2025\/12\/Gemini_Generated_Image_sb4aeksb4aeksb4a.jpg","contentUrl":"https:\/\/unisale.com.br\/pastoral\/wp-content\/uploads\/2025\/12\/Gemini_Generated_Image_sb4aeksb4aeksb4a.jpg","width":500,"height":500},{"@type":"WebSite","@id":"https:\/\/unisale.com.br\/pastoral\/#website","url":"https:\/\/unisale.com.br\/pastoral\/","name":"Pastoral Universit\u00e1ria UniSALESIANO","description":"Site da Pastoral Universit\u00e1ria do UniSALESIANO","potentialAction":[{"@type":"SearchAction","target":{"@type":"EntryPoint","urlTemplate":"https:\/\/unisale.com.br\/pastoral\/?s={search_term_string}"},"query-input":{"@type":"PropertyValueSpecification","valueRequired":true,"valueName":"search_term_string"}}],"inLanguage":"pt-BR"},{"@type":"Person","@id":"https:\/\/unisale.com.br\/pastoral\/#\/schema\/person\/a16ba711a0f7dec9cb6b44563144d5a3","name":"pastoral","url":"https:\/\/unisale.com.br\/pastoral\/author\/pastoral\/"}]}},"_links":{"self":[{"href":"https:\/\/unisale.com.br\/pastoral\/wp-json\/wp\/v2\/posts\/13370","targetHints":{"allow":["GET"]}}],"collection":[{"href":"https:\/\/unisale.com.br\/pastoral\/wp-json\/wp\/v2\/posts"}],"about":[{"href":"https:\/\/unisale.com.br\/pastoral\/wp-json\/wp\/v2\/types\/post"}],"author":[{"embeddable":true,"href":"https:\/\/unisale.com.br\/pastoral\/wp-json\/wp\/v2\/users\/1"}],"replies":[{"embeddable":true,"href":"https:\/\/unisale.com.br\/pastoral\/wp-json\/wp\/v2\/comments?post=13370"}],"version-history":[{"count":1,"href":"https:\/\/unisale.com.br\/pastoral\/wp-json\/wp\/v2\/posts\/13370\/revisions"}],"predecessor-version":[{"id":13372,"href":"https:\/\/unisale.com.br\/pastoral\/wp-json\/wp\/v2\/posts\/13370\/revisions\/13372"}],"wp:featuredmedia":[{"embeddable":true,"href":"https:\/\/unisale.com.br\/pastoral\/wp-json\/wp\/v2\/media\/13371"}],"wp:attachment":[{"href":"https:\/\/unisale.com.br\/pastoral\/wp-json\/wp\/v2\/media?parent=13370"}],"wp:term":[{"taxonomy":"category","embeddable":true,"href":"https:\/\/unisale.com.br\/pastoral\/wp-json\/wp\/v2\/categories?post=13370"},{"taxonomy":"post_tag","embeddable":true,"href":"https:\/\/unisale.com.br\/pastoral\/wp-json\/wp\/v2\/tags?post=13370"}],"curies":[{"name":"wp","href":"https:\/\/api.w.org\/{rel}","templated":true}]}}