{"id":13506,"date":"2025-12-22T13:06:28","date_gmt":"2025-12-22T13:06:28","guid":{"rendered":"https:\/\/unisale.com.br\/pastoral\/?p=13506"},"modified":"2025-12-22T13:06:28","modified_gmt":"2025-12-22T13:06:28","slug":"bispo-abencoa-novos-sinos-em-celebracao-aos-130-anos-da-morte-de-dom-luiz-lasagna","status":"publish","type":"post","link":"https:\/\/unisale.com.br\/pastoral\/bispo-abencoa-novos-sinos-em-celebracao-aos-130-anos-da-morte-de-dom-luiz-lasagna\/","title":{"rendered":"Bispo aben\u00e7oa novos sinos em celebra\u00e7\u00e3o aos 130 anos da morte de Dom Luiz Lasagna"},"content":{"rendered":"<p>O Col\u00e9gio Salesiano\u00a0<strong>\u201cDom Luiz Lasagna\u201d<\/strong>\u00a0celebrou, nesta quinta-feira, dia 6 de novembro, os 130 anos da morte de seu patrono,\u00a0<strong>Dom Luiz Lasagna<\/strong>\u00a0\u2014 bispo italiano respons\u00e1vel por iniciar as obras salesianas no Brasil, Uruguai e Paraguai.<\/p>\n<p>A programa\u00e7\u00e3o especial come\u00e7ou na quarta-feira, dia 5, com a celebra\u00e7\u00e3o do\u00a0<strong>Sacramento da Crisma<\/strong>, na Capela S\u00e3o Domingos S\u00e1vio. A cerim\u00f4nia foi presidida pelo bispo diocesano de Ara\u00e7atuba,\u00a0<strong>Dom S\u00e9rgio Krzywy<\/strong>, e contou com a presen\u00e7a do\u00a0<strong>Diretor do Col\u00e9gio Salesiano e Reitor do UniSALESIANO, Pe. Paulo Fernando Vendrame<\/strong>; do\u00a0<strong>chanceler em\u00e9rito do UniSALESIANO, Pe. Gild\u00e1sio Mendes<\/strong>; e do\u00a0<strong>Pr\u00f3-Reitor de Pastoral do UniSALESIANO, Pe. Paulo Eduardo J\u00e1como<\/strong>.<\/p>\n<p>A\u00a0<strong>Coordenadora do Curso de Fisioterapia do UniSALESIANO, Prof\u00aa. Carla Komatsu<\/strong>, foi uma das crismandas. Ela contou, emocionada, ter realizado o sonho de poder completar sua forma\u00e7\u00e3o crist\u00e3. \u201cMe sinto honrada de ter participado da crisma e da ben\u00e7\u00e3o dos novos sinos\u201d, frisou.<\/p>\n<p>Ao final da celebra\u00e7\u00e3o, Dom S\u00e9rgio aben\u00e7oou quatro novos sinos de bronze que ir\u00e3o compor o Campan\u00e1rio comemorativo pelos 50 anos da constru\u00e7\u00e3o da capela S\u00e3o Domingos S\u00e1vio.<\/p>\n<p><strong>INAUGURA\u00c7\u00c3O<\/strong><\/p>\n<p>O\u00a0<strong>Reitor do UniSALESIANO, Pe. Paulo Vendrame<\/strong>, destacou que os quatro sinos de bronze, cada um dedicado ao seu respectivo patrono, ser\u00e3o inaugurados no novo Campan\u00e1rio, na noite de 24 de dezembro de 2025. A data marcar\u00e1 o in\u00edcio das celebra\u00e7\u00f5es do\u00a0<strong>Jubileu de Ouro da Capela S\u00e3o Domingos S\u00e1vio<\/strong>, cuja constru\u00e7\u00e3o come\u00e7ou em dezembro de 1976 e foi conclu\u00edda em mar\u00e7o de 1978, fruto do empenho conjunto da comunidade crist\u00e3 e dos salesianos de Ara\u00e7atuba.<\/p>\n<p>Pe. Paulo lembrou ainda que, durante a celebra\u00e7\u00e3o eucar\u00edstica, o bispo Dom S\u00e9rgio conferiu o sacramento da Crisma aos jovens que se prepararam ao longo dos encontros de catequese realizados tanto no Col\u00e9gio Salesiano quanto no UniSALESIANO.<\/p>\n<p>\u201cO bispo manifestou gratid\u00e3o aos catequistas pelo acompanhamento dedicado e destacou que os crismandos agora assumem plenamente o compromisso de seu batismo, recebendo a for\u00e7a e os dons do Esp\u00edrito Santo para viverem como membros ativos da Igreja\u201d, completou.<\/p>\n<p><strong>DOM LASAGNA<\/strong><\/p>\n<p>Em 14 de julho de 1883, sete sacerdotes salesianos desembarcaram no Brasil sob a coordena\u00e7\u00e3o do inspetor Pe. Luiz Lasagna. Instalaram-se inicialmente em Niter\u00f3i (RJ), no atual Col\u00e9gio Santa Rosa, primeira escola salesiana do pa\u00eds. O gesto marcou o in\u00edcio da presen\u00e7a salesiana em territ\u00f3rio brasileiro.<\/p>\n<p>Mais tarde, em 18 de junho de 1894, Dom Lasagna liderou o primeiro grupo de mission\u00e1rios salesianos rumo a Cuiab\u00e1 (MT), onde fundou a Miss\u00e3o Salesiana de Mato Grosso, atendendo ao pedido insistente do ent\u00e3o bispo de Cuiab\u00e1, Dom Carlos D\u2019Amour.<\/p>\n<p>A presen\u00e7a salesiana em Ara\u00e7atuba teve in\u00edcio em 1949, com o prop\u00f3sito de expandir o trabalho de Dom Bosco. Naquele mesmo ano, Dom Luiz Lasagna foi escolhido como patrono da miss\u00e3o local, em reconhecimento ao seu papel pioneiro na evangeliza\u00e7\u00e3o e educa\u00e7\u00e3o salesiana no Centro-Oeste do pa\u00eds.<\/p>\n<p>Atualmente, os salesianos mant\u00e9m em Ara\u00e7atuba o\u00a0<strong>Col\u00e9gio Salesiano, a Zatti Sa\u00fade, a Par\u00f3quia S\u00e3o Francisco e Santa Clara, o Orat\u00f3rio e o UniSALESIANO<\/strong>, que continuam a propagar os ideais de dedica\u00e7\u00e3o \u00e0 juventude e servi\u00e7o aos mais necessitados.<\/p>\n<p>&nbsp;<\/p>\n<p>&nbsp;<\/p>\n\n\t\t<style type=\"text\/css\">\n\t\t\t#gallery-1 {\n\t\t\t\tmargin: auto;\n\t\t\t}\n\t\t\t#gallery-1 .gallery-item {\n\t\t\t\tfloat: left;\n\t\t\t\tmargin-top: 10px;\n\t\t\t\ttext-align: center;\n\t\t\t\twidth: 33%;\n\t\t\t}\n\t\t\t#gallery-1 img {\n\t\t\t\tborder: 2px solid #cfcfcf;\n\t\t\t}\n\t\t\t#gallery-1 .gallery-caption {\n\t\t\t\tmargin-left: 0;\n\t\t\t}\n\t\t\t\/* see gallery_shortcode() in wp-includes\/media.php *\/\n\t\t<\/style>\n\t\t<div id='gallery-1' class='gallery galleryid-13506 gallery-columns-3 gallery-size-thumbnail'><dl class='gallery-item'>\n\t\t\t<dt class='gallery-icon landscape'>\n\t\t\t\t<a href='https:\/\/unisale.com.br\/pastoral\/bispo-abencoa-novos-sinos-em-celebracao-aos-130-anos-da-morte-de-dom-luiz-lasagna\/whatsapp-image-2025-11-06-at-10-36-17-2-1024x682\/'><img decoding=\"async\" width=\"150\" height=\"150\" src=\"https:\/\/unisale.com.br\/pastoral\/wp-content\/uploads\/2025\/12\/WhatsApp-Image-2025-11-06-at-10.36.17-2-1024x682-1-150x150.jpeg\" class=\"attachment-thumbnail size-thumbnail\" alt=\"\" \/><\/a>\n\t\t\t<\/dt><\/dl><dl class='gallery-item'>\n\t\t\t<dt class='gallery-icon landscape'>\n\t\t\t\t<a href='https:\/\/unisale.com.br\/pastoral\/bispo-abencoa-novos-sinos-em-celebracao-aos-130-anos-da-morte-de-dom-luiz-lasagna\/whatsapp-image-2025-11-06-at-10-36-18-1-1024x682\/'><img decoding=\"async\" width=\"150\" height=\"150\" src=\"https:\/\/unisale.com.br\/pastoral\/wp-content\/uploads\/2025\/12\/WhatsApp-Image-2025-11-06-at-10.36.18-1-1024x682-1-150x150.jpeg\" class=\"attachment-thumbnail size-thumbnail\" alt=\"\" \/><\/a>\n\t\t\t<\/dt><\/dl><dl class='gallery-item'>\n\t\t\t<dt class='gallery-icon landscape'>\n\t\t\t\t<a href='https:\/\/unisale.com.br\/pastoral\/bispo-abencoa-novos-sinos-em-celebracao-aos-130-anos-da-morte-de-dom-luiz-lasagna\/whatsapp-image-2025-11-06-at-10-36-18-2-1024x682\/'><img decoding=\"async\" width=\"150\" height=\"150\" src=\"https:\/\/unisale.com.br\/pastoral\/wp-content\/uploads\/2025\/12\/WhatsApp-Image-2025-11-06-at-10.36.18-2-1024x682-1-150x150.jpeg\" class=\"attachment-thumbnail size-thumbnail\" alt=\"\" \/><\/a>\n\t\t\t<\/dt><\/dl><br style=\"clear: both\" \/><dl class='gallery-item'>\n\t\t\t<dt class='gallery-icon landscape'>\n\t\t\t\t<a href='https:\/\/unisale.com.br\/pastoral\/bispo-abencoa-novos-sinos-em-celebracao-aos-130-anos-da-morte-de-dom-luiz-lasagna\/whatsapp-image-2025-11-06-at-10-36-19-3-1024x682\/'><img loading=\"lazy\" decoding=\"async\" width=\"150\" height=\"150\" src=\"https:\/\/unisale.com.br\/pastoral\/wp-content\/uploads\/2025\/12\/WhatsApp-Image-2025-11-06-at-10.36.19-3-1024x682-1-150x150.jpeg\" class=\"attachment-thumbnail size-thumbnail\" alt=\"\" \/><\/a>\n\t\t\t<\/dt><\/dl><dl class='gallery-item'>\n\t\t\t<dt class='gallery-icon landscape'>\n\t\t\t\t<a href='https:\/\/unisale.com.br\/pastoral\/bispo-abencoa-novos-sinos-em-celebracao-aos-130-anos-da-morte-de-dom-luiz-lasagna\/whatsapp-image-2025-11-06-at-10-36-19-1024x682-1\/'><img loading=\"lazy\" decoding=\"async\" width=\"150\" height=\"150\" src=\"https:\/\/unisale.com.br\/pastoral\/wp-content\/uploads\/2025\/12\/WhatsApp-Image-2025-11-06-at-10.36.19-1024x682-1-150x150.jpeg\" class=\"attachment-thumbnail size-thumbnail\" alt=\"\" \/><\/a>\n\t\t\t<\/dt><\/dl><dl class='gallery-item'>\n\t\t\t<dt class='gallery-icon landscape'>\n\t\t\t\t<a href='https:\/\/unisale.com.br\/pastoral\/bispo-abencoa-novos-sinos-em-celebracao-aos-130-anos-da-morte-de-dom-luiz-lasagna\/whatsapp-image-2025-11-06-at-10-36-19-1024x682\/'><img loading=\"lazy\" decoding=\"async\" width=\"150\" height=\"150\" src=\"https:\/\/unisale.com.br\/pastoral\/wp-content\/uploads\/2025\/12\/WhatsApp-Image-2025-11-06-at-10.36.19-1024x682-2-150x150.jpeg\" class=\"attachment-thumbnail size-thumbnail\" alt=\"\" \/><\/a>\n\t\t\t<\/dt><\/dl><br style=\"clear: both\" \/><dl class='gallery-item'>\n\t\t\t<dt class='gallery-icon landscape'>\n\t\t\t\t<a href='https:\/\/unisale.com.br\/pastoral\/bispo-abencoa-novos-sinos-em-celebracao-aos-130-anos-da-morte-de-dom-luiz-lasagna\/whatsapp-image-2025-11-06-at-10-36-17-1-1024x682\/'><img loading=\"lazy\" decoding=\"async\" width=\"150\" height=\"150\" src=\"https:\/\/unisale.com.br\/pastoral\/wp-content\/uploads\/2025\/12\/WhatsApp-Image-2025-11-06-at-10.36.17-1-1024x682-1-150x150.jpeg\" class=\"attachment-thumbnail size-thumbnail\" alt=\"\" \/><\/a>\n\t\t\t<\/dt><\/dl>\n\t\t\t<br style='clear: both' \/>\n\t\t<\/div>\n\n","protected":false},"excerpt":{"rendered":"<p>O Col\u00e9gio Salesiano\u00a0\u201cDom Luiz Lasagna\u201d\u00a0celebrou, nesta quinta-feira, dia 6 de novembro, os 130 anos da morte de seu patrono,\u00a0Dom Luiz Lasagna\u00a0\u2014 bispo italiano respons\u00e1vel por&#8230;<\/p>\n","protected":false},"author":1,"featured_media":13509,"comment_status":"closed","ping_status":"closed","sticky":false,"template":"","format":"standard","meta":{"_acf_changed":false,"footnotes":""},"categories":[3],"tags":[],"class_list":["post-13506","post","type-post","status-publish","format-standard","has-post-thumbnail","hentry","category-not"],"acf":[],"yoast_head":"<!-- This site is optimized with the Yoast SEO plugin v27.3 - https:\/\/yoast.com\/product\/yoast-seo-wordpress\/ -->\n<title>Bispo aben\u00e7oa novos sinos em celebra\u00e7\u00e3o aos 130 anos da morte de Dom Luiz Lasagna - Pastoral Universit\u00e1ria UniSALESIANO<\/title>\n<meta name=\"robots\" content=\"index, follow, max-snippet:-1, max-image-preview:large, max-video-preview:-1\" \/>\n<link rel=\"canonical\" href=\"https:\/\/unisale.com.br\/pastoral\/bispo-abencoa-novos-sinos-em-celebracao-aos-130-anos-da-morte-de-dom-luiz-lasagna\/\" \/>\n<meta property=\"og:locale\" content=\"pt_BR\" \/>\n<meta property=\"og:type\" content=\"article\" \/>\n<meta property=\"og:title\" content=\"Bispo aben\u00e7oa novos sinos em celebra\u00e7\u00e3o aos 130 anos da morte de Dom Luiz Lasagna - Pastoral Universit\u00e1ria UniSALESIANO\" \/>\n<meta property=\"og:description\" content=\"O Col\u00e9gio Salesiano\u00a0\u201cDom Luiz Lasagna\u201d\u00a0celebrou, nesta quinta-feira, dia 6 de novembro, os 130 anos da morte de seu patrono,\u00a0Dom Luiz Lasagna\u00a0\u2014 bispo italiano respons\u00e1vel por...\" \/>\n<meta property=\"og:url\" content=\"https:\/\/unisale.com.br\/pastoral\/bispo-abencoa-novos-sinos-em-celebracao-aos-130-anos-da-morte-de-dom-luiz-lasagna\/\" \/>\n<meta property=\"og:site_name\" content=\"Pastoral Universit\u00e1ria UniSALESIANO\" \/>\n<meta property=\"article:published_time\" content=\"2025-12-22T13:06:28+00:00\" \/>\n<meta property=\"og:image\" content=\"https:\/\/unisale.com.br\/pastoral\/wp-content\/uploads\/2025\/12\/WhatsApp-Image-2025-11-06-at-10.36.18-768x512-1.jpeg\" \/>\n\t<meta property=\"og:image:width\" content=\"768\" \/>\n\t<meta property=\"og:image:height\" content=\"512\" \/>\n\t<meta property=\"og:image:type\" content=\"image\/jpeg\" \/>\n<meta name=\"author\" content=\"pastoral\" \/>\n<meta name=\"twitter:card\" content=\"summary_large_image\" \/>\n<meta name=\"twitter:label1\" content=\"Escrito por\" \/>\n\t<meta name=\"twitter:data1\" content=\"pastoral\" \/>\n\t<meta name=\"twitter:label2\" content=\"Est. tempo de leitura\" \/>\n\t<meta name=\"twitter:data2\" content=\"4 minutos\" \/>\n<script type=\"application\/ld+json\" class=\"yoast-schema-graph\">{\"@context\":\"https:\\\/\\\/schema.org\",\"@graph\":[{\"@type\":\"Article\",\"@id\":\"https:\\\/\\\/unisale.com.br\\\/pastoral\\\/bispo-abencoa-novos-sinos-em-celebracao-aos-130-anos-da-morte-de-dom-luiz-lasagna\\\/#article\",\"isPartOf\":{\"@id\":\"https:\\\/\\\/unisale.com.br\\\/pastoral\\\/bispo-abencoa-novos-sinos-em-celebracao-aos-130-anos-da-morte-de-dom-luiz-lasagna\\\/\"},\"author\":{\"name\":\"pastoral\",\"@id\":\"https:\\\/\\\/unisale.com.br\\\/pastoral\\\/#\\\/schema\\\/person\\\/a16ba711a0f7dec9cb6b44563144d5a3\"},\"headline\":\"Bispo aben\u00e7oa novos sinos em celebra\u00e7\u00e3o aos 130 anos da morte de Dom Luiz Lasagna\",\"datePublished\":\"2025-12-22T13:06:28+00:00\",\"mainEntityOfPage\":{\"@id\":\"https:\\\/\\\/unisale.com.br\\\/pastoral\\\/bispo-abencoa-novos-sinos-em-celebracao-aos-130-anos-da-morte-de-dom-luiz-lasagna\\\/\"},\"wordCount\":584,\"image\":{\"@id\":\"https:\\\/\\\/unisale.com.br\\\/pastoral\\\/bispo-abencoa-novos-sinos-em-celebracao-aos-130-anos-da-morte-de-dom-luiz-lasagna\\\/#primaryimage\"},\"thumbnailUrl\":\"https:\\\/\\\/unisale.com.br\\\/pastoral\\\/wp-content\\\/uploads\\\/2025\\\/12\\\/WhatsApp-Image-2025-11-06-at-10.36.18-768x512-1.jpeg\",\"articleSection\":[\"Not\u00edcias\"],\"inLanguage\":\"pt-BR\"},{\"@type\":\"WebPage\",\"@id\":\"https:\\\/\\\/unisale.com.br\\\/pastoral\\\/bispo-abencoa-novos-sinos-em-celebracao-aos-130-anos-da-morte-de-dom-luiz-lasagna\\\/\",\"url\":\"https:\\\/\\\/unisale.com.br\\\/pastoral\\\/bispo-abencoa-novos-sinos-em-celebracao-aos-130-anos-da-morte-de-dom-luiz-lasagna\\\/\",\"name\":\"Bispo aben\u00e7oa novos sinos em celebra\u00e7\u00e3o aos 130 anos da morte de Dom Luiz Lasagna - Pastoral Universit\u00e1ria UniSALESIANO\",\"isPartOf\":{\"@id\":\"https:\\\/\\\/unisale.com.br\\\/pastoral\\\/#website\"},\"primaryImageOfPage\":{\"@id\":\"https:\\\/\\\/unisale.com.br\\\/pastoral\\\/bispo-abencoa-novos-sinos-em-celebracao-aos-130-anos-da-morte-de-dom-luiz-lasagna\\\/#primaryimage\"},\"image\":{\"@id\":\"https:\\\/\\\/unisale.com.br\\\/pastoral\\\/bispo-abencoa-novos-sinos-em-celebracao-aos-130-anos-da-morte-de-dom-luiz-lasagna\\\/#primaryimage\"},\"thumbnailUrl\":\"https:\\\/\\\/unisale.com.br\\\/pastoral\\\/wp-content\\\/uploads\\\/2025\\\/12\\\/WhatsApp-Image-2025-11-06-at-10.36.18-768x512-1.jpeg\",\"datePublished\":\"2025-12-22T13:06:28+00:00\",\"author\":{\"@id\":\"https:\\\/\\\/unisale.com.br\\\/pastoral\\\/#\\\/schema\\\/person\\\/a16ba711a0f7dec9cb6b44563144d5a3\"},\"inLanguage\":\"pt-BR\",\"potentialAction\":[{\"@type\":\"ReadAction\",\"target\":[\"https:\\\/\\\/unisale.com.br\\\/pastoral\\\/bispo-abencoa-novos-sinos-em-celebracao-aos-130-anos-da-morte-de-dom-luiz-lasagna\\\/\"]}]},{\"@type\":\"ImageObject\",\"inLanguage\":\"pt-BR\",\"@id\":\"https:\\\/\\\/unisale.com.br\\\/pastoral\\\/bispo-abencoa-novos-sinos-em-celebracao-aos-130-anos-da-morte-de-dom-luiz-lasagna\\\/#primaryimage\",\"url\":\"https:\\\/\\\/unisale.com.br\\\/pastoral\\\/wp-content\\\/uploads\\\/2025\\\/12\\\/WhatsApp-Image-2025-11-06-at-10.36.18-768x512-1.jpeg\",\"contentUrl\":\"https:\\\/\\\/unisale.com.br\\\/pastoral\\\/wp-content\\\/uploads\\\/2025\\\/12\\\/WhatsApp-Image-2025-11-06-at-10.36.18-768x512-1.jpeg\",\"width\":750,\"height\":500},{\"@type\":\"WebSite\",\"@id\":\"https:\\\/\\\/unisale.com.br\\\/pastoral\\\/#website\",\"url\":\"https:\\\/\\\/unisale.com.br\\\/pastoral\\\/\",\"name\":\"Pastoral Universit\u00e1ria UniSALESIANO\",\"description\":\"Site da Pastoral Universit\u00e1ria do UniSALESIANO\",\"potentialAction\":[{\"@type\":\"SearchAction\",\"target\":{\"@type\":\"EntryPoint\",\"urlTemplate\":\"https:\\\/\\\/unisale.com.br\\\/pastoral\\\/?s={search_term_string}\"},\"query-input\":{\"@type\":\"PropertyValueSpecification\",\"valueRequired\":true,\"valueName\":\"search_term_string\"}}],\"inLanguage\":\"pt-BR\"},{\"@type\":\"Person\",\"@id\":\"https:\\\/\\\/unisale.com.br\\\/pastoral\\\/#\\\/schema\\\/person\\\/a16ba711a0f7dec9cb6b44563144d5a3\",\"name\":\"pastoral\",\"url\":\"https:\\\/\\\/unisale.com.br\\\/pastoral\\\/author\\\/pastoral\\\/\"}]}<\/script>\n<!-- \/ Yoast SEO plugin. -->","yoast_head_json":{"title":"Bispo aben\u00e7oa novos sinos em celebra\u00e7\u00e3o aos 130 anos da morte de Dom Luiz Lasagna - Pastoral Universit\u00e1ria UniSALESIANO","robots":{"index":"index","follow":"follow","max-snippet":"max-snippet:-1","max-image-preview":"max-image-preview:large","max-video-preview":"max-video-preview:-1"},"canonical":"https:\/\/unisale.com.br\/pastoral\/bispo-abencoa-novos-sinos-em-celebracao-aos-130-anos-da-morte-de-dom-luiz-lasagna\/","og_locale":"pt_BR","og_type":"article","og_title":"Bispo aben\u00e7oa novos sinos em celebra\u00e7\u00e3o aos 130 anos da morte de Dom Luiz Lasagna - Pastoral Universit\u00e1ria UniSALESIANO","og_description":"O Col\u00e9gio Salesiano\u00a0\u201cDom Luiz Lasagna\u201d\u00a0celebrou, nesta quinta-feira, dia 6 de novembro, os 130 anos da morte de seu patrono,\u00a0Dom Luiz Lasagna\u00a0\u2014 bispo italiano respons\u00e1vel por...","og_url":"https:\/\/unisale.com.br\/pastoral\/bispo-abencoa-novos-sinos-em-celebracao-aos-130-anos-da-morte-de-dom-luiz-lasagna\/","og_site_name":"Pastoral Universit\u00e1ria UniSALESIANO","article_published_time":"2025-12-22T13:06:28+00:00","og_image":[{"width":768,"height":512,"url":"https:\/\/unisale.com.br\/pastoral\/wp-content\/uploads\/2025\/12\/WhatsApp-Image-2025-11-06-at-10.36.18-768x512-1.jpeg","type":"image\/jpeg"}],"author":"pastoral","twitter_card":"summary_large_image","twitter_misc":{"Escrito por":"pastoral","Est. tempo de leitura":"4 minutos"},"schema":{"@context":"https:\/\/schema.org","@graph":[{"@type":"Article","@id":"https:\/\/unisale.com.br\/pastoral\/bispo-abencoa-novos-sinos-em-celebracao-aos-130-anos-da-morte-de-dom-luiz-lasagna\/#article","isPartOf":{"@id":"https:\/\/unisale.com.br\/pastoral\/bispo-abencoa-novos-sinos-em-celebracao-aos-130-anos-da-morte-de-dom-luiz-lasagna\/"},"author":{"name":"pastoral","@id":"https:\/\/unisale.com.br\/pastoral\/#\/schema\/person\/a16ba711a0f7dec9cb6b44563144d5a3"},"headline":"Bispo aben\u00e7oa novos sinos em celebra\u00e7\u00e3o aos 130 anos da morte de Dom Luiz Lasagna","datePublished":"2025-12-22T13:06:28+00:00","mainEntityOfPage":{"@id":"https:\/\/unisale.com.br\/pastoral\/bispo-abencoa-novos-sinos-em-celebracao-aos-130-anos-da-morte-de-dom-luiz-lasagna\/"},"wordCount":584,"image":{"@id":"https:\/\/unisale.com.br\/pastoral\/bispo-abencoa-novos-sinos-em-celebracao-aos-130-anos-da-morte-de-dom-luiz-lasagna\/#primaryimage"},"thumbnailUrl":"https:\/\/unisale.com.br\/pastoral\/wp-content\/uploads\/2025\/12\/WhatsApp-Image-2025-11-06-at-10.36.18-768x512-1.jpeg","articleSection":["Not\u00edcias"],"inLanguage":"pt-BR"},{"@type":"WebPage","@id":"https:\/\/unisale.com.br\/pastoral\/bispo-abencoa-novos-sinos-em-celebracao-aos-130-anos-da-morte-de-dom-luiz-lasagna\/","url":"https:\/\/unisale.com.br\/pastoral\/bispo-abencoa-novos-sinos-em-celebracao-aos-130-anos-da-morte-de-dom-luiz-lasagna\/","name":"Bispo aben\u00e7oa novos sinos em celebra\u00e7\u00e3o aos 130 anos da morte de Dom Luiz Lasagna - Pastoral Universit\u00e1ria UniSALESIANO","isPartOf":{"@id":"https:\/\/unisale.com.br\/pastoral\/#website"},"primaryImageOfPage":{"@id":"https:\/\/unisale.com.br\/pastoral\/bispo-abencoa-novos-sinos-em-celebracao-aos-130-anos-da-morte-de-dom-luiz-lasagna\/#primaryimage"},"image":{"@id":"https:\/\/unisale.com.br\/pastoral\/bispo-abencoa-novos-sinos-em-celebracao-aos-130-anos-da-morte-de-dom-luiz-lasagna\/#primaryimage"},"thumbnailUrl":"https:\/\/unisale.com.br\/pastoral\/wp-content\/uploads\/2025\/12\/WhatsApp-Image-2025-11-06-at-10.36.18-768x512-1.jpeg","datePublished":"2025-12-22T13:06:28+00:00","author":{"@id":"https:\/\/unisale.com.br\/pastoral\/#\/schema\/person\/a16ba711a0f7dec9cb6b44563144d5a3"},"inLanguage":"pt-BR","potentialAction":[{"@type":"ReadAction","target":["https:\/\/unisale.com.br\/pastoral\/bispo-abencoa-novos-sinos-em-celebracao-aos-130-anos-da-morte-de-dom-luiz-lasagna\/"]}]},{"@type":"ImageObject","inLanguage":"pt-BR","@id":"https:\/\/unisale.com.br\/pastoral\/bispo-abencoa-novos-sinos-em-celebracao-aos-130-anos-da-morte-de-dom-luiz-lasagna\/#primaryimage","url":"https:\/\/unisale.com.br\/pastoral\/wp-content\/uploads\/2025\/12\/WhatsApp-Image-2025-11-06-at-10.36.18-768x512-1.jpeg","contentUrl":"https:\/\/unisale.com.br\/pastoral\/wp-content\/uploads\/2025\/12\/WhatsApp-Image-2025-11-06-at-10.36.18-768x512-1.jpeg","width":750,"height":500},{"@type":"WebSite","@id":"https:\/\/unisale.com.br\/pastoral\/#website","url":"https:\/\/unisale.com.br\/pastoral\/","name":"Pastoral Universit\u00e1ria UniSALESIANO","description":"Site da Pastoral Universit\u00e1ria do UniSALESIANO","potentialAction":[{"@type":"SearchAction","target":{"@type":"EntryPoint","urlTemplate":"https:\/\/unisale.com.br\/pastoral\/?s={search_term_string}"},"query-input":{"@type":"PropertyValueSpecification","valueRequired":true,"valueName":"search_term_string"}}],"inLanguage":"pt-BR"},{"@type":"Person","@id":"https:\/\/unisale.com.br\/pastoral\/#\/schema\/person\/a16ba711a0f7dec9cb6b44563144d5a3","name":"pastoral","url":"https:\/\/unisale.com.br\/pastoral\/author\/pastoral\/"}]}},"_links":{"self":[{"href":"https:\/\/unisale.com.br\/pastoral\/wp-json\/wp\/v2\/posts\/13506","targetHints":{"allow":["GET"]}}],"collection":[{"href":"https:\/\/unisale.com.br\/pastoral\/wp-json\/wp\/v2\/posts"}],"about":[{"href":"https:\/\/unisale.com.br\/pastoral\/wp-json\/wp\/v2\/types\/post"}],"author":[{"embeddable":true,"href":"https:\/\/unisale.com.br\/pastoral\/wp-json\/wp\/v2\/users\/1"}],"replies":[{"embeddable":true,"href":"https:\/\/unisale.com.br\/pastoral\/wp-json\/wp\/v2\/comments?post=13506"}],"version-history":[{"count":1,"href":"https:\/\/unisale.com.br\/pastoral\/wp-json\/wp\/v2\/posts\/13506\/revisions"}],"predecessor-version":[{"id":13515,"href":"https:\/\/unisale.com.br\/pastoral\/wp-json\/wp\/v2\/posts\/13506\/revisions\/13515"}],"wp:featuredmedia":[{"embeddable":true,"href":"https:\/\/unisale.com.br\/pastoral\/wp-json\/wp\/v2\/media\/13509"}],"wp:attachment":[{"href":"https:\/\/unisale.com.br\/pastoral\/wp-json\/wp\/v2\/media?parent=13506"}],"wp:term":[{"taxonomy":"category","embeddable":true,"href":"https:\/\/unisale.com.br\/pastoral\/wp-json\/wp\/v2\/categories?post=13506"},{"taxonomy":"post_tag","embeddable":true,"href":"https:\/\/unisale.com.br\/pastoral\/wp-json\/wp\/v2\/tags?post=13506"}],"curies":[{"name":"wp","href":"https:\/\/api.w.org\/{rel}","templated":true}]}}