{"id":1355,"date":"2021-05-14T11:41:38","date_gmt":"2021-05-14T11:41:38","guid":{"rendered":"https:\/\/unisale.com.br\/pastoral\/?p=1355"},"modified":"2021-05-21T11:43:12","modified_gmt":"2021-05-21T11:43:12","slug":"sim-senhor-tu","status":"publish","type":"post","link":"https:\/\/unisale.com.br\/pastoral\/sim-senhor-tu\/","title":{"rendered":"21\/05 &#8211; Sim, Senhor, tu sabes que eu te amo. Jesus disse: Apascenta os meus cordeiros."},"content":{"rendered":"<p><strong>Sexta-feira, 21 de maio de 2021.<\/strong><\/p>\n<p>Evangelho (Jo 21, 15-19)<\/p>\n<p><strong><em>\u00a0<\/em><\/strong><\/p>\n<p><strong><em>\u201c\u2018Sim, Senhor, tu sabes que eu te amo\u2019. Jesus disse: Apascenta os meus cordeiros\u201d<\/em><\/strong><\/p>\n<p>Jesus manifestou-se aos seus disc\u00edpulos <sup>15<\/sup>e, depois de comerem, perguntou a Sim\u00e3o Pedro: \u201cSim\u00e3o, filho de Jo\u00e3o, tu me amas mais do que estes?\u201d Pedro respondeu: \u201cSim, Senhor, tu sabes que eu te amo\u201d. Jesus disse: \u201cApascenta os meus cordeiros\u201d. <sup>16<\/sup>E disse de novo a Pedro: \u201cSim\u00e3o, filho de Jo\u00e3o, tu me amas?\u201d Pedro disse: \u201cSim, Senhor, tu sabes que eu te amo\u201d. Jesus disse-lhe: \u201cApascenta as minhas ovelhas\u201d. <sup>17<\/sup>Pela terceira vez, perguntou a Pedro: \u201cSim\u00e3o, filho de Jo\u00e3o, tu me amas?\u201d Pedro ficou triste, porque Jesus perguntou tr\u00eas vezes se ele o amava. Respondeu: \u201cSenhor, tu sabes tudo; tu sabes que eu te amo\u201d. Jesus disse-lhe: \u201cApascenta as minhas ovelhas. <sup>18<\/sup>Em verdade, em verdade te digo: quando eras jovem, tu te cingias e ias para onde querias. Quando fores velho, estender\u00e1s as m\u00e3os e outro te cingir\u00e1 e te levar\u00e1 para onde n\u00e3o queres ir\u201d. <sup>19<\/sup>Jesus disse isso, significando com que morte Pedro iria glorificar a Deus. E acrescentou: \u201cSegue-me\u201d.<\/p>\n<p><strong>\u00a0<\/strong><\/p>\n<p><strong>Reflex\u00e3o<\/strong><\/p>\n<p>\u00c0s vezes, lendo este evangelho, a gente pode se perguntar: Por que Jesus faz a pergunta a Pedro se ele j\u00e1 sabe a resposta? Talvez porque a pergunta n\u00e3o serve para ele, mas para n\u00f3s. \u00c9 Pedro que, no evangelho de hoje, tem a necessidade de se perguntar se realmente ele ama Jesus. Jesus j\u00e1 sabe, sabe at\u00e9 que Pedro tem uma desconfian\u00e7a que ser\u00e1 curada com o tempo. Vir\u00e1 o dia em que Pedro ser\u00e1 capaz de morrer por amor. Eis o motivo pelo qual em nossa vida espiritual n\u00f3s deveremos nos propor de maneira s\u00e9ria aos grandes questionamentos da vida. S\u00e3o estes questionamentos que nos fazem estar diante de Jesus face a face. S\u00e3o eles que nos reconciliam com as nossas trai\u00e7\u00f5es e os nossos erros. S\u00e3o estes questionamentos que direcionam as nossas decis\u00f5es.<\/p>\n<p>Deus nos responde fazendo perguntas. Nos guia nas respostas, ali\u00e1s, Ele mesmo \u00e9 a resposta. Mas entender que a resposta \u00e9 algu\u00e9m e n\u00e3o alguma coisa, isso s\u00f3 nos \u00e9 poss\u00edvel aprender com o tempo. \u00c9 a mesma convers\u00e3o de Pedro que n\u00e3o deve se contentar somente com o \u201cquerer bem\u201d, mas deve confiar, acreditar que, antes ou depois, aprender\u00e1 tamb\u00e9m ele a amar. A convers\u00e3o \u00e9 uma not\u00edcia boa e n\u00e3o uma tarefa insuport\u00e1vel, porque \u00e9 a not\u00edcia boa de poder recome\u00e7ar sempre, sabendo que somos filhos de um Deus que n\u00e3o se liga ao que dissemos. Somos filhos de um Deus que nos conhece muito al\u00e9m das coisas que fazemos e muito al\u00e9m daquilo que nos tornamos.<\/p>\n<p>&nbsp;<\/p>\n<p>Pe. Paulo Eduardo J\u00e1como, sdb.<\/p>\n","protected":false},"excerpt":{"rendered":"<p>Sexta-feira, 21 de maio de 2021. Evangelho (Jo 21, 15-19) \u00a0 \u201c\u2018Sim, Senhor, tu sabes que eu te amo\u2019. Jesus disse: Apascenta os meus cordeiros\u201d&#8230;<\/p>\n","protected":false},"author":1,"featured_media":1314,"comment_status":"closed","ping_status":"closed","sticky":false,"template":"","format":"standard","meta":{"_acf_changed":false,"footnotes":""},"categories":[13],"tags":[],"class_list":["post-1355","post","type-post","status-publish","format-standard","has-post-thumbnail","hentry","category-reflexaodoevagelho"],"acf":[],"yoast_head":"<!-- This site is optimized with the Yoast SEO plugin v27.3 - https:\/\/yoast.com\/product\/yoast-seo-wordpress\/ -->\n<title>21\/05 - Sim, Senhor, tu sabes que eu te amo. Jesus disse: Apascenta os meus cordeiros. - Pastoral Universit\u00e1ria UniSALESIANO<\/title>\n<meta name=\"robots\" content=\"index, follow, max-snippet:-1, max-image-preview:large, max-video-preview:-1\" \/>\n<link rel=\"canonical\" href=\"https:\/\/unisale.com.br\/novo\/sim-senhor-tu\/\" \/>\n<meta property=\"og:locale\" content=\"pt_BR\" \/>\n<meta property=\"og:type\" content=\"article\" \/>\n<meta property=\"og:title\" content=\"21\/05 - Sim, Senhor, tu sabes que eu te amo. Jesus disse: Apascenta os meus cordeiros. - Pastoral Universit\u00e1ria UniSALESIANO\" \/>\n<meta property=\"og:description\" content=\"Sexta-feira, 21 de maio de 2021. Evangelho (Jo 21, 15-19) \u00a0 \u201c\u2018Sim, Senhor, tu sabes que eu te amo\u2019. Jesus disse: Apascenta os meus cordeiros\u201d...\" \/>\n<meta property=\"og:url\" content=\"https:\/\/unisale.com.br\/novo\/sim-senhor-tu\/\" \/>\n<meta property=\"og:site_name\" content=\"Pastoral Universit\u00e1ria UniSALESIANO\" \/>\n<meta property=\"article:published_time\" content=\"2021-05-14T11:41:38+00:00\" \/>\n<meta property=\"article:modified_time\" content=\"2021-05-21T11:43:12+00:00\" \/>\n<meta property=\"og:image\" content=\"https:\/\/unisale.com.br\/novo\/wp-content\/uploads\/2021\/05\/21.jpg\" \/>\n\t<meta property=\"og:image:width\" content=\"1920\" \/>\n\t<meta property=\"og:image:height\" content=\"1080\" \/>\n\t<meta property=\"og:image:type\" content=\"image\/jpeg\" \/>\n<meta name=\"author\" content=\"pastoral\" \/>\n<meta name=\"twitter:card\" content=\"summary_large_image\" \/>\n<meta name=\"twitter:label1\" content=\"Escrito por\" \/>\n\t<meta name=\"twitter:data1\" content=\"pastoral\" \/>\n\t<meta name=\"twitter:label2\" content=\"Est. tempo de leitura\" \/>\n\t<meta name=\"twitter:data2\" content=\"2 minutos\" \/>\n<script type=\"application\/ld+json\" class=\"yoast-schema-graph\">{\"@context\":\"https:\\\/\\\/schema.org\",\"@graph\":[{\"@type\":\"Article\",\"@id\":\"https:\\\/\\\/unisale.com.br\\\/novo\\\/sim-senhor-tu\\\/#article\",\"isPartOf\":{\"@id\":\"https:\\\/\\\/unisale.com.br\\\/novo\\\/sim-senhor-tu\\\/\"},\"author\":{\"name\":\"pastoral\",\"@id\":\"https:\\\/\\\/unisale.com.br\\\/pastoral\\\/#\\\/schema\\\/person\\\/a16ba711a0f7dec9cb6b44563144d5a3\"},\"headline\":\"21\\\/05 &#8211; Sim, Senhor, tu sabes que eu te amo. Jesus disse: Apascenta os meus cordeiros.\",\"datePublished\":\"2021-05-14T11:41:38+00:00\",\"dateModified\":\"2021-05-21T11:43:12+00:00\",\"mainEntityOfPage\":{\"@id\":\"https:\\\/\\\/unisale.com.br\\\/novo\\\/sim-senhor-tu\\\/\"},\"wordCount\":492,\"image\":{\"@id\":\"https:\\\/\\\/unisale.com.br\\\/novo\\\/sim-senhor-tu\\\/#primaryimage\"},\"thumbnailUrl\":\"https:\\\/\\\/unisale.com.br\\\/pastoral\\\/wp-content\\\/uploads\\\/2021\\\/05\\\/21.jpg\",\"articleSection\":[\"Reflex\u00e3o do Evangelho\"],\"inLanguage\":\"pt-BR\"},{\"@type\":\"WebPage\",\"@id\":\"https:\\\/\\\/unisale.com.br\\\/novo\\\/sim-senhor-tu\\\/\",\"url\":\"https:\\\/\\\/unisale.com.br\\\/novo\\\/sim-senhor-tu\\\/\",\"name\":\"21\\\/05 - Sim, Senhor, tu sabes que eu te amo. Jesus disse: Apascenta os meus cordeiros. - Pastoral Universit\u00e1ria UniSALESIANO\",\"isPartOf\":{\"@id\":\"https:\\\/\\\/unisale.com.br\\\/pastoral\\\/#website\"},\"primaryImageOfPage\":{\"@id\":\"https:\\\/\\\/unisale.com.br\\\/novo\\\/sim-senhor-tu\\\/#primaryimage\"},\"image\":{\"@id\":\"https:\\\/\\\/unisale.com.br\\\/novo\\\/sim-senhor-tu\\\/#primaryimage\"},\"thumbnailUrl\":\"https:\\\/\\\/unisale.com.br\\\/pastoral\\\/wp-content\\\/uploads\\\/2021\\\/05\\\/21.jpg\",\"datePublished\":\"2021-05-14T11:41:38+00:00\",\"dateModified\":\"2021-05-21T11:43:12+00:00\",\"author\":{\"@id\":\"https:\\\/\\\/unisale.com.br\\\/pastoral\\\/#\\\/schema\\\/person\\\/a16ba711a0f7dec9cb6b44563144d5a3\"},\"inLanguage\":\"pt-BR\",\"potentialAction\":[{\"@type\":\"ReadAction\",\"target\":[\"https:\\\/\\\/unisale.com.br\\\/novo\\\/sim-senhor-tu\\\/\"]}]},{\"@type\":\"ImageObject\",\"inLanguage\":\"pt-BR\",\"@id\":\"https:\\\/\\\/unisale.com.br\\\/novo\\\/sim-senhor-tu\\\/#primaryimage\",\"url\":\"https:\\\/\\\/unisale.com.br\\\/pastoral\\\/wp-content\\\/uploads\\\/2021\\\/05\\\/21.jpg\",\"contentUrl\":\"https:\\\/\\\/unisale.com.br\\\/pastoral\\\/wp-content\\\/uploads\\\/2021\\\/05\\\/21.jpg\",\"width\":889,\"height\":500},{\"@type\":\"WebSite\",\"@id\":\"https:\\\/\\\/unisale.com.br\\\/pastoral\\\/#website\",\"url\":\"https:\\\/\\\/unisale.com.br\\\/pastoral\\\/\",\"name\":\"Pastoral Universit\u00e1ria UniSALESIANO\",\"description\":\"Site da Pastoral Universit\u00e1ria do UniSALESIANO\",\"potentialAction\":[{\"@type\":\"SearchAction\",\"target\":{\"@type\":\"EntryPoint\",\"urlTemplate\":\"https:\\\/\\\/unisale.com.br\\\/pastoral\\\/?s={search_term_string}\"},\"query-input\":{\"@type\":\"PropertyValueSpecification\",\"valueRequired\":true,\"valueName\":\"search_term_string\"}}],\"inLanguage\":\"pt-BR\"},{\"@type\":\"Person\",\"@id\":\"https:\\\/\\\/unisale.com.br\\\/pastoral\\\/#\\\/schema\\\/person\\\/a16ba711a0f7dec9cb6b44563144d5a3\",\"name\":\"pastoral\",\"url\":\"https:\\\/\\\/unisale.com.br\\\/pastoral\\\/author\\\/pastoral\\\/\"}]}<\/script>\n<!-- \/ Yoast SEO plugin. -->","yoast_head_json":{"title":"21\/05 - Sim, Senhor, tu sabes que eu te amo. Jesus disse: Apascenta os meus cordeiros. - Pastoral Universit\u00e1ria UniSALESIANO","robots":{"index":"index","follow":"follow","max-snippet":"max-snippet:-1","max-image-preview":"max-image-preview:large","max-video-preview":"max-video-preview:-1"},"canonical":"https:\/\/unisale.com.br\/novo\/sim-senhor-tu\/","og_locale":"pt_BR","og_type":"article","og_title":"21\/05 - Sim, Senhor, tu sabes que eu te amo. Jesus disse: Apascenta os meus cordeiros. - Pastoral Universit\u00e1ria UniSALESIANO","og_description":"Sexta-feira, 21 de maio de 2021. Evangelho (Jo 21, 15-19) \u00a0 \u201c\u2018Sim, Senhor, tu sabes que eu te amo\u2019. Jesus disse: Apascenta os meus cordeiros\u201d...","og_url":"https:\/\/unisale.com.br\/novo\/sim-senhor-tu\/","og_site_name":"Pastoral Universit\u00e1ria UniSALESIANO","article_published_time":"2021-05-14T11:41:38+00:00","article_modified_time":"2021-05-21T11:43:12+00:00","og_image":[{"width":1920,"height":1080,"url":"https:\/\/unisale.com.br\/novo\/wp-content\/uploads\/2021\/05\/21.jpg","type":"image\/jpeg"}],"author":"pastoral","twitter_card":"summary_large_image","twitter_misc":{"Escrito por":"pastoral","Est. tempo de leitura":"2 minutos"},"schema":{"@context":"https:\/\/schema.org","@graph":[{"@type":"Article","@id":"https:\/\/unisale.com.br\/novo\/sim-senhor-tu\/#article","isPartOf":{"@id":"https:\/\/unisale.com.br\/novo\/sim-senhor-tu\/"},"author":{"name":"pastoral","@id":"https:\/\/unisale.com.br\/pastoral\/#\/schema\/person\/a16ba711a0f7dec9cb6b44563144d5a3"},"headline":"21\/05 &#8211; Sim, Senhor, tu sabes que eu te amo. Jesus disse: Apascenta os meus cordeiros.","datePublished":"2021-05-14T11:41:38+00:00","dateModified":"2021-05-21T11:43:12+00:00","mainEntityOfPage":{"@id":"https:\/\/unisale.com.br\/novo\/sim-senhor-tu\/"},"wordCount":492,"image":{"@id":"https:\/\/unisale.com.br\/novo\/sim-senhor-tu\/#primaryimage"},"thumbnailUrl":"https:\/\/unisale.com.br\/pastoral\/wp-content\/uploads\/2021\/05\/21.jpg","articleSection":["Reflex\u00e3o do Evangelho"],"inLanguage":"pt-BR"},{"@type":"WebPage","@id":"https:\/\/unisale.com.br\/novo\/sim-senhor-tu\/","url":"https:\/\/unisale.com.br\/novo\/sim-senhor-tu\/","name":"21\/05 - Sim, Senhor, tu sabes que eu te amo. Jesus disse: Apascenta os meus cordeiros. - Pastoral Universit\u00e1ria UniSALESIANO","isPartOf":{"@id":"https:\/\/unisale.com.br\/pastoral\/#website"},"primaryImageOfPage":{"@id":"https:\/\/unisale.com.br\/novo\/sim-senhor-tu\/#primaryimage"},"image":{"@id":"https:\/\/unisale.com.br\/novo\/sim-senhor-tu\/#primaryimage"},"thumbnailUrl":"https:\/\/unisale.com.br\/pastoral\/wp-content\/uploads\/2021\/05\/21.jpg","datePublished":"2021-05-14T11:41:38+00:00","dateModified":"2021-05-21T11:43:12+00:00","author":{"@id":"https:\/\/unisale.com.br\/pastoral\/#\/schema\/person\/a16ba711a0f7dec9cb6b44563144d5a3"},"inLanguage":"pt-BR","potentialAction":[{"@type":"ReadAction","target":["https:\/\/unisale.com.br\/novo\/sim-senhor-tu\/"]}]},{"@type":"ImageObject","inLanguage":"pt-BR","@id":"https:\/\/unisale.com.br\/novo\/sim-senhor-tu\/#primaryimage","url":"https:\/\/unisale.com.br\/pastoral\/wp-content\/uploads\/2021\/05\/21.jpg","contentUrl":"https:\/\/unisale.com.br\/pastoral\/wp-content\/uploads\/2021\/05\/21.jpg","width":889,"height":500},{"@type":"WebSite","@id":"https:\/\/unisale.com.br\/pastoral\/#website","url":"https:\/\/unisale.com.br\/pastoral\/","name":"Pastoral Universit\u00e1ria UniSALESIANO","description":"Site da Pastoral Universit\u00e1ria do UniSALESIANO","potentialAction":[{"@type":"SearchAction","target":{"@type":"EntryPoint","urlTemplate":"https:\/\/unisale.com.br\/pastoral\/?s={search_term_string}"},"query-input":{"@type":"PropertyValueSpecification","valueRequired":true,"valueName":"search_term_string"}}],"inLanguage":"pt-BR"},{"@type":"Person","@id":"https:\/\/unisale.com.br\/pastoral\/#\/schema\/person\/a16ba711a0f7dec9cb6b44563144d5a3","name":"pastoral","url":"https:\/\/unisale.com.br\/pastoral\/author\/pastoral\/"}]}},"_links":{"self":[{"href":"https:\/\/unisale.com.br\/pastoral\/wp-json\/wp\/v2\/posts\/1355","targetHints":{"allow":["GET"]}}],"collection":[{"href":"https:\/\/unisale.com.br\/pastoral\/wp-json\/wp\/v2\/posts"}],"about":[{"href":"https:\/\/unisale.com.br\/pastoral\/wp-json\/wp\/v2\/types\/post"}],"author":[{"embeddable":true,"href":"https:\/\/unisale.com.br\/pastoral\/wp-json\/wp\/v2\/users\/1"}],"replies":[{"embeddable":true,"href":"https:\/\/unisale.com.br\/pastoral\/wp-json\/wp\/v2\/comments?post=1355"}],"version-history":[{"count":0,"href":"https:\/\/unisale.com.br\/pastoral\/wp-json\/wp\/v2\/posts\/1355\/revisions"}],"wp:featuredmedia":[{"embeddable":true,"href":"https:\/\/unisale.com.br\/pastoral\/wp-json\/wp\/v2\/media\/1314"}],"wp:attachment":[{"href":"https:\/\/unisale.com.br\/pastoral\/wp-json\/wp\/v2\/media?parent=1355"}],"wp:term":[{"taxonomy":"category","embeddable":true,"href":"https:\/\/unisale.com.br\/pastoral\/wp-json\/wp\/v2\/categories?post=1355"},{"taxonomy":"post_tag","embeddable":true,"href":"https:\/\/unisale.com.br\/pastoral\/wp-json\/wp\/v2\/tags?post=1355"}],"curies":[{"name":"wp","href":"https:\/\/api.w.org\/{rel}","templated":true}]}}