{"id":13586,"date":"2025-12-22T16:22:01","date_gmt":"2025-12-22T16:22:01","guid":{"rendered":"https:\/\/unisale.com.br\/pastoral\/?p=13586"},"modified":"2025-12-22T16:22:01","modified_gmt":"2025-12-22T16:22:01","slug":"formacao-mensal-encerra-2025-no-unisalesiano-com-apresentacao-de-biografia-salesiana","status":"publish","type":"post","link":"https:\/\/unisale.com.br\/pastoral\/formacao-mensal-encerra-2025-no-unisalesiano-com-apresentacao-de-biografia-salesiana\/","title":{"rendered":"Forma\u00e7\u00e3o mensal encerra 2025 no UniSALESIANO com apresenta\u00e7\u00e3o de biografia salesiana"},"content":{"rendered":"<p>A\u00a0<strong>Pastoral Universit\u00e1ria e o Departamento de Recursos Humanos do UniSALESIANO<\/strong>\u00a0promoveram, nesta sexta-feira (19), na capela do Centro de Conviv\u00eancia, a \u00faltima\u00a0<strong>Forma\u00e7\u00e3o Mensal de 2025<\/strong>, reunindo colaboradores em um momento de espiritualidade, reflex\u00e3o e confraterniza\u00e7\u00e3o, em clima de encerramento do Ano Jubilar da Esperan\u00e7a.<\/p>\n<p>A abertura contou com a fala do\u00a0<strong>Reitor do UniSALESIANO, Pe. Paulo Fernando Vendrame<\/strong>, que destacou a alegria de reunir a comunidade acad\u00eamica para agradecer pelo ano vivido. \u201cQue bom encontrarmos todos aqui, encerrando este ano de 2025, o ano da esperan\u00e7a. Parece que iniciamos o ano h\u00e1 t\u00e3o pouco tempo e j\u00e1 estamos chegando ao seu final. \u00c9 um grande louvor a Deus e tamb\u00e9m a cada um de voc\u00eas que colaboram diariamente em nossa casa salesiana\u201d, afirmou.<\/p>\n<p>Durante sua reflex\u00e3o, o reitor ressaltou conquistas importantes da Institui\u00e7\u00e3o, como os resultados positivos nas avalia\u00e7\u00f5es do Minist\u00e9rio da Educa\u00e7\u00e3o. Ele destacou o reconhecimento do Curso de Medicina e o excelente desempenho de outros cursos, como Psicologia, refor\u00e7ando que essas conquistas s\u00e3o fruto do trabalho conjunto de coordenadores, docentes e, de forma essencial, das equipes administrativas. \u201cTudo aqui educa: desde a organiza\u00e7\u00e3o dos espa\u00e7os at\u00e9 o modo como nos relacionamos. Todos n\u00f3s somos educadores\u201d, enfatizou.<\/p>\n<p>Pe. Paulo tamb\u00e9m relembrou momentos hist\u00f3ricos da trajet\u00f3ria institucional, representados no painel que retrata o passado, o presente e os projetos futuros do UniSALESIANO, refor\u00e7ando o compromisso com a miss\u00e3o educativa e evangelizadora salesiana. Em tom pessoal, partilhou ainda a celebra\u00e7\u00e3o de seus 30 anos de ordena\u00e7\u00e3o sacerdotal, agradecendo a Deus e \u00e0s pessoas que caminharam com ele ao longo dessa miss\u00e3o.<\/p>\n<p>Um dos momentos mais significativos da forma\u00e7\u00e3o foi a apresenta\u00e7\u00e3o do livro<strong>\u00a0\u201cO Realizador de Sonhos \u2013 Dom Lu\u00eds Lasagna \u2013 Uma Biografia Nova\u201d,<\/strong>\u00a0escrito pelo<strong>\u00a0Pe. Gild\u00e1sio Mendes dos Santos<\/strong>, que mostrou ao p\u00fablico uma obra fruto de intensa pesquisa, que resgata a trajet\u00f3ria de um dos grandes pioneiros da miss\u00e3o salesiana na Am\u00e9rica do Sul.<\/p>\n<p>Convidado especial do encontro, Pe. Gild\u00e1sio Mendes destacou a relev\u00e2ncia hist\u00f3rica e humana de Dom Lu\u00eds Lasagna, apresentado no livro como um verdadeiro realizador do sonho de Dom Bosco no Brasil, especialmente no campo da educa\u00e7\u00e3o e da forma\u00e7\u00e3o integral da juventude. Segundo o autor, a obra busca inspirar lideran\u00e7as comprometidas com uma vis\u00e3o integral da pessoa humana, fundamentada em valores como \u00e9tica, espiritualidade, inova\u00e7\u00e3o, empreendedorismo e compromisso social. Como gesto de gratid\u00e3o e partilha, exemplares do livro foram oferecidos aos participantes.<\/p>\n<p>Ao final do encontro, o\u00a0<strong data-start=\"242\" data-end=\"302\">Pr\u00f3-Reitor de Pastoral do UniSALESIANO, Pe. Paulo J\u00e1como<\/strong>, tamb\u00e9m destacou a import\u00e2ncia da obra apresentada e convidou os colaboradores a aprofundarem o conhecimento sobre a hist\u00f3ria salesiana. \u201cEsperamos que este momento desperte em todos a curiosidade de ler a obra e conhecer ainda mais a vida desse salesiano que foi uma verdadeira pedra angular daquilo que somos hoje. Para quem vive e convive no ambiente salesiano, compreender essa hist\u00f3ria ajuda a perceber a profundidade e a for\u00e7a das ra\u00edzes que sustentam nossa miss\u00e3o\u201d, afirmou.<\/p>\n<p>O encontro foi encerrado com agradecimentos, homenagem aos aniversariantes do per\u00edodo e um momento de confraterniza\u00e7\u00e3o entre os colaboradores.<\/p>\n<p><a href=\"https:\/\/unisale.com.br\/pastoral\/wp-content\/uploads\/2025\/12\/WhatsApp-Image-2025-12-19-at-17.49.42-5-1024x682-1.jpeg\"><img decoding=\"async\" class=\"alignnone size-thumbnail wp-image-13614\" src=\"https:\/\/unisale.com.br\/pastoral\/wp-content\/uploads\/2025\/12\/WhatsApp-Image-2025-12-19-at-17.49.42-5-1024x682-1-150x150.jpeg\" alt=\"\" width=\"150\" height=\"150\" \/><\/a> <a href=\"https:\/\/unisale.com.br\/pastoral\/wp-content\/uploads\/2025\/12\/WhatsApp-Image-2025-12-19-at-17.49.42-4-1024x682-1.jpeg\"><img decoding=\"async\" class=\"alignnone size-thumbnail wp-image-13613\" src=\"https:\/\/unisale.com.br\/pastoral\/wp-content\/uploads\/2025\/12\/WhatsApp-Image-2025-12-19-at-17.49.42-4-1024x682-1-150x150.jpeg\" alt=\"\" width=\"150\" height=\"150\" \/><\/a> <a href=\"https:\/\/unisale.com.br\/pastoral\/wp-content\/uploads\/2025\/12\/WhatsApp-Image-2025-12-19-at-17.49.42-3-1024x682-1.jpeg\"><img decoding=\"async\" class=\"alignnone size-thumbnail wp-image-13612\" src=\"https:\/\/unisale.com.br\/pastoral\/wp-content\/uploads\/2025\/12\/WhatsApp-Image-2025-12-19-at-17.49.42-3-1024x682-1-150x150.jpeg\" alt=\"\" width=\"150\" height=\"150\" \/><\/a> <a href=\"https:\/\/unisale.com.br\/pastoral\/wp-content\/uploads\/2025\/12\/WhatsApp-Image-2025-12-19-at-17.49.42-2-1024x682-1.jpeg\"><img loading=\"lazy\" decoding=\"async\" class=\"alignnone size-thumbnail wp-image-13611\" src=\"https:\/\/unisale.com.br\/pastoral\/wp-content\/uploads\/2025\/12\/WhatsApp-Image-2025-12-19-at-17.49.42-2-1024x682-1-150x150.jpeg\" alt=\"\" width=\"150\" height=\"150\" \/><\/a> <a href=\"https:\/\/unisale.com.br\/pastoral\/wp-content\/uploads\/2025\/12\/WhatsApp-Image-2025-12-19-at-17.49.42-1-1024x682-1.jpeg\"><img loading=\"lazy\" decoding=\"async\" class=\"alignnone size-thumbnail wp-image-13610\" src=\"https:\/\/unisale.com.br\/pastoral\/wp-content\/uploads\/2025\/12\/WhatsApp-Image-2025-12-19-at-17.49.42-1-1024x682-1-150x150.jpeg\" alt=\"\" width=\"150\" height=\"150\" \/><\/a> <a href=\"https:\/\/unisale.com.br\/pastoral\/wp-content\/uploads\/2025\/12\/WhatsApp-Image-2025-12-19-at-17.49.42-1024x682-1.jpeg\"><img loading=\"lazy\" decoding=\"async\" class=\"alignnone size-thumbnail wp-image-13609\" src=\"https:\/\/unisale.com.br\/pastoral\/wp-content\/uploads\/2025\/12\/WhatsApp-Image-2025-12-19-at-17.49.42-1024x682-1-150x150.jpeg\" alt=\"\" width=\"150\" height=\"150\" \/><\/a> <a href=\"https:\/\/unisale.com.br\/pastoral\/wp-content\/uploads\/2025\/12\/WhatsApp-Image-2025-12-19-at-17.49.42-26-768x512-2.jpeg\"><img loading=\"lazy\" decoding=\"async\" class=\"alignnone size-thumbnail wp-image-13608\" src=\"https:\/\/unisale.com.br\/pastoral\/wp-content\/uploads\/2025\/12\/WhatsApp-Image-2025-12-19-at-17.49.42-26-768x512-2-150x150.jpeg\" alt=\"\" width=\"150\" height=\"150\" \/><\/a> <a href=\"https:\/\/unisale.com.br\/pastoral\/wp-content\/uploads\/2025\/12\/WhatsApp-Image-2025-12-19-at-17.49.42-26-768x512-1-1.jpeg\"><img loading=\"lazy\" decoding=\"async\" class=\"alignnone size-thumbnail wp-image-13607\" src=\"https:\/\/unisale.com.br\/pastoral\/wp-content\/uploads\/2025\/12\/WhatsApp-Image-2025-12-19-at-17.49.42-26-768x512-1-1-150x150.jpeg\" alt=\"\" width=\"150\" height=\"150\" \/><\/a> <a href=\"https:\/\/unisale.com.br\/pastoral\/wp-content\/uploads\/2025\/12\/WhatsApp-Image-2025-12-19-at-17.49.42-25-1024x682-1.jpeg\"><img loading=\"lazy\" decoding=\"async\" class=\"alignnone size-thumbnail wp-image-13606\" src=\"https:\/\/unisale.com.br\/pastoral\/wp-content\/uploads\/2025\/12\/WhatsApp-Image-2025-12-19-at-17.49.42-25-1024x682-1-150x150.jpeg\" alt=\"\" width=\"150\" height=\"150\" \/><\/a> <a href=\"https:\/\/unisale.com.br\/pastoral\/wp-content\/uploads\/2025\/12\/WhatsApp-Image-2025-12-19-at-17.49.42-24-1024x682-1.jpeg\"><img loading=\"lazy\" decoding=\"async\" class=\"alignnone size-thumbnail wp-image-13605\" src=\"https:\/\/unisale.com.br\/pastoral\/wp-content\/uploads\/2025\/12\/WhatsApp-Image-2025-12-19-at-17.49.42-24-1024x682-1-150x150.jpeg\" alt=\"\" width=\"150\" height=\"150\" \/><\/a> <a href=\"https:\/\/unisale.com.br\/pastoral\/wp-content\/uploads\/2025\/12\/WhatsApp-Image-2025-12-19-at-17.49.42-23-1024x682-1.jpeg\"><img loading=\"lazy\" decoding=\"async\" class=\"alignnone size-thumbnail wp-image-13604\" src=\"https:\/\/unisale.com.br\/pastoral\/wp-content\/uploads\/2025\/12\/WhatsApp-Image-2025-12-19-at-17.49.42-23-1024x682-1-150x150.jpeg\" alt=\"\" width=\"150\" height=\"150\" \/><\/a> <a href=\"https:\/\/unisale.com.br\/pastoral\/wp-content\/uploads\/2025\/12\/WhatsApp-Image-2025-12-19-at-17.49.42-22-1024x682-1.jpeg\"><img loading=\"lazy\" decoding=\"async\" class=\"alignnone size-thumbnail wp-image-13603\" src=\"https:\/\/unisale.com.br\/pastoral\/wp-content\/uploads\/2025\/12\/WhatsApp-Image-2025-12-19-at-17.49.42-22-1024x682-1-150x150.jpeg\" alt=\"\" width=\"150\" height=\"150\" \/><\/a> <a href=\"https:\/\/unisale.com.br\/pastoral\/wp-content\/uploads\/2025\/12\/WhatsApp-Image-2025-12-19-at-17.49.42-21-1024x682-1.jpeg\"><img loading=\"lazy\" decoding=\"async\" class=\"alignnone size-thumbnail wp-image-13602\" src=\"https:\/\/unisale.com.br\/pastoral\/wp-content\/uploads\/2025\/12\/WhatsApp-Image-2025-12-19-at-17.49.42-21-1024x682-1-150x150.jpeg\" alt=\"\" width=\"150\" height=\"150\" \/><\/a> <a href=\"https:\/\/unisale.com.br\/pastoral\/wp-content\/uploads\/2025\/12\/WhatsApp-Image-2025-12-19-at-17.49.42-20-1024x682-1.jpeg\"><img loading=\"lazy\" decoding=\"async\" class=\"alignnone size-thumbnail wp-image-13601\" src=\"https:\/\/unisale.com.br\/pastoral\/wp-content\/uploads\/2025\/12\/WhatsApp-Image-2025-12-19-at-17.49.42-20-1024x682-1-150x150.jpeg\" alt=\"\" width=\"150\" height=\"150\" \/><\/a> <a href=\"https:\/\/unisale.com.br\/pastoral\/wp-content\/uploads\/2025\/12\/WhatsApp-Image-2025-12-19-at-17.49.42-19-1024x682-1.jpeg\"><img loading=\"lazy\" decoding=\"async\" class=\"alignnone size-thumbnail wp-image-13600\" src=\"https:\/\/unisale.com.br\/pastoral\/wp-content\/uploads\/2025\/12\/WhatsApp-Image-2025-12-19-at-17.49.42-19-1024x682-1-150x150.jpeg\" alt=\"\" width=\"150\" height=\"150\" \/><\/a> <a href=\"https:\/\/unisale.com.br\/pastoral\/wp-content\/uploads\/2025\/12\/WhatsApp-Image-2025-12-19-at-17.49.42-18-1024x682-1.jpeg\"><img loading=\"lazy\" decoding=\"async\" class=\"alignnone size-thumbnail wp-image-13599\" src=\"https:\/\/unisale.com.br\/pastoral\/wp-content\/uploads\/2025\/12\/WhatsApp-Image-2025-12-19-at-17.49.42-18-1024x682-1-150x150.jpeg\" alt=\"\" width=\"150\" height=\"150\" \/><\/a> <a href=\"https:\/\/unisale.com.br\/pastoral\/wp-content\/uploads\/2025\/12\/WhatsApp-Image-2025-12-19-at-17.49.42-17-1024x682-1.jpeg\"><img loading=\"lazy\" decoding=\"async\" class=\"alignnone size-thumbnail wp-image-13598\" src=\"https:\/\/unisale.com.br\/pastoral\/wp-content\/uploads\/2025\/12\/WhatsApp-Image-2025-12-19-at-17.49.42-17-1024x682-1-150x150.jpeg\" alt=\"\" width=\"150\" height=\"150\" \/><\/a> <a href=\"https:\/\/unisale.com.br\/pastoral\/wp-content\/uploads\/2025\/12\/WhatsApp-Image-2025-12-19-at-17.49.42-16-1024x682-1.jpeg\"><img loading=\"lazy\" decoding=\"async\" class=\"alignnone size-thumbnail wp-image-13597\" src=\"https:\/\/unisale.com.br\/pastoral\/wp-content\/uploads\/2025\/12\/WhatsApp-Image-2025-12-19-at-17.49.42-16-1024x682-1-150x150.jpeg\" alt=\"\" width=\"150\" height=\"150\" \/><\/a> <a href=\"https:\/\/unisale.com.br\/pastoral\/wp-content\/uploads\/2025\/12\/WhatsApp-Image-2025-12-19-at-17.49.42-15-1024x682-1.jpeg\"><img loading=\"lazy\" decoding=\"async\" class=\"alignnone size-thumbnail wp-image-13596\" src=\"https:\/\/unisale.com.br\/pastoral\/wp-content\/uploads\/2025\/12\/WhatsApp-Image-2025-12-19-at-17.49.42-15-1024x682-1-150x150.jpeg\" alt=\"\" width=\"150\" height=\"150\" \/><\/a> <a href=\"https:\/\/unisale.com.br\/pastoral\/wp-content\/uploads\/2025\/12\/WhatsApp-Image-2025-12-19-at-17.49.42-14-1024x682-1.jpeg\"><img loading=\"lazy\" decoding=\"async\" class=\"alignnone size-thumbnail wp-image-13595\" src=\"https:\/\/unisale.com.br\/pastoral\/wp-content\/uploads\/2025\/12\/WhatsApp-Image-2025-12-19-at-17.49.42-14-1024x682-1-150x150.jpeg\" alt=\"\" width=\"150\" height=\"150\" \/><\/a> <a href=\"https:\/\/unisale.com.br\/pastoral\/wp-content\/uploads\/2025\/12\/WhatsApp-Image-2025-12-19-at-17.49.42-13-1024x682-1.jpeg\"><img loading=\"lazy\" decoding=\"async\" class=\"alignnone size-thumbnail wp-image-13594\" src=\"https:\/\/unisale.com.br\/pastoral\/wp-content\/uploads\/2025\/12\/WhatsApp-Image-2025-12-19-at-17.49.42-13-1024x682-1-150x150.jpeg\" alt=\"\" width=\"150\" height=\"150\" \/><\/a> <a href=\"https:\/\/unisale.com.br\/pastoral\/wp-content\/uploads\/2025\/12\/WhatsApp-Image-2025-12-19-at-17.49.42-11-1024x682-1.jpeg\"><img loading=\"lazy\" decoding=\"async\" class=\"alignnone size-thumbnail wp-image-13593\" src=\"https:\/\/unisale.com.br\/pastoral\/wp-content\/uploads\/2025\/12\/WhatsApp-Image-2025-12-19-at-17.49.42-11-1024x682-1-150x150.jpeg\" alt=\"\" width=\"150\" height=\"150\" \/><\/a> <a href=\"https:\/\/unisale.com.br\/pastoral\/wp-content\/uploads\/2025\/12\/WhatsApp-Image-2025-12-19-at-17.49.42-10-1024x682-1.jpeg\"><img loading=\"lazy\" decoding=\"async\" class=\"alignnone size-thumbnail wp-image-13592\" src=\"https:\/\/unisale.com.br\/pastoral\/wp-content\/uploads\/2025\/12\/WhatsApp-Image-2025-12-19-at-17.49.42-10-1024x682-1-150x150.jpeg\" alt=\"\" width=\"150\" height=\"150\" \/><\/a> <a href=\"https:\/\/unisale.com.br\/pastoral\/wp-content\/uploads\/2025\/12\/WhatsApp-Image-2025-12-19-at-17.49.42-9-1024x682-1.jpeg\"><img loading=\"lazy\" decoding=\"async\" class=\"alignnone size-thumbnail wp-image-13591\" src=\"https:\/\/unisale.com.br\/pastoral\/wp-content\/uploads\/2025\/12\/WhatsApp-Image-2025-12-19-at-17.49.42-9-1024x682-1-150x150.jpeg\" alt=\"\" width=\"150\" height=\"150\" \/><\/a> <a href=\"https:\/\/unisale.com.br\/pastoral\/wp-content\/uploads\/2025\/12\/WhatsApp-Image-2025-12-19-at-17.49.42-8-1024x682-1.jpeg\"><img loading=\"lazy\" decoding=\"async\" class=\"alignnone size-thumbnail wp-image-13590\" src=\"https:\/\/unisale.com.br\/pastoral\/wp-content\/uploads\/2025\/12\/WhatsApp-Image-2025-12-19-at-17.49.42-8-1024x682-1-150x150.jpeg\" alt=\"\" width=\"150\" height=\"150\" \/><\/a> <a href=\"https:\/\/unisale.com.br\/pastoral\/wp-content\/uploads\/2025\/12\/WhatsApp-Image-2025-12-19-at-17.49.42-7-1024x682-1.jpeg\"><img loading=\"lazy\" decoding=\"async\" class=\"alignnone size-thumbnail wp-image-13589\" src=\"https:\/\/unisale.com.br\/pastoral\/wp-content\/uploads\/2025\/12\/WhatsApp-Image-2025-12-19-at-17.49.42-7-1024x682-1-150x150.jpeg\" alt=\"\" width=\"150\" height=\"150\" \/><\/a> <a href=\"https:\/\/unisale.com.br\/pastoral\/formacao-mensal-encerra-2025-no-unisalesiano-com-apresentacao-de-biografia-salesiana\/whatsapp-image-2025-12-19-at-17-49-42-6-1024x682\/\" rel=\"attachment wp-att-13588\"><img loading=\"lazy\" decoding=\"async\" class=\"alignnone size-thumbnail wp-image-13588\" src=\"https:\/\/unisale.com.br\/pastoral\/wp-content\/uploads\/2025\/12\/WhatsApp-Image-2025-12-19-at-17.49.42-6-1024x682-1-150x150.jpeg\" alt=\"\" width=\"150\" height=\"150\" \/><\/a><\/p>\n","protected":false},"excerpt":{"rendered":"<p>A\u00a0Pastoral Universit\u00e1ria e o Departamento de Recursos Humanos do UniSALESIANO\u00a0promoveram, nesta sexta-feira (19), na capela do Centro de Conviv\u00eancia, a \u00faltima\u00a0Forma\u00e7\u00e3o Mensal de 2025, reunindo&#8230;<\/p>\n","protected":false},"author":1,"featured_media":13587,"comment_status":"closed","ping_status":"closed","sticky":false,"template":"","format":"standard","meta":{"_acf_changed":false,"footnotes":""},"categories":[3],"tags":[],"class_list":["post-13586","post","type-post","status-publish","format-standard","has-post-thumbnail","hentry","category-not"],"acf":[],"yoast_head":"<!-- This site is optimized with the Yoast SEO plugin v27.3 - https:\/\/yoast.com\/product\/yoast-seo-wordpress\/ -->\n<title>Forma\u00e7\u00e3o mensal encerra 2025 no UniSALESIANO com apresenta\u00e7\u00e3o de biografia salesiana - Pastoral Universit\u00e1ria UniSALESIANO<\/title>\n<meta name=\"robots\" content=\"index, follow, max-snippet:-1, max-image-preview:large, max-video-preview:-1\" \/>\n<link rel=\"canonical\" href=\"https:\/\/unisale.com.br\/pastoral\/formacao-mensal-encerra-2025-no-unisalesiano-com-apresentacao-de-biografia-salesiana\/\" \/>\n<meta property=\"og:locale\" content=\"pt_BR\" \/>\n<meta property=\"og:type\" content=\"article\" \/>\n<meta property=\"og:title\" content=\"Forma\u00e7\u00e3o mensal encerra 2025 no UniSALESIANO com apresenta\u00e7\u00e3o de biografia salesiana - Pastoral Universit\u00e1ria UniSALESIANO\" \/>\n<meta property=\"og:description\" content=\"A\u00a0Pastoral Universit\u00e1ria e o Departamento de Recursos Humanos do UniSALESIANO\u00a0promoveram, nesta sexta-feira (19), na capela do Centro de Conviv\u00eancia, a \u00faltima\u00a0Forma\u00e7\u00e3o Mensal de 2025, reunindo...\" \/>\n<meta property=\"og:url\" content=\"https:\/\/unisale.com.br\/pastoral\/formacao-mensal-encerra-2025-no-unisalesiano-com-apresentacao-de-biografia-salesiana\/\" \/>\n<meta property=\"og:site_name\" content=\"Pastoral Universit\u00e1ria UniSALESIANO\" \/>\n<meta property=\"article:published_time\" content=\"2025-12-22T16:22:01+00:00\" \/>\n<meta property=\"og:image\" content=\"https:\/\/unisale.com.br\/pastoral\/wp-content\/uploads\/2025\/12\/WhatsApp-Image-2025-12-19-at-17.49.42-26-768x512-1.jpeg\" \/>\n\t<meta property=\"og:image:width\" content=\"768\" \/>\n\t<meta property=\"og:image:height\" content=\"512\" \/>\n\t<meta property=\"og:image:type\" content=\"image\/jpeg\" \/>\n<meta name=\"author\" content=\"pastoral\" \/>\n<meta name=\"twitter:card\" content=\"summary_large_image\" \/>\n<meta name=\"twitter:label1\" content=\"Escrito por\" \/>\n\t<meta name=\"twitter:data1\" content=\"pastoral\" \/>\n\t<meta name=\"twitter:label2\" content=\"Est. tempo de leitura\" \/>\n\t<meta name=\"twitter:data2\" content=\"9 minutos\" \/>\n<script type=\"application\/ld+json\" class=\"yoast-schema-graph\">{\"@context\":\"https:\\\/\\\/schema.org\",\"@graph\":[{\"@type\":\"Article\",\"@id\":\"https:\\\/\\\/unisale.com.br\\\/pastoral\\\/formacao-mensal-encerra-2025-no-unisalesiano-com-apresentacao-de-biografia-salesiana\\\/#article\",\"isPartOf\":{\"@id\":\"https:\\\/\\\/unisale.com.br\\\/pastoral\\\/formacao-mensal-encerra-2025-no-unisalesiano-com-apresentacao-de-biografia-salesiana\\\/\"},\"author\":{\"name\":\"pastoral\",\"@id\":\"https:\\\/\\\/unisale.com.br\\\/pastoral\\\/#\\\/schema\\\/person\\\/a16ba711a0f7dec9cb6b44563144d5a3\"},\"headline\":\"Forma\u00e7\u00e3o mensal encerra 2025 no UniSALESIANO com apresenta\u00e7\u00e3o de biografia salesiana\",\"datePublished\":\"2025-12-22T16:22:01+00:00\",\"mainEntityOfPage\":{\"@id\":\"https:\\\/\\\/unisale.com.br\\\/pastoral\\\/formacao-mensal-encerra-2025-no-unisalesiano-com-apresentacao-de-biografia-salesiana\\\/\"},\"wordCount\":572,\"image\":{\"@id\":\"https:\\\/\\\/unisale.com.br\\\/pastoral\\\/formacao-mensal-encerra-2025-no-unisalesiano-com-apresentacao-de-biografia-salesiana\\\/#primaryimage\"},\"thumbnailUrl\":\"https:\\\/\\\/unisale.com.br\\\/pastoral\\\/wp-content\\\/uploads\\\/2025\\\/12\\\/WhatsApp-Image-2025-12-19-at-17.49.42-26-768x512-1.jpeg\",\"articleSection\":[\"Not\u00edcias\"],\"inLanguage\":\"pt-BR\"},{\"@type\":\"WebPage\",\"@id\":\"https:\\\/\\\/unisale.com.br\\\/pastoral\\\/formacao-mensal-encerra-2025-no-unisalesiano-com-apresentacao-de-biografia-salesiana\\\/\",\"url\":\"https:\\\/\\\/unisale.com.br\\\/pastoral\\\/formacao-mensal-encerra-2025-no-unisalesiano-com-apresentacao-de-biografia-salesiana\\\/\",\"name\":\"Forma\u00e7\u00e3o mensal encerra 2025 no UniSALESIANO com apresenta\u00e7\u00e3o de biografia salesiana - Pastoral Universit\u00e1ria UniSALESIANO\",\"isPartOf\":{\"@id\":\"https:\\\/\\\/unisale.com.br\\\/pastoral\\\/#website\"},\"primaryImageOfPage\":{\"@id\":\"https:\\\/\\\/unisale.com.br\\\/pastoral\\\/formacao-mensal-encerra-2025-no-unisalesiano-com-apresentacao-de-biografia-salesiana\\\/#primaryimage\"},\"image\":{\"@id\":\"https:\\\/\\\/unisale.com.br\\\/pastoral\\\/formacao-mensal-encerra-2025-no-unisalesiano-com-apresentacao-de-biografia-salesiana\\\/#primaryimage\"},\"thumbnailUrl\":\"https:\\\/\\\/unisale.com.br\\\/pastoral\\\/wp-content\\\/uploads\\\/2025\\\/12\\\/WhatsApp-Image-2025-12-19-at-17.49.42-26-768x512-1.jpeg\",\"datePublished\":\"2025-12-22T16:22:01+00:00\",\"author\":{\"@id\":\"https:\\\/\\\/unisale.com.br\\\/pastoral\\\/#\\\/schema\\\/person\\\/a16ba711a0f7dec9cb6b44563144d5a3\"},\"inLanguage\":\"pt-BR\",\"potentialAction\":[{\"@type\":\"ReadAction\",\"target\":[\"https:\\\/\\\/unisale.com.br\\\/pastoral\\\/formacao-mensal-encerra-2025-no-unisalesiano-com-apresentacao-de-biografia-salesiana\\\/\"]}]},{\"@type\":\"ImageObject\",\"inLanguage\":\"pt-BR\",\"@id\":\"https:\\\/\\\/unisale.com.br\\\/pastoral\\\/formacao-mensal-encerra-2025-no-unisalesiano-com-apresentacao-de-biografia-salesiana\\\/#primaryimage\",\"url\":\"https:\\\/\\\/unisale.com.br\\\/pastoral\\\/wp-content\\\/uploads\\\/2025\\\/12\\\/WhatsApp-Image-2025-12-19-at-17.49.42-26-768x512-1.jpeg\",\"contentUrl\":\"https:\\\/\\\/unisale.com.br\\\/pastoral\\\/wp-content\\\/uploads\\\/2025\\\/12\\\/WhatsApp-Image-2025-12-19-at-17.49.42-26-768x512-1.jpeg\",\"width\":750,\"height\":500},{\"@type\":\"WebSite\",\"@id\":\"https:\\\/\\\/unisale.com.br\\\/pastoral\\\/#website\",\"url\":\"https:\\\/\\\/unisale.com.br\\\/pastoral\\\/\",\"name\":\"Pastoral Universit\u00e1ria UniSALESIANO\",\"description\":\"Site da Pastoral Universit\u00e1ria do UniSALESIANO\",\"potentialAction\":[{\"@type\":\"SearchAction\",\"target\":{\"@type\":\"EntryPoint\",\"urlTemplate\":\"https:\\\/\\\/unisale.com.br\\\/pastoral\\\/?s={search_term_string}\"},\"query-input\":{\"@type\":\"PropertyValueSpecification\",\"valueRequired\":true,\"valueName\":\"search_term_string\"}}],\"inLanguage\":\"pt-BR\"},{\"@type\":\"Person\",\"@id\":\"https:\\\/\\\/unisale.com.br\\\/pastoral\\\/#\\\/schema\\\/person\\\/a16ba711a0f7dec9cb6b44563144d5a3\",\"name\":\"pastoral\",\"url\":\"https:\\\/\\\/unisale.com.br\\\/pastoral\\\/author\\\/pastoral\\\/\"}]}<\/script>\n<!-- \/ Yoast SEO plugin. -->","yoast_head_json":{"title":"Forma\u00e7\u00e3o mensal encerra 2025 no UniSALESIANO com apresenta\u00e7\u00e3o de biografia salesiana - Pastoral Universit\u00e1ria UniSALESIANO","robots":{"index":"index","follow":"follow","max-snippet":"max-snippet:-1","max-image-preview":"max-image-preview:large","max-video-preview":"max-video-preview:-1"},"canonical":"https:\/\/unisale.com.br\/pastoral\/formacao-mensal-encerra-2025-no-unisalesiano-com-apresentacao-de-biografia-salesiana\/","og_locale":"pt_BR","og_type":"article","og_title":"Forma\u00e7\u00e3o mensal encerra 2025 no UniSALESIANO com apresenta\u00e7\u00e3o de biografia salesiana - Pastoral Universit\u00e1ria UniSALESIANO","og_description":"A\u00a0Pastoral Universit\u00e1ria e o Departamento de Recursos Humanos do UniSALESIANO\u00a0promoveram, nesta sexta-feira (19), na capela do Centro de Conviv\u00eancia, a \u00faltima\u00a0Forma\u00e7\u00e3o Mensal de 2025, reunindo...","og_url":"https:\/\/unisale.com.br\/pastoral\/formacao-mensal-encerra-2025-no-unisalesiano-com-apresentacao-de-biografia-salesiana\/","og_site_name":"Pastoral Universit\u00e1ria UniSALESIANO","article_published_time":"2025-12-22T16:22:01+00:00","og_image":[{"width":768,"height":512,"url":"https:\/\/unisale.com.br\/pastoral\/wp-content\/uploads\/2025\/12\/WhatsApp-Image-2025-12-19-at-17.49.42-26-768x512-1.jpeg","type":"image\/jpeg"}],"author":"pastoral","twitter_card":"summary_large_image","twitter_misc":{"Escrito por":"pastoral","Est. tempo de leitura":"9 minutos"},"schema":{"@context":"https:\/\/schema.org","@graph":[{"@type":"Article","@id":"https:\/\/unisale.com.br\/pastoral\/formacao-mensal-encerra-2025-no-unisalesiano-com-apresentacao-de-biografia-salesiana\/#article","isPartOf":{"@id":"https:\/\/unisale.com.br\/pastoral\/formacao-mensal-encerra-2025-no-unisalesiano-com-apresentacao-de-biografia-salesiana\/"},"author":{"name":"pastoral","@id":"https:\/\/unisale.com.br\/pastoral\/#\/schema\/person\/a16ba711a0f7dec9cb6b44563144d5a3"},"headline":"Forma\u00e7\u00e3o mensal encerra 2025 no UniSALESIANO com apresenta\u00e7\u00e3o de biografia salesiana","datePublished":"2025-12-22T16:22:01+00:00","mainEntityOfPage":{"@id":"https:\/\/unisale.com.br\/pastoral\/formacao-mensal-encerra-2025-no-unisalesiano-com-apresentacao-de-biografia-salesiana\/"},"wordCount":572,"image":{"@id":"https:\/\/unisale.com.br\/pastoral\/formacao-mensal-encerra-2025-no-unisalesiano-com-apresentacao-de-biografia-salesiana\/#primaryimage"},"thumbnailUrl":"https:\/\/unisale.com.br\/pastoral\/wp-content\/uploads\/2025\/12\/WhatsApp-Image-2025-12-19-at-17.49.42-26-768x512-1.jpeg","articleSection":["Not\u00edcias"],"inLanguage":"pt-BR"},{"@type":"WebPage","@id":"https:\/\/unisale.com.br\/pastoral\/formacao-mensal-encerra-2025-no-unisalesiano-com-apresentacao-de-biografia-salesiana\/","url":"https:\/\/unisale.com.br\/pastoral\/formacao-mensal-encerra-2025-no-unisalesiano-com-apresentacao-de-biografia-salesiana\/","name":"Forma\u00e7\u00e3o mensal encerra 2025 no UniSALESIANO com apresenta\u00e7\u00e3o de biografia salesiana - Pastoral Universit\u00e1ria UniSALESIANO","isPartOf":{"@id":"https:\/\/unisale.com.br\/pastoral\/#website"},"primaryImageOfPage":{"@id":"https:\/\/unisale.com.br\/pastoral\/formacao-mensal-encerra-2025-no-unisalesiano-com-apresentacao-de-biografia-salesiana\/#primaryimage"},"image":{"@id":"https:\/\/unisale.com.br\/pastoral\/formacao-mensal-encerra-2025-no-unisalesiano-com-apresentacao-de-biografia-salesiana\/#primaryimage"},"thumbnailUrl":"https:\/\/unisale.com.br\/pastoral\/wp-content\/uploads\/2025\/12\/WhatsApp-Image-2025-12-19-at-17.49.42-26-768x512-1.jpeg","datePublished":"2025-12-22T16:22:01+00:00","author":{"@id":"https:\/\/unisale.com.br\/pastoral\/#\/schema\/person\/a16ba711a0f7dec9cb6b44563144d5a3"},"inLanguage":"pt-BR","potentialAction":[{"@type":"ReadAction","target":["https:\/\/unisale.com.br\/pastoral\/formacao-mensal-encerra-2025-no-unisalesiano-com-apresentacao-de-biografia-salesiana\/"]}]},{"@type":"ImageObject","inLanguage":"pt-BR","@id":"https:\/\/unisale.com.br\/pastoral\/formacao-mensal-encerra-2025-no-unisalesiano-com-apresentacao-de-biografia-salesiana\/#primaryimage","url":"https:\/\/unisale.com.br\/pastoral\/wp-content\/uploads\/2025\/12\/WhatsApp-Image-2025-12-19-at-17.49.42-26-768x512-1.jpeg","contentUrl":"https:\/\/unisale.com.br\/pastoral\/wp-content\/uploads\/2025\/12\/WhatsApp-Image-2025-12-19-at-17.49.42-26-768x512-1.jpeg","width":750,"height":500},{"@type":"WebSite","@id":"https:\/\/unisale.com.br\/pastoral\/#website","url":"https:\/\/unisale.com.br\/pastoral\/","name":"Pastoral Universit\u00e1ria UniSALESIANO","description":"Site da Pastoral Universit\u00e1ria do UniSALESIANO","potentialAction":[{"@type":"SearchAction","target":{"@type":"EntryPoint","urlTemplate":"https:\/\/unisale.com.br\/pastoral\/?s={search_term_string}"},"query-input":{"@type":"PropertyValueSpecification","valueRequired":true,"valueName":"search_term_string"}}],"inLanguage":"pt-BR"},{"@type":"Person","@id":"https:\/\/unisale.com.br\/pastoral\/#\/schema\/person\/a16ba711a0f7dec9cb6b44563144d5a3","name":"pastoral","url":"https:\/\/unisale.com.br\/pastoral\/author\/pastoral\/"}]}},"_links":{"self":[{"href":"https:\/\/unisale.com.br\/pastoral\/wp-json\/wp\/v2\/posts\/13586","targetHints":{"allow":["GET"]}}],"collection":[{"href":"https:\/\/unisale.com.br\/pastoral\/wp-json\/wp\/v2\/posts"}],"about":[{"href":"https:\/\/unisale.com.br\/pastoral\/wp-json\/wp\/v2\/types\/post"}],"author":[{"embeddable":true,"href":"https:\/\/unisale.com.br\/pastoral\/wp-json\/wp\/v2\/users\/1"}],"replies":[{"embeddable":true,"href":"https:\/\/unisale.com.br\/pastoral\/wp-json\/wp\/v2\/comments?post=13586"}],"version-history":[{"count":2,"href":"https:\/\/unisale.com.br\/pastoral\/wp-json\/wp\/v2\/posts\/13586\/revisions"}],"predecessor-version":[{"id":13616,"href":"https:\/\/unisale.com.br\/pastoral\/wp-json\/wp\/v2\/posts\/13586\/revisions\/13616"}],"wp:featuredmedia":[{"embeddable":true,"href":"https:\/\/unisale.com.br\/pastoral\/wp-json\/wp\/v2\/media\/13587"}],"wp:attachment":[{"href":"https:\/\/unisale.com.br\/pastoral\/wp-json\/wp\/v2\/media?parent=13586"}],"wp:term":[{"taxonomy":"category","embeddable":true,"href":"https:\/\/unisale.com.br\/pastoral\/wp-json\/wp\/v2\/categories?post=13586"},{"taxonomy":"post_tag","embeddable":true,"href":"https:\/\/unisale.com.br\/pastoral\/wp-json\/wp\/v2\/tags?post=13586"}],"curies":[{"name":"wp","href":"https:\/\/api.w.org\/{rel}","templated":true}]}}