{"id":13622,"date":"2025-12-29T10:49:14","date_gmt":"2025-12-29T10:49:14","guid":{"rendered":"https:\/\/unisale.com.br\/pastoral\/?p=13622"},"modified":"2025-12-29T10:49:14","modified_gmt":"2025-12-29T10:49:14","slug":"29-12-porque-meus-olhos-viram-a-tua-salvacao-4","status":"publish","type":"post","link":"https:\/\/unisale.com.br\/pastoral\/29-12-porque-meus-olhos-viram-a-tua-salvacao-4\/","title":{"rendered":".29\/12 &#8211; &#8230;porque meus olhos viram a tua salva\u00e7\u00e3o&#8230;"},"content":{"rendered":"<p>Segunda-feira, 29 de dezembro de 2025.<\/p>\n<p>&nbsp;<\/p>\n<p>Evangelho (Lc 2,22-35)<\/p>\n<p>&nbsp;<\/p>\n<p><strong>\u201c&#8230;porque meus olhos viram a tua salva\u00e7\u00e3o&#8230;\u201d<\/strong><\/p>\n<p>&nbsp;<\/p>\n<p><sup>22<\/sup>Quando se completaram os dias para a purifica\u00e7\u00e3o da m\u00e3e e do filho, conforme a Lei de Mois\u00e9s, Maria e Jos\u00e9 levaram Jesus a Jerusal\u00e9m, a fim de apresent\u00e1-lo ao Senhor. <sup>23<\/sup>Conforme est\u00e1 escrito na Lei do Senhor: \u201cTodo primog\u00eanito do sexo masculino deve ser consagrado ao Senhor\u201d. <sup>24<\/sup>Foram tamb\u00e9m oferecer o sacrif\u00edcio \u2013 um par de rolas ou dois pombinhos \u2013 como est\u00e1 ordenado na Lei do Senhor. <sup>25<\/sup>Em Jerusal\u00e9m, havia um homem chamado Sime\u00e3o, o qual era justo e piedoso, <sup>26<\/sup>e esperava a consola\u00e7\u00e3o do povo de Israel. O Esp\u00edrito Santo estava com ele e lhe havia anunciado que n\u00e3o morreria antes de ver o Messias que vem do Senhor. <sup>27<\/sup>Movido pelo Esp\u00edrito, Sime\u00e3o veio ao Templo. Quando os pais trouxeram o menino Jesus para cumprir o que a Lei ordenava, <sup>28<\/sup>Sime\u00e3o tomou o menino nos bra\u00e7os e bendisse a Deus: <sup>29<\/sup> \u201cAgora, Senhor, conforme a tua promessa, podes deixar teu servo partir em paz; <sup>30<\/sup>porque meus olhos viram a tua salva\u00e7\u00e3o, <sup>31<\/sup>que preparaste diante de todos os povos: <sup>32<\/sup>luz para iluminar as na\u00e7\u00f5es e gl\u00f3ria do teu povo Israel\u201d. <sup>33<\/sup>O pai e a m\u00e3e de Jesus estavam admirados com o que diziam a respeito dele. <sup>34<\/sup>Sime\u00e3o os aben\u00e7oou e disse a Maria, a m\u00e3e de Jesus: \u201cEste menino vai ser causa tanto de queda como de reerguimento para muitos em Israel. Ele ser\u00e1 um sinal de contradi\u00e7\u00e3o. <sup>35<\/sup>Assim ser\u00e3o revelados os pensamentos de muitos cora\u00e7\u00f5es. Quanto a ti uma espada te transpassar\u00e1 a alma\u201d.<\/p>\n<p>&nbsp;<\/p>\n<p><strong>Reflex\u00e3o<\/strong><\/p>\n<p>&nbsp;<\/p>\n<p>Um anci\u00e3o humilde \u00e0 espera do Salvador. Assim poder\u00edamos definir o velho Sime\u00e3o. Ele \u00e9 a imagem da espera. Uma inteira exist\u00eancia passada na espera do momento, aquela gra\u00e7a de ter nos bra\u00e7os o Menino. Jesus representa o sentido da vida. E toda a nossa exist\u00eancia \u00e9 uma cont\u00ednua busca deste sentido, deste mist\u00e9rio que transfigura todas as coisas. Sime\u00e3o \u00e9 um convite a cada um de n\u00f3s, ele nos recorda que devemos acreditar mais naquilo que o Senhor nos coloca no cora\u00e7\u00e3o, que \u00e9 a evid\u00eancia das coisas que parecem nos dizer que o tempo passa e n\u00f3s esperamos em v\u00e3o. Deus n\u00e3o nos trairia jamais nos colocando no cora\u00e7\u00e3o algo para depois neg\u00e1-lo. Esperar \u00e9 um outro modo de dizer que devemos confiar. E quem confia, pode ser que um dia poder\u00e1 fazer a experi\u00eancia deste homem que possu\u00eddo de uma profunda alegria, profetiza palavras extraordin\u00e1rias. Deus nos concede de poder um dia ver com os nossos olhos a esperan\u00e7a que n\u00f3s levamos no cora\u00e7\u00e3o. Mas at\u00e9 l\u00e1 devemos sempre nos perguntar se queremos viver resignados ou viver como Sime\u00e3o. Ele \u00e9 o oposto da resigna\u00e7\u00e3o. Dele podemos ao inv\u00e9s dizer que existe eterna juventude, porque jovem \u00e9 quem agora espera algo na vida. A juventude n\u00e3o \u00e9 jamais um fato cronol\u00f3gico, mas uma quest\u00e3o de uma viva espera ou resigna\u00e7\u00e3o mantida \u00e0 dist\u00e2ncia.<\/p>\n<p><strong>Pe. Paulo Eduardo J\u00e1como, SDB<\/strong><\/p>\n","protected":false},"excerpt":{"rendered":"<p>Segunda-feira, 29 de dezembro de 2025. &nbsp; Evangelho (Lc 2,22-35) &nbsp; \u201c&#8230;porque meus olhos viram a tua salva\u00e7\u00e3o&#8230;\u201d &nbsp; 22Quando se completaram os dias para&#8230;<\/p>\n","protected":false},"author":1,"featured_media":13623,"comment_status":"closed","ping_status":"closed","sticky":false,"template":"","format":"standard","meta":{"_acf_changed":false,"footnotes":""},"categories":[13],"tags":[],"class_list":["post-13622","post","type-post","status-publish","format-standard","has-post-thumbnail","hentry","category-reflexaodoevagelho"],"acf":[],"yoast_head":"<!-- This site is optimized with the Yoast SEO plugin v27.3 - https:\/\/yoast.com\/product\/yoast-seo-wordpress\/ -->\n<title>.29\/12 - ...porque meus olhos viram a tua salva\u00e7\u00e3o... - Pastoral Universit\u00e1ria UniSALESIANO<\/title>\n<meta name=\"robots\" content=\"index, follow, max-snippet:-1, max-image-preview:large, max-video-preview:-1\" \/>\n<link rel=\"canonical\" href=\"https:\/\/unisale.com.br\/pastoral\/29-12-porque-meus-olhos-viram-a-tua-salvacao-4\/\" \/>\n<meta property=\"og:locale\" content=\"pt_BR\" \/>\n<meta property=\"og:type\" content=\"article\" \/>\n<meta property=\"og:title\" content=\".29\/12 - ...porque meus olhos viram a tua salva\u00e7\u00e3o... - Pastoral Universit\u00e1ria UniSALESIANO\" \/>\n<meta property=\"og:description\" content=\"Segunda-feira, 29 de dezembro de 2025. &nbsp; Evangelho (Lc 2,22-35) &nbsp; \u201c&#8230;porque meus olhos viram a tua salva\u00e7\u00e3o&#8230;\u201d &nbsp; 22Quando se completaram os dias para...\" \/>\n<meta property=\"og:url\" content=\"https:\/\/unisale.com.br\/pastoral\/29-12-porque-meus-olhos-viram-a-tua-salvacao-4\/\" \/>\n<meta property=\"og:site_name\" content=\"Pastoral Universit\u00e1ria UniSALESIANO\" \/>\n<meta property=\"article:published_time\" content=\"2025-12-29T10:49:14+00:00\" \/>\n<meta property=\"og:image\" content=\"https:\/\/unisale.com.br\/pastoral\/wp-content\/uploads\/2025\/12\/Gemini_Generated_Image_s2txb3s2txb3s2tx-1024x559.png\" \/>\n\t<meta property=\"og:image:width\" content=\"1024\" \/>\n\t<meta property=\"og:image:height\" content=\"559\" \/>\n\t<meta property=\"og:image:type\" content=\"image\/png\" \/>\n<meta name=\"author\" content=\"pastoral\" \/>\n<meta name=\"twitter:card\" content=\"summary_large_image\" \/>\n<meta name=\"twitter:label1\" content=\"Escrito por\" \/>\n\t<meta name=\"twitter:data1\" content=\"pastoral\" \/>\n\t<meta name=\"twitter:label2\" content=\"Est. tempo de leitura\" \/>\n\t<meta name=\"twitter:data2\" content=\"3 minutos\" \/>\n<script type=\"application\/ld+json\" class=\"yoast-schema-graph\">{\"@context\":\"https:\\\/\\\/schema.org\",\"@graph\":[{\"@type\":\"Article\",\"@id\":\"https:\\\/\\\/unisale.com.br\\\/pastoral\\\/29-12-porque-meus-olhos-viram-a-tua-salvacao-4\\\/#article\",\"isPartOf\":{\"@id\":\"https:\\\/\\\/unisale.com.br\\\/pastoral\\\/29-12-porque-meus-olhos-viram-a-tua-salvacao-4\\\/\"},\"author\":{\"name\":\"pastoral\",\"@id\":\"https:\\\/\\\/unisale.com.br\\\/pastoral\\\/#\\\/schema\\\/person\\\/a16ba711a0f7dec9cb6b44563144d5a3\"},\"headline\":\".29\\\/12 &#8211; &#8230;porque meus olhos viram a tua salva\u00e7\u00e3o&#8230;\",\"datePublished\":\"2025-12-29T10:49:14+00:00\",\"mainEntityOfPage\":{\"@id\":\"https:\\\/\\\/unisale.com.br\\\/pastoral\\\/29-12-porque-meus-olhos-viram-a-tua-salvacao-4\\\/\"},\"wordCount\":556,\"image\":{\"@id\":\"https:\\\/\\\/unisale.com.br\\\/pastoral\\\/29-12-porque-meus-olhos-viram-a-tua-salvacao-4\\\/#primaryimage\"},\"thumbnailUrl\":\"https:\\\/\\\/unisale.com.br\\\/pastoral\\\/wp-content\\\/uploads\\\/2025\\\/12\\\/Gemini_Generated_Image_s2txb3s2txb3s2tx-scaled-1.jpg\",\"articleSection\":[\"Reflex\u00e3o do Evangelho\"],\"inLanguage\":\"pt-BR\"},{\"@type\":\"WebPage\",\"@id\":\"https:\\\/\\\/unisale.com.br\\\/pastoral\\\/29-12-porque-meus-olhos-viram-a-tua-salvacao-4\\\/\",\"url\":\"https:\\\/\\\/unisale.com.br\\\/pastoral\\\/29-12-porque-meus-olhos-viram-a-tua-salvacao-4\\\/\",\"name\":\".29\\\/12 - ...porque meus olhos viram a tua salva\u00e7\u00e3o... - Pastoral Universit\u00e1ria UniSALESIANO\",\"isPartOf\":{\"@id\":\"https:\\\/\\\/unisale.com.br\\\/pastoral\\\/#website\"},\"primaryImageOfPage\":{\"@id\":\"https:\\\/\\\/unisale.com.br\\\/pastoral\\\/29-12-porque-meus-olhos-viram-a-tua-salvacao-4\\\/#primaryimage\"},\"image\":{\"@id\":\"https:\\\/\\\/unisale.com.br\\\/pastoral\\\/29-12-porque-meus-olhos-viram-a-tua-salvacao-4\\\/#primaryimage\"},\"thumbnailUrl\":\"https:\\\/\\\/unisale.com.br\\\/pastoral\\\/wp-content\\\/uploads\\\/2025\\\/12\\\/Gemini_Generated_Image_s2txb3s2txb3s2tx-scaled-1.jpg\",\"datePublished\":\"2025-12-29T10:49:14+00:00\",\"author\":{\"@id\":\"https:\\\/\\\/unisale.com.br\\\/pastoral\\\/#\\\/schema\\\/person\\\/a16ba711a0f7dec9cb6b44563144d5a3\"},\"inLanguage\":\"pt-BR\",\"potentialAction\":[{\"@type\":\"ReadAction\",\"target\":[\"https:\\\/\\\/unisale.com.br\\\/pastoral\\\/29-12-porque-meus-olhos-viram-a-tua-salvacao-4\\\/\"]}]},{\"@type\":\"ImageObject\",\"inLanguage\":\"pt-BR\",\"@id\":\"https:\\\/\\\/unisale.com.br\\\/pastoral\\\/29-12-porque-meus-olhos-viram-a-tua-salvacao-4\\\/#primaryimage\",\"url\":\"https:\\\/\\\/unisale.com.br\\\/pastoral\\\/wp-content\\\/uploads\\\/2025\\\/12\\\/Gemini_Generated_Image_s2txb3s2txb3s2tx-scaled-1.jpg\",\"contentUrl\":\"https:\\\/\\\/unisale.com.br\\\/pastoral\\\/wp-content\\\/uploads\\\/2025\\\/12\\\/Gemini_Generated_Image_s2txb3s2txb3s2tx-scaled-1.jpg\",\"width\":917,\"height\":500},{\"@type\":\"WebSite\",\"@id\":\"https:\\\/\\\/unisale.com.br\\\/pastoral\\\/#website\",\"url\":\"https:\\\/\\\/unisale.com.br\\\/pastoral\\\/\",\"name\":\"Pastoral Universit\u00e1ria UniSALESIANO\",\"description\":\"Site da Pastoral Universit\u00e1ria do UniSALESIANO\",\"potentialAction\":[{\"@type\":\"SearchAction\",\"target\":{\"@type\":\"EntryPoint\",\"urlTemplate\":\"https:\\\/\\\/unisale.com.br\\\/pastoral\\\/?s={search_term_string}\"},\"query-input\":{\"@type\":\"PropertyValueSpecification\",\"valueRequired\":true,\"valueName\":\"search_term_string\"}}],\"inLanguage\":\"pt-BR\"},{\"@type\":\"Person\",\"@id\":\"https:\\\/\\\/unisale.com.br\\\/pastoral\\\/#\\\/schema\\\/person\\\/a16ba711a0f7dec9cb6b44563144d5a3\",\"name\":\"pastoral\",\"url\":\"https:\\\/\\\/unisale.com.br\\\/pastoral\\\/author\\\/pastoral\\\/\"}]}<\/script>\n<!-- \/ Yoast SEO plugin. -->","yoast_head_json":{"title":".29\/12 - ...porque meus olhos viram a tua salva\u00e7\u00e3o... - Pastoral Universit\u00e1ria UniSALESIANO","robots":{"index":"index","follow":"follow","max-snippet":"max-snippet:-1","max-image-preview":"max-image-preview:large","max-video-preview":"max-video-preview:-1"},"canonical":"https:\/\/unisale.com.br\/pastoral\/29-12-porque-meus-olhos-viram-a-tua-salvacao-4\/","og_locale":"pt_BR","og_type":"article","og_title":".29\/12 - ...porque meus olhos viram a tua salva\u00e7\u00e3o... - Pastoral Universit\u00e1ria UniSALESIANO","og_description":"Segunda-feira, 29 de dezembro de 2025. &nbsp; Evangelho (Lc 2,22-35) &nbsp; \u201c&#8230;porque meus olhos viram a tua salva\u00e7\u00e3o&#8230;\u201d &nbsp; 22Quando se completaram os dias para...","og_url":"https:\/\/unisale.com.br\/pastoral\/29-12-porque-meus-olhos-viram-a-tua-salvacao-4\/","og_site_name":"Pastoral Universit\u00e1ria UniSALESIANO","article_published_time":"2025-12-29T10:49:14+00:00","og_image":[{"width":1024,"height":559,"url":"https:\/\/unisale.com.br\/pastoral\/wp-content\/uploads\/2025\/12\/Gemini_Generated_Image_s2txb3s2txb3s2tx-1024x559.png","type":"image\/png"}],"author":"pastoral","twitter_card":"summary_large_image","twitter_misc":{"Escrito por":"pastoral","Est. tempo de leitura":"3 minutos"},"schema":{"@context":"https:\/\/schema.org","@graph":[{"@type":"Article","@id":"https:\/\/unisale.com.br\/pastoral\/29-12-porque-meus-olhos-viram-a-tua-salvacao-4\/#article","isPartOf":{"@id":"https:\/\/unisale.com.br\/pastoral\/29-12-porque-meus-olhos-viram-a-tua-salvacao-4\/"},"author":{"name":"pastoral","@id":"https:\/\/unisale.com.br\/pastoral\/#\/schema\/person\/a16ba711a0f7dec9cb6b44563144d5a3"},"headline":".29\/12 &#8211; &#8230;porque meus olhos viram a tua salva\u00e7\u00e3o&#8230;","datePublished":"2025-12-29T10:49:14+00:00","mainEntityOfPage":{"@id":"https:\/\/unisale.com.br\/pastoral\/29-12-porque-meus-olhos-viram-a-tua-salvacao-4\/"},"wordCount":556,"image":{"@id":"https:\/\/unisale.com.br\/pastoral\/29-12-porque-meus-olhos-viram-a-tua-salvacao-4\/#primaryimage"},"thumbnailUrl":"https:\/\/unisale.com.br\/pastoral\/wp-content\/uploads\/2025\/12\/Gemini_Generated_Image_s2txb3s2txb3s2tx-scaled-1.jpg","articleSection":["Reflex\u00e3o do Evangelho"],"inLanguage":"pt-BR"},{"@type":"WebPage","@id":"https:\/\/unisale.com.br\/pastoral\/29-12-porque-meus-olhos-viram-a-tua-salvacao-4\/","url":"https:\/\/unisale.com.br\/pastoral\/29-12-porque-meus-olhos-viram-a-tua-salvacao-4\/","name":".29\/12 - ...porque meus olhos viram a tua salva\u00e7\u00e3o... - Pastoral Universit\u00e1ria UniSALESIANO","isPartOf":{"@id":"https:\/\/unisale.com.br\/pastoral\/#website"},"primaryImageOfPage":{"@id":"https:\/\/unisale.com.br\/pastoral\/29-12-porque-meus-olhos-viram-a-tua-salvacao-4\/#primaryimage"},"image":{"@id":"https:\/\/unisale.com.br\/pastoral\/29-12-porque-meus-olhos-viram-a-tua-salvacao-4\/#primaryimage"},"thumbnailUrl":"https:\/\/unisale.com.br\/pastoral\/wp-content\/uploads\/2025\/12\/Gemini_Generated_Image_s2txb3s2txb3s2tx-scaled-1.jpg","datePublished":"2025-12-29T10:49:14+00:00","author":{"@id":"https:\/\/unisale.com.br\/pastoral\/#\/schema\/person\/a16ba711a0f7dec9cb6b44563144d5a3"},"inLanguage":"pt-BR","potentialAction":[{"@type":"ReadAction","target":["https:\/\/unisale.com.br\/pastoral\/29-12-porque-meus-olhos-viram-a-tua-salvacao-4\/"]}]},{"@type":"ImageObject","inLanguage":"pt-BR","@id":"https:\/\/unisale.com.br\/pastoral\/29-12-porque-meus-olhos-viram-a-tua-salvacao-4\/#primaryimage","url":"https:\/\/unisale.com.br\/pastoral\/wp-content\/uploads\/2025\/12\/Gemini_Generated_Image_s2txb3s2txb3s2tx-scaled-1.jpg","contentUrl":"https:\/\/unisale.com.br\/pastoral\/wp-content\/uploads\/2025\/12\/Gemini_Generated_Image_s2txb3s2txb3s2tx-scaled-1.jpg","width":917,"height":500},{"@type":"WebSite","@id":"https:\/\/unisale.com.br\/pastoral\/#website","url":"https:\/\/unisale.com.br\/pastoral\/","name":"Pastoral Universit\u00e1ria UniSALESIANO","description":"Site da Pastoral Universit\u00e1ria do UniSALESIANO","potentialAction":[{"@type":"SearchAction","target":{"@type":"EntryPoint","urlTemplate":"https:\/\/unisale.com.br\/pastoral\/?s={search_term_string}"},"query-input":{"@type":"PropertyValueSpecification","valueRequired":true,"valueName":"search_term_string"}}],"inLanguage":"pt-BR"},{"@type":"Person","@id":"https:\/\/unisale.com.br\/pastoral\/#\/schema\/person\/a16ba711a0f7dec9cb6b44563144d5a3","name":"pastoral","url":"https:\/\/unisale.com.br\/pastoral\/author\/pastoral\/"}]}},"_links":{"self":[{"href":"https:\/\/unisale.com.br\/pastoral\/wp-json\/wp\/v2\/posts\/13622","targetHints":{"allow":["GET"]}}],"collection":[{"href":"https:\/\/unisale.com.br\/pastoral\/wp-json\/wp\/v2\/posts"}],"about":[{"href":"https:\/\/unisale.com.br\/pastoral\/wp-json\/wp\/v2\/types\/post"}],"author":[{"embeddable":true,"href":"https:\/\/unisale.com.br\/pastoral\/wp-json\/wp\/v2\/users\/1"}],"replies":[{"embeddable":true,"href":"https:\/\/unisale.com.br\/pastoral\/wp-json\/wp\/v2\/comments?post=13622"}],"version-history":[{"count":1,"href":"https:\/\/unisale.com.br\/pastoral\/wp-json\/wp\/v2\/posts\/13622\/revisions"}],"predecessor-version":[{"id":13624,"href":"https:\/\/unisale.com.br\/pastoral\/wp-json\/wp\/v2\/posts\/13622\/revisions\/13624"}],"wp:featuredmedia":[{"embeddable":true,"href":"https:\/\/unisale.com.br\/pastoral\/wp-json\/wp\/v2\/media\/13623"}],"wp:attachment":[{"href":"https:\/\/unisale.com.br\/pastoral\/wp-json\/wp\/v2\/media?parent=13622"}],"wp:term":[{"taxonomy":"category","embeddable":true,"href":"https:\/\/unisale.com.br\/pastoral\/wp-json\/wp\/v2\/categories?post=13622"},{"taxonomy":"post_tag","embeddable":true,"href":"https:\/\/unisale.com.br\/pastoral\/wp-json\/wp\/v2\/tags?post=13622"}],"curies":[{"name":"wp","href":"https:\/\/api.w.org\/{rel}","templated":true}]}}