{"id":13636,"date":"2025-12-30T12:03:56","date_gmt":"2025-12-30T12:03:56","guid":{"rendered":"https:\/\/unisale.com.br\/pastoral\/?p=13636"},"modified":"2025-12-30T12:03:56","modified_gmt":"2025-12-30T12:03:56","slug":"02-01-eu-sou-a-voz-que-grita-no-deserto-aplainai-o-caminho-do-senhor-3","status":"publish","type":"post","link":"https:\/\/unisale.com.br\/pastoral\/02-01-eu-sou-a-voz-que-grita-no-deserto-aplainai-o-caminho-do-senhor-3\/","title":{"rendered":".02\/01 &#8211; Eu sou a voz que grita no deserto: \u2018Aplainai o caminho do Senhor"},"content":{"rendered":"<p>Sexta-feira, 02 de janeiro de 2026.<\/p>\n<p>&nbsp;<\/p>\n<p>Evangelho (Jo 1,19-28)<\/p>\n<p>&nbsp;<\/p>\n<p><strong>\u201cEu sou a voz que grita no deserto: \u2018Aplainai o caminho do Senhor\u2019\u201d<\/strong><\/p>\n<p>&nbsp;<\/p>\n<p><sup>19<\/sup>Este foi o testemunho de Jo\u00e3o, quando os judeus enviaram de Jerusal\u00e9m sacerdotes e levitas para perguntar: \u201cQuem \u00e9s tu?\u201d <sup>20<\/sup>Jo\u00e3o confessou e n\u00e3o negou. Confessou: \u201cEu n\u00e3o sou o Messias\u201d. <sup>21<\/sup>Eles perguntaram: \u201cQuem \u00e9s, ent\u00e3o? \u00c9s Elias?\u201d Jo\u00e3o respondeu: \u201cN\u00e3o sou\u201d. Eles perguntaram: \u201c\u00c9s o Profeta?\u201d Ele respondeu: \u201cN\u00e3o\u201d. <sup>22<\/sup>Perguntaram ent\u00e3o: \u201cQuem \u00e9s, afinal? Temos de levar uma resposta \u00e0queles que nos enviaram. Que dizes de ti mesmo?\u201d <sup>23<\/sup>Jo\u00e3o declarou: \u201cEu sou a voz que grita no deserto: \u2018Aplainai o caminho do Senhor\u2019\u201d \u2014 conforme disse o profeta Isa\u00edas. <sup>24<\/sup>Ora, os que tinham sido enviados pertenciam aos fariseus <sup>25<\/sup>e perguntaram: \u201cPor que ent\u00e3o andas batizando, se n\u00e3o \u00e9s o Messias, nem Elias, nem o Profeta?\u201d <sup>26<\/sup>Jo\u00e3o respondeu: \u201cEu batizo com \u00e1gua; mas no meio de v\u00f3s est\u00e1 aquele que v\u00f3s n\u00e3o conheceis, <sup>27<\/sup>e que vem depois de mim. Eu n\u00e3o mere\u00e7o desamarrar a correia de suas sand\u00e1lias\u201d. <sup>28<\/sup>Isso aconteceu em Bet\u00e2nia al\u00e9m do Jord\u00e3o, onde Jo\u00e3o estava batizando.<\/p>\n<p>&nbsp;<\/p>\n<p><strong>Reflex\u00e3o<\/strong><\/p>\n<p>&nbsp;<\/p>\n<p>\u201cQuem \u00e9s tu?\u201d <sup>20<\/sup>Jo\u00e3o confessou e n\u00e3o negou. Confessou: \u201cEu n\u00e3o sou o Messias\u201d. As palavras de Jo\u00e3o Batista n\u00e3o podem ser interpretadas de maneira moralizante. Sua voz n\u00e1 \u00e9 uma simples declara\u00e7\u00e3o de humildade, mas uma verdadeira revolu\u00e7\u00e3o antropol\u00f3gica. A tenta\u00e7\u00e3o humana \u00e9 sempre aquela de cair em uma forma de ostenta\u00e7\u00e3o de onipot\u00eancia. Muitos creem ser \u201cdeuses\u201d, dilema que muitas vezes infesta a maior parte de n\u00f3s at\u00e9 o ponto de vivermos com um \u201ceu\u201d desproporcional em rela\u00e7\u00e3o \u00e0 realidade e a vida. \u201cCrer-se Deus\u201d nos faz viver e fazer escolhas que muitas vezes nos levam \u00e0 ruina e \u00e0 mortifica\u00e7\u00e3o das pessoas que est\u00e3o ao nosso redor. Uma aut\u00eantica vida espiritual nos reconecta a n\u00f3s mesmos sem deixar-se seduzir pela idea de fundo que os nossos sucessos, as nossas capacidades ou ao contr\u00e1rio as nossas feridas e os nossos erros, s\u00e3o o absoluto no qual nos espelhamos para dizer quem somos. O Batista possu\u00eda um sucesso medi\u00e1tico imenso, mas n\u00e3o pensou jamais que este sucesso o definia como homem. Ele disse de si mesmo: \u201cEu sou a voz que grita no deserto: \u2018Aplainai o caminho do Senhor\u2019\u201d \u2014 conforme disse o profeta Isa\u00edas. \u00c9 como se ele tivesse dito: \u201ceu n\u00e3o sou a \u00faltima palavra, nem sou somente um sinal\u201d. Se uma m\u00e3e, um pai, um filho, um amigo, um irm\u00e3o, uma pessoa qualquer se recordasse de n\u00e3o ser em si mesmo um fim, mas somente um sinal de um fim maior, viveria certamente aquilo que faz, contemplando sempre algo maior do que o seu pr\u00f3prio eu e as suas pr\u00f3pria expectativas. Sentir-se um fim, sentir-se deus, significa querer fazer rodar a vida dos outros ao nosso redor e considerar uma grande perda quando isso n\u00e3o acontece. Neste sentido Jo\u00e3o Batista nos d\u00e1 uma grande li\u00e7\u00e3o, porque recorda que cada nossa realiza\u00e7\u00e3o \u00e9 somente uma maneira para preparar a estrada de Algu\u00e9m que \u00e9 superior a n\u00f3s. Quando isso n\u00e3o acontece n\u00f3s nos tornamos um empecilho \u00e0 experi\u00eancia de sentido na vida do outro. Muitas vezes as pessoas est\u00e3o longe de Deus somente porque tiveram p\u00e9ssimas rela\u00e7\u00f5es na pr\u00f3pria vida.<\/p>\n<p><strong>Pe. Paulo Eduardo J\u00e1como, SDB<\/strong><\/p>\n","protected":false},"excerpt":{"rendered":"<p>Sexta-feira, 02 de janeiro de 2026. &nbsp; Evangelho (Jo 1,19-28) &nbsp; \u201cEu sou a voz que grita no deserto: \u2018Aplainai o caminho do Senhor\u2019\u201d &nbsp;&#8230;<\/p>\n","protected":false},"author":1,"featured_media":13637,"comment_status":"closed","ping_status":"closed","sticky":false,"template":"","format":"standard","meta":{"_acf_changed":false,"footnotes":""},"categories":[13],"tags":[],"class_list":["post-13636","post","type-post","status-publish","format-standard","has-post-thumbnail","hentry","category-reflexaodoevagelho"],"acf":[],"yoast_head":"<!-- This site is optimized with the Yoast SEO plugin v27.3 - https:\/\/yoast.com\/product\/yoast-seo-wordpress\/ -->\n<title>.02\/01 - Eu sou a voz que grita no deserto: \u2018Aplainai o caminho do Senhor - Pastoral Universit\u00e1ria UniSALESIANO<\/title>\n<meta name=\"robots\" content=\"index, follow, max-snippet:-1, max-image-preview:large, max-video-preview:-1\" \/>\n<link rel=\"canonical\" href=\"https:\/\/unisale.com.br\/pastoral\/02-01-eu-sou-a-voz-que-grita-no-deserto-aplainai-o-caminho-do-senhor-3\/\" \/>\n<meta property=\"og:locale\" content=\"pt_BR\" \/>\n<meta property=\"og:type\" content=\"article\" \/>\n<meta property=\"og:title\" content=\".02\/01 - Eu sou a voz que grita no deserto: \u2018Aplainai o caminho do Senhor - Pastoral Universit\u00e1ria UniSALESIANO\" \/>\n<meta property=\"og:description\" content=\"Sexta-feira, 02 de janeiro de 2026. &nbsp; Evangelho (Jo 1,19-28) &nbsp; \u201cEu sou a voz que grita no deserto: \u2018Aplainai o caminho do Senhor\u2019\u201d &nbsp;...\" \/>\n<meta property=\"og:url\" content=\"https:\/\/unisale.com.br\/pastoral\/02-01-eu-sou-a-voz-que-grita-no-deserto-aplainai-o-caminho-do-senhor-3\/\" \/>\n<meta property=\"og:site_name\" content=\"Pastoral Universit\u00e1ria UniSALESIANO\" \/>\n<meta property=\"article:published_time\" content=\"2025-12-30T12:03:56+00:00\" \/>\n<meta property=\"og:image\" content=\"https:\/\/unisale.com.br\/pastoral\/wp-content\/uploads\/2025\/12\/Gemini_Generated_Image_e31iple31iple31i-1024x559.png\" \/>\n\t<meta property=\"og:image:width\" content=\"1024\" \/>\n\t<meta property=\"og:image:height\" content=\"559\" \/>\n\t<meta property=\"og:image:type\" content=\"image\/png\" \/>\n<meta name=\"author\" content=\"pastoral\" \/>\n<meta name=\"twitter:card\" content=\"summary_large_image\" \/>\n<meta name=\"twitter:label1\" content=\"Escrito por\" \/>\n\t<meta name=\"twitter:data1\" content=\"pastoral\" \/>\n\t<meta name=\"twitter:label2\" content=\"Est. tempo de leitura\" \/>\n\t<meta name=\"twitter:data2\" content=\"4 minutos\" \/>\n<script type=\"application\/ld+json\" class=\"yoast-schema-graph\">{\"@context\":\"https:\\\/\\\/schema.org\",\"@graph\":[{\"@type\":\"Article\",\"@id\":\"https:\\\/\\\/unisale.com.br\\\/pastoral\\\/02-01-eu-sou-a-voz-que-grita-no-deserto-aplainai-o-caminho-do-senhor-3\\\/#article\",\"isPartOf\":{\"@id\":\"https:\\\/\\\/unisale.com.br\\\/pastoral\\\/02-01-eu-sou-a-voz-que-grita-no-deserto-aplainai-o-caminho-do-senhor-3\\\/\"},\"author\":{\"name\":\"pastoral\",\"@id\":\"https:\\\/\\\/unisale.com.br\\\/pastoral\\\/#\\\/schema\\\/person\\\/a16ba711a0f7dec9cb6b44563144d5a3\"},\"headline\":\".02\\\/01 &#8211; Eu sou a voz que grita no deserto: \u2018Aplainai o caminho do Senhor\",\"datePublished\":\"2025-12-30T12:03:56+00:00\",\"mainEntityOfPage\":{\"@id\":\"https:\\\/\\\/unisale.com.br\\\/pastoral\\\/02-01-eu-sou-a-voz-que-grita-no-deserto-aplainai-o-caminho-do-senhor-3\\\/\"},\"wordCount\":615,\"image\":{\"@id\":\"https:\\\/\\\/unisale.com.br\\\/pastoral\\\/02-01-eu-sou-a-voz-que-grita-no-deserto-aplainai-o-caminho-do-senhor-3\\\/#primaryimage\"},\"thumbnailUrl\":\"https:\\\/\\\/unisale.com.br\\\/pastoral\\\/wp-content\\\/uploads\\\/2025\\\/12\\\/Gemini_Generated_Image_e31iple31iple31i-scaled-1.jpg\",\"articleSection\":[\"Reflex\u00e3o do Evangelho\"],\"inLanguage\":\"pt-BR\"},{\"@type\":\"WebPage\",\"@id\":\"https:\\\/\\\/unisale.com.br\\\/pastoral\\\/02-01-eu-sou-a-voz-que-grita-no-deserto-aplainai-o-caminho-do-senhor-3\\\/\",\"url\":\"https:\\\/\\\/unisale.com.br\\\/pastoral\\\/02-01-eu-sou-a-voz-que-grita-no-deserto-aplainai-o-caminho-do-senhor-3\\\/\",\"name\":\".02\\\/01 - Eu sou a voz que grita no deserto: \u2018Aplainai o caminho do Senhor - Pastoral Universit\u00e1ria UniSALESIANO\",\"isPartOf\":{\"@id\":\"https:\\\/\\\/unisale.com.br\\\/pastoral\\\/#website\"},\"primaryImageOfPage\":{\"@id\":\"https:\\\/\\\/unisale.com.br\\\/pastoral\\\/02-01-eu-sou-a-voz-que-grita-no-deserto-aplainai-o-caminho-do-senhor-3\\\/#primaryimage\"},\"image\":{\"@id\":\"https:\\\/\\\/unisale.com.br\\\/pastoral\\\/02-01-eu-sou-a-voz-que-grita-no-deserto-aplainai-o-caminho-do-senhor-3\\\/#primaryimage\"},\"thumbnailUrl\":\"https:\\\/\\\/unisale.com.br\\\/pastoral\\\/wp-content\\\/uploads\\\/2025\\\/12\\\/Gemini_Generated_Image_e31iple31iple31i-scaled-1.jpg\",\"datePublished\":\"2025-12-30T12:03:56+00:00\",\"author\":{\"@id\":\"https:\\\/\\\/unisale.com.br\\\/pastoral\\\/#\\\/schema\\\/person\\\/a16ba711a0f7dec9cb6b44563144d5a3\"},\"inLanguage\":\"pt-BR\",\"potentialAction\":[{\"@type\":\"ReadAction\",\"target\":[\"https:\\\/\\\/unisale.com.br\\\/pastoral\\\/02-01-eu-sou-a-voz-que-grita-no-deserto-aplainai-o-caminho-do-senhor-3\\\/\"]}]},{\"@type\":\"ImageObject\",\"inLanguage\":\"pt-BR\",\"@id\":\"https:\\\/\\\/unisale.com.br\\\/pastoral\\\/02-01-eu-sou-a-voz-que-grita-no-deserto-aplainai-o-caminho-do-senhor-3\\\/#primaryimage\",\"url\":\"https:\\\/\\\/unisale.com.br\\\/pastoral\\\/wp-content\\\/uploads\\\/2025\\\/12\\\/Gemini_Generated_Image_e31iple31iple31i-scaled-1.jpg\",\"contentUrl\":\"https:\\\/\\\/unisale.com.br\\\/pastoral\\\/wp-content\\\/uploads\\\/2025\\\/12\\\/Gemini_Generated_Image_e31iple31iple31i-scaled-1.jpg\",\"width\":917,\"height\":500},{\"@type\":\"WebSite\",\"@id\":\"https:\\\/\\\/unisale.com.br\\\/pastoral\\\/#website\",\"url\":\"https:\\\/\\\/unisale.com.br\\\/pastoral\\\/\",\"name\":\"Pastoral Universit\u00e1ria UniSALESIANO\",\"description\":\"Site da Pastoral Universit\u00e1ria do UniSALESIANO\",\"potentialAction\":[{\"@type\":\"SearchAction\",\"target\":{\"@type\":\"EntryPoint\",\"urlTemplate\":\"https:\\\/\\\/unisale.com.br\\\/pastoral\\\/?s={search_term_string}\"},\"query-input\":{\"@type\":\"PropertyValueSpecification\",\"valueRequired\":true,\"valueName\":\"search_term_string\"}}],\"inLanguage\":\"pt-BR\"},{\"@type\":\"Person\",\"@id\":\"https:\\\/\\\/unisale.com.br\\\/pastoral\\\/#\\\/schema\\\/person\\\/a16ba711a0f7dec9cb6b44563144d5a3\",\"name\":\"pastoral\",\"url\":\"https:\\\/\\\/unisale.com.br\\\/pastoral\\\/author\\\/pastoral\\\/\"}]}<\/script>\n<!-- \/ Yoast SEO plugin. -->","yoast_head_json":{"title":".02\/01 - Eu sou a voz que grita no deserto: \u2018Aplainai o caminho do Senhor - Pastoral Universit\u00e1ria UniSALESIANO","robots":{"index":"index","follow":"follow","max-snippet":"max-snippet:-1","max-image-preview":"max-image-preview:large","max-video-preview":"max-video-preview:-1"},"canonical":"https:\/\/unisale.com.br\/pastoral\/02-01-eu-sou-a-voz-que-grita-no-deserto-aplainai-o-caminho-do-senhor-3\/","og_locale":"pt_BR","og_type":"article","og_title":".02\/01 - Eu sou a voz que grita no deserto: \u2018Aplainai o caminho do Senhor - Pastoral Universit\u00e1ria UniSALESIANO","og_description":"Sexta-feira, 02 de janeiro de 2026. &nbsp; Evangelho (Jo 1,19-28) &nbsp; \u201cEu sou a voz que grita no deserto: \u2018Aplainai o caminho do Senhor\u2019\u201d &nbsp;...","og_url":"https:\/\/unisale.com.br\/pastoral\/02-01-eu-sou-a-voz-que-grita-no-deserto-aplainai-o-caminho-do-senhor-3\/","og_site_name":"Pastoral Universit\u00e1ria UniSALESIANO","article_published_time":"2025-12-30T12:03:56+00:00","og_image":[{"width":1024,"height":559,"url":"https:\/\/unisale.com.br\/pastoral\/wp-content\/uploads\/2025\/12\/Gemini_Generated_Image_e31iple31iple31i-1024x559.png","type":"image\/png"}],"author":"pastoral","twitter_card":"summary_large_image","twitter_misc":{"Escrito por":"pastoral","Est. tempo de leitura":"4 minutos"},"schema":{"@context":"https:\/\/schema.org","@graph":[{"@type":"Article","@id":"https:\/\/unisale.com.br\/pastoral\/02-01-eu-sou-a-voz-que-grita-no-deserto-aplainai-o-caminho-do-senhor-3\/#article","isPartOf":{"@id":"https:\/\/unisale.com.br\/pastoral\/02-01-eu-sou-a-voz-que-grita-no-deserto-aplainai-o-caminho-do-senhor-3\/"},"author":{"name":"pastoral","@id":"https:\/\/unisale.com.br\/pastoral\/#\/schema\/person\/a16ba711a0f7dec9cb6b44563144d5a3"},"headline":".02\/01 &#8211; Eu sou a voz que grita no deserto: \u2018Aplainai o caminho do Senhor","datePublished":"2025-12-30T12:03:56+00:00","mainEntityOfPage":{"@id":"https:\/\/unisale.com.br\/pastoral\/02-01-eu-sou-a-voz-que-grita-no-deserto-aplainai-o-caminho-do-senhor-3\/"},"wordCount":615,"image":{"@id":"https:\/\/unisale.com.br\/pastoral\/02-01-eu-sou-a-voz-que-grita-no-deserto-aplainai-o-caminho-do-senhor-3\/#primaryimage"},"thumbnailUrl":"https:\/\/unisale.com.br\/pastoral\/wp-content\/uploads\/2025\/12\/Gemini_Generated_Image_e31iple31iple31i-scaled-1.jpg","articleSection":["Reflex\u00e3o do Evangelho"],"inLanguage":"pt-BR"},{"@type":"WebPage","@id":"https:\/\/unisale.com.br\/pastoral\/02-01-eu-sou-a-voz-que-grita-no-deserto-aplainai-o-caminho-do-senhor-3\/","url":"https:\/\/unisale.com.br\/pastoral\/02-01-eu-sou-a-voz-que-grita-no-deserto-aplainai-o-caminho-do-senhor-3\/","name":".02\/01 - Eu sou a voz que grita no deserto: \u2018Aplainai o caminho do Senhor - Pastoral Universit\u00e1ria UniSALESIANO","isPartOf":{"@id":"https:\/\/unisale.com.br\/pastoral\/#website"},"primaryImageOfPage":{"@id":"https:\/\/unisale.com.br\/pastoral\/02-01-eu-sou-a-voz-que-grita-no-deserto-aplainai-o-caminho-do-senhor-3\/#primaryimage"},"image":{"@id":"https:\/\/unisale.com.br\/pastoral\/02-01-eu-sou-a-voz-que-grita-no-deserto-aplainai-o-caminho-do-senhor-3\/#primaryimage"},"thumbnailUrl":"https:\/\/unisale.com.br\/pastoral\/wp-content\/uploads\/2025\/12\/Gemini_Generated_Image_e31iple31iple31i-scaled-1.jpg","datePublished":"2025-12-30T12:03:56+00:00","author":{"@id":"https:\/\/unisale.com.br\/pastoral\/#\/schema\/person\/a16ba711a0f7dec9cb6b44563144d5a3"},"inLanguage":"pt-BR","potentialAction":[{"@type":"ReadAction","target":["https:\/\/unisale.com.br\/pastoral\/02-01-eu-sou-a-voz-que-grita-no-deserto-aplainai-o-caminho-do-senhor-3\/"]}]},{"@type":"ImageObject","inLanguage":"pt-BR","@id":"https:\/\/unisale.com.br\/pastoral\/02-01-eu-sou-a-voz-que-grita-no-deserto-aplainai-o-caminho-do-senhor-3\/#primaryimage","url":"https:\/\/unisale.com.br\/pastoral\/wp-content\/uploads\/2025\/12\/Gemini_Generated_Image_e31iple31iple31i-scaled-1.jpg","contentUrl":"https:\/\/unisale.com.br\/pastoral\/wp-content\/uploads\/2025\/12\/Gemini_Generated_Image_e31iple31iple31i-scaled-1.jpg","width":917,"height":500},{"@type":"WebSite","@id":"https:\/\/unisale.com.br\/pastoral\/#website","url":"https:\/\/unisale.com.br\/pastoral\/","name":"Pastoral Universit\u00e1ria UniSALESIANO","description":"Site da Pastoral Universit\u00e1ria do UniSALESIANO","potentialAction":[{"@type":"SearchAction","target":{"@type":"EntryPoint","urlTemplate":"https:\/\/unisale.com.br\/pastoral\/?s={search_term_string}"},"query-input":{"@type":"PropertyValueSpecification","valueRequired":true,"valueName":"search_term_string"}}],"inLanguage":"pt-BR"},{"@type":"Person","@id":"https:\/\/unisale.com.br\/pastoral\/#\/schema\/person\/a16ba711a0f7dec9cb6b44563144d5a3","name":"pastoral","url":"https:\/\/unisale.com.br\/pastoral\/author\/pastoral\/"}]}},"_links":{"self":[{"href":"https:\/\/unisale.com.br\/pastoral\/wp-json\/wp\/v2\/posts\/13636","targetHints":{"allow":["GET"]}}],"collection":[{"href":"https:\/\/unisale.com.br\/pastoral\/wp-json\/wp\/v2\/posts"}],"about":[{"href":"https:\/\/unisale.com.br\/pastoral\/wp-json\/wp\/v2\/types\/post"}],"author":[{"embeddable":true,"href":"https:\/\/unisale.com.br\/pastoral\/wp-json\/wp\/v2\/users\/1"}],"replies":[{"embeddable":true,"href":"https:\/\/unisale.com.br\/pastoral\/wp-json\/wp\/v2\/comments?post=13636"}],"version-history":[{"count":1,"href":"https:\/\/unisale.com.br\/pastoral\/wp-json\/wp\/v2\/posts\/13636\/revisions"}],"predecessor-version":[{"id":13638,"href":"https:\/\/unisale.com.br\/pastoral\/wp-json\/wp\/v2\/posts\/13636\/revisions\/13638"}],"wp:featuredmedia":[{"embeddable":true,"href":"https:\/\/unisale.com.br\/pastoral\/wp-json\/wp\/v2\/media\/13637"}],"wp:attachment":[{"href":"https:\/\/unisale.com.br\/pastoral\/wp-json\/wp\/v2\/media?parent=13636"}],"wp:term":[{"taxonomy":"category","embeddable":true,"href":"https:\/\/unisale.com.br\/pastoral\/wp-json\/wp\/v2\/categories?post=13636"},{"taxonomy":"post_tag","embeddable":true,"href":"https:\/\/unisale.com.br\/pastoral\/wp-json\/wp\/v2\/tags?post=13636"}],"curies":[{"name":"wp","href":"https:\/\/api.w.org\/{rel}","templated":true}]}}