{"id":13657,"date":"2026-01-07T11:14:16","date_gmt":"2026-01-07T11:14:16","guid":{"rendered":"https:\/\/unisale.com.br\/pastoral\/?p=13657"},"modified":"2026-01-07T11:14:16","modified_gmt":"2026-01-07T11:14:16","slug":"08-01-o-espirito-do-senhor-esta-sobre-mim","status":"publish","type":"post","link":"https:\/\/unisale.com.br\/pastoral\/08-01-o-espirito-do-senhor-esta-sobre-mim\/","title":{"rendered":".08\/01 &#8211; O Esp\u00edrito do Senhor est\u00e1 sobre mim."},"content":{"rendered":"<p>Quinta-feira, 08 de janeiro de 2026.<\/p>\n<p>&nbsp;<\/p>\n<p>Evangelho (Lc 4,14-22)<\/p>\n<p>&nbsp;<\/p>\n<p><strong>\u201cO Esp\u00edrito do Senhor est\u00e1 sobre mim\u201d<\/strong><\/p>\n<p>&nbsp;<\/p>\n<p>Naquele tempo, <sup>14<\/sup>Jesus voltou para a Galileia, com a for\u00e7a do Esp\u00edrito, e sua fama espalhou-se por toda a redondeza. <sup>15<\/sup>Ele ensinava nas suas sinagogas e todos o elogiavam. <sup>16<\/sup>E veio \u00e0 cidade de Nazar\u00e9 onde se tinha criado. Conforme seu costume, entrou na sinagoga no s\u00e1bado, e levantou-se para fazer a leitura. <sup>17<\/sup>Deram-lhe o livro do profeta Isa\u00edas. Abrindo o livro, Jesus achou a passagem em que est\u00e1 escrito: <sup>18<\/sup>\u201cO Esp\u00edrito do Senhor est\u00e1 sobre mim, porque ele me consagrou com a un\u00e7\u00e3o para anunciar a Boa Nova aos pobres; enviou-me para proclamar a liberta\u00e7\u00e3o aos cativos e aos cegos a recupera\u00e7\u00e3o da vista; para libertar os oprimidos <sup>19<\/sup>e para proclamar um ano da gra\u00e7a do Senhor\u201d. <sup>20<\/sup>Depois fechou o livro, entregou-o ao ajudante, e sentou-se. Todos os que estavam na sinagoga tinham os olhos fixos nele. <sup>21<\/sup>Ent\u00e3o come\u00e7ou a dizer-lhes: \u201cHoje se cumpriu esta passagem da Escritura que acabastes de ouvir\u201d. <sup>22a<\/sup>Todos davam testemunho a seu respeito, admirados com as palavras cheias de encanto que sa\u00edam da sua boca.<\/p>\n<p>&nbsp;<\/p>\n<p><strong>Reflex\u00e3o<\/strong><\/p>\n<p>&nbsp;<\/p>\n<p>O evangelho de hoje nos mostra o protagonismo do Esp\u00edrito em Jesus, na sua pessoa, na sua miss\u00e3o e no seu minist\u00e9rio. O Esp\u00edrito interv\u00e9m destacadamente no Seu nascimento e no Seu batismo e \u00e9 quem O unge no in\u00edcio de Sua atividade prof\u00e9tica. \u00c9 tanto por isso, que quando Jesus est\u00e1 na sinagoga de Nazar\u00e9, Ele se auto aplica o texto do profeta Isa\u00edas: \u201cO Esp\u00edrito do Senhor est\u00e1 sobre mim, porque ele me ungiu. Enviou-me para dar a boa nova aos pobres, para anunciar a liberdade aos cativos e a vista aos cegos&#8230;\u201d. N\u00f3s tamb\u00e9m fomos ungidos pelo Esp\u00edrito, no Batismo e na Confirma\u00e7\u00e3o, para agir como Cristo, vencendo o mal do mundo e o pecado na nossa vida, e para sermos mensageiros para os outros da alegre not\u00edcia da liberta\u00e7\u00e3o humana por Deus. \u00c9 preciso lembrar que Cristo assumiu a nossa natureza humana e valorizou tudo o que \u00e9 terreno na sua justa medida. A vida tem valor em si mesma, e embora os valores humanos n\u00e3o sejam absolutos, nem \u00fanicos e nem definitivos, temos que assumi-los, apreci\u00e1-los e potencializ\u00e1-los como fez Jesus. Valores como a sa\u00fade e o amor, a economia e o dinheiro, a justi\u00e7a e a liberta\u00e7\u00e3o social, a liberdade e a cultura, a promo\u00e7\u00e3o do n\u00edvel e qualidade de vida; numa palavra, a realiza\u00e7\u00e3o do homem como ser humano. N\u00e3o podemos valorizar somente a dimens\u00e3o futura da nossa vida. \u00c9 preciso olharmos o presente e a dura realidade da vida. O seguimento de Cristo n\u00e3o \u00e9 droga alienante como pensam alguns. Muito pelo contr\u00e1rio, a f\u00e9 na encarna\u00e7\u00e3o de Cristo e na Sua ressurrei\u00e7\u00e3o \u00e9 motivo urgente de a\u00e7\u00e3o estrutural. A f\u00e9 a exig\u00eancia de humanidade.<\/p>\n<p><strong>Pe. Paulo Eduardo J\u00e1como, SDB<\/strong><\/p>\n","protected":false},"excerpt":{"rendered":"<p>Quinta-feira, 08 de janeiro de 2026. &nbsp; Evangelho (Lc 4,14-22) &nbsp; \u201cO Esp\u00edrito do Senhor est\u00e1 sobre mim\u201d &nbsp; Naquele tempo, 14Jesus voltou para a&#8230;<\/p>\n","protected":false},"author":1,"featured_media":13658,"comment_status":"closed","ping_status":"closed","sticky":false,"template":"","format":"standard","meta":{"_acf_changed":false,"footnotes":""},"categories":[13],"tags":[],"class_list":["post-13657","post","type-post","status-publish","format-standard","has-post-thumbnail","hentry","category-reflexaodoevagelho"],"acf":[],"yoast_head":"<!-- This site is optimized with the Yoast SEO plugin v27.3 - https:\/\/yoast.com\/product\/yoast-seo-wordpress\/ -->\n<title>.08\/01 - O Esp\u00edrito do Senhor est\u00e1 sobre mim. - Pastoral Universit\u00e1ria UniSALESIANO<\/title>\n<meta name=\"robots\" content=\"index, follow, max-snippet:-1, max-image-preview:large, max-video-preview:-1\" \/>\n<link rel=\"canonical\" href=\"https:\/\/unisale.com.br\/pastoral\/08-01-o-espirito-do-senhor-esta-sobre-mim\/\" \/>\n<meta property=\"og:locale\" content=\"pt_BR\" \/>\n<meta property=\"og:type\" content=\"article\" \/>\n<meta property=\"og:title\" content=\".08\/01 - O Esp\u00edrito do Senhor est\u00e1 sobre mim. - Pastoral Universit\u00e1ria UniSALESIANO\" \/>\n<meta property=\"og:description\" content=\"Quinta-feira, 08 de janeiro de 2026. &nbsp; Evangelho (Lc 4,14-22) &nbsp; \u201cO Esp\u00edrito do Senhor est\u00e1 sobre mim\u201d &nbsp; Naquele tempo, 14Jesus voltou para a...\" \/>\n<meta property=\"og:url\" content=\"https:\/\/unisale.com.br\/pastoral\/08-01-o-espirito-do-senhor-esta-sobre-mim\/\" \/>\n<meta property=\"og:site_name\" content=\"Pastoral Universit\u00e1ria UniSALESIANO\" \/>\n<meta property=\"article:published_time\" content=\"2026-01-07T11:14:16+00:00\" \/>\n<meta property=\"og:image\" content=\"https:\/\/unisale.com.br\/pastoral\/wp-content\/uploads\/2026\/01\/Gemini_Generated_Image_mvz6izmvz6izmvz6-1024x559.png\" \/>\n\t<meta property=\"og:image:width\" content=\"1024\" \/>\n\t<meta property=\"og:image:height\" content=\"559\" \/>\n\t<meta property=\"og:image:type\" content=\"image\/png\" \/>\n<meta name=\"author\" content=\"pastoral\" \/>\n<meta name=\"twitter:card\" content=\"summary_large_image\" \/>\n<meta name=\"twitter:label1\" content=\"Escrito por\" \/>\n\t<meta name=\"twitter:data1\" content=\"pastoral\" \/>\n\t<meta name=\"twitter:label2\" content=\"Est. tempo de leitura\" \/>\n\t<meta name=\"twitter:data2\" content=\"3 minutos\" \/>\n<script type=\"application\/ld+json\" class=\"yoast-schema-graph\">{\"@context\":\"https:\\\/\\\/schema.org\",\"@graph\":[{\"@type\":\"Article\",\"@id\":\"https:\\\/\\\/unisale.com.br\\\/pastoral\\\/08-01-o-espirito-do-senhor-esta-sobre-mim\\\/#article\",\"isPartOf\":{\"@id\":\"https:\\\/\\\/unisale.com.br\\\/pastoral\\\/08-01-o-espirito-do-senhor-esta-sobre-mim\\\/\"},\"author\":{\"name\":\"pastoral\",\"@id\":\"https:\\\/\\\/unisale.com.br\\\/pastoral\\\/#\\\/schema\\\/person\\\/a16ba711a0f7dec9cb6b44563144d5a3\"},\"headline\":\".08\\\/01 &#8211; O Esp\u00edrito do Senhor est\u00e1 sobre mim.\",\"datePublished\":\"2026-01-07T11:14:16+00:00\",\"mainEntityOfPage\":{\"@id\":\"https:\\\/\\\/unisale.com.br\\\/pastoral\\\/08-01-o-espirito-do-senhor-esta-sobre-mim\\\/\"},\"wordCount\":527,\"image\":{\"@id\":\"https:\\\/\\\/unisale.com.br\\\/pastoral\\\/08-01-o-espirito-do-senhor-esta-sobre-mim\\\/#primaryimage\"},\"thumbnailUrl\":\"https:\\\/\\\/unisale.com.br\\\/pastoral\\\/wp-content\\\/uploads\\\/2026\\\/01\\\/Gemini_Generated_Image_mvz6izmvz6izmvz6-scaled-1.jpg\",\"articleSection\":[\"Reflex\u00e3o do Evangelho\"],\"inLanguage\":\"pt-BR\"},{\"@type\":\"WebPage\",\"@id\":\"https:\\\/\\\/unisale.com.br\\\/pastoral\\\/08-01-o-espirito-do-senhor-esta-sobre-mim\\\/\",\"url\":\"https:\\\/\\\/unisale.com.br\\\/pastoral\\\/08-01-o-espirito-do-senhor-esta-sobre-mim\\\/\",\"name\":\".08\\\/01 - O Esp\u00edrito do Senhor est\u00e1 sobre mim. - Pastoral Universit\u00e1ria UniSALESIANO\",\"isPartOf\":{\"@id\":\"https:\\\/\\\/unisale.com.br\\\/pastoral\\\/#website\"},\"primaryImageOfPage\":{\"@id\":\"https:\\\/\\\/unisale.com.br\\\/pastoral\\\/08-01-o-espirito-do-senhor-esta-sobre-mim\\\/#primaryimage\"},\"image\":{\"@id\":\"https:\\\/\\\/unisale.com.br\\\/pastoral\\\/08-01-o-espirito-do-senhor-esta-sobre-mim\\\/#primaryimage\"},\"thumbnailUrl\":\"https:\\\/\\\/unisale.com.br\\\/pastoral\\\/wp-content\\\/uploads\\\/2026\\\/01\\\/Gemini_Generated_Image_mvz6izmvz6izmvz6-scaled-1.jpg\",\"datePublished\":\"2026-01-07T11:14:16+00:00\",\"author\":{\"@id\":\"https:\\\/\\\/unisale.com.br\\\/pastoral\\\/#\\\/schema\\\/person\\\/a16ba711a0f7dec9cb6b44563144d5a3\"},\"inLanguage\":\"pt-BR\",\"potentialAction\":[{\"@type\":\"ReadAction\",\"target\":[\"https:\\\/\\\/unisale.com.br\\\/pastoral\\\/08-01-o-espirito-do-senhor-esta-sobre-mim\\\/\"]}]},{\"@type\":\"ImageObject\",\"inLanguage\":\"pt-BR\",\"@id\":\"https:\\\/\\\/unisale.com.br\\\/pastoral\\\/08-01-o-espirito-do-senhor-esta-sobre-mim\\\/#primaryimage\",\"url\":\"https:\\\/\\\/unisale.com.br\\\/pastoral\\\/wp-content\\\/uploads\\\/2026\\\/01\\\/Gemini_Generated_Image_mvz6izmvz6izmvz6-scaled-1.jpg\",\"contentUrl\":\"https:\\\/\\\/unisale.com.br\\\/pastoral\\\/wp-content\\\/uploads\\\/2026\\\/01\\\/Gemini_Generated_Image_mvz6izmvz6izmvz6-scaled-1.jpg\",\"width\":917,\"height\":500},{\"@type\":\"WebSite\",\"@id\":\"https:\\\/\\\/unisale.com.br\\\/pastoral\\\/#website\",\"url\":\"https:\\\/\\\/unisale.com.br\\\/pastoral\\\/\",\"name\":\"Pastoral Universit\u00e1ria UniSALESIANO\",\"description\":\"Site da Pastoral Universit\u00e1ria do UniSALESIANO\",\"potentialAction\":[{\"@type\":\"SearchAction\",\"target\":{\"@type\":\"EntryPoint\",\"urlTemplate\":\"https:\\\/\\\/unisale.com.br\\\/pastoral\\\/?s={search_term_string}\"},\"query-input\":{\"@type\":\"PropertyValueSpecification\",\"valueRequired\":true,\"valueName\":\"search_term_string\"}}],\"inLanguage\":\"pt-BR\"},{\"@type\":\"Person\",\"@id\":\"https:\\\/\\\/unisale.com.br\\\/pastoral\\\/#\\\/schema\\\/person\\\/a16ba711a0f7dec9cb6b44563144d5a3\",\"name\":\"pastoral\",\"url\":\"https:\\\/\\\/unisale.com.br\\\/pastoral\\\/author\\\/pastoral\\\/\"}]}<\/script>\n<!-- \/ Yoast SEO plugin. -->","yoast_head_json":{"title":".08\/01 - O Esp\u00edrito do Senhor est\u00e1 sobre mim. - Pastoral Universit\u00e1ria UniSALESIANO","robots":{"index":"index","follow":"follow","max-snippet":"max-snippet:-1","max-image-preview":"max-image-preview:large","max-video-preview":"max-video-preview:-1"},"canonical":"https:\/\/unisale.com.br\/pastoral\/08-01-o-espirito-do-senhor-esta-sobre-mim\/","og_locale":"pt_BR","og_type":"article","og_title":".08\/01 - O Esp\u00edrito do Senhor est\u00e1 sobre mim. - Pastoral Universit\u00e1ria UniSALESIANO","og_description":"Quinta-feira, 08 de janeiro de 2026. &nbsp; Evangelho (Lc 4,14-22) &nbsp; \u201cO Esp\u00edrito do Senhor est\u00e1 sobre mim\u201d &nbsp; Naquele tempo, 14Jesus voltou para a...","og_url":"https:\/\/unisale.com.br\/pastoral\/08-01-o-espirito-do-senhor-esta-sobre-mim\/","og_site_name":"Pastoral Universit\u00e1ria UniSALESIANO","article_published_time":"2026-01-07T11:14:16+00:00","og_image":[{"width":1024,"height":559,"url":"https:\/\/unisale.com.br\/pastoral\/wp-content\/uploads\/2026\/01\/Gemini_Generated_Image_mvz6izmvz6izmvz6-1024x559.png","type":"image\/png"}],"author":"pastoral","twitter_card":"summary_large_image","twitter_misc":{"Escrito por":"pastoral","Est. tempo de leitura":"3 minutos"},"schema":{"@context":"https:\/\/schema.org","@graph":[{"@type":"Article","@id":"https:\/\/unisale.com.br\/pastoral\/08-01-o-espirito-do-senhor-esta-sobre-mim\/#article","isPartOf":{"@id":"https:\/\/unisale.com.br\/pastoral\/08-01-o-espirito-do-senhor-esta-sobre-mim\/"},"author":{"name":"pastoral","@id":"https:\/\/unisale.com.br\/pastoral\/#\/schema\/person\/a16ba711a0f7dec9cb6b44563144d5a3"},"headline":".08\/01 &#8211; O Esp\u00edrito do Senhor est\u00e1 sobre mim.","datePublished":"2026-01-07T11:14:16+00:00","mainEntityOfPage":{"@id":"https:\/\/unisale.com.br\/pastoral\/08-01-o-espirito-do-senhor-esta-sobre-mim\/"},"wordCount":527,"image":{"@id":"https:\/\/unisale.com.br\/pastoral\/08-01-o-espirito-do-senhor-esta-sobre-mim\/#primaryimage"},"thumbnailUrl":"https:\/\/unisale.com.br\/pastoral\/wp-content\/uploads\/2026\/01\/Gemini_Generated_Image_mvz6izmvz6izmvz6-scaled-1.jpg","articleSection":["Reflex\u00e3o do Evangelho"],"inLanguage":"pt-BR"},{"@type":"WebPage","@id":"https:\/\/unisale.com.br\/pastoral\/08-01-o-espirito-do-senhor-esta-sobre-mim\/","url":"https:\/\/unisale.com.br\/pastoral\/08-01-o-espirito-do-senhor-esta-sobre-mim\/","name":".08\/01 - O Esp\u00edrito do Senhor est\u00e1 sobre mim. - Pastoral Universit\u00e1ria UniSALESIANO","isPartOf":{"@id":"https:\/\/unisale.com.br\/pastoral\/#website"},"primaryImageOfPage":{"@id":"https:\/\/unisale.com.br\/pastoral\/08-01-o-espirito-do-senhor-esta-sobre-mim\/#primaryimage"},"image":{"@id":"https:\/\/unisale.com.br\/pastoral\/08-01-o-espirito-do-senhor-esta-sobre-mim\/#primaryimage"},"thumbnailUrl":"https:\/\/unisale.com.br\/pastoral\/wp-content\/uploads\/2026\/01\/Gemini_Generated_Image_mvz6izmvz6izmvz6-scaled-1.jpg","datePublished":"2026-01-07T11:14:16+00:00","author":{"@id":"https:\/\/unisale.com.br\/pastoral\/#\/schema\/person\/a16ba711a0f7dec9cb6b44563144d5a3"},"inLanguage":"pt-BR","potentialAction":[{"@type":"ReadAction","target":["https:\/\/unisale.com.br\/pastoral\/08-01-o-espirito-do-senhor-esta-sobre-mim\/"]}]},{"@type":"ImageObject","inLanguage":"pt-BR","@id":"https:\/\/unisale.com.br\/pastoral\/08-01-o-espirito-do-senhor-esta-sobre-mim\/#primaryimage","url":"https:\/\/unisale.com.br\/pastoral\/wp-content\/uploads\/2026\/01\/Gemini_Generated_Image_mvz6izmvz6izmvz6-scaled-1.jpg","contentUrl":"https:\/\/unisale.com.br\/pastoral\/wp-content\/uploads\/2026\/01\/Gemini_Generated_Image_mvz6izmvz6izmvz6-scaled-1.jpg","width":917,"height":500},{"@type":"WebSite","@id":"https:\/\/unisale.com.br\/pastoral\/#website","url":"https:\/\/unisale.com.br\/pastoral\/","name":"Pastoral Universit\u00e1ria UniSALESIANO","description":"Site da Pastoral Universit\u00e1ria do UniSALESIANO","potentialAction":[{"@type":"SearchAction","target":{"@type":"EntryPoint","urlTemplate":"https:\/\/unisale.com.br\/pastoral\/?s={search_term_string}"},"query-input":{"@type":"PropertyValueSpecification","valueRequired":true,"valueName":"search_term_string"}}],"inLanguage":"pt-BR"},{"@type":"Person","@id":"https:\/\/unisale.com.br\/pastoral\/#\/schema\/person\/a16ba711a0f7dec9cb6b44563144d5a3","name":"pastoral","url":"https:\/\/unisale.com.br\/pastoral\/author\/pastoral\/"}]}},"_links":{"self":[{"href":"https:\/\/unisale.com.br\/pastoral\/wp-json\/wp\/v2\/posts\/13657","targetHints":{"allow":["GET"]}}],"collection":[{"href":"https:\/\/unisale.com.br\/pastoral\/wp-json\/wp\/v2\/posts"}],"about":[{"href":"https:\/\/unisale.com.br\/pastoral\/wp-json\/wp\/v2\/types\/post"}],"author":[{"embeddable":true,"href":"https:\/\/unisale.com.br\/pastoral\/wp-json\/wp\/v2\/users\/1"}],"replies":[{"embeddable":true,"href":"https:\/\/unisale.com.br\/pastoral\/wp-json\/wp\/v2\/comments?post=13657"}],"version-history":[{"count":1,"href":"https:\/\/unisale.com.br\/pastoral\/wp-json\/wp\/v2\/posts\/13657\/revisions"}],"predecessor-version":[{"id":13659,"href":"https:\/\/unisale.com.br\/pastoral\/wp-json\/wp\/v2\/posts\/13657\/revisions\/13659"}],"wp:featuredmedia":[{"embeddable":true,"href":"https:\/\/unisale.com.br\/pastoral\/wp-json\/wp\/v2\/media\/13658"}],"wp:attachment":[{"href":"https:\/\/unisale.com.br\/pastoral\/wp-json\/wp\/v2\/media?parent=13657"}],"wp:term":[{"taxonomy":"category","embeddable":true,"href":"https:\/\/unisale.com.br\/pastoral\/wp-json\/wp\/v2\/categories?post=13657"},{"taxonomy":"post_tag","embeddable":true,"href":"https:\/\/unisale.com.br\/pastoral\/wp-json\/wp\/v2\/tags?post=13657"}],"curies":[{"name":"wp","href":"https:\/\/api.w.org\/{rel}","templated":true}]}}