{"id":13697,"date":"2026-01-20T10:43:58","date_gmt":"2026-01-20T10:43:58","guid":{"rendered":"https:\/\/unisale.com.br\/pastoral\/?p=13697"},"modified":"2026-01-20T10:43:58","modified_gmt":"2026-01-20T10:43:58","slug":"21-01-o-que-e-permitido-ao-sabado-fazer-o-bem-ou-o-mal","status":"publish","type":"post","link":"https:\/\/unisale.com.br\/pastoral\/21-01-o-que-e-permitido-ao-sabado-fazer-o-bem-ou-o-mal\/","title":{"rendered":".21\/01 &#8211; O que \u00e9 permitido ao s\u00e1bado: fazer o bem ou o mal?"},"content":{"rendered":"<p>Quarta-feira, 21 de janeiro de 2026.<\/p>\n<p>Evangelho (Mc 3,1-6)<\/p>\n<p><strong>\u201cO que \u00e9 permitido ao s\u00e1bado: fazer o bem ou o mal?\u201d<\/strong><\/p>\n<p>Naquele tempo,\u00a01\u00a0Jesus entrou de novo na sinagoga. Havia ali um homem com a m\u00e3o seca.\u00a02\u00a0Alguns o observavam para ver se haveria de curar em dia de s\u00e1bado, para poderem acus\u00e1-lo.\u00a03\u00a0Jesus disse ao homem da m\u00e3o seca: &#8220;Levanta-te e fica aqui no meio!&#8221;\u00a04\u00a0E perguntou-lhes: &#8220;\u00c9 permitido no s\u00e1bado fazer o bem ou fazer o mal? Salvar uma vida ou deix\u00e1-la morrer?&#8221; Mas eles nada disseram.\u00a05\u00a0Jesus, ent\u00e3o, olhou ao seu redor, cheio de ira e tristeza, porque eram duros de cora\u00e7\u00e3o; e disse ao homem: &#8220;Estende a m\u00e3o&#8221;. Ele a estendeu e a m\u00e3o ficou curada.\u00a06\u00a0Ao sa\u00edrem, os fariseus com os partid\u00e1rios de Herodes, imediatamente tramaram, contra Jesus, a maneira como haveriam de mat\u00e1-lo.<\/p>\n<p>&nbsp;<\/p>\n<p><strong>Reflex\u00e3o<\/strong><\/p>\n<p>Estamos mais uma vez diante da controv\u00e9rsia do s\u00e1bado. Jesus cura o homem do bra\u00e7o paralisado em dia de s\u00e1bado. Agora \u00e9 o pr\u00f3prio Jesus que viola a Lei. Os inimigos de Jesus j\u00e1 estavam \u00e0 espreita, esperando Jesus fazer algo para depois acus\u00e1-lo. E por isso Jesus lhes pergunta sobre o que fazer no dia de s\u00e1bado, o bem ou o mal? Curar um homem ou n\u00e3o? Jesus torna evidente a desumanidade da lei sab\u00e1tica. Quando se absolutizam a lei, as constitui\u00e7\u00f5es, os estatutos e institui\u00e7\u00f5es como valor supremo, deixam de estar ao servi\u00e7o do homem e de Deus. O que est\u00e1 evidente neste epis\u00f3dio do evangelho \u00e9 a rela\u00e7\u00e3o entre a novidade do evangelho e as velhas institui\u00e7\u00f5es mosaicas. O que Jesus est\u00e1 propondo \u00e9 uma religi\u00e3o em esp\u00edrito e verdade que n\u00e3o se baseia em media\u00e7\u00f5es de tempo e lugar, sacralizadas pelo homem, tais como a lei, o templo, os sacrif\u00edcios, o jejum e o s\u00e1bado, mas na iniciativa amorosa de Deus que, por Cristo, entrou na hist\u00f3ria e ra\u00e7as humanas para libertar o homem, salv\u00e1-lo e elev\u00e1-lo \u00e0 condi\u00e7\u00e3o de filho seu. A resposta do homem \u00e9 a f\u00e9 de quem escuta com aten\u00e7\u00e3o a palavra de Deus e a cumpre com amor. Toda a vida do crist\u00e3o \u00e9 tempo de gra\u00e7a, tempo da palavra e do esp\u00edrito. E o Esp\u00edrito que recebemos de Cristo \u00e9 liberdade e coragem para viver na alegria e na esperan\u00e7a.<\/p>\n<p><strong>Pe. Paulo Eduardo J\u00e1como, SDB<\/strong><\/p>\n","protected":false},"excerpt":{"rendered":"<p>Quarta-feira, 21 de janeiro de 2026. Evangelho (Mc 3,1-6) \u201cO que \u00e9 permitido ao s\u00e1bado: fazer o bem ou o mal?\u201d Naquele tempo,\u00a01\u00a0Jesus entrou de&#8230;<\/p>\n","protected":false},"author":1,"featured_media":13698,"comment_status":"closed","ping_status":"closed","sticky":false,"template":"","format":"standard","meta":{"_acf_changed":false,"footnotes":""},"categories":[13],"tags":[],"class_list":["post-13697","post","type-post","status-publish","format-standard","has-post-thumbnail","hentry","category-reflexaodoevagelho"],"acf":[],"yoast_head":"<!-- This site is optimized with the Yoast SEO plugin v27.3 - https:\/\/yoast.com\/product\/yoast-seo-wordpress\/ -->\n<title>.21\/01 - O que \u00e9 permitido ao s\u00e1bado: fazer o bem ou o mal? - Pastoral Universit\u00e1ria UniSALESIANO<\/title>\n<meta name=\"robots\" content=\"index, follow, max-snippet:-1, max-image-preview:large, max-video-preview:-1\" \/>\n<link rel=\"canonical\" href=\"https:\/\/unisale.com.br\/pastoral\/21-01-o-que-e-permitido-ao-sabado-fazer-o-bem-ou-o-mal\/\" \/>\n<meta property=\"og:locale\" content=\"pt_BR\" \/>\n<meta property=\"og:type\" content=\"article\" \/>\n<meta property=\"og:title\" content=\".21\/01 - O que \u00e9 permitido ao s\u00e1bado: fazer o bem ou o mal? - Pastoral Universit\u00e1ria UniSALESIANO\" \/>\n<meta property=\"og:description\" content=\"Quarta-feira, 21 de janeiro de 2026. Evangelho (Mc 3,1-6) \u201cO que \u00e9 permitido ao s\u00e1bado: fazer o bem ou o mal?\u201d Naquele tempo,\u00a01\u00a0Jesus entrou de...\" \/>\n<meta property=\"og:url\" content=\"https:\/\/unisale.com.br\/pastoral\/21-01-o-que-e-permitido-ao-sabado-fazer-o-bem-ou-o-mal\/\" \/>\n<meta property=\"og:site_name\" content=\"Pastoral Universit\u00e1ria UniSALESIANO\" \/>\n<meta property=\"article:published_time\" content=\"2026-01-20T10:43:58+00:00\" \/>\n<meta property=\"og:image\" content=\"https:\/\/unisale.com.br\/pastoral\/wp-content\/uploads\/2026\/01\/Gemini_Generated_Image_k8pr6kk8pr6kk8pr-1024x559.png\" \/>\n\t<meta property=\"og:image:width\" content=\"1024\" \/>\n\t<meta property=\"og:image:height\" content=\"559\" \/>\n\t<meta property=\"og:image:type\" content=\"image\/png\" \/>\n<meta name=\"author\" content=\"pastoral\" \/>\n<meta name=\"twitter:card\" content=\"summary_large_image\" \/>\n<meta name=\"twitter:label1\" content=\"Escrito por\" \/>\n\t<meta name=\"twitter:data1\" content=\"pastoral\" \/>\n\t<meta name=\"twitter:label2\" content=\"Est. tempo de leitura\" \/>\n\t<meta name=\"twitter:data2\" content=\"3 minutos\" \/>\n<script type=\"application\/ld+json\" class=\"yoast-schema-graph\">{\"@context\":\"https:\\\/\\\/schema.org\",\"@graph\":[{\"@type\":\"Article\",\"@id\":\"https:\\\/\\\/unisale.com.br\\\/pastoral\\\/21-01-o-que-e-permitido-ao-sabado-fazer-o-bem-ou-o-mal\\\/#article\",\"isPartOf\":{\"@id\":\"https:\\\/\\\/unisale.com.br\\\/pastoral\\\/21-01-o-que-e-permitido-ao-sabado-fazer-o-bem-ou-o-mal\\\/\"},\"author\":{\"name\":\"pastoral\",\"@id\":\"https:\\\/\\\/unisale.com.br\\\/pastoral\\\/#\\\/schema\\\/person\\\/a16ba711a0f7dec9cb6b44563144d5a3\"},\"headline\":\".21\\\/01 &#8211; O que \u00e9 permitido ao s\u00e1bado: fazer o bem ou o mal?\",\"datePublished\":\"2026-01-20T10:43:58+00:00\",\"mainEntityOfPage\":{\"@id\":\"https:\\\/\\\/unisale.com.br\\\/pastoral\\\/21-01-o-que-e-permitido-ao-sabado-fazer-o-bem-ou-o-mal\\\/\"},\"wordCount\":435,\"image\":{\"@id\":\"https:\\\/\\\/unisale.com.br\\\/pastoral\\\/21-01-o-que-e-permitido-ao-sabado-fazer-o-bem-ou-o-mal\\\/#primaryimage\"},\"thumbnailUrl\":\"https:\\\/\\\/unisale.com.br\\\/pastoral\\\/wp-content\\\/uploads\\\/2026\\\/01\\\/Gemini_Generated_Image_k8pr6kk8pr6kk8pr-scaled-1.jpg\",\"articleSection\":[\"Reflex\u00e3o do Evangelho\"],\"inLanguage\":\"pt-BR\"},{\"@type\":\"WebPage\",\"@id\":\"https:\\\/\\\/unisale.com.br\\\/pastoral\\\/21-01-o-que-e-permitido-ao-sabado-fazer-o-bem-ou-o-mal\\\/\",\"url\":\"https:\\\/\\\/unisale.com.br\\\/pastoral\\\/21-01-o-que-e-permitido-ao-sabado-fazer-o-bem-ou-o-mal\\\/\",\"name\":\".21\\\/01 - O que \u00e9 permitido ao s\u00e1bado: fazer o bem ou o mal? - Pastoral Universit\u00e1ria UniSALESIANO\",\"isPartOf\":{\"@id\":\"https:\\\/\\\/unisale.com.br\\\/pastoral\\\/#website\"},\"primaryImageOfPage\":{\"@id\":\"https:\\\/\\\/unisale.com.br\\\/pastoral\\\/21-01-o-que-e-permitido-ao-sabado-fazer-o-bem-ou-o-mal\\\/#primaryimage\"},\"image\":{\"@id\":\"https:\\\/\\\/unisale.com.br\\\/pastoral\\\/21-01-o-que-e-permitido-ao-sabado-fazer-o-bem-ou-o-mal\\\/#primaryimage\"},\"thumbnailUrl\":\"https:\\\/\\\/unisale.com.br\\\/pastoral\\\/wp-content\\\/uploads\\\/2026\\\/01\\\/Gemini_Generated_Image_k8pr6kk8pr6kk8pr-scaled-1.jpg\",\"datePublished\":\"2026-01-20T10:43:58+00:00\",\"author\":{\"@id\":\"https:\\\/\\\/unisale.com.br\\\/pastoral\\\/#\\\/schema\\\/person\\\/a16ba711a0f7dec9cb6b44563144d5a3\"},\"inLanguage\":\"pt-BR\",\"potentialAction\":[{\"@type\":\"ReadAction\",\"target\":[\"https:\\\/\\\/unisale.com.br\\\/pastoral\\\/21-01-o-que-e-permitido-ao-sabado-fazer-o-bem-ou-o-mal\\\/\"]}]},{\"@type\":\"ImageObject\",\"inLanguage\":\"pt-BR\",\"@id\":\"https:\\\/\\\/unisale.com.br\\\/pastoral\\\/21-01-o-que-e-permitido-ao-sabado-fazer-o-bem-ou-o-mal\\\/#primaryimage\",\"url\":\"https:\\\/\\\/unisale.com.br\\\/pastoral\\\/wp-content\\\/uploads\\\/2026\\\/01\\\/Gemini_Generated_Image_k8pr6kk8pr6kk8pr-scaled-1.jpg\",\"contentUrl\":\"https:\\\/\\\/unisale.com.br\\\/pastoral\\\/wp-content\\\/uploads\\\/2026\\\/01\\\/Gemini_Generated_Image_k8pr6kk8pr6kk8pr-scaled-1.jpg\",\"width\":917,\"height\":500},{\"@type\":\"WebSite\",\"@id\":\"https:\\\/\\\/unisale.com.br\\\/pastoral\\\/#website\",\"url\":\"https:\\\/\\\/unisale.com.br\\\/pastoral\\\/\",\"name\":\"Pastoral Universit\u00e1ria UniSALESIANO\",\"description\":\"Site da Pastoral Universit\u00e1ria do UniSALESIANO\",\"potentialAction\":[{\"@type\":\"SearchAction\",\"target\":{\"@type\":\"EntryPoint\",\"urlTemplate\":\"https:\\\/\\\/unisale.com.br\\\/pastoral\\\/?s={search_term_string}\"},\"query-input\":{\"@type\":\"PropertyValueSpecification\",\"valueRequired\":true,\"valueName\":\"search_term_string\"}}],\"inLanguage\":\"pt-BR\"},{\"@type\":\"Person\",\"@id\":\"https:\\\/\\\/unisale.com.br\\\/pastoral\\\/#\\\/schema\\\/person\\\/a16ba711a0f7dec9cb6b44563144d5a3\",\"name\":\"pastoral\",\"url\":\"https:\\\/\\\/unisale.com.br\\\/pastoral\\\/author\\\/pastoral\\\/\"}]}<\/script>\n<!-- \/ Yoast SEO plugin. -->","yoast_head_json":{"title":".21\/01 - O que \u00e9 permitido ao s\u00e1bado: fazer o bem ou o mal? - Pastoral Universit\u00e1ria UniSALESIANO","robots":{"index":"index","follow":"follow","max-snippet":"max-snippet:-1","max-image-preview":"max-image-preview:large","max-video-preview":"max-video-preview:-1"},"canonical":"https:\/\/unisale.com.br\/pastoral\/21-01-o-que-e-permitido-ao-sabado-fazer-o-bem-ou-o-mal\/","og_locale":"pt_BR","og_type":"article","og_title":".21\/01 - O que \u00e9 permitido ao s\u00e1bado: fazer o bem ou o mal? - Pastoral Universit\u00e1ria UniSALESIANO","og_description":"Quarta-feira, 21 de janeiro de 2026. Evangelho (Mc 3,1-6) \u201cO que \u00e9 permitido ao s\u00e1bado: fazer o bem ou o mal?\u201d Naquele tempo,\u00a01\u00a0Jesus entrou de...","og_url":"https:\/\/unisale.com.br\/pastoral\/21-01-o-que-e-permitido-ao-sabado-fazer-o-bem-ou-o-mal\/","og_site_name":"Pastoral Universit\u00e1ria UniSALESIANO","article_published_time":"2026-01-20T10:43:58+00:00","og_image":[{"width":1024,"height":559,"url":"https:\/\/unisale.com.br\/pastoral\/wp-content\/uploads\/2026\/01\/Gemini_Generated_Image_k8pr6kk8pr6kk8pr-1024x559.png","type":"image\/png"}],"author":"pastoral","twitter_card":"summary_large_image","twitter_misc":{"Escrito por":"pastoral","Est. tempo de leitura":"3 minutos"},"schema":{"@context":"https:\/\/schema.org","@graph":[{"@type":"Article","@id":"https:\/\/unisale.com.br\/pastoral\/21-01-o-que-e-permitido-ao-sabado-fazer-o-bem-ou-o-mal\/#article","isPartOf":{"@id":"https:\/\/unisale.com.br\/pastoral\/21-01-o-que-e-permitido-ao-sabado-fazer-o-bem-ou-o-mal\/"},"author":{"name":"pastoral","@id":"https:\/\/unisale.com.br\/pastoral\/#\/schema\/person\/a16ba711a0f7dec9cb6b44563144d5a3"},"headline":".21\/01 &#8211; O que \u00e9 permitido ao s\u00e1bado: fazer o bem ou o mal?","datePublished":"2026-01-20T10:43:58+00:00","mainEntityOfPage":{"@id":"https:\/\/unisale.com.br\/pastoral\/21-01-o-que-e-permitido-ao-sabado-fazer-o-bem-ou-o-mal\/"},"wordCount":435,"image":{"@id":"https:\/\/unisale.com.br\/pastoral\/21-01-o-que-e-permitido-ao-sabado-fazer-o-bem-ou-o-mal\/#primaryimage"},"thumbnailUrl":"https:\/\/unisale.com.br\/pastoral\/wp-content\/uploads\/2026\/01\/Gemini_Generated_Image_k8pr6kk8pr6kk8pr-scaled-1.jpg","articleSection":["Reflex\u00e3o do Evangelho"],"inLanguage":"pt-BR"},{"@type":"WebPage","@id":"https:\/\/unisale.com.br\/pastoral\/21-01-o-que-e-permitido-ao-sabado-fazer-o-bem-ou-o-mal\/","url":"https:\/\/unisale.com.br\/pastoral\/21-01-o-que-e-permitido-ao-sabado-fazer-o-bem-ou-o-mal\/","name":".21\/01 - O que \u00e9 permitido ao s\u00e1bado: fazer o bem ou o mal? - Pastoral Universit\u00e1ria UniSALESIANO","isPartOf":{"@id":"https:\/\/unisale.com.br\/pastoral\/#website"},"primaryImageOfPage":{"@id":"https:\/\/unisale.com.br\/pastoral\/21-01-o-que-e-permitido-ao-sabado-fazer-o-bem-ou-o-mal\/#primaryimage"},"image":{"@id":"https:\/\/unisale.com.br\/pastoral\/21-01-o-que-e-permitido-ao-sabado-fazer-o-bem-ou-o-mal\/#primaryimage"},"thumbnailUrl":"https:\/\/unisale.com.br\/pastoral\/wp-content\/uploads\/2026\/01\/Gemini_Generated_Image_k8pr6kk8pr6kk8pr-scaled-1.jpg","datePublished":"2026-01-20T10:43:58+00:00","author":{"@id":"https:\/\/unisale.com.br\/pastoral\/#\/schema\/person\/a16ba711a0f7dec9cb6b44563144d5a3"},"inLanguage":"pt-BR","potentialAction":[{"@type":"ReadAction","target":["https:\/\/unisale.com.br\/pastoral\/21-01-o-que-e-permitido-ao-sabado-fazer-o-bem-ou-o-mal\/"]}]},{"@type":"ImageObject","inLanguage":"pt-BR","@id":"https:\/\/unisale.com.br\/pastoral\/21-01-o-que-e-permitido-ao-sabado-fazer-o-bem-ou-o-mal\/#primaryimage","url":"https:\/\/unisale.com.br\/pastoral\/wp-content\/uploads\/2026\/01\/Gemini_Generated_Image_k8pr6kk8pr6kk8pr-scaled-1.jpg","contentUrl":"https:\/\/unisale.com.br\/pastoral\/wp-content\/uploads\/2026\/01\/Gemini_Generated_Image_k8pr6kk8pr6kk8pr-scaled-1.jpg","width":917,"height":500},{"@type":"WebSite","@id":"https:\/\/unisale.com.br\/pastoral\/#website","url":"https:\/\/unisale.com.br\/pastoral\/","name":"Pastoral Universit\u00e1ria UniSALESIANO","description":"Site da Pastoral Universit\u00e1ria do UniSALESIANO","potentialAction":[{"@type":"SearchAction","target":{"@type":"EntryPoint","urlTemplate":"https:\/\/unisale.com.br\/pastoral\/?s={search_term_string}"},"query-input":{"@type":"PropertyValueSpecification","valueRequired":true,"valueName":"search_term_string"}}],"inLanguage":"pt-BR"},{"@type":"Person","@id":"https:\/\/unisale.com.br\/pastoral\/#\/schema\/person\/a16ba711a0f7dec9cb6b44563144d5a3","name":"pastoral","url":"https:\/\/unisale.com.br\/pastoral\/author\/pastoral\/"}]}},"_links":{"self":[{"href":"https:\/\/unisale.com.br\/pastoral\/wp-json\/wp\/v2\/posts\/13697","targetHints":{"allow":["GET"]}}],"collection":[{"href":"https:\/\/unisale.com.br\/pastoral\/wp-json\/wp\/v2\/posts"}],"about":[{"href":"https:\/\/unisale.com.br\/pastoral\/wp-json\/wp\/v2\/types\/post"}],"author":[{"embeddable":true,"href":"https:\/\/unisale.com.br\/pastoral\/wp-json\/wp\/v2\/users\/1"}],"replies":[{"embeddable":true,"href":"https:\/\/unisale.com.br\/pastoral\/wp-json\/wp\/v2\/comments?post=13697"}],"version-history":[{"count":2,"href":"https:\/\/unisale.com.br\/pastoral\/wp-json\/wp\/v2\/posts\/13697\/revisions"}],"predecessor-version":[{"id":13700,"href":"https:\/\/unisale.com.br\/pastoral\/wp-json\/wp\/v2\/posts\/13697\/revisions\/13700"}],"wp:featuredmedia":[{"embeddable":true,"href":"https:\/\/unisale.com.br\/pastoral\/wp-json\/wp\/v2\/media\/13698"}],"wp:attachment":[{"href":"https:\/\/unisale.com.br\/pastoral\/wp-json\/wp\/v2\/media?parent=13697"}],"wp:term":[{"taxonomy":"category","embeddable":true,"href":"https:\/\/unisale.com.br\/pastoral\/wp-json\/wp\/v2\/categories?post=13697"},{"taxonomy":"post_tag","embeddable":true,"href":"https:\/\/unisale.com.br\/pastoral\/wp-json\/wp\/v2\/tags?post=13697"}],"curies":[{"name":"wp","href":"https:\/\/api.w.org\/{rel}","templated":true}]}}