{"id":13716,"date":"2026-01-23T11:40:27","date_gmt":"2026-01-23T11:40:27","guid":{"rendered":"https:\/\/unisale.com.br\/pastoral\/?p=13716"},"modified":"2026-01-23T11:40:27","modified_gmt":"2026-01-23T11:40:27","slug":"unisalesiano-realiza-confraternizacao-de-natal-com-celebracao-partilha-e-integracao","status":"publish","type":"post","link":"https:\/\/unisale.com.br\/pastoral\/unisalesiano-realiza-confraternizacao-de-natal-com-celebracao-partilha-e-integracao\/","title":{"rendered":"UniSALESIANO realiza confraterniza\u00e7\u00e3o de Natal com celebra\u00e7\u00e3o, partilha e integra\u00e7\u00e3o"},"content":{"rendered":"<p>O UniSALESIANO promoveu, na \u00faltima ter\u00e7a-feira, sua tradicional\u00a0<strong>confraterniza\u00e7\u00e3o de Natal,<\/strong>\u00a0reunindo colaboradores em um momento marcado pela espiritualidade, gratid\u00e3o e conviv\u00eancia fraterna. A programa\u00e7\u00e3o teve in\u00edcio na Igreja Universit\u00e1ria, refor\u00e7ando o sentido crist\u00e3o do Natal e a identidade salesiana da Institui\u00e7\u00e3o.<\/p>\n<p>A celebra\u00e7\u00e3o contou com a presen\u00e7a de membros da Reitoria, do Reitor do UniSALESIANO,\u00a0<strong>Pe. Paulo Vendrame<\/strong>, do Pr\u00f3-Reitor de Pastoral,\u00a0<strong>Pe. Paulo J\u00e1como<\/strong>, do chanceler em\u00e9rito do UniSALESIANO,\u00a0<strong>Pe. Gild\u00e1sio Mendes<\/strong>, e dos colaboradores de diversos setores da Institui\u00e7\u00e3o.<\/p>\n<p>Durante a celebra\u00e7\u00e3o, Pe. Paulo Vendrame destacou que o Natal \u00e9 mais do que uma data comemorativa: \u00e9 um convite \u00e0 vigil\u00e2ncia, \u00e0 fraternidade e \u00e0 viv\u00eancia concreta dos valores do Evangelho no dia a dia. Em sua reflex\u00e3o, ressaltou que o nascimento de Jesus recorda a import\u00e2ncia do amor ao pr\u00f3ximo, do respeito, da toler\u00e2ncia e do compromisso em tornar o mundo melhor por meio das atitudes cotidianas.<\/p>\n<p>\u201cO verdadeiro sentido do Natal est\u00e1 al\u00e9m das luzes e das comemora\u00e7\u00f5es externas, est\u00e1 em reconhecer que Deus se fez presente no mundo e continua vindo ao encontro de cada um de n\u00f3s. \u00c9 tempo de prepara\u00e7\u00e3o interior, de cuidado com o outro e de esperan\u00e7a\u201d, enfatizou.<\/p>\n<p><strong>CASA DO P\u00c3O<\/strong><\/p>\n<p>O Reitor tamb\u00e9m relacionou o s\u00edmbolo do panetone entregue aos colaboradores ao significado crist\u00e3o do Natal, pois \u201cBel\u00e9m\u201d (Cidade em que Jesus nasceu) significa \u201cCasa do P\u00e3o\u201d, e Jesus \u00e9 o p\u00e3o da vida, aquele que alimenta a vida com sentido, f\u00e9 e valores.<\/p>\n<p>Ap\u00f3s o momento religioso, os colaboradores participaram de um almo\u00e7o de confraterniza\u00e7\u00e3o em uma churrascaria, promovendo integra\u00e7\u00e3o e celebra\u00e7\u00e3o entre as equipes. O encontro foi marcado ainda pelo sorteio de pr\u00eamios e pela entrega de panetones, gesto simb\u00f3lico de carinho e reconhecimento pelo trabalho desenvolvido ao longo de 2025.<\/p>\n<p>Confira a lista com os nomes dos patrocinadores dos brindes:<\/p>\n<p>A3F Engenharia<\/p>\n<p>Apaloosa\u2019s Churrascaria<\/p>\n<p>Arquiteto Emilio Ruas<\/p>\n<p>ATA Compressores<\/p>\n<p>Ataflex<\/p>\n<p>Borracharia Bagua\u00e7u (Aranha)<\/p>\n<p>Box Camel\u00f4 35 (Loja Multim\u00eddia)<\/p>\n<p>Bracale Revestimentos<\/p>\n<p>Brasil Cacau<\/p>\n<p>Caf\u00e9 Macal\u00ed<\/p>\n<p>Cantina UniSALESIANO<\/p>\n<p>Cartola Sport Bar<\/p>\n<p>Cir\u00fargica Nilmar<\/p>\n<p>Construtart<\/p>\n<ol>\n<li>Carvalho \u2013 John Deere<\/li>\n<\/ol>\n<p>Dep\u00f3sito Uni\u00e3o Mat. Const.<\/p>\n<p>Despachante Ara\u00e7\u00e1<\/p>\n<p>Dinalab<\/p>\n<p>Dra. Rossana Cabrera<\/p>\n<p>Du Kar Oficina<\/p>\n<p>El\u00e9trica Ara\u00e7atuba<\/p>\n<p>El\u00e9trica Positivo<\/p>\n<p>Eletromedicina Carvalho<\/p>\n<p>EPI.com<\/p>\n<p>Estoque Tintas<\/p>\n<p>Fred Vidra\u00e7aria<\/p>\n<p>Galiano Pisos e Revestimentos<\/p>\n<p>Gon Funilaria<\/p>\n<p>Hot Planet<\/p>\n<p>J.E. Constru\u00e7\u00e3o<\/p>\n<p>Japa Ar Condicionado<\/p>\n<p>Jet M\u00e1quinas<\/p>\n<p>Jorrovi Cal\u00e7ados<\/p>\n<p>Lalo Cal\u00e7ados<\/p>\n<p>Marmoraria Laluce<\/p>\n<p>Leveros<\/p>\n<p>Lorenzetto Pinturas<\/p>\n<p>LPS Agrofarma<\/p>\n<p>Luminar<\/p>\n<p>MV Engenharia<\/p>\n<p>Maestr\u00f4 El\u00e9trica e Hidr\u00e1ulica<\/p>\n<p>Magazine do Frio<\/p>\n<p>Max Oil<\/p>\n<p>MD Funilaria<\/p>\n<p>Men Upgrade<\/p>\n<p>Mezza Est\u00e9tica Automotiva<\/p>\n<p>Originalle Brindes<\/p>\n<p>\u00d3ticas Lume<\/p>\n<p>Padaria Shallon<\/p>\n<p>Pet 2 Pet<\/p>\n<p>Pizzaria Panuto<\/p>\n<p>Portal Ferragens<\/p>\n<p>Prof. Dr. Rafael Cipriano<\/p>\n<p>Pulmer Distribuidora<\/p>\n<p>Quality Cartuchos<\/p>\n<p>Refrigera\u00e7\u00e3o Bracale<\/p>\n<p>Renascer Turismo<\/p>\n<p>Rill Qu\u00edmica<\/p>\n<p>Romapar<\/p>\n<p>Satriani<\/p>\n<p>SD Produtos Veterin\u00e1rios<\/p>\n<p>Tape\u00e7aria Brasil<\/p>\n<p>Tellius Telecom<\/p>\n<p>Top Case<\/p>\n<p>Uni Auto Posto<\/p>\n<p>Verde Flora<\/p>\n<p>YF Tecnologia<\/p>\n<p>Zatti Sa\u00fade<\/p>\n<p>Pizzaria Dona Am\u00e9lia<\/p>\n<p>&nbsp;<\/p>\n<p>&nbsp;<\/p>\n\n\t\t<style type=\"text\/css\">\n\t\t\t#gallery-1 {\n\t\t\t\tmargin: auto;\n\t\t\t}\n\t\t\t#gallery-1 .gallery-item {\n\t\t\t\tfloat: left;\n\t\t\t\tmargin-top: 10px;\n\t\t\t\ttext-align: center;\n\t\t\t\twidth: 33%;\n\t\t\t}\n\t\t\t#gallery-1 img {\n\t\t\t\tborder: 2px solid #cfcfcf;\n\t\t\t}\n\t\t\t#gallery-1 .gallery-caption {\n\t\t\t\tmargin-left: 0;\n\t\t\t}\n\t\t\t\/* see gallery_shortcode() in wp-includes\/media.php *\/\n\t\t<\/style>\n\t\t<div id='gallery-1' class='gallery galleryid-13716 gallery-columns-3 gallery-size-thumbnail'><dl class='gallery-item'>\n\t\t\t<dt class='gallery-icon landscape'>\n\t\t\t\t<a href='https:\/\/unisale.com.br\/pastoral\/unisalesiano-realiza-confraternizacao-de-natal-com-celebracao-partilha-e-integracao\/whatsapp-image-2025-12-24-at-11-40-00-1024x682\/'><img decoding=\"async\" width=\"150\" height=\"150\" src=\"https:\/\/unisale.com.br\/pastoral\/wp-content\/uploads\/2026\/01\/WhatsApp-Image-2025-12-24-at-11.40.00-1024x682-1-150x150.jpeg\" class=\"attachment-thumbnail size-thumbnail\" alt=\"\" \/><\/a>\n\t\t\t<\/dt><\/dl><dl class='gallery-item'>\n\t\t\t<dt class='gallery-icon landscape'>\n\t\t\t\t<a href='https:\/\/unisale.com.br\/pastoral\/unisalesiano-realiza-confraternizacao-de-natal-com-celebracao-partilha-e-integracao\/whatsapp-image-2025-12-24-at-11-40-00-1-1024x682\/'><img decoding=\"async\" width=\"150\" height=\"150\" src=\"https:\/\/unisale.com.br\/pastoral\/wp-content\/uploads\/2026\/01\/WhatsApp-Image-2025-12-24-at-11.40.00-1-1024x682-1-150x150.jpeg\" class=\"attachment-thumbnail size-thumbnail\" alt=\"\" \/><\/a>\n\t\t\t<\/dt><\/dl><dl class='gallery-item'>\n\t\t\t<dt class='gallery-icon landscape'>\n\t\t\t\t<a href='https:\/\/unisale.com.br\/pastoral\/unisalesiano-realiza-confraternizacao-de-natal-com-celebracao-partilha-e-integracao\/whatsapp-image-2025-12-24-at-11-40-00-2-1024x682\/'><img decoding=\"async\" width=\"150\" height=\"150\" src=\"https:\/\/unisale.com.br\/pastoral\/wp-content\/uploads\/2026\/01\/WhatsApp-Image-2025-12-24-at-11.40.00-2-1024x682-1-150x150.jpeg\" class=\"attachment-thumbnail size-thumbnail\" alt=\"\" \/><\/a>\n\t\t\t<\/dt><\/dl><br style=\"clear: both\" \/><dl class='gallery-item'>\n\t\t\t<dt class='gallery-icon landscape'>\n\t\t\t\t<a href='https:\/\/unisale.com.br\/pastoral\/unisalesiano-realiza-confraternizacao-de-natal-com-celebracao-partilha-e-integracao\/whatsapp-image-2025-12-24-at-11-40-00-3-1024x682\/'><img loading=\"lazy\" decoding=\"async\" width=\"150\" height=\"150\" src=\"https:\/\/unisale.com.br\/pastoral\/wp-content\/uploads\/2026\/01\/WhatsApp-Image-2025-12-24-at-11.40.00-3-1024x682-1-150x150.jpeg\" class=\"attachment-thumbnail size-thumbnail\" alt=\"\" \/><\/a>\n\t\t\t<\/dt><\/dl><dl class='gallery-item'>\n\t\t\t<dt class='gallery-icon landscape'>\n\t\t\t\t<a href='https:\/\/unisale.com.br\/pastoral\/unisalesiano-realiza-confraternizacao-de-natal-com-celebracao-partilha-e-integracao\/whatsapp-image-2025-12-24-at-11-40-00-5-1024x682\/'><img loading=\"lazy\" decoding=\"async\" width=\"150\" height=\"150\" src=\"https:\/\/unisale.com.br\/pastoral\/wp-content\/uploads\/2026\/01\/WhatsApp-Image-2025-12-24-at-11.40.00-5-1024x682-1-150x150.jpeg\" class=\"attachment-thumbnail size-thumbnail\" alt=\"\" \/><\/a>\n\t\t\t<\/dt><\/dl><dl class='gallery-item'>\n\t\t\t<dt class='gallery-icon landscape'>\n\t\t\t\t<a href='https:\/\/unisale.com.br\/pastoral\/unisalesiano-realiza-confraternizacao-de-natal-com-celebracao-partilha-e-integracao\/whatsapp-image-2025-12-24-at-11-40-00-6-1024x682\/'><img loading=\"lazy\" decoding=\"async\" width=\"150\" height=\"150\" src=\"https:\/\/unisale.com.br\/pastoral\/wp-content\/uploads\/2026\/01\/WhatsApp-Image-2025-12-24-at-11.40.00-6-1024x682-1-150x150.jpeg\" class=\"attachment-thumbnail size-thumbnail\" alt=\"\" \/><\/a>\n\t\t\t<\/dt><\/dl><br style=\"clear: both\" \/><dl class='gallery-item'>\n\t\t\t<dt class='gallery-icon landscape'>\n\t\t\t\t<a href='https:\/\/unisale.com.br\/pastoral\/unisalesiano-realiza-confraternizacao-de-natal-com-celebracao-partilha-e-integracao\/whatsapp-image-2025-12-24-at-11-40-00-7-1024x682\/'><img loading=\"lazy\" decoding=\"async\" width=\"150\" height=\"150\" src=\"https:\/\/unisale.com.br\/pastoral\/wp-content\/uploads\/2026\/01\/WhatsApp-Image-2025-12-24-at-11.40.00-7-1024x682-1-150x150.jpeg\" class=\"attachment-thumbnail size-thumbnail\" alt=\"\" \/><\/a>\n\t\t\t<\/dt><\/dl><dl class='gallery-item'>\n\t\t\t<dt class='gallery-icon landscape'>\n\t\t\t\t<a href='https:\/\/unisale.com.br\/pastoral\/unisalesiano-realiza-confraternizacao-de-natal-com-celebracao-partilha-e-integracao\/whatsapp-image-2025-12-24-at-11-40-00-8-1024x682\/'><img loading=\"lazy\" decoding=\"async\" width=\"150\" height=\"150\" src=\"https:\/\/unisale.com.br\/pastoral\/wp-content\/uploads\/2026\/01\/WhatsApp-Image-2025-12-24-at-11.40.00-8-1024x682-1-150x150.jpeg\" class=\"attachment-thumbnail size-thumbnail\" alt=\"\" \/><\/a>\n\t\t\t<\/dt><\/dl><dl class='gallery-item'>\n\t\t\t<dt class='gallery-icon landscape'>\n\t\t\t\t<a href='https:\/\/unisale.com.br\/pastoral\/unisalesiano-realiza-confraternizacao-de-natal-com-celebracao-partilha-e-integracao\/whatsapp-image-2025-12-24-at-11-40-00-10-1024x682\/'><img loading=\"lazy\" decoding=\"async\" width=\"150\" height=\"150\" src=\"https:\/\/unisale.com.br\/pastoral\/wp-content\/uploads\/2026\/01\/WhatsApp-Image-2025-12-24-at-11.40.00-10-1024x682-1-150x150.jpeg\" class=\"attachment-thumbnail size-thumbnail\" alt=\"\" \/><\/a>\n\t\t\t<\/dt><\/dl><br style=\"clear: both\" \/><dl class='gallery-item'>\n\t\t\t<dt class='gallery-icon landscape'>\n\t\t\t\t<a href='https:\/\/unisale.com.br\/pastoral\/unisalesiano-realiza-confraternizacao-de-natal-com-celebracao-partilha-e-integracao\/whatsapp-image-2025-12-24-at-11-40-00-11-1024x682\/'><img loading=\"lazy\" decoding=\"async\" width=\"150\" height=\"150\" src=\"https:\/\/unisale.com.br\/pastoral\/wp-content\/uploads\/2026\/01\/WhatsApp-Image-2025-12-24-at-11.40.00-11-1024x682-1-150x150.jpeg\" class=\"attachment-thumbnail size-thumbnail\" alt=\"\" \/><\/a>\n\t\t\t<\/dt><\/dl><dl class='gallery-item'>\n\t\t\t<dt class='gallery-icon landscape'>\n\t\t\t\t<a href='https:\/\/unisale.com.br\/pastoral\/unisalesiano-realiza-confraternizacao-de-natal-com-celebracao-partilha-e-integracao\/whatsapp-image-2025-12-24-at-11-40-00-12-1024x682\/'><img loading=\"lazy\" decoding=\"async\" width=\"150\" height=\"150\" src=\"https:\/\/unisale.com.br\/pastoral\/wp-content\/uploads\/2026\/01\/WhatsApp-Image-2025-12-24-at-11.40.00-12-1024x682-1-150x150.jpeg\" class=\"attachment-thumbnail size-thumbnail\" alt=\"\" \/><\/a>\n\t\t\t<\/dt><\/dl><dl class='gallery-item'>\n\t\t\t<dt class='gallery-icon landscape'>\n\t\t\t\t<a href='https:\/\/unisale.com.br\/pastoral\/unisalesiano-realiza-confraternizacao-de-natal-com-celebracao-partilha-e-integracao\/whatsapp-image-2025-12-24-at-11-40-00-13-1024x682\/'><img loading=\"lazy\" decoding=\"async\" width=\"150\" height=\"150\" src=\"https:\/\/unisale.com.br\/pastoral\/wp-content\/uploads\/2026\/01\/WhatsApp-Image-2025-12-24-at-11.40.00-13-1024x682-1-150x150.jpeg\" class=\"attachment-thumbnail size-thumbnail\" alt=\"\" \/><\/a>\n\t\t\t<\/dt><\/dl><br style=\"clear: both\" \/><dl class='gallery-item'>\n\t\t\t<dt class='gallery-icon landscape'>\n\t\t\t\t<a href='https:\/\/unisale.com.br\/pastoral\/unisalesiano-realiza-confraternizacao-de-natal-com-celebracao-partilha-e-integracao\/whatsapp-image-2025-12-24-at-11-40-00-14-1024x682\/'><img loading=\"lazy\" decoding=\"async\" width=\"150\" height=\"150\" src=\"https:\/\/unisale.com.br\/pastoral\/wp-content\/uploads\/2026\/01\/WhatsApp-Image-2025-12-24-at-11.40.00-14-1024x682-1-150x150.jpeg\" class=\"attachment-thumbnail size-thumbnail\" alt=\"\" \/><\/a>\n\t\t\t<\/dt><\/dl><dl class='gallery-item'>\n\t\t\t<dt class='gallery-icon landscape'>\n\t\t\t\t<a href='https:\/\/unisale.com.br\/pastoral\/unisalesiano-realiza-confraternizacao-de-natal-com-celebracao-partilha-e-integracao\/whatsapp-image-2025-12-24-at-11-40-00-16-1024x682\/'><img loading=\"lazy\" decoding=\"async\" width=\"150\" height=\"150\" src=\"https:\/\/unisale.com.br\/pastoral\/wp-content\/uploads\/2026\/01\/WhatsApp-Image-2025-12-24-at-11.40.00-16-1024x682-1-150x150.jpeg\" class=\"attachment-thumbnail size-thumbnail\" alt=\"\" \/><\/a>\n\t\t\t<\/dt><\/dl><dl class='gallery-item'>\n\t\t\t<dt class='gallery-icon landscape'>\n\t\t\t\t<a href='https:\/\/unisale.com.br\/pastoral\/unisalesiano-realiza-confraternizacao-de-natal-com-celebracao-partilha-e-integracao\/whatsapp-image-2025-12-24-at-11-40-00-17-1024x682\/'><img loading=\"lazy\" decoding=\"async\" width=\"150\" height=\"150\" src=\"https:\/\/unisale.com.br\/pastoral\/wp-content\/uploads\/2026\/01\/WhatsApp-Image-2025-12-24-at-11.40.00-17-1024x682-1-150x150.jpeg\" class=\"attachment-thumbnail size-thumbnail\" alt=\"\" \/><\/a>\n\t\t\t<\/dt><\/dl><br style=\"clear: both\" \/><dl class='gallery-item'>\n\t\t\t<dt class='gallery-icon landscape'>\n\t\t\t\t<a href='https:\/\/unisale.com.br\/pastoral\/unisalesiano-realiza-confraternizacao-de-natal-com-celebracao-partilha-e-integracao\/whatsapp-image-2025-12-24-at-11-40-00-18-1024x682\/'><img loading=\"lazy\" decoding=\"async\" width=\"150\" height=\"150\" src=\"https:\/\/unisale.com.br\/pastoral\/wp-content\/uploads\/2026\/01\/WhatsApp-Image-2025-12-24-at-11.40.00-18-1024x682-1-150x150.jpeg\" class=\"attachment-thumbnail size-thumbnail\" alt=\"\" \/><\/a>\n\t\t\t<\/dt><\/dl><dl class='gallery-item'>\n\t\t\t<dt class='gallery-icon landscape'>\n\t\t\t\t<a href='https:\/\/unisale.com.br\/pastoral\/unisalesiano-realiza-confraternizacao-de-natal-com-celebracao-partilha-e-integracao\/whatsapp-image-2025-12-24-at-11-40-00-20-1024x682\/'><img loading=\"lazy\" decoding=\"async\" width=\"150\" height=\"150\" src=\"https:\/\/unisale.com.br\/pastoral\/wp-content\/uploads\/2026\/01\/WhatsApp-Image-2025-12-24-at-11.40.00-20-1024x682-1-150x150.jpeg\" class=\"attachment-thumbnail size-thumbnail\" alt=\"\" \/><\/a>\n\t\t\t<\/dt><\/dl><dl class='gallery-item'>\n\t\t\t<dt class='gallery-icon landscape'>\n\t\t\t\t<a href='https:\/\/unisale.com.br\/pastoral\/unisalesiano-realiza-confraternizacao-de-natal-com-celebracao-partilha-e-integracao\/whatsapp-image-2025-12-24-at-11-40-00-21-1024x682\/'><img loading=\"lazy\" decoding=\"async\" width=\"150\" height=\"150\" src=\"https:\/\/unisale.com.br\/pastoral\/wp-content\/uploads\/2026\/01\/WhatsApp-Image-2025-12-24-at-11.40.00-21-1024x682-1-150x150.jpeg\" class=\"attachment-thumbnail size-thumbnail\" alt=\"\" \/><\/a>\n\t\t\t<\/dt><\/dl><br style=\"clear: both\" \/><dl class='gallery-item'>\n\t\t\t<dt class='gallery-icon landscape'>\n\t\t\t\t<a href='https:\/\/unisale.com.br\/pastoral\/unisalesiano-realiza-confraternizacao-de-natal-com-celebracao-partilha-e-integracao\/whatsapp-image-2025-12-24-at-11-40-00-22-1024x682\/'><img loading=\"lazy\" decoding=\"async\" width=\"150\" height=\"150\" src=\"https:\/\/unisale.com.br\/pastoral\/wp-content\/uploads\/2026\/01\/WhatsApp-Image-2025-12-24-at-11.40.00-22-1024x682-1-150x150.jpeg\" class=\"attachment-thumbnail size-thumbnail\" alt=\"\" \/><\/a>\n\t\t\t<\/dt><\/dl><dl class='gallery-item'>\n\t\t\t<dt class='gallery-icon landscape'>\n\t\t\t\t<a href='https:\/\/unisale.com.br\/pastoral\/unisalesiano-realiza-confraternizacao-de-natal-com-celebracao-partilha-e-integracao\/whatsapp-image-2025-12-24-at-11-40-00-23-1024x682\/'><img loading=\"lazy\" decoding=\"async\" width=\"150\" height=\"150\" src=\"https:\/\/unisale.com.br\/pastoral\/wp-content\/uploads\/2026\/01\/WhatsApp-Image-2025-12-24-at-11.40.00-23-1024x682-1-150x150.jpeg\" class=\"attachment-thumbnail size-thumbnail\" alt=\"\" \/><\/a>\n\t\t\t<\/dt><\/dl><dl class='gallery-item'>\n\t\t\t<dt class='gallery-icon landscape'>\n\t\t\t\t<a href='https:\/\/unisale.com.br\/pastoral\/unisalesiano-realiza-confraternizacao-de-natal-com-celebracao-partilha-e-integracao\/whatsapp-image-2025-12-24-at-11-40-00-24-1024x682\/'><img loading=\"lazy\" decoding=\"async\" width=\"150\" height=\"150\" src=\"https:\/\/unisale.com.br\/pastoral\/wp-content\/uploads\/2026\/01\/WhatsApp-Image-2025-12-24-at-11.40.00-24-1024x682-1-150x150.jpeg\" class=\"attachment-thumbnail size-thumbnail\" alt=\"\" \/><\/a>\n\t\t\t<\/dt><\/dl><br style=\"clear: both\" \/><dl class='gallery-item'>\n\t\t\t<dt class='gallery-icon landscape'>\n\t\t\t\t<a href='https:\/\/unisale.com.br\/pastoral\/unisalesiano-realiza-confraternizacao-de-natal-com-celebracao-partilha-e-integracao\/whatsapp-image-2025-12-24-at-11-43-37-1024x682\/'><img loading=\"lazy\" decoding=\"async\" width=\"150\" height=\"150\" src=\"https:\/\/unisale.com.br\/pastoral\/wp-content\/uploads\/2026\/01\/WhatsApp-Image-2025-12-24-at-11.43.37-1024x682-1-150x150.jpeg\" class=\"attachment-thumbnail size-thumbnail\" alt=\"\" \/><\/a>\n\t\t\t<\/dt><\/dl><dl class='gallery-item'>\n\t\t\t<dt class='gallery-icon landscape'>\n\t\t\t\t<a href='https:\/\/unisale.com.br\/pastoral\/unisalesiano-realiza-confraternizacao-de-natal-com-celebracao-partilha-e-integracao\/whatsapp-image-2025-12-24-at-11-43-37-1-1024x682\/'><img loading=\"lazy\" decoding=\"async\" width=\"150\" height=\"150\" src=\"https:\/\/unisale.com.br\/pastoral\/wp-content\/uploads\/2026\/01\/WhatsApp-Image-2025-12-24-at-11.43.37-1-1024x682-1-150x150.jpeg\" class=\"attachment-thumbnail size-thumbnail\" alt=\"\" \/><\/a>\n\t\t\t<\/dt><\/dl><dl class='gallery-item'>\n\t\t\t<dt class='gallery-icon landscape'>\n\t\t\t\t<a href='https:\/\/unisale.com.br\/pastoral\/unisalesiano-realiza-confraternizacao-de-natal-com-celebracao-partilha-e-integracao\/whatsapp-image-2025-12-24-at-11-43-37-2-1024x682\/'><img loading=\"lazy\" decoding=\"async\" width=\"150\" height=\"150\" src=\"https:\/\/unisale.com.br\/pastoral\/wp-content\/uploads\/2026\/01\/WhatsApp-Image-2025-12-24-at-11.43.37-2-1024x682-1-150x150.jpeg\" class=\"attachment-thumbnail size-thumbnail\" alt=\"\" \/><\/a>\n\t\t\t<\/dt><\/dl><br style=\"clear: both\" \/><dl class='gallery-item'>\n\t\t\t<dt class='gallery-icon landscape'>\n\t\t\t\t<a href='https:\/\/unisale.com.br\/pastoral\/unisalesiano-realiza-confraternizacao-de-natal-com-celebracao-partilha-e-integracao\/whatsapp-image-2025-12-24-at-11-43-37-3-1024x682\/'><img loading=\"lazy\" decoding=\"async\" width=\"150\" height=\"150\" src=\"https:\/\/unisale.com.br\/pastoral\/wp-content\/uploads\/2026\/01\/WhatsApp-Image-2025-12-24-at-11.43.37-3-1024x682-1-150x150.jpeg\" class=\"attachment-thumbnail size-thumbnail\" alt=\"\" \/><\/a>\n\t\t\t<\/dt><\/dl><dl class='gallery-item'>\n\t\t\t<dt class='gallery-icon landscape'>\n\t\t\t\t<a href='https:\/\/unisale.com.br\/pastoral\/unisalesiano-realiza-confraternizacao-de-natal-com-celebracao-partilha-e-integracao\/whatsapp-image-2025-12-24-at-11-43-37-4-1024x682\/'><img loading=\"lazy\" decoding=\"async\" width=\"150\" height=\"150\" src=\"https:\/\/unisale.com.br\/pastoral\/wp-content\/uploads\/2026\/01\/WhatsApp-Image-2025-12-24-at-11.43.37-4-1024x682-1-150x150.jpeg\" class=\"attachment-thumbnail size-thumbnail\" alt=\"\" \/><\/a>\n\t\t\t<\/dt><\/dl><dl class='gallery-item'>\n\t\t\t<dt class='gallery-icon landscape'>\n\t\t\t\t<a href='https:\/\/unisale.com.br\/pastoral\/unisalesiano-realiza-confraternizacao-de-natal-com-celebracao-partilha-e-integracao\/whatsapp-image-2025-12-24-at-11-43-37-5-1024x682\/'><img loading=\"lazy\" decoding=\"async\" width=\"150\" height=\"150\" src=\"https:\/\/unisale.com.br\/pastoral\/wp-content\/uploads\/2026\/01\/WhatsApp-Image-2025-12-24-at-11.43.37-5-1024x682-1-150x150.jpeg\" class=\"attachment-thumbnail size-thumbnail\" alt=\"\" \/><\/a>\n\t\t\t<\/dt><\/dl><br style=\"clear: both\" \/><dl class='gallery-item'>\n\t\t\t<dt class='gallery-icon landscape'>\n\t\t\t\t<a href='https:\/\/unisale.com.br\/pastoral\/unisalesiano-realiza-confraternizacao-de-natal-com-celebracao-partilha-e-integracao\/whatsapp-image-2025-12-24-at-11-43-37-7-1024x682\/'><img loading=\"lazy\" decoding=\"async\" width=\"150\" height=\"150\" src=\"https:\/\/unisale.com.br\/pastoral\/wp-content\/uploads\/2026\/01\/WhatsApp-Image-2025-12-24-at-11.43.37-7-1024x682-1-150x150.jpeg\" class=\"attachment-thumbnail size-thumbnail\" alt=\"\" \/><\/a>\n\t\t\t<\/dt><\/dl><dl class='gallery-item'>\n\t\t\t<dt class='gallery-icon landscape'>\n\t\t\t\t<a href='https:\/\/unisale.com.br\/pastoral\/unisalesiano-realiza-confraternizacao-de-natal-com-celebracao-partilha-e-integracao\/whatsapp-image-2025-12-24-at-11-43-37-8-1024x682\/'><img loading=\"lazy\" decoding=\"async\" width=\"150\" height=\"150\" src=\"https:\/\/unisale.com.br\/pastoral\/wp-content\/uploads\/2026\/01\/WhatsApp-Image-2025-12-24-at-11.43.37-8-1024x682-1-150x150.jpeg\" class=\"attachment-thumbnail size-thumbnail\" alt=\"\" \/><\/a>\n\t\t\t<\/dt><\/dl><dl class='gallery-item'>\n\t\t\t<dt class='gallery-icon landscape'>\n\t\t\t\t<a href='https:\/\/unisale.com.br\/pastoral\/unisalesiano-realiza-confraternizacao-de-natal-com-celebracao-partilha-e-integracao\/whatsapp-image-2025-12-24-at-11-43-37-9-1024x682\/'><img loading=\"lazy\" decoding=\"async\" width=\"150\" height=\"150\" src=\"https:\/\/unisale.com.br\/pastoral\/wp-content\/uploads\/2026\/01\/WhatsApp-Image-2025-12-24-at-11.43.37-9-1024x682-1-150x150.jpeg\" class=\"attachment-thumbnail size-thumbnail\" alt=\"\" \/><\/a>\n\t\t\t<\/dt><\/dl><br style=\"clear: both\" \/><dl class='gallery-item'>\n\t\t\t<dt class='gallery-icon landscape'>\n\t\t\t\t<a href='https:\/\/unisale.com.br\/pastoral\/unisalesiano-realiza-confraternizacao-de-natal-com-celebracao-partilha-e-integracao\/whatsapp-image-2025-12-24-at-11-43-37-10-1024x682\/'><img loading=\"lazy\" decoding=\"async\" width=\"150\" height=\"150\" src=\"https:\/\/unisale.com.br\/pastoral\/wp-content\/uploads\/2026\/01\/WhatsApp-Image-2025-12-24-at-11.43.37-10-1024x682-1-150x150.jpeg\" class=\"attachment-thumbnail size-thumbnail\" alt=\"\" \/><\/a>\n\t\t\t<\/dt><\/dl><dl class='gallery-item'>\n\t\t\t<dt class='gallery-icon landscape'>\n\t\t\t\t<a href='https:\/\/unisale.com.br\/pastoral\/unisalesiano-realiza-confraternizacao-de-natal-com-celebracao-partilha-e-integracao\/whatsapp-image-2025-12-24-at-11-43-37-11-1024x682-2\/'><img loading=\"lazy\" decoding=\"async\" width=\"150\" height=\"150\" src=\"https:\/\/unisale.com.br\/pastoral\/wp-content\/uploads\/2026\/01\/WhatsApp-Image-2025-12-24-at-11.43.37-11-1024x682-2-150x150.jpeg\" class=\"attachment-thumbnail size-thumbnail\" alt=\"\" \/><\/a>\n\t\t\t<\/dt><\/dl><dl class='gallery-item'>\n\t\t\t<dt class='gallery-icon landscape'>\n\t\t\t\t<a href='https:\/\/unisale.com.br\/pastoral\/unisalesiano-realiza-confraternizacao-de-natal-com-celebracao-partilha-e-integracao\/whatsapp-image-2025-12-24-at-11-43-37-11-1024x682-1\/'><img loading=\"lazy\" decoding=\"async\" width=\"150\" height=\"150\" src=\"https:\/\/unisale.com.br\/pastoral\/wp-content\/uploads\/2026\/01\/WhatsApp-Image-2025-12-24-at-11.43.37-11-1024x682-1-150x150.jpeg\" class=\"attachment-thumbnail size-thumbnail\" alt=\"\" \/><\/a>\n\t\t\t<\/dt><\/dl><br style=\"clear: both\" \/><dl class='gallery-item'>\n\t\t\t<dt class='gallery-icon landscape'>\n\t\t\t\t<a href='https:\/\/unisale.com.br\/pastoral\/unisalesiano-realiza-confraternizacao-de-natal-com-celebracao-partilha-e-integracao\/whatsapp-image-2025-12-24-at-11-43-37-11-1024x682\/'><img loading=\"lazy\" decoding=\"async\" width=\"150\" height=\"150\" src=\"https:\/\/unisale.com.br\/pastoral\/wp-content\/uploads\/2026\/01\/WhatsApp-Image-2025-12-24-at-11.43.37-11-1024x682-3-150x150.jpeg\" class=\"attachment-thumbnail size-thumbnail\" alt=\"\" \/><\/a>\n\t\t\t<\/dt><\/dl><dl class='gallery-item'>\n\t\t\t<dt class='gallery-icon landscape'>\n\t\t\t\t<a href='https:\/\/unisale.com.br\/pastoral\/unisalesiano-realiza-confraternizacao-de-natal-com-celebracao-partilha-e-integracao\/whatsapp-image-2025-12-24-at-11-43-37-12-1024x682\/'><img loading=\"lazy\" decoding=\"async\" width=\"150\" height=\"150\" src=\"https:\/\/unisale.com.br\/pastoral\/wp-content\/uploads\/2026\/01\/WhatsApp-Image-2025-12-24-at-11.43.37-12-1024x682-1-150x150.jpeg\" class=\"attachment-thumbnail size-thumbnail\" alt=\"\" \/><\/a>\n\t\t\t<\/dt><\/dl><dl class='gallery-item'>\n\t\t\t<dt class='gallery-icon landscape'>\n\t\t\t\t<a href='https:\/\/unisale.com.br\/pastoral\/unisalesiano-realiza-confraternizacao-de-natal-com-celebracao-partilha-e-integracao\/whatsapp-image-2025-12-24-at-11-43-38-1024x682\/'><img loading=\"lazy\" decoding=\"async\" width=\"150\" height=\"150\" src=\"https:\/\/unisale.com.br\/pastoral\/wp-content\/uploads\/2026\/01\/WhatsApp-Image-2025-12-24-at-11.43.38-1024x682-1-150x150.jpeg\" class=\"attachment-thumbnail size-thumbnail\" alt=\"\" \/><\/a>\n\t\t\t<\/dt><\/dl><br style=\"clear: both\" \/><dl class='gallery-item'>\n\t\t\t<dt class='gallery-icon landscape'>\n\t\t\t\t<a href='https:\/\/unisale.com.br\/pastoral\/unisalesiano-realiza-confraternizacao-de-natal-com-celebracao-partilha-e-integracao\/whatsapp-image-2025-12-24-at-11-43-38-1-1024x682\/'><img loading=\"lazy\" decoding=\"async\" width=\"150\" height=\"150\" src=\"https:\/\/unisale.com.br\/pastoral\/wp-content\/uploads\/2026\/01\/WhatsApp-Image-2025-12-24-at-11.43.38-1-1024x682-1-150x150.jpeg\" class=\"attachment-thumbnail size-thumbnail\" alt=\"\" \/><\/a>\n\t\t\t<\/dt><\/dl><dl class='gallery-item'>\n\t\t\t<dt class='gallery-icon landscape'>\n\t\t\t\t<a href='https:\/\/unisale.com.br\/pastoral\/unisalesiano-realiza-confraternizacao-de-natal-com-celebracao-partilha-e-integracao\/whatsapp-image-2025-12-24-at-11-43-38-2-1024x682\/'><img loading=\"lazy\" decoding=\"async\" width=\"150\" height=\"150\" src=\"https:\/\/unisale.com.br\/pastoral\/wp-content\/uploads\/2026\/01\/WhatsApp-Image-2025-12-24-at-11.43.38-2-1024x682-1-150x150.jpeg\" class=\"attachment-thumbnail size-thumbnail\" alt=\"\" \/><\/a>\n\t\t\t<\/dt><\/dl><dl class='gallery-item'>\n\t\t\t<dt class='gallery-icon landscape'>\n\t\t\t\t<a href='https:\/\/unisale.com.br\/pastoral\/unisalesiano-realiza-confraternizacao-de-natal-com-celebracao-partilha-e-integracao\/whatsapp-image-2025-12-24-at-11-43-38-3-1024x682-1\/'><img loading=\"lazy\" decoding=\"async\" width=\"150\" height=\"150\" src=\"https:\/\/unisale.com.br\/pastoral\/wp-content\/uploads\/2026\/01\/WhatsApp-Image-2025-12-24-at-11.43.38-3-1024x682-1-150x150.jpeg\" class=\"attachment-thumbnail size-thumbnail\" alt=\"\" \/><\/a>\n\t\t\t<\/dt><\/dl><br style=\"clear: both\" \/><dl class='gallery-item'>\n\t\t\t<dt class='gallery-icon landscape'>\n\t\t\t\t<a href='https:\/\/unisale.com.br\/pastoral\/unisalesiano-realiza-confraternizacao-de-natal-com-celebracao-partilha-e-integracao\/whatsapp-image-2025-12-24-at-11-43-38-3-1024x682\/'><img loading=\"lazy\" decoding=\"async\" width=\"150\" height=\"150\" src=\"https:\/\/unisale.com.br\/pastoral\/wp-content\/uploads\/2026\/01\/WhatsApp-Image-2025-12-24-at-11.43.38-3-1024x682-2-150x150.jpeg\" class=\"attachment-thumbnail size-thumbnail\" alt=\"\" \/><\/a>\n\t\t\t<\/dt><\/dl><dl class='gallery-item'>\n\t\t\t<dt class='gallery-icon landscape'>\n\t\t\t\t<a href='https:\/\/unisale.com.br\/pastoral\/unisalesiano-realiza-confraternizacao-de-natal-com-celebracao-partilha-e-integracao\/whatsapp-image-2025-12-24-at-11-43-38-4-1024x682\/'><img loading=\"lazy\" decoding=\"async\" width=\"150\" height=\"150\" src=\"https:\/\/unisale.com.br\/pastoral\/wp-content\/uploads\/2026\/01\/WhatsApp-Image-2025-12-24-at-11.43.38-4-1024x682-1-150x150.jpeg\" class=\"attachment-thumbnail size-thumbnail\" alt=\"\" \/><\/a>\n\t\t\t<\/dt><\/dl><dl class='gallery-item'>\n\t\t\t<dt class='gallery-icon landscape'>\n\t\t\t\t<a href='https:\/\/unisale.com.br\/pastoral\/unisalesiano-realiza-confraternizacao-de-natal-com-celebracao-partilha-e-integracao\/whatsapp-image-2025-12-24-at-11-43-38-5-1024x682\/'><img loading=\"lazy\" decoding=\"async\" width=\"150\" height=\"150\" src=\"https:\/\/unisale.com.br\/pastoral\/wp-content\/uploads\/2026\/01\/WhatsApp-Image-2025-12-24-at-11.43.38-5-1024x682-1-150x150.jpeg\" class=\"attachment-thumbnail size-thumbnail\" alt=\"\" \/><\/a>\n\t\t\t<\/dt><\/dl><br style=\"clear: both\" \/><dl class='gallery-item'>\n\t\t\t<dt class='gallery-icon landscape'>\n\t\t\t\t<a href='https:\/\/unisale.com.br\/pastoral\/unisalesiano-realiza-confraternizacao-de-natal-com-celebracao-partilha-e-integracao\/whatsapp-image-2025-12-24-at-11-43-38-6-1024x682\/'><img loading=\"lazy\" decoding=\"async\" width=\"150\" height=\"150\" src=\"https:\/\/unisale.com.br\/pastoral\/wp-content\/uploads\/2026\/01\/WhatsApp-Image-2025-12-24-at-11.43.38-6-1024x682-1-150x150.jpeg\" class=\"attachment-thumbnail size-thumbnail\" alt=\"\" \/><\/a>\n\t\t\t<\/dt><\/dl><dl class='gallery-item'>\n\t\t\t<dt class='gallery-icon landscape'>\n\t\t\t\t<a href='https:\/\/unisale.com.br\/pastoral\/unisalesiano-realiza-confraternizacao-de-natal-com-celebracao-partilha-e-integracao\/whatsapp-image-2025-12-24-at-11-43-38-7-1024x682\/'><img loading=\"lazy\" decoding=\"async\" width=\"150\" height=\"150\" src=\"https:\/\/unisale.com.br\/pastoral\/wp-content\/uploads\/2026\/01\/WhatsApp-Image-2025-12-24-at-11.43.38-7-1024x682-1-150x150.jpeg\" class=\"attachment-thumbnail size-thumbnail\" alt=\"\" \/><\/a>\n\t\t\t<\/dt><\/dl><dl class='gallery-item'>\n\t\t\t<dt class='gallery-icon landscape'>\n\t\t\t\t<a href='https:\/\/unisale.com.br\/pastoral\/unisalesiano-realiza-confraternizacao-de-natal-com-celebracao-partilha-e-integracao\/whatsapp-image-2025-12-24-at-11-43-38-8-1024x682\/'><img loading=\"lazy\" decoding=\"async\" width=\"150\" height=\"150\" src=\"https:\/\/unisale.com.br\/pastoral\/wp-content\/uploads\/2026\/01\/WhatsApp-Image-2025-12-24-at-11.43.38-8-1024x682-1-150x150.jpeg\" class=\"attachment-thumbnail size-thumbnail\" alt=\"\" \/><\/a>\n\t\t\t<\/dt><\/dl><br style=\"clear: both\" \/><dl class='gallery-item'>\n\t\t\t<dt class='gallery-icon landscape'>\n\t\t\t\t<a href='https:\/\/unisale.com.br\/pastoral\/unisalesiano-realiza-confraternizacao-de-natal-com-celebracao-partilha-e-integracao\/whatsapp-image-2025-12-24-at-11-43-38-9-1024x682\/'><img loading=\"lazy\" decoding=\"async\" width=\"150\" height=\"150\" src=\"https:\/\/unisale.com.br\/pastoral\/wp-content\/uploads\/2026\/01\/WhatsApp-Image-2025-12-24-at-11.43.38-9-1024x682-1-150x150.jpeg\" class=\"attachment-thumbnail size-thumbnail\" alt=\"\" \/><\/a>\n\t\t\t<\/dt><\/dl><dl class='gallery-item'>\n\t\t\t<dt class='gallery-icon landscape'>\n\t\t\t\t<a href='https:\/\/unisale.com.br\/pastoral\/unisalesiano-realiza-confraternizacao-de-natal-com-celebracao-partilha-e-integracao\/whatsapp-image-2025-12-24-at-11-43-38-10-1024x682\/'><img loading=\"lazy\" decoding=\"async\" width=\"150\" height=\"150\" src=\"https:\/\/unisale.com.br\/pastoral\/wp-content\/uploads\/2026\/01\/WhatsApp-Image-2025-12-24-at-11.43.38-10-1024x682-1-150x150.jpeg\" class=\"attachment-thumbnail size-thumbnail\" alt=\"\" \/><\/a>\n\t\t\t<\/dt><\/dl><dl class='gallery-item'>\n\t\t\t<dt class='gallery-icon landscape'>\n\t\t\t\t<a href='https:\/\/unisale.com.br\/pastoral\/unisalesiano-realiza-confraternizacao-de-natal-com-celebracao-partilha-e-integracao\/whatsapp-image-2025-12-24-at-11-43-38-11-1024x682\/'><img loading=\"lazy\" decoding=\"async\" width=\"150\" height=\"150\" src=\"https:\/\/unisale.com.br\/pastoral\/wp-content\/uploads\/2026\/01\/WhatsApp-Image-2025-12-24-at-11.43.38-11-1024x682-1-150x150.jpeg\" class=\"attachment-thumbnail size-thumbnail\" alt=\"\" \/><\/a>\n\t\t\t<\/dt><\/dl><br style=\"clear: both\" \/><dl class='gallery-item'>\n\t\t\t<dt class='gallery-icon landscape'>\n\t\t\t\t<a href='https:\/\/unisale.com.br\/pastoral\/unisalesiano-realiza-confraternizacao-de-natal-com-celebracao-partilha-e-integracao\/whatsapp-image-2025-12-24-at-11-43-38-12-1024x682\/'><img loading=\"lazy\" decoding=\"async\" width=\"150\" height=\"150\" src=\"https:\/\/unisale.com.br\/pastoral\/wp-content\/uploads\/2026\/01\/WhatsApp-Image-2025-12-24-at-11.43.38-12-1024x682-1-150x150.jpeg\" class=\"attachment-thumbnail size-thumbnail\" alt=\"\" \/><\/a>\n\t\t\t<\/dt><\/dl><dl class='gallery-item'>\n\t\t\t<dt class='gallery-icon landscape'>\n\t\t\t\t<a href='https:\/\/unisale.com.br\/pastoral\/unisalesiano-realiza-confraternizacao-de-natal-com-celebracao-partilha-e-integracao\/whatsapp-image-2025-12-24-at-11-43-38-13-1024x682\/'><img loading=\"lazy\" decoding=\"async\" width=\"150\" height=\"150\" src=\"https:\/\/unisale.com.br\/pastoral\/wp-content\/uploads\/2026\/01\/WhatsApp-Image-2025-12-24-at-11.43.38-13-1024x682-1-150x150.jpeg\" class=\"attachment-thumbnail size-thumbnail\" alt=\"\" \/><\/a>\n\t\t\t<\/dt><\/dl>\n\t\t\t<br style='clear: both' \/>\n\t\t<\/div>\n\n","protected":false},"excerpt":{"rendered":"<p>O UniSALESIANO promoveu, na \u00faltima ter\u00e7a-feira, sua tradicional\u00a0confraterniza\u00e7\u00e3o de Natal,\u00a0reunindo colaboradores em um momento marcado pela espiritualidade, gratid\u00e3o e conviv\u00eancia fraterna. A programa\u00e7\u00e3o teve in\u00edcio&#8230;<\/p>\n","protected":false},"author":1,"featured_media":13767,"comment_status":"closed","ping_status":"closed","sticky":false,"template":"","format":"standard","meta":{"_acf_changed":false,"footnotes":""},"categories":[3],"tags":[],"class_list":["post-13716","post","type-post","status-publish","format-standard","has-post-thumbnail","hentry","category-not"],"acf":[],"yoast_head":"<!-- This site is optimized with the Yoast SEO plugin v27.3 - https:\/\/yoast.com\/product\/yoast-seo-wordpress\/ -->\n<title>UniSALESIANO realiza confraterniza\u00e7\u00e3o de Natal com celebra\u00e7\u00e3o, partilha e integra\u00e7\u00e3o - Pastoral Universit\u00e1ria UniSALESIANO<\/title>\n<meta name=\"robots\" content=\"index, follow, max-snippet:-1, max-image-preview:large, max-video-preview:-1\" \/>\n<link rel=\"canonical\" href=\"https:\/\/unisale.com.br\/pastoral\/unisalesiano-realiza-confraternizacao-de-natal-com-celebracao-partilha-e-integracao\/\" \/>\n<meta property=\"og:locale\" content=\"pt_BR\" \/>\n<meta property=\"og:type\" content=\"article\" \/>\n<meta property=\"og:title\" content=\"UniSALESIANO realiza confraterniza\u00e7\u00e3o de Natal com celebra\u00e7\u00e3o, partilha e integra\u00e7\u00e3o - Pastoral Universit\u00e1ria UniSALESIANO\" \/>\n<meta property=\"og:description\" content=\"O UniSALESIANO promoveu, na \u00faltima ter\u00e7a-feira, sua tradicional\u00a0confraterniza\u00e7\u00e3o de Natal,\u00a0reunindo colaboradores em um momento marcado pela espiritualidade, gratid\u00e3o e conviv\u00eancia fraterna. A programa\u00e7\u00e3o teve in\u00edcio...\" \/>\n<meta property=\"og:url\" content=\"https:\/\/unisale.com.br\/pastoral\/unisalesiano-realiza-confraternizacao-de-natal-com-celebracao-partilha-e-integracao\/\" \/>\n<meta property=\"og:site_name\" content=\"Pastoral Universit\u00e1ria UniSALESIANO\" \/>\n<meta property=\"article:published_time\" content=\"2026-01-23T11:40:27+00:00\" \/>\n<meta property=\"og:image\" content=\"https:\/\/unisale.com.br\/pastoral\/wp-content\/uploads\/2026\/01\/WhatsApp-Image-2025-12-24-at-11.40.00-25-768x512-1.jpeg\" \/>\n\t<meta property=\"og:image:width\" content=\"768\" \/>\n\t<meta property=\"og:image:height\" content=\"512\" \/>\n\t<meta property=\"og:image:type\" content=\"image\/jpeg\" \/>\n<meta name=\"author\" content=\"pastoral\" \/>\n<meta name=\"twitter:card\" content=\"summary_large_image\" \/>\n<meta name=\"twitter:label1\" content=\"Escrito por\" \/>\n\t<meta name=\"twitter:data1\" content=\"pastoral\" \/>\n\t<meta name=\"twitter:label2\" content=\"Est. tempo de leitura\" \/>\n\t<meta name=\"twitter:data2\" content=\"3 minutos\" \/>\n<script type=\"application\/ld+json\" class=\"yoast-schema-graph\">{\"@context\":\"https:\\\/\\\/schema.org\",\"@graph\":[{\"@type\":\"Article\",\"@id\":\"https:\\\/\\\/unisale.com.br\\\/pastoral\\\/unisalesiano-realiza-confraternizacao-de-natal-com-celebracao-partilha-e-integracao\\\/#article\",\"isPartOf\":{\"@id\":\"https:\\\/\\\/unisale.com.br\\\/pastoral\\\/unisalesiano-realiza-confraternizacao-de-natal-com-celebracao-partilha-e-integracao\\\/\"},\"author\":{\"name\":\"pastoral\",\"@id\":\"https:\\\/\\\/unisale.com.br\\\/pastoral\\\/#\\\/schema\\\/person\\\/a16ba711a0f7dec9cb6b44563144d5a3\"},\"headline\":\"UniSALESIANO realiza confraterniza\u00e7\u00e3o de Natal com celebra\u00e7\u00e3o, partilha e integra\u00e7\u00e3o\",\"datePublished\":\"2026-01-23T11:40:27+00:00\",\"mainEntityOfPage\":{\"@id\":\"https:\\\/\\\/unisale.com.br\\\/pastoral\\\/unisalesiano-realiza-confraternizacao-de-natal-com-celebracao-partilha-e-integracao\\\/\"},\"wordCount\":534,\"image\":{\"@id\":\"https:\\\/\\\/unisale.com.br\\\/pastoral\\\/unisalesiano-realiza-confraternizacao-de-natal-com-celebracao-partilha-e-integracao\\\/#primaryimage\"},\"thumbnailUrl\":\"https:\\\/\\\/unisale.com.br\\\/pastoral\\\/wp-content\\\/uploads\\\/2026\\\/01\\\/WhatsApp-Image-2025-12-24-at-11.40.00-25-768x512-1.jpeg\",\"articleSection\":[\"Not\u00edcias\"],\"inLanguage\":\"pt-BR\"},{\"@type\":\"WebPage\",\"@id\":\"https:\\\/\\\/unisale.com.br\\\/pastoral\\\/unisalesiano-realiza-confraternizacao-de-natal-com-celebracao-partilha-e-integracao\\\/\",\"url\":\"https:\\\/\\\/unisale.com.br\\\/pastoral\\\/unisalesiano-realiza-confraternizacao-de-natal-com-celebracao-partilha-e-integracao\\\/\",\"name\":\"UniSALESIANO realiza confraterniza\u00e7\u00e3o de Natal com celebra\u00e7\u00e3o, partilha e integra\u00e7\u00e3o - Pastoral Universit\u00e1ria UniSALESIANO\",\"isPartOf\":{\"@id\":\"https:\\\/\\\/unisale.com.br\\\/pastoral\\\/#website\"},\"primaryImageOfPage\":{\"@id\":\"https:\\\/\\\/unisale.com.br\\\/pastoral\\\/unisalesiano-realiza-confraternizacao-de-natal-com-celebracao-partilha-e-integracao\\\/#primaryimage\"},\"image\":{\"@id\":\"https:\\\/\\\/unisale.com.br\\\/pastoral\\\/unisalesiano-realiza-confraternizacao-de-natal-com-celebracao-partilha-e-integracao\\\/#primaryimage\"},\"thumbnailUrl\":\"https:\\\/\\\/unisale.com.br\\\/pastoral\\\/wp-content\\\/uploads\\\/2026\\\/01\\\/WhatsApp-Image-2025-12-24-at-11.40.00-25-768x512-1.jpeg\",\"datePublished\":\"2026-01-23T11:40:27+00:00\",\"author\":{\"@id\":\"https:\\\/\\\/unisale.com.br\\\/pastoral\\\/#\\\/schema\\\/person\\\/a16ba711a0f7dec9cb6b44563144d5a3\"},\"inLanguage\":\"pt-BR\",\"potentialAction\":[{\"@type\":\"ReadAction\",\"target\":[\"https:\\\/\\\/unisale.com.br\\\/pastoral\\\/unisalesiano-realiza-confraternizacao-de-natal-com-celebracao-partilha-e-integracao\\\/\"]}]},{\"@type\":\"ImageObject\",\"inLanguage\":\"pt-BR\",\"@id\":\"https:\\\/\\\/unisale.com.br\\\/pastoral\\\/unisalesiano-realiza-confraternizacao-de-natal-com-celebracao-partilha-e-integracao\\\/#primaryimage\",\"url\":\"https:\\\/\\\/unisale.com.br\\\/pastoral\\\/wp-content\\\/uploads\\\/2026\\\/01\\\/WhatsApp-Image-2025-12-24-at-11.40.00-25-768x512-1.jpeg\",\"contentUrl\":\"https:\\\/\\\/unisale.com.br\\\/pastoral\\\/wp-content\\\/uploads\\\/2026\\\/01\\\/WhatsApp-Image-2025-12-24-at-11.40.00-25-768x512-1.jpeg\",\"width\":750,\"height\":500},{\"@type\":\"WebSite\",\"@id\":\"https:\\\/\\\/unisale.com.br\\\/pastoral\\\/#website\",\"url\":\"https:\\\/\\\/unisale.com.br\\\/pastoral\\\/\",\"name\":\"Pastoral Universit\u00e1ria UniSALESIANO\",\"description\":\"Site da Pastoral Universit\u00e1ria do UniSALESIANO\",\"potentialAction\":[{\"@type\":\"SearchAction\",\"target\":{\"@type\":\"EntryPoint\",\"urlTemplate\":\"https:\\\/\\\/unisale.com.br\\\/pastoral\\\/?s={search_term_string}\"},\"query-input\":{\"@type\":\"PropertyValueSpecification\",\"valueRequired\":true,\"valueName\":\"search_term_string\"}}],\"inLanguage\":\"pt-BR\"},{\"@type\":\"Person\",\"@id\":\"https:\\\/\\\/unisale.com.br\\\/pastoral\\\/#\\\/schema\\\/person\\\/a16ba711a0f7dec9cb6b44563144d5a3\",\"name\":\"pastoral\",\"url\":\"https:\\\/\\\/unisale.com.br\\\/pastoral\\\/author\\\/pastoral\\\/\"}]}<\/script>\n<!-- \/ Yoast SEO plugin. -->","yoast_head_json":{"title":"UniSALESIANO realiza confraterniza\u00e7\u00e3o de Natal com celebra\u00e7\u00e3o, partilha e integra\u00e7\u00e3o - Pastoral Universit\u00e1ria UniSALESIANO","robots":{"index":"index","follow":"follow","max-snippet":"max-snippet:-1","max-image-preview":"max-image-preview:large","max-video-preview":"max-video-preview:-1"},"canonical":"https:\/\/unisale.com.br\/pastoral\/unisalesiano-realiza-confraternizacao-de-natal-com-celebracao-partilha-e-integracao\/","og_locale":"pt_BR","og_type":"article","og_title":"UniSALESIANO realiza confraterniza\u00e7\u00e3o de Natal com celebra\u00e7\u00e3o, partilha e integra\u00e7\u00e3o - Pastoral Universit\u00e1ria UniSALESIANO","og_description":"O UniSALESIANO promoveu, na \u00faltima ter\u00e7a-feira, sua tradicional\u00a0confraterniza\u00e7\u00e3o de Natal,\u00a0reunindo colaboradores em um momento marcado pela espiritualidade, gratid\u00e3o e conviv\u00eancia fraterna. A programa\u00e7\u00e3o teve in\u00edcio...","og_url":"https:\/\/unisale.com.br\/pastoral\/unisalesiano-realiza-confraternizacao-de-natal-com-celebracao-partilha-e-integracao\/","og_site_name":"Pastoral Universit\u00e1ria UniSALESIANO","article_published_time":"2026-01-23T11:40:27+00:00","og_image":[{"width":768,"height":512,"url":"https:\/\/unisale.com.br\/pastoral\/wp-content\/uploads\/2026\/01\/WhatsApp-Image-2025-12-24-at-11.40.00-25-768x512-1.jpeg","type":"image\/jpeg"}],"author":"pastoral","twitter_card":"summary_large_image","twitter_misc":{"Escrito por":"pastoral","Est. tempo de leitura":"3 minutos"},"schema":{"@context":"https:\/\/schema.org","@graph":[{"@type":"Article","@id":"https:\/\/unisale.com.br\/pastoral\/unisalesiano-realiza-confraternizacao-de-natal-com-celebracao-partilha-e-integracao\/#article","isPartOf":{"@id":"https:\/\/unisale.com.br\/pastoral\/unisalesiano-realiza-confraternizacao-de-natal-com-celebracao-partilha-e-integracao\/"},"author":{"name":"pastoral","@id":"https:\/\/unisale.com.br\/pastoral\/#\/schema\/person\/a16ba711a0f7dec9cb6b44563144d5a3"},"headline":"UniSALESIANO realiza confraterniza\u00e7\u00e3o de Natal com celebra\u00e7\u00e3o, partilha e integra\u00e7\u00e3o","datePublished":"2026-01-23T11:40:27+00:00","mainEntityOfPage":{"@id":"https:\/\/unisale.com.br\/pastoral\/unisalesiano-realiza-confraternizacao-de-natal-com-celebracao-partilha-e-integracao\/"},"wordCount":534,"image":{"@id":"https:\/\/unisale.com.br\/pastoral\/unisalesiano-realiza-confraternizacao-de-natal-com-celebracao-partilha-e-integracao\/#primaryimage"},"thumbnailUrl":"https:\/\/unisale.com.br\/pastoral\/wp-content\/uploads\/2026\/01\/WhatsApp-Image-2025-12-24-at-11.40.00-25-768x512-1.jpeg","articleSection":["Not\u00edcias"],"inLanguage":"pt-BR"},{"@type":"WebPage","@id":"https:\/\/unisale.com.br\/pastoral\/unisalesiano-realiza-confraternizacao-de-natal-com-celebracao-partilha-e-integracao\/","url":"https:\/\/unisale.com.br\/pastoral\/unisalesiano-realiza-confraternizacao-de-natal-com-celebracao-partilha-e-integracao\/","name":"UniSALESIANO realiza confraterniza\u00e7\u00e3o de Natal com celebra\u00e7\u00e3o, partilha e integra\u00e7\u00e3o - Pastoral Universit\u00e1ria UniSALESIANO","isPartOf":{"@id":"https:\/\/unisale.com.br\/pastoral\/#website"},"primaryImageOfPage":{"@id":"https:\/\/unisale.com.br\/pastoral\/unisalesiano-realiza-confraternizacao-de-natal-com-celebracao-partilha-e-integracao\/#primaryimage"},"image":{"@id":"https:\/\/unisale.com.br\/pastoral\/unisalesiano-realiza-confraternizacao-de-natal-com-celebracao-partilha-e-integracao\/#primaryimage"},"thumbnailUrl":"https:\/\/unisale.com.br\/pastoral\/wp-content\/uploads\/2026\/01\/WhatsApp-Image-2025-12-24-at-11.40.00-25-768x512-1.jpeg","datePublished":"2026-01-23T11:40:27+00:00","author":{"@id":"https:\/\/unisale.com.br\/pastoral\/#\/schema\/person\/a16ba711a0f7dec9cb6b44563144d5a3"},"inLanguage":"pt-BR","potentialAction":[{"@type":"ReadAction","target":["https:\/\/unisale.com.br\/pastoral\/unisalesiano-realiza-confraternizacao-de-natal-com-celebracao-partilha-e-integracao\/"]}]},{"@type":"ImageObject","inLanguage":"pt-BR","@id":"https:\/\/unisale.com.br\/pastoral\/unisalesiano-realiza-confraternizacao-de-natal-com-celebracao-partilha-e-integracao\/#primaryimage","url":"https:\/\/unisale.com.br\/pastoral\/wp-content\/uploads\/2026\/01\/WhatsApp-Image-2025-12-24-at-11.40.00-25-768x512-1.jpeg","contentUrl":"https:\/\/unisale.com.br\/pastoral\/wp-content\/uploads\/2026\/01\/WhatsApp-Image-2025-12-24-at-11.40.00-25-768x512-1.jpeg","width":750,"height":500},{"@type":"WebSite","@id":"https:\/\/unisale.com.br\/pastoral\/#website","url":"https:\/\/unisale.com.br\/pastoral\/","name":"Pastoral Universit\u00e1ria UniSALESIANO","description":"Site da Pastoral Universit\u00e1ria do UniSALESIANO","potentialAction":[{"@type":"SearchAction","target":{"@type":"EntryPoint","urlTemplate":"https:\/\/unisale.com.br\/pastoral\/?s={search_term_string}"},"query-input":{"@type":"PropertyValueSpecification","valueRequired":true,"valueName":"search_term_string"}}],"inLanguage":"pt-BR"},{"@type":"Person","@id":"https:\/\/unisale.com.br\/pastoral\/#\/schema\/person\/a16ba711a0f7dec9cb6b44563144d5a3","name":"pastoral","url":"https:\/\/unisale.com.br\/pastoral\/author\/pastoral\/"}]}},"_links":{"self":[{"href":"https:\/\/unisale.com.br\/pastoral\/wp-json\/wp\/v2\/posts\/13716","targetHints":{"allow":["GET"]}}],"collection":[{"href":"https:\/\/unisale.com.br\/pastoral\/wp-json\/wp\/v2\/posts"}],"about":[{"href":"https:\/\/unisale.com.br\/pastoral\/wp-json\/wp\/v2\/types\/post"}],"author":[{"embeddable":true,"href":"https:\/\/unisale.com.br\/pastoral\/wp-json\/wp\/v2\/users\/1"}],"replies":[{"embeddable":true,"href":"https:\/\/unisale.com.br\/pastoral\/wp-json\/wp\/v2\/comments?post=13716"}],"version-history":[{"count":1,"href":"https:\/\/unisale.com.br\/pastoral\/wp-json\/wp\/v2\/posts\/13716\/revisions"}],"predecessor-version":[{"id":13768,"href":"https:\/\/unisale.com.br\/pastoral\/wp-json\/wp\/v2\/posts\/13716\/revisions\/13768"}],"wp:featuredmedia":[{"embeddable":true,"href":"https:\/\/unisale.com.br\/pastoral\/wp-json\/wp\/v2\/media\/13767"}],"wp:attachment":[{"href":"https:\/\/unisale.com.br\/pastoral\/wp-json\/wp\/v2\/media?parent=13716"}],"wp:term":[{"taxonomy":"category","embeddable":true,"href":"https:\/\/unisale.com.br\/pastoral\/wp-json\/wp\/v2\/categories?post=13716"},{"taxonomy":"post_tag","embeddable":true,"href":"https:\/\/unisale.com.br\/pastoral\/wp-json\/wp\/v2\/tags?post=13716"}],"curies":[{"name":"wp","href":"https:\/\/api.w.org\/{rel}","templated":true}]}}