{"id":1373,"date":"2021-05-14T12:23:49","date_gmt":"2021-05-14T12:23:49","guid":{"rendered":"https:\/\/unisale.com.br\/pastoral\/?p=1373"},"modified":"2021-05-21T11:44:46","modified_gmt":"2021-05-21T11:44:46","slug":"aquele-que-cre","status":"publish","type":"post","link":"https:\/\/unisale.com.br\/pastoral\/aquele-que-cre\/","title":{"rendered":"23\/05 &#8211; Aquele que cr\u00ea em mim, conforme diz a Escritura, rios de \u00e1gua jorrar\u00e3o do seu interior."},"content":{"rendered":"<p><strong>Domingo de Pentecostes, 23 de maio de 2021.<\/strong><\/p>\n<p>Evangelho (Jo 20, 19-23)<\/p>\n<p>&nbsp;<\/p>\n<p><strong><em>\u201cRecebei o Esp\u00edrito Santo\u201d<\/em><\/strong><\/p>\n<p><sup>19<\/sup>Ao anoitecer daquele dia, o primeiro da semana, estando fechadas, por medo dos judeus, as portas do lugar onde os disc\u00edpulos se encontravam, Jesus entrou e, pondo-se no meio deles, disse: \u201cA paz esteja convosco\u201d. <sup>20<\/sup>Depois dessas palavras, mostrou-lhes as m\u00e3os e o lado. Ent\u00e3o, os disc\u00edpulos se alegraram por verem o Senhor. <sup>21<\/sup>Novamente, Jesus disse: \u201cA paz esteja convosco. Como o Pai me enviou, tamb\u00e9m eu vos envio\u201d. <sup>22<\/sup>E, depois de ter dito isso, soprou sobre eles e disse: \u201cRecebei o Esp\u00edrito Santo. <sup>23<\/sup>A quem perdoardes os pecados, eles lhes ser\u00e3o perdoados; a quem n\u00e3o os perdoardes, eles lhes ser\u00e3o retidos\u201d.<\/p>\n<p>&nbsp;<\/p>\n<p><strong>Reflex\u00e3o<\/strong><\/p>\n<p>Pentecostes chegou para os disc\u00edpulos, depois de cinquenta dias plenos de incertezas. Por um lado, os disc\u00edpulos haviam visto e convivido com o Ressuscitado. De outra parte n\u00e3o haviam superado ainda o medo e as incertezas. Viviam \u201cas portas fechadas\u201d, incapazes de anunciar o Cristo vivo. Chega o Esp\u00edrito Santo e com a sua presen\u00e7a as preocupa\u00e7\u00f5es desaparecem: agora os disc\u00edpulos est\u00e3o cheios de coragem, at\u00e9 mesmo quando s\u00e3o aprisionados. O medo de morrer desaparece, est\u00e3o dispostos agora at\u00e9 mesmo a dar a vida. Antes se escondiam, agora possuem a coragem de anunciar Jesus as todas as gentes. A miss\u00e3o dos disc\u00edpulos, que parecia ter chegado ao fim, agora se renova.<\/p>\n<p>O Esp\u00edrito n\u00e3o \u00e9 uma coisa abstrata, \u00e9 uma Pessoa concreta, mais pr\u00f3xima, aquela que nos transforma a vida. Basta que olhemos para a vida dos disc\u00edpulos para entendermos a for\u00e7a renovadora que o Esp\u00edrito Santo possui.<\/p>\n<p>O Esp\u00edrito que Jesus comunica, cria no disc\u00edpulo uma nova condi\u00e7\u00e3o humana que produz unidade. Quando o orgulho do homem o leva a desafiar a Deus construindo a Torre de Babel, Deus confunde as suas l\u00ednguas assim que n\u00e3o possam mais se entender. Em Pentecostes acontece o contr\u00e1rio: pela gra\u00e7a do Esp\u00edrito Santo, os Ap\u00f3stolos s\u00e3o compreendidos pelas pessoas das mais diversas proveni\u00eancias e l\u00ednguas diversas.<\/p>\n<p>O Esp\u00edrito Santo \u00e9 o Mestre interior que guia o disc\u00edpulo \u00e0 verdade, que o impulsiona a trabalhar bem, que consola na dor, que o transforma interiormente, dando for\u00e7a e capacidades novas.<\/p>\n<p>No primeiro dia de Pentecostes, os Ap\u00f3stolos se encontravam reunidos em companhia de Maria, recolhidos em ora\u00e7\u00e3o. O recolhimento, a atitude da ora\u00e7\u00e3o \u00e9 imprescind\u00edvel para receber o Esp\u00edrito Santo.<\/p>\n<p>Os Ap\u00f3stolos, de homens aterrorizados, foram transformados em corajosos anunciadores, por nada amedrontados pela pris\u00e3o, pela tortura ou pelo mart\u00edrio. A for\u00e7a do Esp\u00edrito estava com eles. O Esp\u00edrito Santo \u00e9 a alma da nossa alma, a vida da nossa vida, o ser do nosso ser; \u00e9 a nossa santifica\u00e7\u00e3o, o h\u00f3spede do nosso interior. Para amadurecermos na f\u00e9, \u00e9 necess\u00e1rio que a nossa rela\u00e7\u00e3o com ele seja mais consciente. Neste dia de Pentecostes, abramos para ele as portas do nosso interior.<\/p>\n<p>&nbsp;<\/p>\n<p>Pe. Paulo Eduardo J\u00e1como, sdb.<\/p>\n","protected":false},"excerpt":{"rendered":"<p>Domingo de Pentecostes, 23 de maio de 2021. Evangelho (Jo 20, 19-23) &nbsp; \u201cRecebei o Esp\u00edrito Santo\u201d 19Ao anoitecer daquele dia, o primeiro da semana,&#8230;<\/p>\n","protected":false},"author":1,"featured_media":1309,"comment_status":"closed","ping_status":"closed","sticky":false,"template":"","format":"standard","meta":{"_acf_changed":false,"footnotes":""},"categories":[13],"tags":[],"class_list":["post-1373","post","type-post","status-publish","format-standard","has-post-thumbnail","hentry","category-reflexaodoevagelho"],"acf":[],"yoast_head":"<!-- This site is optimized with the Yoast SEO plugin v27.3 - https:\/\/yoast.com\/product\/yoast-seo-wordpress\/ -->\n<title>23\/05 - Aquele que cr\u00ea em mim, conforme diz a Escritura, rios de \u00e1gua jorrar\u00e3o do seu interior. - Pastoral Universit\u00e1ria UniSALESIANO<\/title>\n<meta name=\"robots\" content=\"index, follow, max-snippet:-1, max-image-preview:large, max-video-preview:-1\" \/>\n<link rel=\"canonical\" href=\"https:\/\/unisale.com.br\/novo\/aquele-que-cre\/\" \/>\n<meta property=\"og:locale\" content=\"pt_BR\" \/>\n<meta property=\"og:type\" content=\"article\" \/>\n<meta property=\"og:title\" content=\"23\/05 - Aquele que cr\u00ea em mim, conforme diz a Escritura, rios de \u00e1gua jorrar\u00e3o do seu interior. - Pastoral Universit\u00e1ria UniSALESIANO\" \/>\n<meta property=\"og:description\" content=\"Domingo de Pentecostes, 23 de maio de 2021. Evangelho (Jo 20, 19-23) &nbsp; \u201cRecebei o Esp\u00edrito Santo\u201d 19Ao anoitecer daquele dia, o primeiro da semana,...\" \/>\n<meta property=\"og:url\" content=\"https:\/\/unisale.com.br\/novo\/aquele-que-cre\/\" \/>\n<meta property=\"og:site_name\" content=\"Pastoral Universit\u00e1ria UniSALESIANO\" \/>\n<meta property=\"article:published_time\" content=\"2021-05-14T12:23:49+00:00\" \/>\n<meta property=\"article:modified_time\" content=\"2021-05-21T11:44:46+00:00\" \/>\n<meta property=\"og:image\" content=\"https:\/\/unisale.com.br\/novo\/wp-content\/uploads\/2021\/05\/23.jpg\" \/>\n\t<meta property=\"og:image:width\" content=\"1920\" \/>\n\t<meta property=\"og:image:height\" content=\"1080\" \/>\n\t<meta property=\"og:image:type\" content=\"image\/jpeg\" \/>\n<meta name=\"author\" content=\"pastoral\" \/>\n<meta name=\"twitter:card\" content=\"summary_large_image\" \/>\n<meta name=\"twitter:label1\" content=\"Escrito por\" \/>\n\t<meta name=\"twitter:data1\" content=\"pastoral\" \/>\n\t<meta name=\"twitter:label2\" content=\"Est. tempo de leitura\" \/>\n\t<meta name=\"twitter:data2\" content=\"3 minutos\" \/>\n<script type=\"application\/ld+json\" class=\"yoast-schema-graph\">{\"@context\":\"https:\\\/\\\/schema.org\",\"@graph\":[{\"@type\":\"Article\",\"@id\":\"https:\\\/\\\/unisale.com.br\\\/novo\\\/aquele-que-cre\\\/#article\",\"isPartOf\":{\"@id\":\"https:\\\/\\\/unisale.com.br\\\/novo\\\/aquele-que-cre\\\/\"},\"author\":{\"name\":\"pastoral\",\"@id\":\"https:\\\/\\\/unisale.com.br\\\/pastoral\\\/#\\\/schema\\\/person\\\/a16ba711a0f7dec9cb6b44563144d5a3\"},\"headline\":\"23\\\/05 &#8211; Aquele que cr\u00ea em mim, conforme diz a Escritura, rios de \u00e1gua jorrar\u00e3o do seu interior.\",\"datePublished\":\"2021-05-14T12:23:49+00:00\",\"dateModified\":\"2021-05-21T11:44:46+00:00\",\"mainEntityOfPage\":{\"@id\":\"https:\\\/\\\/unisale.com.br\\\/novo\\\/aquele-que-cre\\\/\"},\"wordCount\":552,\"image\":{\"@id\":\"https:\\\/\\\/unisale.com.br\\\/novo\\\/aquele-que-cre\\\/#primaryimage\"},\"thumbnailUrl\":\"https:\\\/\\\/unisale.com.br\\\/pastoral\\\/wp-content\\\/uploads\\\/2021\\\/05\\\/23.jpg\",\"articleSection\":[\"Reflex\u00e3o do Evangelho\"],\"inLanguage\":\"pt-BR\"},{\"@type\":\"WebPage\",\"@id\":\"https:\\\/\\\/unisale.com.br\\\/novo\\\/aquele-que-cre\\\/\",\"url\":\"https:\\\/\\\/unisale.com.br\\\/novo\\\/aquele-que-cre\\\/\",\"name\":\"23\\\/05 - Aquele que cr\u00ea em mim, conforme diz a Escritura, rios de \u00e1gua jorrar\u00e3o do seu interior. - Pastoral Universit\u00e1ria UniSALESIANO\",\"isPartOf\":{\"@id\":\"https:\\\/\\\/unisale.com.br\\\/pastoral\\\/#website\"},\"primaryImageOfPage\":{\"@id\":\"https:\\\/\\\/unisale.com.br\\\/novo\\\/aquele-que-cre\\\/#primaryimage\"},\"image\":{\"@id\":\"https:\\\/\\\/unisale.com.br\\\/novo\\\/aquele-que-cre\\\/#primaryimage\"},\"thumbnailUrl\":\"https:\\\/\\\/unisale.com.br\\\/pastoral\\\/wp-content\\\/uploads\\\/2021\\\/05\\\/23.jpg\",\"datePublished\":\"2021-05-14T12:23:49+00:00\",\"dateModified\":\"2021-05-21T11:44:46+00:00\",\"author\":{\"@id\":\"https:\\\/\\\/unisale.com.br\\\/pastoral\\\/#\\\/schema\\\/person\\\/a16ba711a0f7dec9cb6b44563144d5a3\"},\"inLanguage\":\"pt-BR\",\"potentialAction\":[{\"@type\":\"ReadAction\",\"target\":[\"https:\\\/\\\/unisale.com.br\\\/novo\\\/aquele-que-cre\\\/\"]}]},{\"@type\":\"ImageObject\",\"inLanguage\":\"pt-BR\",\"@id\":\"https:\\\/\\\/unisale.com.br\\\/novo\\\/aquele-que-cre\\\/#primaryimage\",\"url\":\"https:\\\/\\\/unisale.com.br\\\/pastoral\\\/wp-content\\\/uploads\\\/2021\\\/05\\\/23.jpg\",\"contentUrl\":\"https:\\\/\\\/unisale.com.br\\\/pastoral\\\/wp-content\\\/uploads\\\/2021\\\/05\\\/23.jpg\",\"width\":889,\"height\":500},{\"@type\":\"WebSite\",\"@id\":\"https:\\\/\\\/unisale.com.br\\\/pastoral\\\/#website\",\"url\":\"https:\\\/\\\/unisale.com.br\\\/pastoral\\\/\",\"name\":\"Pastoral Universit\u00e1ria UniSALESIANO\",\"description\":\"Site da Pastoral Universit\u00e1ria do UniSALESIANO\",\"potentialAction\":[{\"@type\":\"SearchAction\",\"target\":{\"@type\":\"EntryPoint\",\"urlTemplate\":\"https:\\\/\\\/unisale.com.br\\\/pastoral\\\/?s={search_term_string}\"},\"query-input\":{\"@type\":\"PropertyValueSpecification\",\"valueRequired\":true,\"valueName\":\"search_term_string\"}}],\"inLanguage\":\"pt-BR\"},{\"@type\":\"Person\",\"@id\":\"https:\\\/\\\/unisale.com.br\\\/pastoral\\\/#\\\/schema\\\/person\\\/a16ba711a0f7dec9cb6b44563144d5a3\",\"name\":\"pastoral\",\"url\":\"https:\\\/\\\/unisale.com.br\\\/pastoral\\\/author\\\/pastoral\\\/\"}]}<\/script>\n<!-- \/ Yoast SEO plugin. -->","yoast_head_json":{"title":"23\/05 - Aquele que cr\u00ea em mim, conforme diz a Escritura, rios de \u00e1gua jorrar\u00e3o do seu interior. - Pastoral Universit\u00e1ria UniSALESIANO","robots":{"index":"index","follow":"follow","max-snippet":"max-snippet:-1","max-image-preview":"max-image-preview:large","max-video-preview":"max-video-preview:-1"},"canonical":"https:\/\/unisale.com.br\/novo\/aquele-que-cre\/","og_locale":"pt_BR","og_type":"article","og_title":"23\/05 - Aquele que cr\u00ea em mim, conforme diz a Escritura, rios de \u00e1gua jorrar\u00e3o do seu interior. - Pastoral Universit\u00e1ria UniSALESIANO","og_description":"Domingo de Pentecostes, 23 de maio de 2021. Evangelho (Jo 20, 19-23) &nbsp; \u201cRecebei o Esp\u00edrito Santo\u201d 19Ao anoitecer daquele dia, o primeiro da semana,...","og_url":"https:\/\/unisale.com.br\/novo\/aquele-que-cre\/","og_site_name":"Pastoral Universit\u00e1ria UniSALESIANO","article_published_time":"2021-05-14T12:23:49+00:00","article_modified_time":"2021-05-21T11:44:46+00:00","og_image":[{"width":1920,"height":1080,"url":"https:\/\/unisale.com.br\/novo\/wp-content\/uploads\/2021\/05\/23.jpg","type":"image\/jpeg"}],"author":"pastoral","twitter_card":"summary_large_image","twitter_misc":{"Escrito por":"pastoral","Est. tempo de leitura":"3 minutos"},"schema":{"@context":"https:\/\/schema.org","@graph":[{"@type":"Article","@id":"https:\/\/unisale.com.br\/novo\/aquele-que-cre\/#article","isPartOf":{"@id":"https:\/\/unisale.com.br\/novo\/aquele-que-cre\/"},"author":{"name":"pastoral","@id":"https:\/\/unisale.com.br\/pastoral\/#\/schema\/person\/a16ba711a0f7dec9cb6b44563144d5a3"},"headline":"23\/05 &#8211; Aquele que cr\u00ea em mim, conforme diz a Escritura, rios de \u00e1gua jorrar\u00e3o do seu interior.","datePublished":"2021-05-14T12:23:49+00:00","dateModified":"2021-05-21T11:44:46+00:00","mainEntityOfPage":{"@id":"https:\/\/unisale.com.br\/novo\/aquele-que-cre\/"},"wordCount":552,"image":{"@id":"https:\/\/unisale.com.br\/novo\/aquele-que-cre\/#primaryimage"},"thumbnailUrl":"https:\/\/unisale.com.br\/pastoral\/wp-content\/uploads\/2021\/05\/23.jpg","articleSection":["Reflex\u00e3o do Evangelho"],"inLanguage":"pt-BR"},{"@type":"WebPage","@id":"https:\/\/unisale.com.br\/novo\/aquele-que-cre\/","url":"https:\/\/unisale.com.br\/novo\/aquele-que-cre\/","name":"23\/05 - Aquele que cr\u00ea em mim, conforme diz a Escritura, rios de \u00e1gua jorrar\u00e3o do seu interior. - Pastoral Universit\u00e1ria UniSALESIANO","isPartOf":{"@id":"https:\/\/unisale.com.br\/pastoral\/#website"},"primaryImageOfPage":{"@id":"https:\/\/unisale.com.br\/novo\/aquele-que-cre\/#primaryimage"},"image":{"@id":"https:\/\/unisale.com.br\/novo\/aquele-que-cre\/#primaryimage"},"thumbnailUrl":"https:\/\/unisale.com.br\/pastoral\/wp-content\/uploads\/2021\/05\/23.jpg","datePublished":"2021-05-14T12:23:49+00:00","dateModified":"2021-05-21T11:44:46+00:00","author":{"@id":"https:\/\/unisale.com.br\/pastoral\/#\/schema\/person\/a16ba711a0f7dec9cb6b44563144d5a3"},"inLanguage":"pt-BR","potentialAction":[{"@type":"ReadAction","target":["https:\/\/unisale.com.br\/novo\/aquele-que-cre\/"]}]},{"@type":"ImageObject","inLanguage":"pt-BR","@id":"https:\/\/unisale.com.br\/novo\/aquele-que-cre\/#primaryimage","url":"https:\/\/unisale.com.br\/pastoral\/wp-content\/uploads\/2021\/05\/23.jpg","contentUrl":"https:\/\/unisale.com.br\/pastoral\/wp-content\/uploads\/2021\/05\/23.jpg","width":889,"height":500},{"@type":"WebSite","@id":"https:\/\/unisale.com.br\/pastoral\/#website","url":"https:\/\/unisale.com.br\/pastoral\/","name":"Pastoral Universit\u00e1ria UniSALESIANO","description":"Site da Pastoral Universit\u00e1ria do UniSALESIANO","potentialAction":[{"@type":"SearchAction","target":{"@type":"EntryPoint","urlTemplate":"https:\/\/unisale.com.br\/pastoral\/?s={search_term_string}"},"query-input":{"@type":"PropertyValueSpecification","valueRequired":true,"valueName":"search_term_string"}}],"inLanguage":"pt-BR"},{"@type":"Person","@id":"https:\/\/unisale.com.br\/pastoral\/#\/schema\/person\/a16ba711a0f7dec9cb6b44563144d5a3","name":"pastoral","url":"https:\/\/unisale.com.br\/pastoral\/author\/pastoral\/"}]}},"_links":{"self":[{"href":"https:\/\/unisale.com.br\/pastoral\/wp-json\/wp\/v2\/posts\/1373","targetHints":{"allow":["GET"]}}],"collection":[{"href":"https:\/\/unisale.com.br\/pastoral\/wp-json\/wp\/v2\/posts"}],"about":[{"href":"https:\/\/unisale.com.br\/pastoral\/wp-json\/wp\/v2\/types\/post"}],"author":[{"embeddable":true,"href":"https:\/\/unisale.com.br\/pastoral\/wp-json\/wp\/v2\/users\/1"}],"replies":[{"embeddable":true,"href":"https:\/\/unisale.com.br\/pastoral\/wp-json\/wp\/v2\/comments?post=1373"}],"version-history":[{"count":0,"href":"https:\/\/unisale.com.br\/pastoral\/wp-json\/wp\/v2\/posts\/1373\/revisions"}],"wp:featuredmedia":[{"embeddable":true,"href":"https:\/\/unisale.com.br\/pastoral\/wp-json\/wp\/v2\/media\/1309"}],"wp:attachment":[{"href":"https:\/\/unisale.com.br\/pastoral\/wp-json\/wp\/v2\/media?parent=1373"}],"wp:term":[{"taxonomy":"category","embeddable":true,"href":"https:\/\/unisale.com.br\/pastoral\/wp-json\/wp\/v2\/categories?post=1373"},{"taxonomy":"post_tag","embeddable":true,"href":"https:\/\/unisale.com.br\/pastoral\/wp-json\/wp\/v2\/tags?post=1373"}],"curies":[{"name":"wp","href":"https:\/\/api.w.org\/{rel}","templated":true}]}}