{"id":13780,"date":"2026-01-28T10:51:33","date_gmt":"2026-01-28T10:51:33","guid":{"rendered":"https:\/\/unisale.com.br\/pastoral\/?p=13780"},"modified":"2026-01-28T10:51:33","modified_gmt":"2026-01-28T10:51:33","slug":"29-01-quem-tem-ouvidos-para-ouvir-ouca","status":"publish","type":"post","link":"https:\/\/unisale.com.br\/pastoral\/29-01-quem-tem-ouvidos-para-ouvir-ouca\/","title":{"rendered":".29\/01 &#8211; Quem tem ouvidos para ouvir, ou\u00e7a."},"content":{"rendered":"<p>Quinta-feira, 29 de janeiro de 2026.<\/p>\n<p>Evangelho (Mc 4,21-25)<\/p>\n<p><strong>\u201cQuem tem ouvidos para ouvir, ou\u00e7a\u201d<\/strong><\/p>\n<p>Naquele tempo, Jesus disse \u00e0 multid\u00e3o:\u00a021\u00a0&#8220;Quem \u00e9 que traz uma l\u00e2mpada para coloc\u00e1-la debaixo de um caixote, ou debaixo da cama? Ao contr\u00e1rio, n\u00e3o a coloca num candeeiro?\u00a022\u00a0Assim, tudo o que est\u00e1 escondido dever\u00e1 tornar-se manifesto, e tudo o que est\u00e1 em segredo dever\u00e1 ser descoberto.\u00a023\u00a0Se algu\u00e9m tem ouvidos para ouvir, ou\u00e7a&#8221;.\u00a024\u00a0Jesus dizia ainda: &#8220;Prestai aten\u00e7\u00e3o no que ouvis: com a mesma medida com que medirdes, tamb\u00e9m v\u00f3s sereis medidos; e vos ser\u00e1 dado ainda mais.\u00a025\u00a0Ao que tem alguma coisa, ser\u00e1 dado ainda mais; do que n\u00e3o tem, ser\u00e1 tirado at\u00e9 mesmo o que ele tem&#8221;.<\/p>\n<p><strong>Reflex\u00e3o<\/strong><\/p>\n<p>Para desvendar os mist\u00e9rios do reino de Deus, Jesus usa de v\u00e1rios meios. Hoje o evangelho nos apresenta duas par\u00e1bolas, a da l\u00e2mpada e a da medida, com esta mesma inten\u00e7\u00e3o. As par\u00e1bolas ocultam a luz do Reino aos que n\u00e3o creem, mas a luz da verdade acabar\u00e1 por ser reconhecida. Essa luz \u00e9 o pr\u00f3prio Jesus que nos diz: \u201cEu sou a luz do mundo; o que me segue n\u00e3o andar\u00e1 nas trevas, mas ter\u00e1 a luz da vida\u201d. Se por um tempo a sua palavra e pessoa est\u00e3o veladas para os que n\u00e3o creem, vir\u00e1 um dia em que estar\u00e3o t\u00e3o patentes que a sua rejei\u00e7\u00e3o merecer\u00e1 uma condena\u00e7\u00e3o. Quem n\u00e3o tenha entendido o mist\u00e9rio do Reino por t\u00ea-lo rejeitado, perder\u00e1 inclusivamente o que tiver recebido: \u201cAo que tem alguma coisa, ser\u00e1 dado ainda mais; do que n\u00e3o tem, ser\u00e1 tirado at\u00e9 mesmo o que ele tem\u201d. Ou seja, o que tem o Reino receber\u00e1 mais; o que n\u00e3o tem o Reino perder\u00e1 at\u00e9 o que tem. A par\u00e1bola da l\u00e2mpada p\u00f5e em evid\u00eancia a oposi\u00e7\u00e3o que existe entre luz e trevas, isto \u00e9, entre f\u00e9 e incredulidade. Acentua ainda a necessidade de passar da f\u00e9 \u00e0 vida, porque Cristo e o evangelho s\u00e3o luz, e esta dever\u00e1 iluminar a exist\u00eancia daquele que cr\u00ea sinceramente; e n\u00e3o s\u00f3 a sua exist\u00eancia, mas tamb\u00e9m a dos outros. A f\u00e9 do Batismo \u00e9 a l\u00e2mpada acesa no princ\u00edpio do nosso caminhar crist\u00e3o para iluminar toda a nossa vida e a\u00a0 nossa conduta. Toda a nossa vida, crit\u00e9rios, valores e conduta devem estar conformes com essa luz de Cristo que nos iluminou. Luz que nos foi dada n\u00e3o para guardar no ba\u00fa de recorda\u00e7\u00f5es, mas para que ilumine os outros com as nossas boas obras. N\u00e3o podemos ocultar a luz da f\u00e9 em Cristo no meio dos ambientes que nos movemos.<\/p>\n<p><strong>Pe. Paulo Eduardo J\u00e1como, SDB<\/strong><\/p>\n","protected":false},"excerpt":{"rendered":"<p>Quinta-feira, 29 de janeiro de 2026. Evangelho (Mc 4,21-25) \u201cQuem tem ouvidos para ouvir, ou\u00e7a\u201d Naquele tempo, Jesus disse \u00e0 multid\u00e3o:\u00a021\u00a0&#8220;Quem \u00e9 que traz uma&#8230;<\/p>\n","protected":false},"author":1,"featured_media":13781,"comment_status":"closed","ping_status":"closed","sticky":false,"template":"","format":"standard","meta":{"_acf_changed":false,"footnotes":""},"categories":[13],"tags":[],"class_list":["post-13780","post","type-post","status-publish","format-standard","has-post-thumbnail","hentry","category-reflexaodoevagelho"],"acf":[],"yoast_head":"<!-- This site is optimized with the Yoast SEO plugin v27.3 - https:\/\/yoast.com\/product\/yoast-seo-wordpress\/ -->\n<title>.29\/01 - Quem tem ouvidos para ouvir, ou\u00e7a. - Pastoral Universit\u00e1ria UniSALESIANO<\/title>\n<meta name=\"robots\" content=\"index, follow, max-snippet:-1, max-image-preview:large, max-video-preview:-1\" \/>\n<link rel=\"canonical\" href=\"https:\/\/unisale.com.br\/pastoral\/29-01-quem-tem-ouvidos-para-ouvir-ouca\/\" \/>\n<meta property=\"og:locale\" content=\"pt_BR\" \/>\n<meta property=\"og:type\" content=\"article\" \/>\n<meta property=\"og:title\" content=\".29\/01 - Quem tem ouvidos para ouvir, ou\u00e7a. - Pastoral Universit\u00e1ria UniSALESIANO\" \/>\n<meta property=\"og:description\" content=\"Quinta-feira, 29 de janeiro de 2026. Evangelho (Mc 4,21-25) \u201cQuem tem ouvidos para ouvir, ou\u00e7a\u201d Naquele tempo, Jesus disse \u00e0 multid\u00e3o:\u00a021\u00a0&#8220;Quem \u00e9 que traz uma...\" \/>\n<meta property=\"og:url\" content=\"https:\/\/unisale.com.br\/pastoral\/29-01-quem-tem-ouvidos-para-ouvir-ouca\/\" \/>\n<meta property=\"og:site_name\" content=\"Pastoral Universit\u00e1ria UniSALESIANO\" \/>\n<meta property=\"article:published_time\" content=\"2026-01-28T10:51:33+00:00\" \/>\n<meta property=\"og:image\" content=\"https:\/\/unisale.com.br\/pastoral\/wp-content\/uploads\/2026\/01\/Gemini_Generated_Image_ypytpbypytpbypyt-1024x559.png\" \/>\n\t<meta property=\"og:image:width\" content=\"1024\" \/>\n\t<meta property=\"og:image:height\" content=\"559\" \/>\n\t<meta property=\"og:image:type\" content=\"image\/png\" \/>\n<meta name=\"author\" content=\"pastoral\" \/>\n<meta name=\"twitter:card\" content=\"summary_large_image\" \/>\n<meta name=\"twitter:label1\" content=\"Escrito por\" \/>\n\t<meta name=\"twitter:data1\" content=\"pastoral\" \/>\n\t<meta name=\"twitter:label2\" content=\"Est. tempo de leitura\" \/>\n\t<meta name=\"twitter:data2\" content=\"3 minutos\" \/>\n<script type=\"application\/ld+json\" class=\"yoast-schema-graph\">{\"@context\":\"https:\\\/\\\/schema.org\",\"@graph\":[{\"@type\":\"Article\",\"@id\":\"https:\\\/\\\/unisale.com.br\\\/pastoral\\\/29-01-quem-tem-ouvidos-para-ouvir-ouca\\\/#article\",\"isPartOf\":{\"@id\":\"https:\\\/\\\/unisale.com.br\\\/pastoral\\\/29-01-quem-tem-ouvidos-para-ouvir-ouca\\\/\"},\"author\":{\"name\":\"pastoral\",\"@id\":\"https:\\\/\\\/unisale.com.br\\\/pastoral\\\/#\\\/schema\\\/person\\\/a16ba711a0f7dec9cb6b44563144d5a3\"},\"headline\":\".29\\\/01 &#8211; Quem tem ouvidos para ouvir, ou\u00e7a.\",\"datePublished\":\"2026-01-28T10:51:33+00:00\",\"mainEntityOfPage\":{\"@id\":\"https:\\\/\\\/unisale.com.br\\\/pastoral\\\/29-01-quem-tem-ouvidos-para-ouvir-ouca\\\/\"},\"wordCount\":483,\"image\":{\"@id\":\"https:\\\/\\\/unisale.com.br\\\/pastoral\\\/29-01-quem-tem-ouvidos-para-ouvir-ouca\\\/#primaryimage\"},\"thumbnailUrl\":\"https:\\\/\\\/unisale.com.br\\\/pastoral\\\/wp-content\\\/uploads\\\/2026\\\/01\\\/Gemini_Generated_Image_ypytpbypytpbypyt-scaled-e1771529455268.jpg\",\"articleSection\":[\"Reflex\u00e3o do Evangelho\"],\"inLanguage\":\"pt-BR\"},{\"@type\":\"WebPage\",\"@id\":\"https:\\\/\\\/unisale.com.br\\\/pastoral\\\/29-01-quem-tem-ouvidos-para-ouvir-ouca\\\/\",\"url\":\"https:\\\/\\\/unisale.com.br\\\/pastoral\\\/29-01-quem-tem-ouvidos-para-ouvir-ouca\\\/\",\"name\":\".29\\\/01 - Quem tem ouvidos para ouvir, ou\u00e7a. - Pastoral Universit\u00e1ria UniSALESIANO\",\"isPartOf\":{\"@id\":\"https:\\\/\\\/unisale.com.br\\\/pastoral\\\/#website\"},\"primaryImageOfPage\":{\"@id\":\"https:\\\/\\\/unisale.com.br\\\/pastoral\\\/29-01-quem-tem-ouvidos-para-ouvir-ouca\\\/#primaryimage\"},\"image\":{\"@id\":\"https:\\\/\\\/unisale.com.br\\\/pastoral\\\/29-01-quem-tem-ouvidos-para-ouvir-ouca\\\/#primaryimage\"},\"thumbnailUrl\":\"https:\\\/\\\/unisale.com.br\\\/pastoral\\\/wp-content\\\/uploads\\\/2026\\\/01\\\/Gemini_Generated_Image_ypytpbypytpbypyt-scaled-e1771529455268.jpg\",\"datePublished\":\"2026-01-28T10:51:33+00:00\",\"author\":{\"@id\":\"https:\\\/\\\/unisale.com.br\\\/pastoral\\\/#\\\/schema\\\/person\\\/a16ba711a0f7dec9cb6b44563144d5a3\"},\"inLanguage\":\"pt-BR\",\"potentialAction\":[{\"@type\":\"ReadAction\",\"target\":[\"https:\\\/\\\/unisale.com.br\\\/pastoral\\\/29-01-quem-tem-ouvidos-para-ouvir-ouca\\\/\"]}]},{\"@type\":\"ImageObject\",\"inLanguage\":\"pt-BR\",\"@id\":\"https:\\\/\\\/unisale.com.br\\\/pastoral\\\/29-01-quem-tem-ouvidos-para-ouvir-ouca\\\/#primaryimage\",\"url\":\"https:\\\/\\\/unisale.com.br\\\/pastoral\\\/wp-content\\\/uploads\\\/2026\\\/01\\\/Gemini_Generated_Image_ypytpbypytpbypyt-scaled-e1771529455268.jpg\",\"contentUrl\":\"https:\\\/\\\/unisale.com.br\\\/pastoral\\\/wp-content\\\/uploads\\\/2026\\\/01\\\/Gemini_Generated_Image_ypytpbypytpbypyt-scaled-e1771529455268.jpg\",\"width\":600,\"height\":327},{\"@type\":\"WebSite\",\"@id\":\"https:\\\/\\\/unisale.com.br\\\/pastoral\\\/#website\",\"url\":\"https:\\\/\\\/unisale.com.br\\\/pastoral\\\/\",\"name\":\"Pastoral Universit\u00e1ria UniSALESIANO\",\"description\":\"Site da Pastoral Universit\u00e1ria do UniSALESIANO\",\"potentialAction\":[{\"@type\":\"SearchAction\",\"target\":{\"@type\":\"EntryPoint\",\"urlTemplate\":\"https:\\\/\\\/unisale.com.br\\\/pastoral\\\/?s={search_term_string}\"},\"query-input\":{\"@type\":\"PropertyValueSpecification\",\"valueRequired\":true,\"valueName\":\"search_term_string\"}}],\"inLanguage\":\"pt-BR\"},{\"@type\":\"Person\",\"@id\":\"https:\\\/\\\/unisale.com.br\\\/pastoral\\\/#\\\/schema\\\/person\\\/a16ba711a0f7dec9cb6b44563144d5a3\",\"name\":\"pastoral\",\"url\":\"https:\\\/\\\/unisale.com.br\\\/pastoral\\\/author\\\/pastoral\\\/\"}]}<\/script>\n<!-- \/ Yoast SEO plugin. -->","yoast_head_json":{"title":".29\/01 - Quem tem ouvidos para ouvir, ou\u00e7a. - Pastoral Universit\u00e1ria UniSALESIANO","robots":{"index":"index","follow":"follow","max-snippet":"max-snippet:-1","max-image-preview":"max-image-preview:large","max-video-preview":"max-video-preview:-1"},"canonical":"https:\/\/unisale.com.br\/pastoral\/29-01-quem-tem-ouvidos-para-ouvir-ouca\/","og_locale":"pt_BR","og_type":"article","og_title":".29\/01 - Quem tem ouvidos para ouvir, ou\u00e7a. - Pastoral Universit\u00e1ria UniSALESIANO","og_description":"Quinta-feira, 29 de janeiro de 2026. Evangelho (Mc 4,21-25) \u201cQuem tem ouvidos para ouvir, ou\u00e7a\u201d Naquele tempo, Jesus disse \u00e0 multid\u00e3o:\u00a021\u00a0&#8220;Quem \u00e9 que traz uma...","og_url":"https:\/\/unisale.com.br\/pastoral\/29-01-quem-tem-ouvidos-para-ouvir-ouca\/","og_site_name":"Pastoral Universit\u00e1ria UniSALESIANO","article_published_time":"2026-01-28T10:51:33+00:00","og_image":[{"width":1024,"height":559,"url":"https:\/\/unisale.com.br\/pastoral\/wp-content\/uploads\/2026\/01\/Gemini_Generated_Image_ypytpbypytpbypyt-1024x559.png","type":"image\/png"}],"author":"pastoral","twitter_card":"summary_large_image","twitter_misc":{"Escrito por":"pastoral","Est. tempo de leitura":"3 minutos"},"schema":{"@context":"https:\/\/schema.org","@graph":[{"@type":"Article","@id":"https:\/\/unisale.com.br\/pastoral\/29-01-quem-tem-ouvidos-para-ouvir-ouca\/#article","isPartOf":{"@id":"https:\/\/unisale.com.br\/pastoral\/29-01-quem-tem-ouvidos-para-ouvir-ouca\/"},"author":{"name":"pastoral","@id":"https:\/\/unisale.com.br\/pastoral\/#\/schema\/person\/a16ba711a0f7dec9cb6b44563144d5a3"},"headline":".29\/01 &#8211; Quem tem ouvidos para ouvir, ou\u00e7a.","datePublished":"2026-01-28T10:51:33+00:00","mainEntityOfPage":{"@id":"https:\/\/unisale.com.br\/pastoral\/29-01-quem-tem-ouvidos-para-ouvir-ouca\/"},"wordCount":483,"image":{"@id":"https:\/\/unisale.com.br\/pastoral\/29-01-quem-tem-ouvidos-para-ouvir-ouca\/#primaryimage"},"thumbnailUrl":"https:\/\/unisale.com.br\/pastoral\/wp-content\/uploads\/2026\/01\/Gemini_Generated_Image_ypytpbypytpbypyt-scaled-e1771529455268.jpg","articleSection":["Reflex\u00e3o do Evangelho"],"inLanguage":"pt-BR"},{"@type":"WebPage","@id":"https:\/\/unisale.com.br\/pastoral\/29-01-quem-tem-ouvidos-para-ouvir-ouca\/","url":"https:\/\/unisale.com.br\/pastoral\/29-01-quem-tem-ouvidos-para-ouvir-ouca\/","name":".29\/01 - Quem tem ouvidos para ouvir, ou\u00e7a. - Pastoral Universit\u00e1ria UniSALESIANO","isPartOf":{"@id":"https:\/\/unisale.com.br\/pastoral\/#website"},"primaryImageOfPage":{"@id":"https:\/\/unisale.com.br\/pastoral\/29-01-quem-tem-ouvidos-para-ouvir-ouca\/#primaryimage"},"image":{"@id":"https:\/\/unisale.com.br\/pastoral\/29-01-quem-tem-ouvidos-para-ouvir-ouca\/#primaryimage"},"thumbnailUrl":"https:\/\/unisale.com.br\/pastoral\/wp-content\/uploads\/2026\/01\/Gemini_Generated_Image_ypytpbypytpbypyt-scaled-e1771529455268.jpg","datePublished":"2026-01-28T10:51:33+00:00","author":{"@id":"https:\/\/unisale.com.br\/pastoral\/#\/schema\/person\/a16ba711a0f7dec9cb6b44563144d5a3"},"inLanguage":"pt-BR","potentialAction":[{"@type":"ReadAction","target":["https:\/\/unisale.com.br\/pastoral\/29-01-quem-tem-ouvidos-para-ouvir-ouca\/"]}]},{"@type":"ImageObject","inLanguage":"pt-BR","@id":"https:\/\/unisale.com.br\/pastoral\/29-01-quem-tem-ouvidos-para-ouvir-ouca\/#primaryimage","url":"https:\/\/unisale.com.br\/pastoral\/wp-content\/uploads\/2026\/01\/Gemini_Generated_Image_ypytpbypytpbypyt-scaled-e1771529455268.jpg","contentUrl":"https:\/\/unisale.com.br\/pastoral\/wp-content\/uploads\/2026\/01\/Gemini_Generated_Image_ypytpbypytpbypyt-scaled-e1771529455268.jpg","width":600,"height":327},{"@type":"WebSite","@id":"https:\/\/unisale.com.br\/pastoral\/#website","url":"https:\/\/unisale.com.br\/pastoral\/","name":"Pastoral Universit\u00e1ria UniSALESIANO","description":"Site da Pastoral Universit\u00e1ria do UniSALESIANO","potentialAction":[{"@type":"SearchAction","target":{"@type":"EntryPoint","urlTemplate":"https:\/\/unisale.com.br\/pastoral\/?s={search_term_string}"},"query-input":{"@type":"PropertyValueSpecification","valueRequired":true,"valueName":"search_term_string"}}],"inLanguage":"pt-BR"},{"@type":"Person","@id":"https:\/\/unisale.com.br\/pastoral\/#\/schema\/person\/a16ba711a0f7dec9cb6b44563144d5a3","name":"pastoral","url":"https:\/\/unisale.com.br\/pastoral\/author\/pastoral\/"}]}},"_links":{"self":[{"href":"https:\/\/unisale.com.br\/pastoral\/wp-json\/wp\/v2\/posts\/13780","targetHints":{"allow":["GET"]}}],"collection":[{"href":"https:\/\/unisale.com.br\/pastoral\/wp-json\/wp\/v2\/posts"}],"about":[{"href":"https:\/\/unisale.com.br\/pastoral\/wp-json\/wp\/v2\/types\/post"}],"author":[{"embeddable":true,"href":"https:\/\/unisale.com.br\/pastoral\/wp-json\/wp\/v2\/users\/1"}],"replies":[{"embeddable":true,"href":"https:\/\/unisale.com.br\/pastoral\/wp-json\/wp\/v2\/comments?post=13780"}],"version-history":[{"count":1,"href":"https:\/\/unisale.com.br\/pastoral\/wp-json\/wp\/v2\/posts\/13780\/revisions"}],"predecessor-version":[{"id":13782,"href":"https:\/\/unisale.com.br\/pastoral\/wp-json\/wp\/v2\/posts\/13780\/revisions\/13782"}],"wp:featuredmedia":[{"embeddable":true,"href":"https:\/\/unisale.com.br\/pastoral\/wp-json\/wp\/v2\/media\/13781"}],"wp:attachment":[{"href":"https:\/\/unisale.com.br\/pastoral\/wp-json\/wp\/v2\/media?parent=13780"}],"wp:term":[{"taxonomy":"category","embeddable":true,"href":"https:\/\/unisale.com.br\/pastoral\/wp-json\/wp\/v2\/categories?post=13780"},{"taxonomy":"post_tag","embeddable":true,"href":"https:\/\/unisale.com.br\/pastoral\/wp-json\/wp\/v2\/tags?post=13780"}],"curies":[{"name":"wp","href":"https:\/\/api.w.org\/{rel}","templated":true}]}}