{"id":13802,"date":"2026-02-04T11:05:43","date_gmt":"2026-02-04T11:05:43","guid":{"rendered":"https:\/\/unisale.com.br\/pastoral\/?p=13802"},"modified":"2026-02-04T11:05:43","modified_gmt":"2026-02-04T11:05:43","slug":"05-02-entao-os-doze-partiram-e-pregaram-que-todos-se-convertessem","status":"publish","type":"post","link":"https:\/\/unisale.com.br\/pastoral\/05-02-entao-os-doze-partiram-e-pregaram-que-todos-se-convertessem\/","title":{"rendered":".05\/02 &#8211; Ent\u00e3o os doze partiram e pregaram que todos se convertessem."},"content":{"rendered":"<p>Quinta-feira, 05 de fevereiro de 2026.<\/p>\n<p>&nbsp;<\/p>\n<p>Evangelho (Mc 6,7-13)<\/p>\n<p>&nbsp;<\/p>\n<p><strong><em>\u201cEnt\u00e3o os doze partiram e pregaram que todos se convertessem\u201d<\/em><\/strong><\/p>\n<p>&nbsp;<\/p>\n<p>Naquele tempo,\u00a07\u00a0Jesus chamou os doze, e come\u00e7ou a envi\u00e1-los dois a dois, dando-lhes poder sobre os esp\u00edritos impuros.\u00a08\u00a0Recomendou-lhes que n\u00e3o levassem nada para o caminho, a n\u00e3o ser um cajado; nem p\u00e3o, nem sacola, nem dinheiro na cintura.\u00a09\u00a0Mandou que andassem de sand\u00e1lias e que n\u00e3o levassem duas t\u00fanicas.\u00a010\u00a0E Jesus disse ainda: &#8220;Quando entrardes numa casa, ficai ali at\u00e9 vossa partida.\u00a011\u00a0Se em algum lugar n\u00e3o vos receberem, nem quiserem vos escutar, quando sairdes, sacudi a poeira dos p\u00e9s, como testemunho contra eles!&#8221;\u00a012\u00a0Ent\u00e3o os doze partiram e pregaram que todos se convertessem.\u00a013\u00a0Expulsavam muitos dem\u00f4nios e curavam numerosos doentes, ungindo-os com \u00f3leo.<\/p>\n<p>&nbsp;<\/p>\n<p><strong>Reflex\u00e3o<\/strong><\/p>\n<p>&nbsp;<\/p>\n<p>Jesus convida sempre os seus disc\u00edpulos a trabalharem com empenho o an\u00fancio do Evangelho. Assim Ele o faz porque somente com muito empenho podemos levar a todos o an\u00fancio de salva\u00e7\u00e3o. Jesus coloca em nossas m\u00e3os, confia \u00e0 nossa criatividade este dom de salva\u00e7\u00e3o a ser compartilhado com todos. O dom do an\u00fancio \u00e9 dado por Deus, por isso n\u00e3o precisamos ter medo, ao contr\u00e1rio, podemos ser ousados enfrentando todas as dificuldades, aceitando as humilha\u00e7\u00f5es e n\u00e3o pensando este dom como se fosse um privil\u00e9gio. A miss\u00e3o n\u00e3o \u00e9 uma inven\u00e7\u00e3o, mas \u00e9 uma imita\u00e7\u00e3o. \u00c9 uma continua\u00e7\u00e3o das a\u00e7\u00f5es e palavras de Jesus. E Jesus era s\u00f3brio no seu agir e no seu viver: \u201cnada mais que um bast\u00e3o\u201d. O sucesso da miss\u00e3o est\u00e1 no fato da imita\u00e7\u00e3o de Cristo que \u201cesvaziou-se de si mesmo\u201d e foi glorificado pelo Pai. Quem glorifica a nossa miss\u00e3o n\u00e3o s\u00e3o os homens, mas Deus. Nos nossos gestos e palavras somos chamados a fazer transparecer a mensagem de Jesus. Os disc\u00edpulos foram dotados de um poder sobre os \u201cesp\u00edritos imundos\u201d e foram convidados a vier e agir com simplicidade. A efic\u00e1cia da miss\u00e3o da Igreja n\u00e3o vem da influ\u00eancia humana ou material, mas do poder de Deus e da sinceridade, da f\u00e9 e do testemunho de vida dos disc\u00edpulos, de quem hoje tem esta responsabilidade. Como nos diz S. Jo\u00e3o Paulo II: \u201cTodo o entusiasmos, energia e entrega dos mission\u00e1rios v\u00eam da fonte que \u00e9 o amor de Deus derramado em nossos cora\u00e7\u00f5es com o dom do Esp\u00edrito Santo\u201d.<\/p>\n<p><strong>Pe. Paulo Eduardo J\u00e1como, SDB<\/strong><\/p>\n","protected":false},"excerpt":{"rendered":"<p>Quinta-feira, 05 de fevereiro de 2026. &nbsp; Evangelho (Mc 6,7-13) &nbsp; \u201cEnt\u00e3o os doze partiram e pregaram que todos se convertessem\u201d &nbsp; Naquele tempo,\u00a07\u00a0Jesus chamou&#8230;<\/p>\n","protected":false},"author":1,"featured_media":13803,"comment_status":"closed","ping_status":"closed","sticky":false,"template":"","format":"standard","meta":{"_acf_changed":false,"footnotes":""},"categories":[13],"tags":[],"class_list":["post-13802","post","type-post","status-publish","format-standard","has-post-thumbnail","hentry","category-reflexaodoevagelho"],"acf":[],"yoast_head":"<!-- This site is optimized with the Yoast SEO plugin v27.3 - https:\/\/yoast.com\/product\/yoast-seo-wordpress\/ -->\n<title>.05\/02 - Ent\u00e3o os doze partiram e pregaram que todos se convertessem. - Pastoral Universit\u00e1ria UniSALESIANO<\/title>\n<meta name=\"robots\" content=\"index, follow, max-snippet:-1, max-image-preview:large, max-video-preview:-1\" \/>\n<link rel=\"canonical\" href=\"https:\/\/unisale.com.br\/pastoral\/05-02-entao-os-doze-partiram-e-pregaram-que-todos-se-convertessem\/\" \/>\n<meta property=\"og:locale\" content=\"pt_BR\" \/>\n<meta property=\"og:type\" content=\"article\" \/>\n<meta property=\"og:title\" content=\".05\/02 - Ent\u00e3o os doze partiram e pregaram que todos se convertessem. - Pastoral Universit\u00e1ria UniSALESIANO\" \/>\n<meta property=\"og:description\" content=\"Quinta-feira, 05 de fevereiro de 2026. &nbsp; Evangelho (Mc 6,7-13) &nbsp; \u201cEnt\u00e3o os doze partiram e pregaram que todos se convertessem\u201d &nbsp; Naquele tempo,\u00a07\u00a0Jesus chamou...\" \/>\n<meta property=\"og:url\" content=\"https:\/\/unisale.com.br\/pastoral\/05-02-entao-os-doze-partiram-e-pregaram-que-todos-se-convertessem\/\" \/>\n<meta property=\"og:site_name\" content=\"Pastoral Universit\u00e1ria UniSALESIANO\" \/>\n<meta property=\"article:published_time\" content=\"2026-02-04T11:05:43+00:00\" \/>\n<meta property=\"og:image\" content=\"https:\/\/unisale.com.br\/pastoral\/wp-content\/uploads\/2026\/02\/Gemini_Generated_Image_fu457efu457efu45-1024x559.png\" \/>\n\t<meta property=\"og:image:width\" content=\"1024\" \/>\n\t<meta property=\"og:image:height\" content=\"559\" \/>\n\t<meta property=\"og:image:type\" content=\"image\/png\" \/>\n<meta name=\"author\" content=\"pastoral\" \/>\n<meta name=\"twitter:card\" content=\"summary_large_image\" \/>\n<meta name=\"twitter:label1\" content=\"Escrito por\" \/>\n\t<meta name=\"twitter:data1\" content=\"pastoral\" \/>\n\t<meta name=\"twitter:label2\" content=\"Est. tempo de leitura\" \/>\n\t<meta name=\"twitter:data2\" content=\"3 minutos\" \/>\n<script type=\"application\/ld+json\" class=\"yoast-schema-graph\">{\"@context\":\"https:\\\/\\\/schema.org\",\"@graph\":[{\"@type\":\"Article\",\"@id\":\"https:\\\/\\\/unisale.com.br\\\/pastoral\\\/05-02-entao-os-doze-partiram-e-pregaram-que-todos-se-convertessem\\\/#article\",\"isPartOf\":{\"@id\":\"https:\\\/\\\/unisale.com.br\\\/pastoral\\\/05-02-entao-os-doze-partiram-e-pregaram-que-todos-se-convertessem\\\/\"},\"author\":{\"name\":\"pastoral\",\"@id\":\"https:\\\/\\\/unisale.com.br\\\/pastoral\\\/#\\\/schema\\\/person\\\/a16ba711a0f7dec9cb6b44563144d5a3\"},\"headline\":\".05\\\/02 &#8211; Ent\u00e3o os doze partiram e pregaram que todos se convertessem.\",\"datePublished\":\"2026-02-04T11:05:43+00:00\",\"mainEntityOfPage\":{\"@id\":\"https:\\\/\\\/unisale.com.br\\\/pastoral\\\/05-02-entao-os-doze-partiram-e-pregaram-que-todos-se-convertessem\\\/\"},\"wordCount\":449,\"image\":{\"@id\":\"https:\\\/\\\/unisale.com.br\\\/pastoral\\\/05-02-entao-os-doze-partiram-e-pregaram-que-todos-se-convertessem\\\/#primaryimage\"},\"thumbnailUrl\":\"https:\\\/\\\/unisale.com.br\\\/pastoral\\\/wp-content\\\/uploads\\\/2026\\\/02\\\/Gemini_Generated_Image_fu457efu457efu45-scaled-1.jpg\",\"articleSection\":[\"Reflex\u00e3o do Evangelho\"],\"inLanguage\":\"pt-BR\"},{\"@type\":\"WebPage\",\"@id\":\"https:\\\/\\\/unisale.com.br\\\/pastoral\\\/05-02-entao-os-doze-partiram-e-pregaram-que-todos-se-convertessem\\\/\",\"url\":\"https:\\\/\\\/unisale.com.br\\\/pastoral\\\/05-02-entao-os-doze-partiram-e-pregaram-que-todos-se-convertessem\\\/\",\"name\":\".05\\\/02 - Ent\u00e3o os doze partiram e pregaram que todos se convertessem. - Pastoral Universit\u00e1ria UniSALESIANO\",\"isPartOf\":{\"@id\":\"https:\\\/\\\/unisale.com.br\\\/pastoral\\\/#website\"},\"primaryImageOfPage\":{\"@id\":\"https:\\\/\\\/unisale.com.br\\\/pastoral\\\/05-02-entao-os-doze-partiram-e-pregaram-que-todos-se-convertessem\\\/#primaryimage\"},\"image\":{\"@id\":\"https:\\\/\\\/unisale.com.br\\\/pastoral\\\/05-02-entao-os-doze-partiram-e-pregaram-que-todos-se-convertessem\\\/#primaryimage\"},\"thumbnailUrl\":\"https:\\\/\\\/unisale.com.br\\\/pastoral\\\/wp-content\\\/uploads\\\/2026\\\/02\\\/Gemini_Generated_Image_fu457efu457efu45-scaled-1.jpg\",\"datePublished\":\"2026-02-04T11:05:43+00:00\",\"author\":{\"@id\":\"https:\\\/\\\/unisale.com.br\\\/pastoral\\\/#\\\/schema\\\/person\\\/a16ba711a0f7dec9cb6b44563144d5a3\"},\"inLanguage\":\"pt-BR\",\"potentialAction\":[{\"@type\":\"ReadAction\",\"target\":[\"https:\\\/\\\/unisale.com.br\\\/pastoral\\\/05-02-entao-os-doze-partiram-e-pregaram-que-todos-se-convertessem\\\/\"]}]},{\"@type\":\"ImageObject\",\"inLanguage\":\"pt-BR\",\"@id\":\"https:\\\/\\\/unisale.com.br\\\/pastoral\\\/05-02-entao-os-doze-partiram-e-pregaram-que-todos-se-convertessem\\\/#primaryimage\",\"url\":\"https:\\\/\\\/unisale.com.br\\\/pastoral\\\/wp-content\\\/uploads\\\/2026\\\/02\\\/Gemini_Generated_Image_fu457efu457efu45-scaled-1.jpg\",\"contentUrl\":\"https:\\\/\\\/unisale.com.br\\\/pastoral\\\/wp-content\\\/uploads\\\/2026\\\/02\\\/Gemini_Generated_Image_fu457efu457efu45-scaled-1.jpg\",\"width\":917,\"height\":500},{\"@type\":\"WebSite\",\"@id\":\"https:\\\/\\\/unisale.com.br\\\/pastoral\\\/#website\",\"url\":\"https:\\\/\\\/unisale.com.br\\\/pastoral\\\/\",\"name\":\"Pastoral Universit\u00e1ria UniSALESIANO\",\"description\":\"Site da Pastoral Universit\u00e1ria do UniSALESIANO\",\"potentialAction\":[{\"@type\":\"SearchAction\",\"target\":{\"@type\":\"EntryPoint\",\"urlTemplate\":\"https:\\\/\\\/unisale.com.br\\\/pastoral\\\/?s={search_term_string}\"},\"query-input\":{\"@type\":\"PropertyValueSpecification\",\"valueRequired\":true,\"valueName\":\"search_term_string\"}}],\"inLanguage\":\"pt-BR\"},{\"@type\":\"Person\",\"@id\":\"https:\\\/\\\/unisale.com.br\\\/pastoral\\\/#\\\/schema\\\/person\\\/a16ba711a0f7dec9cb6b44563144d5a3\",\"name\":\"pastoral\",\"url\":\"https:\\\/\\\/unisale.com.br\\\/pastoral\\\/author\\\/pastoral\\\/\"}]}<\/script>\n<!-- \/ Yoast SEO plugin. -->","yoast_head_json":{"title":".05\/02 - Ent\u00e3o os doze partiram e pregaram que todos se convertessem. - Pastoral Universit\u00e1ria UniSALESIANO","robots":{"index":"index","follow":"follow","max-snippet":"max-snippet:-1","max-image-preview":"max-image-preview:large","max-video-preview":"max-video-preview:-1"},"canonical":"https:\/\/unisale.com.br\/pastoral\/05-02-entao-os-doze-partiram-e-pregaram-que-todos-se-convertessem\/","og_locale":"pt_BR","og_type":"article","og_title":".05\/02 - Ent\u00e3o os doze partiram e pregaram que todos se convertessem. - Pastoral Universit\u00e1ria UniSALESIANO","og_description":"Quinta-feira, 05 de fevereiro de 2026. &nbsp; Evangelho (Mc 6,7-13) &nbsp; \u201cEnt\u00e3o os doze partiram e pregaram que todos se convertessem\u201d &nbsp; Naquele tempo,\u00a07\u00a0Jesus chamou...","og_url":"https:\/\/unisale.com.br\/pastoral\/05-02-entao-os-doze-partiram-e-pregaram-que-todos-se-convertessem\/","og_site_name":"Pastoral Universit\u00e1ria UniSALESIANO","article_published_time":"2026-02-04T11:05:43+00:00","og_image":[{"width":1024,"height":559,"url":"https:\/\/unisale.com.br\/pastoral\/wp-content\/uploads\/2026\/02\/Gemini_Generated_Image_fu457efu457efu45-1024x559.png","type":"image\/png"}],"author":"pastoral","twitter_card":"summary_large_image","twitter_misc":{"Escrito por":"pastoral","Est. tempo de leitura":"3 minutos"},"schema":{"@context":"https:\/\/schema.org","@graph":[{"@type":"Article","@id":"https:\/\/unisale.com.br\/pastoral\/05-02-entao-os-doze-partiram-e-pregaram-que-todos-se-convertessem\/#article","isPartOf":{"@id":"https:\/\/unisale.com.br\/pastoral\/05-02-entao-os-doze-partiram-e-pregaram-que-todos-se-convertessem\/"},"author":{"name":"pastoral","@id":"https:\/\/unisale.com.br\/pastoral\/#\/schema\/person\/a16ba711a0f7dec9cb6b44563144d5a3"},"headline":".05\/02 &#8211; Ent\u00e3o os doze partiram e pregaram que todos se convertessem.","datePublished":"2026-02-04T11:05:43+00:00","mainEntityOfPage":{"@id":"https:\/\/unisale.com.br\/pastoral\/05-02-entao-os-doze-partiram-e-pregaram-que-todos-se-convertessem\/"},"wordCount":449,"image":{"@id":"https:\/\/unisale.com.br\/pastoral\/05-02-entao-os-doze-partiram-e-pregaram-que-todos-se-convertessem\/#primaryimage"},"thumbnailUrl":"https:\/\/unisale.com.br\/pastoral\/wp-content\/uploads\/2026\/02\/Gemini_Generated_Image_fu457efu457efu45-scaled-1.jpg","articleSection":["Reflex\u00e3o do Evangelho"],"inLanguage":"pt-BR"},{"@type":"WebPage","@id":"https:\/\/unisale.com.br\/pastoral\/05-02-entao-os-doze-partiram-e-pregaram-que-todos-se-convertessem\/","url":"https:\/\/unisale.com.br\/pastoral\/05-02-entao-os-doze-partiram-e-pregaram-que-todos-se-convertessem\/","name":".05\/02 - Ent\u00e3o os doze partiram e pregaram que todos se convertessem. - Pastoral Universit\u00e1ria UniSALESIANO","isPartOf":{"@id":"https:\/\/unisale.com.br\/pastoral\/#website"},"primaryImageOfPage":{"@id":"https:\/\/unisale.com.br\/pastoral\/05-02-entao-os-doze-partiram-e-pregaram-que-todos-se-convertessem\/#primaryimage"},"image":{"@id":"https:\/\/unisale.com.br\/pastoral\/05-02-entao-os-doze-partiram-e-pregaram-que-todos-se-convertessem\/#primaryimage"},"thumbnailUrl":"https:\/\/unisale.com.br\/pastoral\/wp-content\/uploads\/2026\/02\/Gemini_Generated_Image_fu457efu457efu45-scaled-1.jpg","datePublished":"2026-02-04T11:05:43+00:00","author":{"@id":"https:\/\/unisale.com.br\/pastoral\/#\/schema\/person\/a16ba711a0f7dec9cb6b44563144d5a3"},"inLanguage":"pt-BR","potentialAction":[{"@type":"ReadAction","target":["https:\/\/unisale.com.br\/pastoral\/05-02-entao-os-doze-partiram-e-pregaram-que-todos-se-convertessem\/"]}]},{"@type":"ImageObject","inLanguage":"pt-BR","@id":"https:\/\/unisale.com.br\/pastoral\/05-02-entao-os-doze-partiram-e-pregaram-que-todos-se-convertessem\/#primaryimage","url":"https:\/\/unisale.com.br\/pastoral\/wp-content\/uploads\/2026\/02\/Gemini_Generated_Image_fu457efu457efu45-scaled-1.jpg","contentUrl":"https:\/\/unisale.com.br\/pastoral\/wp-content\/uploads\/2026\/02\/Gemini_Generated_Image_fu457efu457efu45-scaled-1.jpg","width":917,"height":500},{"@type":"WebSite","@id":"https:\/\/unisale.com.br\/pastoral\/#website","url":"https:\/\/unisale.com.br\/pastoral\/","name":"Pastoral Universit\u00e1ria UniSALESIANO","description":"Site da Pastoral Universit\u00e1ria do UniSALESIANO","potentialAction":[{"@type":"SearchAction","target":{"@type":"EntryPoint","urlTemplate":"https:\/\/unisale.com.br\/pastoral\/?s={search_term_string}"},"query-input":{"@type":"PropertyValueSpecification","valueRequired":true,"valueName":"search_term_string"}}],"inLanguage":"pt-BR"},{"@type":"Person","@id":"https:\/\/unisale.com.br\/pastoral\/#\/schema\/person\/a16ba711a0f7dec9cb6b44563144d5a3","name":"pastoral","url":"https:\/\/unisale.com.br\/pastoral\/author\/pastoral\/"}]}},"_links":{"self":[{"href":"https:\/\/unisale.com.br\/pastoral\/wp-json\/wp\/v2\/posts\/13802","targetHints":{"allow":["GET"]}}],"collection":[{"href":"https:\/\/unisale.com.br\/pastoral\/wp-json\/wp\/v2\/posts"}],"about":[{"href":"https:\/\/unisale.com.br\/pastoral\/wp-json\/wp\/v2\/types\/post"}],"author":[{"embeddable":true,"href":"https:\/\/unisale.com.br\/pastoral\/wp-json\/wp\/v2\/users\/1"}],"replies":[{"embeddable":true,"href":"https:\/\/unisale.com.br\/pastoral\/wp-json\/wp\/v2\/comments?post=13802"}],"version-history":[{"count":1,"href":"https:\/\/unisale.com.br\/pastoral\/wp-json\/wp\/v2\/posts\/13802\/revisions"}],"predecessor-version":[{"id":13804,"href":"https:\/\/unisale.com.br\/pastoral\/wp-json\/wp\/v2\/posts\/13802\/revisions\/13804"}],"wp:featuredmedia":[{"embeddable":true,"href":"https:\/\/unisale.com.br\/pastoral\/wp-json\/wp\/v2\/media\/13803"}],"wp:attachment":[{"href":"https:\/\/unisale.com.br\/pastoral\/wp-json\/wp\/v2\/media?parent=13802"}],"wp:term":[{"taxonomy":"category","embeddable":true,"href":"https:\/\/unisale.com.br\/pastoral\/wp-json\/wp\/v2\/categories?post=13802"},{"taxonomy":"post_tag","embeddable":true,"href":"https:\/\/unisale.com.br\/pastoral\/wp-json\/wp\/v2\/tags?post=13802"}],"curies":[{"name":"wp","href":"https:\/\/api.w.org\/{rel}","templated":true}]}}