{"id":13830,"date":"2026-02-12T18:51:33","date_gmt":"2026-02-12T18:51:33","guid":{"rendered":"https:\/\/unisale.com.br\/pastoral\/?p=13830"},"modified":"2026-02-12T18:51:33","modified_gmt":"2026-02-12T18:51:33","slug":"13-02-efata-abre-te","status":"publish","type":"post","link":"https:\/\/unisale.com.br\/pastoral\/13-02-efata-abre-te\/","title":{"rendered":"13\/02 &#8211; Efat\u00e1! Abre-te!"},"content":{"rendered":"<p>Sexta-feira, 13 de fevereiro de 2026.<\/p>\n<p>&nbsp;<\/p>\n<p>Evangelho (Mc 7,31-37)<\/p>\n<p>&nbsp;<\/p>\n<p>\u201cEfat\u00e1! Abre-te!\u201d<\/p>\n<p>&nbsp;<\/p>\n<p>Naquele tempo, <sup>31<\/sup>Jesus saiu de novo da regi\u00e3o de Tiro, passou por Sid\u00f4nia e continuou at\u00e9 o mar da Galileia, atravessando a regi\u00e3o da Dec\u00e1pole. <sup>32<\/sup>Trouxeram ent\u00e3o um homem surdo, que falava com dificuldade, e pediram que Jesus lhe impusesse a m\u00e3o. <sup>33<\/sup>Jesus afastou-se com o homem, para fora da multid\u00e3o; em seguida, colocou os dedos nos seus ouvidos, cuspiu e com a saliva tocou a l\u00edngua dele. <sup>34<\/sup>Olhando para o c\u00e9u, suspirou e disse: \u201cEfat\u00e1!\u201d, que quer dizer: \u201cAbre-te!\u201d <sup>35<\/sup>Imediatamente seus ouvidos se abriram, sua l\u00edngua se soltou e ele come\u00e7ou a falar sem dificuldade. <sup>36<\/sup>Jesus recomendou com insist\u00eancia que n\u00e3o contassem a ningu\u00e9m. Mas, quanto mais ele recomendava, mais eles divulgavam. <sup>37<\/sup>Muito impressionados, diziam: \u201cEle tem feito bem todas as coisas: Aos surdos faz ouvir e aos mudos falar\u201d.<\/p>\n<p>&nbsp;<\/p>\n<p><strong>Reflex\u00e3o<\/strong><\/p>\n<p>&nbsp;<\/p>\n<p>Existem v\u00e1rios graus de surdez, existe a surdez f\u00edsica, como existe tamb\u00e9m a surdez psicol\u00f3gica. \u00c0s vezes voc\u00ea est\u00e1 concentrado no trabalho e deixa de escutar muitas coisas, n\u00e3o escuta a campainha que toca, n\u00e3o escuta o telefone, n\u00e3o escuta o barulho dos carros, n\u00e3o escuta as pessoas. Uma garota apaixonada por um rapaz, fica surda \u00e0s advert\u00eancias dos pais, n\u00e3o escuta nada al\u00e9m de suas pr\u00f3prias raz\u00f5es. Amor e paix\u00e3o s\u00e3o dois sentimentos muito diferentes. O amor favorece a concentra\u00e7\u00e3o sobre uma pessoa em particular, mas n\u00e3o fecha jamais a porta da aten\u00e7\u00e3o em rela\u00e7\u00e3o ao outro. A paix\u00e3o ao contr\u00e1rio, torna a pessoa psicologicamente surda e muda. A paix\u00e3o tem como consequ\u00eancia o mutismo: nos fecha, n\u00e3o confia em ningu\u00e9m e n\u00e3o se confia a ningu\u00e9m. O homem pode ser amarrado pelos p\u00e9s e pelas m\u00e3os, mas ningu\u00e9m pode amarrar a sua l\u00edngua. Duas pessoas brigam e decidem n\u00e3o se falarem mais. \u00c9 uma situa\u00e7\u00e3o triste, e certamente \u00e9 injusto aconselhar a esta pessoa que se desculpe e de experimentar cumprimentarem-se de novo. Mas muitas vezes este tipo de conselho n\u00e3o tem sucesso. A l\u00edngua parece colada ao c\u00e9u da boca. Quem pode desfazer estes n\u00f3s interiores? Somente o amor, que pode tocar o cora\u00e7\u00e3o para que as palavras, tornem a fluir e a restabelecer contatos. A paralisia da l\u00edngua \u00e9 um pecado recorrente na sociedade. Escolhemos as pessoas com as quais falar e os outros, que n\u00e3o nos interessam, nem mesmo lhes vemos, nem escutamos se possuem alguma necessidade de n\u00f3s. Precisamos ser tocados por Cristo, a fim de que dissolvam os n\u00f3s da l\u00edngua que impedem as palavras de caridade.<\/p>\n<p><strong>Pe. Paulo Eduardo J\u00e1como, SDB.\u00a0<\/strong><\/p>\n","protected":false},"excerpt":{"rendered":"<p>Sexta-feira, 13 de fevereiro de 2026. &nbsp; Evangelho (Mc 7,31-37) &nbsp; \u201cEfat\u00e1! Abre-te!\u201d &nbsp; Naquele tempo, 31Jesus saiu de novo da regi\u00e3o de Tiro, passou&#8230;<\/p>\n","protected":false},"author":1,"featured_media":13831,"comment_status":"closed","ping_status":"closed","sticky":false,"template":"","format":"standard","meta":{"_acf_changed":false,"footnotes":""},"categories":[13],"tags":[],"class_list":["post-13830","post","type-post","status-publish","format-standard","has-post-thumbnail","hentry","category-reflexaodoevagelho"],"acf":[],"yoast_head":"<!-- This site is optimized with the Yoast SEO plugin v27.3 - https:\/\/yoast.com\/product\/yoast-seo-wordpress\/ -->\n<title>13\/02 - Efat\u00e1! Abre-te! - Pastoral Universit\u00e1ria UniSALESIANO<\/title>\n<meta name=\"robots\" content=\"index, follow, max-snippet:-1, max-image-preview:large, max-video-preview:-1\" \/>\n<link rel=\"canonical\" href=\"https:\/\/unisale.com.br\/pastoral\/13-02-efata-abre-te\/\" \/>\n<meta property=\"og:locale\" content=\"pt_BR\" \/>\n<meta property=\"og:type\" content=\"article\" \/>\n<meta property=\"og:title\" content=\"13\/02 - Efat\u00e1! Abre-te! - Pastoral Universit\u00e1ria UniSALESIANO\" \/>\n<meta property=\"og:description\" content=\"Sexta-feira, 13 de fevereiro de 2026. &nbsp; Evangelho (Mc 7,31-37) &nbsp; \u201cEfat\u00e1! Abre-te!\u201d &nbsp; Naquele tempo, 31Jesus saiu de novo da regi\u00e3o de Tiro, passou...\" \/>\n<meta property=\"og:url\" content=\"https:\/\/unisale.com.br\/pastoral\/13-02-efata-abre-te\/\" \/>\n<meta property=\"og:site_name\" content=\"Pastoral Universit\u00e1ria UniSALESIANO\" \/>\n<meta property=\"article:published_time\" content=\"2026-02-12T18:51:33+00:00\" \/>\n<meta property=\"og:image\" content=\"https:\/\/unisale.com.br\/pastoral\/wp-content\/uploads\/2026\/02\/Gemini_Generated_Image_q1eo7jq1eo7jq1eo.png\" \/>\n\t<meta property=\"og:image:width\" content=\"1024\" \/>\n\t<meta property=\"og:image:height\" content=\"1024\" \/>\n\t<meta property=\"og:image:type\" content=\"image\/png\" \/>\n<meta name=\"author\" content=\"pastoral\" \/>\n<meta name=\"twitter:card\" content=\"summary_large_image\" \/>\n<meta name=\"twitter:label1\" content=\"Escrito por\" \/>\n\t<meta name=\"twitter:data1\" content=\"pastoral\" \/>\n\t<meta name=\"twitter:label2\" content=\"Est. tempo de leitura\" \/>\n\t<meta name=\"twitter:data2\" content=\"3 minutos\" \/>\n<script type=\"application\/ld+json\" class=\"yoast-schema-graph\">{\"@context\":\"https:\\\/\\\/schema.org\",\"@graph\":[{\"@type\":\"Article\",\"@id\":\"https:\\\/\\\/unisale.com.br\\\/pastoral\\\/13-02-efata-abre-te\\\/#article\",\"isPartOf\":{\"@id\":\"https:\\\/\\\/unisale.com.br\\\/pastoral\\\/13-02-efata-abre-te\\\/\"},\"author\":{\"name\":\"pastoral\",\"@id\":\"https:\\\/\\\/unisale.com.br\\\/pastoral\\\/#\\\/schema\\\/person\\\/a16ba711a0f7dec9cb6b44563144d5a3\"},\"headline\":\"13\\\/02 &#8211; Efat\u00e1! Abre-te!\",\"datePublished\":\"2026-02-12T18:51:33+00:00\",\"mainEntityOfPage\":{\"@id\":\"https:\\\/\\\/unisale.com.br\\\/pastoral\\\/13-02-efata-abre-te\\\/\"},\"wordCount\":484,\"image\":{\"@id\":\"https:\\\/\\\/unisale.com.br\\\/pastoral\\\/13-02-efata-abre-te\\\/#primaryimage\"},\"thumbnailUrl\":\"https:\\\/\\\/unisale.com.br\\\/pastoral\\\/wp-content\\\/uploads\\\/2026\\\/02\\\/Gemini_Generated_Image_q1eo7jq1eo7jq1eo-e1771531126730.jpg\",\"articleSection\":[\"Reflex\u00e3o do Evangelho\"],\"inLanguage\":\"pt-BR\"},{\"@type\":\"WebPage\",\"@id\":\"https:\\\/\\\/unisale.com.br\\\/pastoral\\\/13-02-efata-abre-te\\\/\",\"url\":\"https:\\\/\\\/unisale.com.br\\\/pastoral\\\/13-02-efata-abre-te\\\/\",\"name\":\"13\\\/02 - Efat\u00e1! Abre-te! - Pastoral Universit\u00e1ria UniSALESIANO\",\"isPartOf\":{\"@id\":\"https:\\\/\\\/unisale.com.br\\\/pastoral\\\/#website\"},\"primaryImageOfPage\":{\"@id\":\"https:\\\/\\\/unisale.com.br\\\/pastoral\\\/13-02-efata-abre-te\\\/#primaryimage\"},\"image\":{\"@id\":\"https:\\\/\\\/unisale.com.br\\\/pastoral\\\/13-02-efata-abre-te\\\/#primaryimage\"},\"thumbnailUrl\":\"https:\\\/\\\/unisale.com.br\\\/pastoral\\\/wp-content\\\/uploads\\\/2026\\\/02\\\/Gemini_Generated_Image_q1eo7jq1eo7jq1eo-e1771531126730.jpg\",\"datePublished\":\"2026-02-12T18:51:33+00:00\",\"author\":{\"@id\":\"https:\\\/\\\/unisale.com.br\\\/pastoral\\\/#\\\/schema\\\/person\\\/a16ba711a0f7dec9cb6b44563144d5a3\"},\"inLanguage\":\"pt-BR\",\"potentialAction\":[{\"@type\":\"ReadAction\",\"target\":[\"https:\\\/\\\/unisale.com.br\\\/pastoral\\\/13-02-efata-abre-te\\\/\"]}]},{\"@type\":\"ImageObject\",\"inLanguage\":\"pt-BR\",\"@id\":\"https:\\\/\\\/unisale.com.br\\\/pastoral\\\/13-02-efata-abre-te\\\/#primaryimage\",\"url\":\"https:\\\/\\\/unisale.com.br\\\/pastoral\\\/wp-content\\\/uploads\\\/2026\\\/02\\\/Gemini_Generated_Image_q1eo7jq1eo7jq1eo-e1771531126730.jpg\",\"contentUrl\":\"https:\\\/\\\/unisale.com.br\\\/pastoral\\\/wp-content\\\/uploads\\\/2026\\\/02\\\/Gemini_Generated_Image_q1eo7jq1eo7jq1eo-e1771531126730.jpg\",\"width\":500,\"height\":500},{\"@type\":\"WebSite\",\"@id\":\"https:\\\/\\\/unisale.com.br\\\/pastoral\\\/#website\",\"url\":\"https:\\\/\\\/unisale.com.br\\\/pastoral\\\/\",\"name\":\"Pastoral Universit\u00e1ria UniSALESIANO\",\"description\":\"Site da Pastoral Universit\u00e1ria do UniSALESIANO\",\"potentialAction\":[{\"@type\":\"SearchAction\",\"target\":{\"@type\":\"EntryPoint\",\"urlTemplate\":\"https:\\\/\\\/unisale.com.br\\\/pastoral\\\/?s={search_term_string}\"},\"query-input\":{\"@type\":\"PropertyValueSpecification\",\"valueRequired\":true,\"valueName\":\"search_term_string\"}}],\"inLanguage\":\"pt-BR\"},{\"@type\":\"Person\",\"@id\":\"https:\\\/\\\/unisale.com.br\\\/pastoral\\\/#\\\/schema\\\/person\\\/a16ba711a0f7dec9cb6b44563144d5a3\",\"name\":\"pastoral\",\"url\":\"https:\\\/\\\/unisale.com.br\\\/pastoral\\\/author\\\/pastoral\\\/\"}]}<\/script>\n<!-- \/ Yoast SEO plugin. -->","yoast_head_json":{"title":"13\/02 - Efat\u00e1! Abre-te! - Pastoral Universit\u00e1ria UniSALESIANO","robots":{"index":"index","follow":"follow","max-snippet":"max-snippet:-1","max-image-preview":"max-image-preview:large","max-video-preview":"max-video-preview:-1"},"canonical":"https:\/\/unisale.com.br\/pastoral\/13-02-efata-abre-te\/","og_locale":"pt_BR","og_type":"article","og_title":"13\/02 - Efat\u00e1! Abre-te! - Pastoral Universit\u00e1ria UniSALESIANO","og_description":"Sexta-feira, 13 de fevereiro de 2026. &nbsp; Evangelho (Mc 7,31-37) &nbsp; \u201cEfat\u00e1! Abre-te!\u201d &nbsp; Naquele tempo, 31Jesus saiu de novo da regi\u00e3o de Tiro, passou...","og_url":"https:\/\/unisale.com.br\/pastoral\/13-02-efata-abre-te\/","og_site_name":"Pastoral Universit\u00e1ria UniSALESIANO","article_published_time":"2026-02-12T18:51:33+00:00","og_image":[{"width":1024,"height":1024,"url":"https:\/\/unisale.com.br\/pastoral\/wp-content\/uploads\/2026\/02\/Gemini_Generated_Image_q1eo7jq1eo7jq1eo.png","type":"image\/png"}],"author":"pastoral","twitter_card":"summary_large_image","twitter_misc":{"Escrito por":"pastoral","Est. tempo de leitura":"3 minutos"},"schema":{"@context":"https:\/\/schema.org","@graph":[{"@type":"Article","@id":"https:\/\/unisale.com.br\/pastoral\/13-02-efata-abre-te\/#article","isPartOf":{"@id":"https:\/\/unisale.com.br\/pastoral\/13-02-efata-abre-te\/"},"author":{"name":"pastoral","@id":"https:\/\/unisale.com.br\/pastoral\/#\/schema\/person\/a16ba711a0f7dec9cb6b44563144d5a3"},"headline":"13\/02 &#8211; Efat\u00e1! Abre-te!","datePublished":"2026-02-12T18:51:33+00:00","mainEntityOfPage":{"@id":"https:\/\/unisale.com.br\/pastoral\/13-02-efata-abre-te\/"},"wordCount":484,"image":{"@id":"https:\/\/unisale.com.br\/pastoral\/13-02-efata-abre-te\/#primaryimage"},"thumbnailUrl":"https:\/\/unisale.com.br\/pastoral\/wp-content\/uploads\/2026\/02\/Gemini_Generated_Image_q1eo7jq1eo7jq1eo-e1771531126730.jpg","articleSection":["Reflex\u00e3o do Evangelho"],"inLanguage":"pt-BR"},{"@type":"WebPage","@id":"https:\/\/unisale.com.br\/pastoral\/13-02-efata-abre-te\/","url":"https:\/\/unisale.com.br\/pastoral\/13-02-efata-abre-te\/","name":"13\/02 - Efat\u00e1! Abre-te! - Pastoral Universit\u00e1ria UniSALESIANO","isPartOf":{"@id":"https:\/\/unisale.com.br\/pastoral\/#website"},"primaryImageOfPage":{"@id":"https:\/\/unisale.com.br\/pastoral\/13-02-efata-abre-te\/#primaryimage"},"image":{"@id":"https:\/\/unisale.com.br\/pastoral\/13-02-efata-abre-te\/#primaryimage"},"thumbnailUrl":"https:\/\/unisale.com.br\/pastoral\/wp-content\/uploads\/2026\/02\/Gemini_Generated_Image_q1eo7jq1eo7jq1eo-e1771531126730.jpg","datePublished":"2026-02-12T18:51:33+00:00","author":{"@id":"https:\/\/unisale.com.br\/pastoral\/#\/schema\/person\/a16ba711a0f7dec9cb6b44563144d5a3"},"inLanguage":"pt-BR","potentialAction":[{"@type":"ReadAction","target":["https:\/\/unisale.com.br\/pastoral\/13-02-efata-abre-te\/"]}]},{"@type":"ImageObject","inLanguage":"pt-BR","@id":"https:\/\/unisale.com.br\/pastoral\/13-02-efata-abre-te\/#primaryimage","url":"https:\/\/unisale.com.br\/pastoral\/wp-content\/uploads\/2026\/02\/Gemini_Generated_Image_q1eo7jq1eo7jq1eo-e1771531126730.jpg","contentUrl":"https:\/\/unisale.com.br\/pastoral\/wp-content\/uploads\/2026\/02\/Gemini_Generated_Image_q1eo7jq1eo7jq1eo-e1771531126730.jpg","width":500,"height":500},{"@type":"WebSite","@id":"https:\/\/unisale.com.br\/pastoral\/#website","url":"https:\/\/unisale.com.br\/pastoral\/","name":"Pastoral Universit\u00e1ria UniSALESIANO","description":"Site da Pastoral Universit\u00e1ria do UniSALESIANO","potentialAction":[{"@type":"SearchAction","target":{"@type":"EntryPoint","urlTemplate":"https:\/\/unisale.com.br\/pastoral\/?s={search_term_string}"},"query-input":{"@type":"PropertyValueSpecification","valueRequired":true,"valueName":"search_term_string"}}],"inLanguage":"pt-BR"},{"@type":"Person","@id":"https:\/\/unisale.com.br\/pastoral\/#\/schema\/person\/a16ba711a0f7dec9cb6b44563144d5a3","name":"pastoral","url":"https:\/\/unisale.com.br\/pastoral\/author\/pastoral\/"}]}},"_links":{"self":[{"href":"https:\/\/unisale.com.br\/pastoral\/wp-json\/wp\/v2\/posts\/13830","targetHints":{"allow":["GET"]}}],"collection":[{"href":"https:\/\/unisale.com.br\/pastoral\/wp-json\/wp\/v2\/posts"}],"about":[{"href":"https:\/\/unisale.com.br\/pastoral\/wp-json\/wp\/v2\/types\/post"}],"author":[{"embeddable":true,"href":"https:\/\/unisale.com.br\/pastoral\/wp-json\/wp\/v2\/users\/1"}],"replies":[{"embeddable":true,"href":"https:\/\/unisale.com.br\/pastoral\/wp-json\/wp\/v2\/comments?post=13830"}],"version-history":[{"count":1,"href":"https:\/\/unisale.com.br\/pastoral\/wp-json\/wp\/v2\/posts\/13830\/revisions"}],"predecessor-version":[{"id":13832,"href":"https:\/\/unisale.com.br\/pastoral\/wp-json\/wp\/v2\/posts\/13830\/revisions\/13832"}],"wp:featuredmedia":[{"embeddable":true,"href":"https:\/\/unisale.com.br\/pastoral\/wp-json\/wp\/v2\/media\/13831"}],"wp:attachment":[{"href":"https:\/\/unisale.com.br\/pastoral\/wp-json\/wp\/v2\/media?parent=13830"}],"wp:term":[{"taxonomy":"category","embeddable":true,"href":"https:\/\/unisale.com.br\/pastoral\/wp-json\/wp\/v2\/categories?post=13830"},{"taxonomy":"post_tag","embeddable":true,"href":"https:\/\/unisale.com.br\/pastoral\/wp-json\/wp\/v2\/tags?post=13830"}],"curies":[{"name":"wp","href":"https:\/\/api.w.org\/{rel}","templated":true}]}}