{"id":13869,"date":"2026-02-27T21:17:48","date_gmt":"2026-02-27T21:17:48","guid":{"rendered":"https:\/\/unisale.com.br\/pastoral\/?p=13869"},"modified":"2026-02-27T21:17:48","modified_gmt":"2026-02-27T21:17:48","slug":"28-02-amai-os-vossos-inimigos-e-rezai-por-aqueles-que-vos-perseguem","status":"publish","type":"post","link":"https:\/\/unisale.com.br\/pastoral\/28-02-amai-os-vossos-inimigos-e-rezai-por-aqueles-que-vos-perseguem\/","title":{"rendered":"28\/02 &#8211; &#8230;amai os vossos inimigos e rezai por aqueles que vos perseguem!"},"content":{"rendered":"<p>S\u00e1bado, 28 de fevereiro de 2026.<\/p>\n<p>&nbsp;<\/p>\n<p>Evangelho (Mt 5,43-48)<\/p>\n<p>&nbsp;<\/p>\n<p><strong>\u201c&#8230;amai os vossos inimigos e rezai por aqueles que vos perseguem!\u201d<\/strong><\/p>\n<p>&nbsp;<\/p>\n<p>Naquele tempo, disse Jesus aos seus disc\u00edpulos: <sup>43<\/sup>\u201cV\u00f3s ouvistes o que foi dito: \u2018Amar\u00e1s o teu pr\u00f3ximo e odiar\u00e1s o teu inimigo!\u2019 <sup>44<\/sup>Eu, por\u00e9m, vos digo: Amai os vossos inimigos e rezai por aqueles que vos perseguem! <sup>45<\/sup>Assim, vos tornareis filhos do vosso Pai que est\u00e1 nos c\u00e9us, porque ele faz nascer o sol sobre maus e bons, e faz cair a chuva sobre os justos e injustos. <sup>46<\/sup>Porque, se amais somente aqueles que vos amam, que recompensa tereis? Os cobradores de impostos n\u00e3o fazem a mesma coisa? <sup>47<\/sup>E se saudais somente os vossos irm\u00e3os, o que fazeis de extraordin\u00e1rio? Os pag\u00e3os n\u00e3o fazem a mesma coisa? <sup>48<\/sup>Portanto, sede perfeitos como o vosso Pai celeste \u00e9 perfeito\u201d.<\/p>\n<p>&nbsp;<\/p>\n<p><strong>Reflex\u00e3o<\/strong><\/p>\n<p>&nbsp;<\/p>\n<p>\u00c9 interessante saber que na linguagem do Antigo Testamento a palavra \u201codiar\u201d n\u00e3o possu\u00eda um significado t\u00e3o forte como nos nossos dias. Significava mais um \u201cdeixa pra l\u00e1\u201d, um \u201cn\u00e3o leve me considera\u00e7\u00e3o\u201d, ou ainda, \u201cn\u00e3o se preocupe com ele\u201d. Tamb\u00e9m a palavra \u201cinimigo\u201d n\u00e3o significava necessariamente algu\u00e9m que te quer mal, mas simplesmente algu\u00e9m que n\u00e3o \u00e9 nosso amigo, um estranho. Cristo observava a pr\u00e1tica comum: os homens em geral se ocupam somente dos que est\u00e3o pr\u00f3ximos, daqueles que conhecem. Os outros nem ao menos cumprimentamos, muitas vezes nem os notamos. A mensagem do evangelho \u00e9 supera\u00e7\u00e3o destes limites e a universalidade do amor: todos s\u00e3o amados por Deus. N\u00e3o podemos ser insens\u00edveis aos sofrimentos das pessoas que n\u00e3o s\u00e3o pr\u00f3ximas de n\u00f3s. O amor crist\u00e3o via al\u00e9m da antipatia pessoa, racial, social e nacional. Os sentimentos de antipatia muitas vezes s\u00e3o misteriosos, sem motivo, ou mesmo s\u00e3o provocados por qualquer coisa de objetivo, o aspecto desagrad\u00e1vel, a falta de educa\u00e7\u00e3o, a vulgaridade, a cabe\u00e7udice. Cristo nos deu o exemplo: curava os leprosos, comia com os fariseus e os publicanos. Tamb\u00e9m n\u00f3s devemos encontrar a for\u00e7a para vencer qualquer tipo de avers\u00e3o a quem nos causa n\u00e1useas. \u00c9 natural amar somente quem nos faz bem. Mas, apenas algu\u00e9m destes nos faz um mal e o amor desaparece e estamos prontos a aplicar o \u201colho por olho\u201d ou o \u201cdente por dente\u201d. Mas o evangelho nos diz outra coisa: \u201cAmai os vossos inimigos e rezai por aqueles que vos perseguem\u201d. E o explica com uma bela analogia: \u201cAssim vos tornareis filhos do vosso Pai que est\u00e1 nos c\u00e9us, porque ele faz nascer o sol sobre justos e injustos\u201d.<\/p>\n<p><strong>Pe. Paulo Eduardo J\u00e1como, SDB.\u00a0<\/strong><\/p>\n","protected":false},"excerpt":{"rendered":"<p>S\u00e1bado, 28 de fevereiro de 2026. &nbsp; Evangelho (Mt 5,43-48) &nbsp; \u201c&#8230;amai os vossos inimigos e rezai por aqueles que vos perseguem!\u201d &nbsp; Naquele tempo,&#8230;<\/p>\n","protected":false},"author":1,"featured_media":13870,"comment_status":"closed","ping_status":"closed","sticky":false,"template":"","format":"standard","meta":{"_acf_changed":false,"footnotes":""},"categories":[13],"tags":[],"class_list":["post-13869","post","type-post","status-publish","format-standard","has-post-thumbnail","hentry","category-reflexaodoevagelho"],"acf":[],"yoast_head":"<!-- This site is optimized with the Yoast SEO plugin v27.3 - https:\/\/yoast.com\/product\/yoast-seo-wordpress\/ -->\n<title>28\/02 - ...amai os vossos inimigos e rezai por aqueles que vos perseguem! - Pastoral Universit\u00e1ria UniSALESIANO<\/title>\n<meta name=\"robots\" content=\"index, follow, max-snippet:-1, max-image-preview:large, max-video-preview:-1\" \/>\n<link rel=\"canonical\" href=\"https:\/\/unisale.com.br\/pastoral\/28-02-amai-os-vossos-inimigos-e-rezai-por-aqueles-que-vos-perseguem\/\" \/>\n<meta property=\"og:locale\" content=\"pt_BR\" \/>\n<meta property=\"og:type\" content=\"article\" \/>\n<meta property=\"og:title\" content=\"28\/02 - ...amai os vossos inimigos e rezai por aqueles que vos perseguem! - Pastoral Universit\u00e1ria UniSALESIANO\" \/>\n<meta property=\"og:description\" content=\"S\u00e1bado, 28 de fevereiro de 2026. &nbsp; Evangelho (Mt 5,43-48) &nbsp; \u201c&#8230;amai os vossos inimigos e rezai por aqueles que vos perseguem!\u201d &nbsp; Naquele tempo,...\" \/>\n<meta property=\"og:url\" content=\"https:\/\/unisale.com.br\/pastoral\/28-02-amai-os-vossos-inimigos-e-rezai-por-aqueles-que-vos-perseguem\/\" \/>\n<meta property=\"og:site_name\" content=\"Pastoral Universit\u00e1ria UniSALESIANO\" \/>\n<meta property=\"article:published_time\" content=\"2026-02-27T21:17:48+00:00\" \/>\n<meta property=\"og:image\" content=\"https:\/\/unisale.com.br\/pastoral\/wp-content\/uploads\/2026\/02\/Design-sem-nome-29.png\" \/>\n\t<meta property=\"og:image:width\" content=\"1200\" \/>\n\t<meta property=\"og:image:height\" content=\"1200\" \/>\n\t<meta property=\"og:image:type\" content=\"image\/png\" \/>\n<meta name=\"author\" content=\"pastoral\" \/>\n<meta name=\"twitter:card\" content=\"summary_large_image\" \/>\n<meta name=\"twitter:label1\" content=\"Escrito por\" \/>\n\t<meta name=\"twitter:data1\" content=\"pastoral\" \/>\n\t<meta name=\"twitter:label2\" content=\"Est. tempo de leitura\" \/>\n\t<meta name=\"twitter:data2\" content=\"3 minutos\" \/>\n<script type=\"application\/ld+json\" class=\"yoast-schema-graph\">{\"@context\":\"https:\\\/\\\/schema.org\",\"@graph\":[{\"@type\":\"Article\",\"@id\":\"https:\\\/\\\/unisale.com.br\\\/pastoral\\\/28-02-amai-os-vossos-inimigos-e-rezai-por-aqueles-que-vos-perseguem\\\/#article\",\"isPartOf\":{\"@id\":\"https:\\\/\\\/unisale.com.br\\\/pastoral\\\/28-02-amai-os-vossos-inimigos-e-rezai-por-aqueles-que-vos-perseguem\\\/\"},\"author\":{\"name\":\"pastoral\",\"@id\":\"https:\\\/\\\/unisale.com.br\\\/pastoral\\\/#\\\/schema\\\/person\\\/a16ba711a0f7dec9cb6b44563144d5a3\"},\"headline\":\"28\\\/02 &#8211; &#8230;amai os vossos inimigos e rezai por aqueles que vos perseguem!\",\"datePublished\":\"2026-02-27T21:17:48+00:00\",\"mainEntityOfPage\":{\"@id\":\"https:\\\/\\\/unisale.com.br\\\/pastoral\\\/28-02-amai-os-vossos-inimigos-e-rezai-por-aqueles-que-vos-perseguem\\\/\"},\"wordCount\":482,\"image\":{\"@id\":\"https:\\\/\\\/unisale.com.br\\\/pastoral\\\/28-02-amai-os-vossos-inimigos-e-rezai-por-aqueles-que-vos-perseguem\\\/#primaryimage\"},\"thumbnailUrl\":\"https:\\\/\\\/unisale.com.br\\\/pastoral\\\/wp-content\\\/uploads\\\/2026\\\/02\\\/Design-sem-nome-29.jpg\",\"articleSection\":[\"Reflex\u00e3o do Evangelho\"],\"inLanguage\":\"pt-BR\"},{\"@type\":\"WebPage\",\"@id\":\"https:\\\/\\\/unisale.com.br\\\/pastoral\\\/28-02-amai-os-vossos-inimigos-e-rezai-por-aqueles-que-vos-perseguem\\\/\",\"url\":\"https:\\\/\\\/unisale.com.br\\\/pastoral\\\/28-02-amai-os-vossos-inimigos-e-rezai-por-aqueles-que-vos-perseguem\\\/\",\"name\":\"28\\\/02 - ...amai os vossos inimigos e rezai por aqueles que vos perseguem! - Pastoral Universit\u00e1ria UniSALESIANO\",\"isPartOf\":{\"@id\":\"https:\\\/\\\/unisale.com.br\\\/pastoral\\\/#website\"},\"primaryImageOfPage\":{\"@id\":\"https:\\\/\\\/unisale.com.br\\\/pastoral\\\/28-02-amai-os-vossos-inimigos-e-rezai-por-aqueles-que-vos-perseguem\\\/#primaryimage\"},\"image\":{\"@id\":\"https:\\\/\\\/unisale.com.br\\\/pastoral\\\/28-02-amai-os-vossos-inimigos-e-rezai-por-aqueles-que-vos-perseguem\\\/#primaryimage\"},\"thumbnailUrl\":\"https:\\\/\\\/unisale.com.br\\\/pastoral\\\/wp-content\\\/uploads\\\/2026\\\/02\\\/Design-sem-nome-29.jpg\",\"datePublished\":\"2026-02-27T21:17:48+00:00\",\"author\":{\"@id\":\"https:\\\/\\\/unisale.com.br\\\/pastoral\\\/#\\\/schema\\\/person\\\/a16ba711a0f7dec9cb6b44563144d5a3\"},\"inLanguage\":\"pt-BR\",\"potentialAction\":[{\"@type\":\"ReadAction\",\"target\":[\"https:\\\/\\\/unisale.com.br\\\/pastoral\\\/28-02-amai-os-vossos-inimigos-e-rezai-por-aqueles-que-vos-perseguem\\\/\"]}]},{\"@type\":\"ImageObject\",\"inLanguage\":\"pt-BR\",\"@id\":\"https:\\\/\\\/unisale.com.br\\\/pastoral\\\/28-02-amai-os-vossos-inimigos-e-rezai-por-aqueles-que-vos-perseguem\\\/#primaryimage\",\"url\":\"https:\\\/\\\/unisale.com.br\\\/pastoral\\\/wp-content\\\/uploads\\\/2026\\\/02\\\/Design-sem-nome-29.jpg\",\"contentUrl\":\"https:\\\/\\\/unisale.com.br\\\/pastoral\\\/wp-content\\\/uploads\\\/2026\\\/02\\\/Design-sem-nome-29.jpg\",\"width\":500,\"height\":500},{\"@type\":\"WebSite\",\"@id\":\"https:\\\/\\\/unisale.com.br\\\/pastoral\\\/#website\",\"url\":\"https:\\\/\\\/unisale.com.br\\\/pastoral\\\/\",\"name\":\"Pastoral Universit\u00e1ria UniSALESIANO\",\"description\":\"Site da Pastoral Universit\u00e1ria do UniSALESIANO\",\"potentialAction\":[{\"@type\":\"SearchAction\",\"target\":{\"@type\":\"EntryPoint\",\"urlTemplate\":\"https:\\\/\\\/unisale.com.br\\\/pastoral\\\/?s={search_term_string}\"},\"query-input\":{\"@type\":\"PropertyValueSpecification\",\"valueRequired\":true,\"valueName\":\"search_term_string\"}}],\"inLanguage\":\"pt-BR\"},{\"@type\":\"Person\",\"@id\":\"https:\\\/\\\/unisale.com.br\\\/pastoral\\\/#\\\/schema\\\/person\\\/a16ba711a0f7dec9cb6b44563144d5a3\",\"name\":\"pastoral\",\"url\":\"https:\\\/\\\/unisale.com.br\\\/pastoral\\\/author\\\/pastoral\\\/\"}]}<\/script>\n<!-- \/ Yoast SEO plugin. -->","yoast_head_json":{"title":"28\/02 - ...amai os vossos inimigos e rezai por aqueles que vos perseguem! - Pastoral Universit\u00e1ria UniSALESIANO","robots":{"index":"index","follow":"follow","max-snippet":"max-snippet:-1","max-image-preview":"max-image-preview:large","max-video-preview":"max-video-preview:-1"},"canonical":"https:\/\/unisale.com.br\/pastoral\/28-02-amai-os-vossos-inimigos-e-rezai-por-aqueles-que-vos-perseguem\/","og_locale":"pt_BR","og_type":"article","og_title":"28\/02 - ...amai os vossos inimigos e rezai por aqueles que vos perseguem! - Pastoral Universit\u00e1ria UniSALESIANO","og_description":"S\u00e1bado, 28 de fevereiro de 2026. &nbsp; Evangelho (Mt 5,43-48) &nbsp; \u201c&#8230;amai os vossos inimigos e rezai por aqueles que vos perseguem!\u201d &nbsp; Naquele tempo,...","og_url":"https:\/\/unisale.com.br\/pastoral\/28-02-amai-os-vossos-inimigos-e-rezai-por-aqueles-que-vos-perseguem\/","og_site_name":"Pastoral Universit\u00e1ria UniSALESIANO","article_published_time":"2026-02-27T21:17:48+00:00","og_image":[{"width":1200,"height":1200,"url":"https:\/\/unisale.com.br\/pastoral\/wp-content\/uploads\/2026\/02\/Design-sem-nome-29.png","type":"image\/png"}],"author":"pastoral","twitter_card":"summary_large_image","twitter_misc":{"Escrito por":"pastoral","Est. tempo de leitura":"3 minutos"},"schema":{"@context":"https:\/\/schema.org","@graph":[{"@type":"Article","@id":"https:\/\/unisale.com.br\/pastoral\/28-02-amai-os-vossos-inimigos-e-rezai-por-aqueles-que-vos-perseguem\/#article","isPartOf":{"@id":"https:\/\/unisale.com.br\/pastoral\/28-02-amai-os-vossos-inimigos-e-rezai-por-aqueles-que-vos-perseguem\/"},"author":{"name":"pastoral","@id":"https:\/\/unisale.com.br\/pastoral\/#\/schema\/person\/a16ba711a0f7dec9cb6b44563144d5a3"},"headline":"28\/02 &#8211; &#8230;amai os vossos inimigos e rezai por aqueles que vos perseguem!","datePublished":"2026-02-27T21:17:48+00:00","mainEntityOfPage":{"@id":"https:\/\/unisale.com.br\/pastoral\/28-02-amai-os-vossos-inimigos-e-rezai-por-aqueles-que-vos-perseguem\/"},"wordCount":482,"image":{"@id":"https:\/\/unisale.com.br\/pastoral\/28-02-amai-os-vossos-inimigos-e-rezai-por-aqueles-que-vos-perseguem\/#primaryimage"},"thumbnailUrl":"https:\/\/unisale.com.br\/pastoral\/wp-content\/uploads\/2026\/02\/Design-sem-nome-29.jpg","articleSection":["Reflex\u00e3o do Evangelho"],"inLanguage":"pt-BR"},{"@type":"WebPage","@id":"https:\/\/unisale.com.br\/pastoral\/28-02-amai-os-vossos-inimigos-e-rezai-por-aqueles-que-vos-perseguem\/","url":"https:\/\/unisale.com.br\/pastoral\/28-02-amai-os-vossos-inimigos-e-rezai-por-aqueles-que-vos-perseguem\/","name":"28\/02 - ...amai os vossos inimigos e rezai por aqueles que vos perseguem! - Pastoral Universit\u00e1ria UniSALESIANO","isPartOf":{"@id":"https:\/\/unisale.com.br\/pastoral\/#website"},"primaryImageOfPage":{"@id":"https:\/\/unisale.com.br\/pastoral\/28-02-amai-os-vossos-inimigos-e-rezai-por-aqueles-que-vos-perseguem\/#primaryimage"},"image":{"@id":"https:\/\/unisale.com.br\/pastoral\/28-02-amai-os-vossos-inimigos-e-rezai-por-aqueles-que-vos-perseguem\/#primaryimage"},"thumbnailUrl":"https:\/\/unisale.com.br\/pastoral\/wp-content\/uploads\/2026\/02\/Design-sem-nome-29.jpg","datePublished":"2026-02-27T21:17:48+00:00","author":{"@id":"https:\/\/unisale.com.br\/pastoral\/#\/schema\/person\/a16ba711a0f7dec9cb6b44563144d5a3"},"inLanguage":"pt-BR","potentialAction":[{"@type":"ReadAction","target":["https:\/\/unisale.com.br\/pastoral\/28-02-amai-os-vossos-inimigos-e-rezai-por-aqueles-que-vos-perseguem\/"]}]},{"@type":"ImageObject","inLanguage":"pt-BR","@id":"https:\/\/unisale.com.br\/pastoral\/28-02-amai-os-vossos-inimigos-e-rezai-por-aqueles-que-vos-perseguem\/#primaryimage","url":"https:\/\/unisale.com.br\/pastoral\/wp-content\/uploads\/2026\/02\/Design-sem-nome-29.jpg","contentUrl":"https:\/\/unisale.com.br\/pastoral\/wp-content\/uploads\/2026\/02\/Design-sem-nome-29.jpg","width":500,"height":500},{"@type":"WebSite","@id":"https:\/\/unisale.com.br\/pastoral\/#website","url":"https:\/\/unisale.com.br\/pastoral\/","name":"Pastoral Universit\u00e1ria UniSALESIANO","description":"Site da Pastoral Universit\u00e1ria do UniSALESIANO","potentialAction":[{"@type":"SearchAction","target":{"@type":"EntryPoint","urlTemplate":"https:\/\/unisale.com.br\/pastoral\/?s={search_term_string}"},"query-input":{"@type":"PropertyValueSpecification","valueRequired":true,"valueName":"search_term_string"}}],"inLanguage":"pt-BR"},{"@type":"Person","@id":"https:\/\/unisale.com.br\/pastoral\/#\/schema\/person\/a16ba711a0f7dec9cb6b44563144d5a3","name":"pastoral","url":"https:\/\/unisale.com.br\/pastoral\/author\/pastoral\/"}]}},"_links":{"self":[{"href":"https:\/\/unisale.com.br\/pastoral\/wp-json\/wp\/v2\/posts\/13869","targetHints":{"allow":["GET"]}}],"collection":[{"href":"https:\/\/unisale.com.br\/pastoral\/wp-json\/wp\/v2\/posts"}],"about":[{"href":"https:\/\/unisale.com.br\/pastoral\/wp-json\/wp\/v2\/types\/post"}],"author":[{"embeddable":true,"href":"https:\/\/unisale.com.br\/pastoral\/wp-json\/wp\/v2\/users\/1"}],"replies":[{"embeddable":true,"href":"https:\/\/unisale.com.br\/pastoral\/wp-json\/wp\/v2\/comments?post=13869"}],"version-history":[{"count":1,"href":"https:\/\/unisale.com.br\/pastoral\/wp-json\/wp\/v2\/posts\/13869\/revisions"}],"predecessor-version":[{"id":13871,"href":"https:\/\/unisale.com.br\/pastoral\/wp-json\/wp\/v2\/posts\/13869\/revisions\/13871"}],"wp:featuredmedia":[{"embeddable":true,"href":"https:\/\/unisale.com.br\/pastoral\/wp-json\/wp\/v2\/media\/13870"}],"wp:attachment":[{"href":"https:\/\/unisale.com.br\/pastoral\/wp-json\/wp\/v2\/media?parent=13869"}],"wp:term":[{"taxonomy":"category","embeddable":true,"href":"https:\/\/unisale.com.br\/pastoral\/wp-json\/wp\/v2\/categories?post=13869"},{"taxonomy":"post_tag","embeddable":true,"href":"https:\/\/unisale.com.br\/pastoral\/wp-json\/wp\/v2\/tags?post=13869"}],"curies":[{"name":"wp","href":"https:\/\/api.w.org\/{rel}","templated":true}]}}