{"id":13872,"date":"2026-02-27T21:28:01","date_gmt":"2026-02-27T21:28:01","guid":{"rendered":"https:\/\/unisale.com.br\/pastoral\/?p=13872"},"modified":"2026-02-27T21:28:01","modified_gmt":"2026-02-27T21:28:01","slug":"01-03-este-e-o-meu-filho-amado-no-qual-eu-pus-todo-o-meu-agrado-escutai-o","status":"publish","type":"post","link":"https:\/\/unisale.com.br\/pastoral\/01-03-este-e-o-meu-filho-amado-no-qual-eu-pus-todo-o-meu-agrado-escutai-o\/","title":{"rendered":"01\/03 &#8211; Este \u00e9 o meu Filho amado, no qual eu pus todo o meu agrado. Escutai-o!"},"content":{"rendered":"<p>Domingo, 01 de mar\u00e7o de 2026.<\/p>\n<p>&nbsp;<\/p>\n<p>Evangelho (Mt 17,1-9)<\/p>\n<p>&nbsp;<\/p>\n<p><strong>\u201cEste \u00e9 o meu Filho amado, no qual eu pus todo o meu agrado. Escutai-o!\u201d<\/strong><\/p>\n<p>&nbsp;<\/p>\n<p>Naquele tempo, <sup>1<\/sup>Jesus tomou consigo Pedro, Tiago e Jo\u00e3o, seu irm\u00e3o, e os levou a um lugar \u00e0 parte, sobre uma alta montanha. <sup>2<\/sup>E foi transfigurado diante deles; o seu rosto brilhou como o sol e as suas roupas ficaram brancas como a luz. <sup>3<\/sup>Nisto apareceram-lhe Mois\u00e9s e Elias, conversando com Jesus. <sup>4<\/sup>Ent\u00e3o Pedro tomou a palavra e disse: \u201cSenhor, \u00e9 bom ficarmos aqui. Se queres, vou fazer aqui tr\u00eas tendas: uma para ti, outra para Mois\u00e9s e outra para Elias\u201d. <sup>5<\/sup>Pedro ainda estava falando, quando uma nuvem luminosa os cobriu com sua sombra. E da nuvem uma voz dizia: \u201cEste \u00e9 o meu Filho amado, no qual eu pus todo o meu agrado. Escutai-o!\u201d <sup>6<\/sup>Quando ouviram isto, os disc\u00edpulos ficaram muito assustados e ca\u00edram com o rosto em terra. <sup>7<\/sup>Jesus se aproximou, tocou neles e disse: \u201cLevantai-vos e n\u00e3o tenhais medo\u201d. <sup>8<\/sup>Os disc\u00edpulos ergueram os olhos e n\u00e3o viram mais ningu\u00e9m, a n\u00e3o ser somente Jesus. <sup>9<\/sup>Quando desciam da montanha, Jesus ordenou-lhes: \u201cN\u00e3o conteis a ningu\u00e9m esta vis\u00e3o at\u00e9 que o Filho do Homem tenha ressuscitado dos mortos\u201d.<\/p>\n<p>&nbsp;<\/p>\n<p><strong>Reflex\u00e3o<\/strong><\/p>\n<p>&nbsp;<\/p>\n<p><sup>\u201c<\/sup>Jesus tomou consigo Pedro, Tiago e Jo\u00e3o, seu irm\u00e3o, e os levou a um lugar \u00e0 parte, sobre uma alta montanha. E foi transfigurado diante deles; o seu rosto brilhou como o sol e as suas roupas ficaram brancas como a luz\u201d. O Evangelho da Transfigura\u00e7\u00e3o \u00e9 a extrema tentativa de contar uma experi\u00eancia inef\u00e1vel que na realidade n\u00e3o possui palavras suficientes para descrever o que realmente aconteceu naquele dia sobre o monte Tabor. Se tiv\u00e9ssemos que usar uma imagem, dever\u00edamos dizer que os disc\u00edpulos experimentaram um banho de luz indescrit\u00edvel que ficou marcado no cora\u00e7\u00e3o deles. S\u00e3o aqueles rar\u00edssimos momentos nos quais Jesus d\u00e1 um passo avante e se mostra realmente como \u00e9 sem nenhuma outra media\u00e7\u00e3o. O faz porque deseja sempre deixar espa\u00e7o \u00e0 nossa liberdade. A nossa vida n\u00e3o \u00e9 jamais somente luz, porque diante da luz n\u00e3o teremos muita escolha. A festa de hoje \u00e9 somente a fort\u00edssima luz que Jesus doa aos seus disc\u00edpulos antes que estes entrem na escurid\u00e3o do Getsemani. Mas a coisa interessante \u00e9 a rea\u00e7\u00e3o deles: <sup>\u201c<\/sup>Quando ouviram isto, os disc\u00edpulos ficaram muito assustados e ca\u00edram com o rosto em terra\u201d. A rea\u00e7\u00e3o deles \u00e9 o espanto. Est\u00e3o diante de um mist\u00e9rio que est\u00e1 al\u00e9m da capacidade deles para entender. \u201cJesus se aproximou, tocou neles e disse: \u201cLevantai-vos e n\u00e3o tenhais medo\u201d. \u00c9 belo pensar que Jesus \u00e9 o \u00fanico modo para entrarmos no mist\u00e9rio sem que permane\u00e7amos esmagados. O Pai manda seu Filho Jesus para nos dar uma experi\u00eancia e indicar-nos o caminho a percorrer. Neste sentido para um crist\u00e3o n\u00e3o existe outro mais essencial se n\u00e3o Jesus: <sup>\u201c<\/sup>Os disc\u00edpulos ergueram os olhos e n\u00e3o viram mais ningu\u00e9m, a n\u00e3o ser somente Jesus\u201d. E se existem outras coisas que nos ajudam, nos ajudam somente porque nos aproximam mais de Jesus e n\u00e3o o substituem.<\/p>\n<p><strong>Pe. Paulo Eduardo J\u00e1como, SDB.\u00a0<\/strong><\/p>\n","protected":false},"excerpt":{"rendered":"<p>Domingo, 01 de mar\u00e7o de 2026. &nbsp; Evangelho (Mt 17,1-9) &nbsp; \u201cEste \u00e9 o meu Filho amado, no qual eu pus todo o meu agrado&#8230;.<\/p>\n","protected":false},"author":1,"featured_media":13873,"comment_status":"closed","ping_status":"closed","sticky":false,"template":"","format":"standard","meta":{"_acf_changed":false,"footnotes":""},"categories":[13],"tags":[],"class_list":["post-13872","post","type-post","status-publish","format-standard","has-post-thumbnail","hentry","category-reflexaodoevagelho"],"acf":[],"yoast_head":"<!-- This site is optimized with the Yoast SEO plugin v27.3 - https:\/\/yoast.com\/product\/yoast-seo-wordpress\/ -->\n<title>01\/03 - Este \u00e9 o meu Filho amado, no qual eu pus todo o meu agrado. Escutai-o! - Pastoral Universit\u00e1ria UniSALESIANO<\/title>\n<meta name=\"robots\" content=\"index, follow, max-snippet:-1, max-image-preview:large, max-video-preview:-1\" \/>\n<link rel=\"canonical\" href=\"https:\/\/unisale.com.br\/pastoral\/01-03-este-e-o-meu-filho-amado-no-qual-eu-pus-todo-o-meu-agrado-escutai-o\/\" \/>\n<meta property=\"og:locale\" content=\"pt_BR\" \/>\n<meta property=\"og:type\" content=\"article\" \/>\n<meta property=\"og:title\" content=\"01\/03 - Este \u00e9 o meu Filho amado, no qual eu pus todo o meu agrado. Escutai-o! - Pastoral Universit\u00e1ria UniSALESIANO\" \/>\n<meta property=\"og:description\" content=\"Domingo, 01 de mar\u00e7o de 2026. &nbsp; Evangelho (Mt 17,1-9) &nbsp; \u201cEste \u00e9 o meu Filho amado, no qual eu pus todo o meu agrado....\" \/>\n<meta property=\"og:url\" content=\"https:\/\/unisale.com.br\/pastoral\/01-03-este-e-o-meu-filho-amado-no-qual-eu-pus-todo-o-meu-agrado-escutai-o\/\" \/>\n<meta property=\"og:site_name\" content=\"Pastoral Universit\u00e1ria UniSALESIANO\" \/>\n<meta property=\"article:published_time\" content=\"2026-02-27T21:28:01+00:00\" \/>\n<meta property=\"og:image\" content=\"https:\/\/unisale.com.br\/pastoral\/wp-content\/uploads\/2026\/02\/Gemini_Generated_Image_1om3if1om3if1om3.png\" \/>\n\t<meta property=\"og:image:width\" content=\"1024\" \/>\n\t<meta property=\"og:image:height\" content=\"1024\" \/>\n\t<meta property=\"og:image:type\" content=\"image\/png\" \/>\n<meta name=\"author\" content=\"pastoral\" \/>\n<meta name=\"twitter:card\" content=\"summary_large_image\" \/>\n<meta name=\"twitter:label1\" content=\"Escrito por\" \/>\n\t<meta name=\"twitter:data1\" content=\"pastoral\" \/>\n\t<meta name=\"twitter:label2\" content=\"Est. tempo de leitura\" \/>\n\t<meta name=\"twitter:data2\" content=\"4 minutos\" \/>\n<script type=\"application\/ld+json\" class=\"yoast-schema-graph\">{\"@context\":\"https:\\\/\\\/schema.org\",\"@graph\":[{\"@type\":\"Article\",\"@id\":\"https:\\\/\\\/unisale.com.br\\\/pastoral\\\/01-03-este-e-o-meu-filho-amado-no-qual-eu-pus-todo-o-meu-agrado-escutai-o\\\/#article\",\"isPartOf\":{\"@id\":\"https:\\\/\\\/unisale.com.br\\\/pastoral\\\/01-03-este-e-o-meu-filho-amado-no-qual-eu-pus-todo-o-meu-agrado-escutai-o\\\/\"},\"author\":{\"name\":\"pastoral\",\"@id\":\"https:\\\/\\\/unisale.com.br\\\/pastoral\\\/#\\\/schema\\\/person\\\/a16ba711a0f7dec9cb6b44563144d5a3\"},\"headline\":\"01\\\/03 &#8211; Este \u00e9 o meu Filho amado, no qual eu pus todo o meu agrado. Escutai-o!\",\"datePublished\":\"2026-02-27T21:28:01+00:00\",\"mainEntityOfPage\":{\"@id\":\"https:\\\/\\\/unisale.com.br\\\/pastoral\\\/01-03-este-e-o-meu-filho-amado-no-qual-eu-pus-todo-o-meu-agrado-escutai-o\\\/\"},\"wordCount\":575,\"image\":{\"@id\":\"https:\\\/\\\/unisale.com.br\\\/pastoral\\\/01-03-este-e-o-meu-filho-amado-no-qual-eu-pus-todo-o-meu-agrado-escutai-o\\\/#primaryimage\"},\"thumbnailUrl\":\"https:\\\/\\\/unisale.com.br\\\/pastoral\\\/wp-content\\\/uploads\\\/2026\\\/02\\\/Gemini_Generated_Image_1om3if1om3if1om3.jpg\",\"articleSection\":[\"Reflex\u00e3o do Evangelho\"],\"inLanguage\":\"pt-BR\"},{\"@type\":\"WebPage\",\"@id\":\"https:\\\/\\\/unisale.com.br\\\/pastoral\\\/01-03-este-e-o-meu-filho-amado-no-qual-eu-pus-todo-o-meu-agrado-escutai-o\\\/\",\"url\":\"https:\\\/\\\/unisale.com.br\\\/pastoral\\\/01-03-este-e-o-meu-filho-amado-no-qual-eu-pus-todo-o-meu-agrado-escutai-o\\\/\",\"name\":\"01\\\/03 - Este \u00e9 o meu Filho amado, no qual eu pus todo o meu agrado. Escutai-o! - Pastoral Universit\u00e1ria UniSALESIANO\",\"isPartOf\":{\"@id\":\"https:\\\/\\\/unisale.com.br\\\/pastoral\\\/#website\"},\"primaryImageOfPage\":{\"@id\":\"https:\\\/\\\/unisale.com.br\\\/pastoral\\\/01-03-este-e-o-meu-filho-amado-no-qual-eu-pus-todo-o-meu-agrado-escutai-o\\\/#primaryimage\"},\"image\":{\"@id\":\"https:\\\/\\\/unisale.com.br\\\/pastoral\\\/01-03-este-e-o-meu-filho-amado-no-qual-eu-pus-todo-o-meu-agrado-escutai-o\\\/#primaryimage\"},\"thumbnailUrl\":\"https:\\\/\\\/unisale.com.br\\\/pastoral\\\/wp-content\\\/uploads\\\/2026\\\/02\\\/Gemini_Generated_Image_1om3if1om3if1om3.jpg\",\"datePublished\":\"2026-02-27T21:28:01+00:00\",\"author\":{\"@id\":\"https:\\\/\\\/unisale.com.br\\\/pastoral\\\/#\\\/schema\\\/person\\\/a16ba711a0f7dec9cb6b44563144d5a3\"},\"inLanguage\":\"pt-BR\",\"potentialAction\":[{\"@type\":\"ReadAction\",\"target\":[\"https:\\\/\\\/unisale.com.br\\\/pastoral\\\/01-03-este-e-o-meu-filho-amado-no-qual-eu-pus-todo-o-meu-agrado-escutai-o\\\/\"]}]},{\"@type\":\"ImageObject\",\"inLanguage\":\"pt-BR\",\"@id\":\"https:\\\/\\\/unisale.com.br\\\/pastoral\\\/01-03-este-e-o-meu-filho-amado-no-qual-eu-pus-todo-o-meu-agrado-escutai-o\\\/#primaryimage\",\"url\":\"https:\\\/\\\/unisale.com.br\\\/pastoral\\\/wp-content\\\/uploads\\\/2026\\\/02\\\/Gemini_Generated_Image_1om3if1om3if1om3.jpg\",\"contentUrl\":\"https:\\\/\\\/unisale.com.br\\\/pastoral\\\/wp-content\\\/uploads\\\/2026\\\/02\\\/Gemini_Generated_Image_1om3if1om3if1om3.jpg\",\"width\":500,\"height\":500},{\"@type\":\"WebSite\",\"@id\":\"https:\\\/\\\/unisale.com.br\\\/pastoral\\\/#website\",\"url\":\"https:\\\/\\\/unisale.com.br\\\/pastoral\\\/\",\"name\":\"Pastoral Universit\u00e1ria UniSALESIANO\",\"description\":\"Site da Pastoral Universit\u00e1ria do UniSALESIANO\",\"potentialAction\":[{\"@type\":\"SearchAction\",\"target\":{\"@type\":\"EntryPoint\",\"urlTemplate\":\"https:\\\/\\\/unisale.com.br\\\/pastoral\\\/?s={search_term_string}\"},\"query-input\":{\"@type\":\"PropertyValueSpecification\",\"valueRequired\":true,\"valueName\":\"search_term_string\"}}],\"inLanguage\":\"pt-BR\"},{\"@type\":\"Person\",\"@id\":\"https:\\\/\\\/unisale.com.br\\\/pastoral\\\/#\\\/schema\\\/person\\\/a16ba711a0f7dec9cb6b44563144d5a3\",\"name\":\"pastoral\",\"url\":\"https:\\\/\\\/unisale.com.br\\\/pastoral\\\/author\\\/pastoral\\\/\"}]}<\/script>\n<!-- \/ Yoast SEO plugin. -->","yoast_head_json":{"title":"01\/03 - Este \u00e9 o meu Filho amado, no qual eu pus todo o meu agrado. Escutai-o! - Pastoral Universit\u00e1ria UniSALESIANO","robots":{"index":"index","follow":"follow","max-snippet":"max-snippet:-1","max-image-preview":"max-image-preview:large","max-video-preview":"max-video-preview:-1"},"canonical":"https:\/\/unisale.com.br\/pastoral\/01-03-este-e-o-meu-filho-amado-no-qual-eu-pus-todo-o-meu-agrado-escutai-o\/","og_locale":"pt_BR","og_type":"article","og_title":"01\/03 - Este \u00e9 o meu Filho amado, no qual eu pus todo o meu agrado. Escutai-o! - Pastoral Universit\u00e1ria UniSALESIANO","og_description":"Domingo, 01 de mar\u00e7o de 2026. &nbsp; Evangelho (Mt 17,1-9) &nbsp; \u201cEste \u00e9 o meu Filho amado, no qual eu pus todo o meu agrado....","og_url":"https:\/\/unisale.com.br\/pastoral\/01-03-este-e-o-meu-filho-amado-no-qual-eu-pus-todo-o-meu-agrado-escutai-o\/","og_site_name":"Pastoral Universit\u00e1ria UniSALESIANO","article_published_time":"2026-02-27T21:28:01+00:00","og_image":[{"width":1024,"height":1024,"url":"https:\/\/unisale.com.br\/pastoral\/wp-content\/uploads\/2026\/02\/Gemini_Generated_Image_1om3if1om3if1om3.png","type":"image\/png"}],"author":"pastoral","twitter_card":"summary_large_image","twitter_misc":{"Escrito por":"pastoral","Est. tempo de leitura":"4 minutos"},"schema":{"@context":"https:\/\/schema.org","@graph":[{"@type":"Article","@id":"https:\/\/unisale.com.br\/pastoral\/01-03-este-e-o-meu-filho-amado-no-qual-eu-pus-todo-o-meu-agrado-escutai-o\/#article","isPartOf":{"@id":"https:\/\/unisale.com.br\/pastoral\/01-03-este-e-o-meu-filho-amado-no-qual-eu-pus-todo-o-meu-agrado-escutai-o\/"},"author":{"name":"pastoral","@id":"https:\/\/unisale.com.br\/pastoral\/#\/schema\/person\/a16ba711a0f7dec9cb6b44563144d5a3"},"headline":"01\/03 &#8211; Este \u00e9 o meu Filho amado, no qual eu pus todo o meu agrado. Escutai-o!","datePublished":"2026-02-27T21:28:01+00:00","mainEntityOfPage":{"@id":"https:\/\/unisale.com.br\/pastoral\/01-03-este-e-o-meu-filho-amado-no-qual-eu-pus-todo-o-meu-agrado-escutai-o\/"},"wordCount":575,"image":{"@id":"https:\/\/unisale.com.br\/pastoral\/01-03-este-e-o-meu-filho-amado-no-qual-eu-pus-todo-o-meu-agrado-escutai-o\/#primaryimage"},"thumbnailUrl":"https:\/\/unisale.com.br\/pastoral\/wp-content\/uploads\/2026\/02\/Gemini_Generated_Image_1om3if1om3if1om3.jpg","articleSection":["Reflex\u00e3o do Evangelho"],"inLanguage":"pt-BR"},{"@type":"WebPage","@id":"https:\/\/unisale.com.br\/pastoral\/01-03-este-e-o-meu-filho-amado-no-qual-eu-pus-todo-o-meu-agrado-escutai-o\/","url":"https:\/\/unisale.com.br\/pastoral\/01-03-este-e-o-meu-filho-amado-no-qual-eu-pus-todo-o-meu-agrado-escutai-o\/","name":"01\/03 - Este \u00e9 o meu Filho amado, no qual eu pus todo o meu agrado. Escutai-o! - Pastoral Universit\u00e1ria UniSALESIANO","isPartOf":{"@id":"https:\/\/unisale.com.br\/pastoral\/#website"},"primaryImageOfPage":{"@id":"https:\/\/unisale.com.br\/pastoral\/01-03-este-e-o-meu-filho-amado-no-qual-eu-pus-todo-o-meu-agrado-escutai-o\/#primaryimage"},"image":{"@id":"https:\/\/unisale.com.br\/pastoral\/01-03-este-e-o-meu-filho-amado-no-qual-eu-pus-todo-o-meu-agrado-escutai-o\/#primaryimage"},"thumbnailUrl":"https:\/\/unisale.com.br\/pastoral\/wp-content\/uploads\/2026\/02\/Gemini_Generated_Image_1om3if1om3if1om3.jpg","datePublished":"2026-02-27T21:28:01+00:00","author":{"@id":"https:\/\/unisale.com.br\/pastoral\/#\/schema\/person\/a16ba711a0f7dec9cb6b44563144d5a3"},"inLanguage":"pt-BR","potentialAction":[{"@type":"ReadAction","target":["https:\/\/unisale.com.br\/pastoral\/01-03-este-e-o-meu-filho-amado-no-qual-eu-pus-todo-o-meu-agrado-escutai-o\/"]}]},{"@type":"ImageObject","inLanguage":"pt-BR","@id":"https:\/\/unisale.com.br\/pastoral\/01-03-este-e-o-meu-filho-amado-no-qual-eu-pus-todo-o-meu-agrado-escutai-o\/#primaryimage","url":"https:\/\/unisale.com.br\/pastoral\/wp-content\/uploads\/2026\/02\/Gemini_Generated_Image_1om3if1om3if1om3.jpg","contentUrl":"https:\/\/unisale.com.br\/pastoral\/wp-content\/uploads\/2026\/02\/Gemini_Generated_Image_1om3if1om3if1om3.jpg","width":500,"height":500},{"@type":"WebSite","@id":"https:\/\/unisale.com.br\/pastoral\/#website","url":"https:\/\/unisale.com.br\/pastoral\/","name":"Pastoral Universit\u00e1ria UniSALESIANO","description":"Site da Pastoral Universit\u00e1ria do UniSALESIANO","potentialAction":[{"@type":"SearchAction","target":{"@type":"EntryPoint","urlTemplate":"https:\/\/unisale.com.br\/pastoral\/?s={search_term_string}"},"query-input":{"@type":"PropertyValueSpecification","valueRequired":true,"valueName":"search_term_string"}}],"inLanguage":"pt-BR"},{"@type":"Person","@id":"https:\/\/unisale.com.br\/pastoral\/#\/schema\/person\/a16ba711a0f7dec9cb6b44563144d5a3","name":"pastoral","url":"https:\/\/unisale.com.br\/pastoral\/author\/pastoral\/"}]}},"_links":{"self":[{"href":"https:\/\/unisale.com.br\/pastoral\/wp-json\/wp\/v2\/posts\/13872","targetHints":{"allow":["GET"]}}],"collection":[{"href":"https:\/\/unisale.com.br\/pastoral\/wp-json\/wp\/v2\/posts"}],"about":[{"href":"https:\/\/unisale.com.br\/pastoral\/wp-json\/wp\/v2\/types\/post"}],"author":[{"embeddable":true,"href":"https:\/\/unisale.com.br\/pastoral\/wp-json\/wp\/v2\/users\/1"}],"replies":[{"embeddable":true,"href":"https:\/\/unisale.com.br\/pastoral\/wp-json\/wp\/v2\/comments?post=13872"}],"version-history":[{"count":1,"href":"https:\/\/unisale.com.br\/pastoral\/wp-json\/wp\/v2\/posts\/13872\/revisions"}],"predecessor-version":[{"id":13874,"href":"https:\/\/unisale.com.br\/pastoral\/wp-json\/wp\/v2\/posts\/13872\/revisions\/13874"}],"wp:featuredmedia":[{"embeddable":true,"href":"https:\/\/unisale.com.br\/pastoral\/wp-json\/wp\/v2\/media\/13873"}],"wp:attachment":[{"href":"https:\/\/unisale.com.br\/pastoral\/wp-json\/wp\/v2\/media?parent=13872"}],"wp:term":[{"taxonomy":"category","embeddable":true,"href":"https:\/\/unisale.com.br\/pastoral\/wp-json\/wp\/v2\/categories?post=13872"},{"taxonomy":"post_tag","embeddable":true,"href":"https:\/\/unisale.com.br\/pastoral\/wp-json\/wp\/v2\/tags?post=13872"}],"curies":[{"name":"wp","href":"https:\/\/api.w.org\/{rel}","templated":true}]}}