{"id":13903,"date":"2026-03-10T18:38:20","date_gmt":"2026-03-10T18:38:20","guid":{"rendered":"https:\/\/unisale.com.br\/pastoral\/?p=13903"},"modified":"2026-03-10T18:38:20","modified_gmt":"2026-03-10T18:38:20","slug":"11-03-quem-os-praticar-e-ensinar-sera-considerado-grande-no-reino-dos-ceus","status":"publish","type":"post","link":"https:\/\/unisale.com.br\/pastoral\/11-03-quem-os-praticar-e-ensinar-sera-considerado-grande-no-reino-dos-ceus\/","title":{"rendered":"11\/03 &#8211; Quem os praticar e ensinar ser\u00e1 considerado grande no Reino dos c\u00e9us."},"content":{"rendered":"<p>Quarta-feira, 11 de mar\u00e7o de 2026.<\/p>\n<p>Evangelho (Mt 5,17-19)<\/p>\n<p><strong>\u201cQuem os praticar e ensinar ser\u00e1 considerado grande no Reino dos c\u00e9us\u201d<\/strong><\/p>\n<p>Naquele tempo, disse Jesus aos seus disc\u00edpulos: <sup>17<\/sup>\u201cN\u00e3o pen\u00adseis que vim abolir a Lei e os Profetas\u201d. N\u00e3o vim para abolir, mas para dar-lhes pleno cumprimento. <sup>18<\/sup>Em verdade, eu vos digo: antes que o c\u00e9u e a terra deixem de existir, nem uma s\u00f3 letra ou v\u00edrgula ser\u00e3o tiradas da lei, sem que tudo se cumpra. <sup>19<\/sup>Portanto, quem desobedecer a um s\u00f3 desses mandamentos, por menor que seja, e ensinar os outros a fazerem o mesmo, ser\u00e1 considerado o menor no Reino dos C\u00e9us. Por\u00e9m, quem os praticar e ensinar ser\u00e1 considerado grande no Reino dos C\u00e9us.<\/p>\n<p>&nbsp;<\/p>\n<p><strong>Reflex\u00e3o<\/strong><\/p>\n<p>A Lei \u00e9 a s\u00edntese dos mandamentos de Deus. \u00c9 poss\u00edvel praticar todos? \u00c9 a pergunta que todos se colocam. Os pregadores usam a analogia entre as leis morais e aquelas f\u00edsicas. Se constru\u00edmos uma casa sem levar em conta as leis da gravidade, a casa cair\u00e1. Se semeamos um gr\u00e3o no per\u00edodo errado do ano ou em condi\u00e7\u00f5es desfavor\u00e1veis, n\u00e3o colheremos nada. O mesmo acontecer\u00e1 com a vida humana se \u00e9 vivida em contradi\u00e7\u00e3o com as leis dadas por Deus. Mas existe algo mais. As Leis divinas s\u00e3 a Palavra de Deus. A palavra dada \u00e9 sinal de fidelidade e de estima em rela\u00e7\u00e3o ao outro. Os hebreus julgavam a fidelidade ao Senhor no modo no qual era observada a Lei. Tamb\u00e9m Cristo disse: \u201cSe me amais, observareis os meus mandamentos\u201d (Jo 14,15). O crist\u00e3o, amigo de Deus, teme transgredir tamb\u00e9m o menos dos mandamentos divinos para n\u00e3o ser \u201cmenor\u201d no reino dos c\u00e9us. Se a Lei de Deus \u00e9 v\u00e1lida, assim era dito aos primeiros crist\u00e3os, porque agora n\u00e3o observar as prescri\u00e7\u00f5es do Antigo Testamento? Porque n\u00e3o observamos o repouso sab\u00e1tico, porque comemos alimentos proibidos? Os mandamentos b\u00edblicos s\u00e3o em primeiro lugar palavra de Deus e n\u00e3o princ\u00edpios abstratos. As f\u00f3rmulas matem\u00e1ticas s\u00e3o v\u00e1lidas para sempre, n\u00e3o mudam nunca. Quando falamos livremente com uma pessoa \u00e9 diferente; podemos dizer uma coisa que \u00e9 v\u00e1lida somente naquele momento, como fazemos por exemplo se pedimos a algu\u00e9m de abrir a janela e apenas sentimos frio lhe pedimos para fechar. O segundo pedido invalida o anterior. Muito daquilo que Deus pedia no Antigo Testamento servia para preparar a vinda de Cristo. Depois da sua chegada aquelas prescri\u00e7\u00f5es n\u00e3o tinham mais raz\u00e3o de ser. Portanto, \u00e9 necess\u00e1rio conhecer o sentido de cada mandamento: somente assim compreenderemos a sua validade.<\/p>\n<p><strong>Pe. Paulo Eduardo J\u00e1como, SDB.<\/strong><\/p>\n","protected":false},"excerpt":{"rendered":"<p>Quarta-feira, 11 de mar\u00e7o de 2026. Evangelho (Mt 5,17-19) \u201cQuem os praticar e ensinar ser\u00e1 considerado grande no Reino dos c\u00e9us\u201d Naquele tempo, disse Jesus&#8230;<\/p>\n","protected":false},"author":1,"featured_media":13904,"comment_status":"closed","ping_status":"closed","sticky":false,"template":"","format":"standard","meta":{"_acf_changed":false,"footnotes":""},"categories":[13],"tags":[],"class_list":["post-13903","post","type-post","status-publish","format-standard","has-post-thumbnail","hentry","category-reflexaodoevagelho"],"acf":[],"yoast_head":"<!-- This site is optimized with the Yoast SEO plugin v27.3 - https:\/\/yoast.com\/product\/yoast-seo-wordpress\/ -->\n<title>11\/03 - Quem os praticar e ensinar ser\u00e1 considerado grande no Reino dos c\u00e9us. - Pastoral Universit\u00e1ria UniSALESIANO<\/title>\n<meta name=\"robots\" content=\"index, follow, max-snippet:-1, max-image-preview:large, max-video-preview:-1\" \/>\n<link rel=\"canonical\" href=\"https:\/\/unisale.com.br\/pastoral\/11-03-quem-os-praticar-e-ensinar-sera-considerado-grande-no-reino-dos-ceus\/\" \/>\n<meta property=\"og:locale\" content=\"pt_BR\" \/>\n<meta property=\"og:type\" content=\"article\" \/>\n<meta property=\"og:title\" content=\"11\/03 - Quem os praticar e ensinar ser\u00e1 considerado grande no Reino dos c\u00e9us. - Pastoral Universit\u00e1ria UniSALESIANO\" \/>\n<meta property=\"og:description\" content=\"Quarta-feira, 11 de mar\u00e7o de 2026. Evangelho (Mt 5,17-19) \u201cQuem os praticar e ensinar ser\u00e1 considerado grande no Reino dos c\u00e9us\u201d Naquele tempo, disse Jesus...\" \/>\n<meta property=\"og:url\" content=\"https:\/\/unisale.com.br\/pastoral\/11-03-quem-os-praticar-e-ensinar-sera-considerado-grande-no-reino-dos-ceus\/\" \/>\n<meta property=\"og:site_name\" content=\"Pastoral Universit\u00e1ria UniSALESIANO\" \/>\n<meta property=\"article:published_time\" content=\"2026-03-10T18:38:20+00:00\" \/>\n<meta property=\"og:image\" content=\"https:\/\/unisale.com.br\/pastoral\/wp-content\/uploads\/2026\/03\/Design-sem-nome-38.png\" \/>\n\t<meta property=\"og:image:width\" content=\"1200\" \/>\n\t<meta property=\"og:image:height\" content=\"1200\" \/>\n\t<meta property=\"og:image:type\" content=\"image\/png\" \/>\n<meta name=\"author\" content=\"pastoral\" \/>\n<meta name=\"twitter:card\" content=\"summary_large_image\" \/>\n<meta name=\"twitter:label1\" content=\"Escrito por\" \/>\n\t<meta name=\"twitter:data1\" content=\"pastoral\" \/>\n\t<meta name=\"twitter:label2\" content=\"Est. tempo de leitura\" \/>\n\t<meta name=\"twitter:data2\" content=\"3 minutos\" \/>\n<script type=\"application\/ld+json\" class=\"yoast-schema-graph\">{\"@context\":\"https:\\\/\\\/schema.org\",\"@graph\":[{\"@type\":\"Article\",\"@id\":\"https:\\\/\\\/unisale.com.br\\\/pastoral\\\/11-03-quem-os-praticar-e-ensinar-sera-considerado-grande-no-reino-dos-ceus\\\/#article\",\"isPartOf\":{\"@id\":\"https:\\\/\\\/unisale.com.br\\\/pastoral\\\/11-03-quem-os-praticar-e-ensinar-sera-considerado-grande-no-reino-dos-ceus\\\/\"},\"author\":{\"name\":\"pastoral\",\"@id\":\"https:\\\/\\\/unisale.com.br\\\/pastoral\\\/#\\\/schema\\\/person\\\/a16ba711a0f7dec9cb6b44563144d5a3\"},\"headline\":\"11\\\/03 &#8211; Quem os praticar e ensinar ser\u00e1 considerado grande no Reino dos c\u00e9us.\",\"datePublished\":\"2026-03-10T18:38:20+00:00\",\"mainEntityOfPage\":{\"@id\":\"https:\\\/\\\/unisale.com.br\\\/pastoral\\\/11-03-quem-os-praticar-e-ensinar-sera-considerado-grande-no-reino-dos-ceus\\\/\"},\"wordCount\":475,\"image\":{\"@id\":\"https:\\\/\\\/unisale.com.br\\\/pastoral\\\/11-03-quem-os-praticar-e-ensinar-sera-considerado-grande-no-reino-dos-ceus\\\/#primaryimage\"},\"thumbnailUrl\":\"https:\\\/\\\/unisale.com.br\\\/pastoral\\\/wp-content\\\/uploads\\\/2026\\\/03\\\/Design-sem-nome-38.jpg\",\"articleSection\":[\"Reflex\u00e3o do Evangelho\"],\"inLanguage\":\"pt-BR\"},{\"@type\":\"WebPage\",\"@id\":\"https:\\\/\\\/unisale.com.br\\\/pastoral\\\/11-03-quem-os-praticar-e-ensinar-sera-considerado-grande-no-reino-dos-ceus\\\/\",\"url\":\"https:\\\/\\\/unisale.com.br\\\/pastoral\\\/11-03-quem-os-praticar-e-ensinar-sera-considerado-grande-no-reino-dos-ceus\\\/\",\"name\":\"11\\\/03 - Quem os praticar e ensinar ser\u00e1 considerado grande no Reino dos c\u00e9us. - Pastoral Universit\u00e1ria UniSALESIANO\",\"isPartOf\":{\"@id\":\"https:\\\/\\\/unisale.com.br\\\/pastoral\\\/#website\"},\"primaryImageOfPage\":{\"@id\":\"https:\\\/\\\/unisale.com.br\\\/pastoral\\\/11-03-quem-os-praticar-e-ensinar-sera-considerado-grande-no-reino-dos-ceus\\\/#primaryimage\"},\"image\":{\"@id\":\"https:\\\/\\\/unisale.com.br\\\/pastoral\\\/11-03-quem-os-praticar-e-ensinar-sera-considerado-grande-no-reino-dos-ceus\\\/#primaryimage\"},\"thumbnailUrl\":\"https:\\\/\\\/unisale.com.br\\\/pastoral\\\/wp-content\\\/uploads\\\/2026\\\/03\\\/Design-sem-nome-38.jpg\",\"datePublished\":\"2026-03-10T18:38:20+00:00\",\"author\":{\"@id\":\"https:\\\/\\\/unisale.com.br\\\/pastoral\\\/#\\\/schema\\\/person\\\/a16ba711a0f7dec9cb6b44563144d5a3\"},\"inLanguage\":\"pt-BR\",\"potentialAction\":[{\"@type\":\"ReadAction\",\"target\":[\"https:\\\/\\\/unisale.com.br\\\/pastoral\\\/11-03-quem-os-praticar-e-ensinar-sera-considerado-grande-no-reino-dos-ceus\\\/\"]}]},{\"@type\":\"ImageObject\",\"inLanguage\":\"pt-BR\",\"@id\":\"https:\\\/\\\/unisale.com.br\\\/pastoral\\\/11-03-quem-os-praticar-e-ensinar-sera-considerado-grande-no-reino-dos-ceus\\\/#primaryimage\",\"url\":\"https:\\\/\\\/unisale.com.br\\\/pastoral\\\/wp-content\\\/uploads\\\/2026\\\/03\\\/Design-sem-nome-38.jpg\",\"contentUrl\":\"https:\\\/\\\/unisale.com.br\\\/pastoral\\\/wp-content\\\/uploads\\\/2026\\\/03\\\/Design-sem-nome-38.jpg\",\"width\":500,\"height\":500},{\"@type\":\"WebSite\",\"@id\":\"https:\\\/\\\/unisale.com.br\\\/pastoral\\\/#website\",\"url\":\"https:\\\/\\\/unisale.com.br\\\/pastoral\\\/\",\"name\":\"Pastoral Universit\u00e1ria UniSALESIANO\",\"description\":\"Site da Pastoral Universit\u00e1ria do UniSALESIANO\",\"potentialAction\":[{\"@type\":\"SearchAction\",\"target\":{\"@type\":\"EntryPoint\",\"urlTemplate\":\"https:\\\/\\\/unisale.com.br\\\/pastoral\\\/?s={search_term_string}\"},\"query-input\":{\"@type\":\"PropertyValueSpecification\",\"valueRequired\":true,\"valueName\":\"search_term_string\"}}],\"inLanguage\":\"pt-BR\"},{\"@type\":\"Person\",\"@id\":\"https:\\\/\\\/unisale.com.br\\\/pastoral\\\/#\\\/schema\\\/person\\\/a16ba711a0f7dec9cb6b44563144d5a3\",\"name\":\"pastoral\",\"url\":\"https:\\\/\\\/unisale.com.br\\\/pastoral\\\/author\\\/pastoral\\\/\"}]}<\/script>\n<!-- \/ Yoast SEO plugin. -->","yoast_head_json":{"title":"11\/03 - Quem os praticar e ensinar ser\u00e1 considerado grande no Reino dos c\u00e9us. - Pastoral Universit\u00e1ria UniSALESIANO","robots":{"index":"index","follow":"follow","max-snippet":"max-snippet:-1","max-image-preview":"max-image-preview:large","max-video-preview":"max-video-preview:-1"},"canonical":"https:\/\/unisale.com.br\/pastoral\/11-03-quem-os-praticar-e-ensinar-sera-considerado-grande-no-reino-dos-ceus\/","og_locale":"pt_BR","og_type":"article","og_title":"11\/03 - Quem os praticar e ensinar ser\u00e1 considerado grande no Reino dos c\u00e9us. - Pastoral Universit\u00e1ria UniSALESIANO","og_description":"Quarta-feira, 11 de mar\u00e7o de 2026. Evangelho (Mt 5,17-19) \u201cQuem os praticar e ensinar ser\u00e1 considerado grande no Reino dos c\u00e9us\u201d Naquele tempo, disse Jesus...","og_url":"https:\/\/unisale.com.br\/pastoral\/11-03-quem-os-praticar-e-ensinar-sera-considerado-grande-no-reino-dos-ceus\/","og_site_name":"Pastoral Universit\u00e1ria UniSALESIANO","article_published_time":"2026-03-10T18:38:20+00:00","og_image":[{"width":1200,"height":1200,"url":"https:\/\/unisale.com.br\/pastoral\/wp-content\/uploads\/2026\/03\/Design-sem-nome-38.png","type":"image\/png"}],"author":"pastoral","twitter_card":"summary_large_image","twitter_misc":{"Escrito por":"pastoral","Est. tempo de leitura":"3 minutos"},"schema":{"@context":"https:\/\/schema.org","@graph":[{"@type":"Article","@id":"https:\/\/unisale.com.br\/pastoral\/11-03-quem-os-praticar-e-ensinar-sera-considerado-grande-no-reino-dos-ceus\/#article","isPartOf":{"@id":"https:\/\/unisale.com.br\/pastoral\/11-03-quem-os-praticar-e-ensinar-sera-considerado-grande-no-reino-dos-ceus\/"},"author":{"name":"pastoral","@id":"https:\/\/unisale.com.br\/pastoral\/#\/schema\/person\/a16ba711a0f7dec9cb6b44563144d5a3"},"headline":"11\/03 &#8211; Quem os praticar e ensinar ser\u00e1 considerado grande no Reino dos c\u00e9us.","datePublished":"2026-03-10T18:38:20+00:00","mainEntityOfPage":{"@id":"https:\/\/unisale.com.br\/pastoral\/11-03-quem-os-praticar-e-ensinar-sera-considerado-grande-no-reino-dos-ceus\/"},"wordCount":475,"image":{"@id":"https:\/\/unisale.com.br\/pastoral\/11-03-quem-os-praticar-e-ensinar-sera-considerado-grande-no-reino-dos-ceus\/#primaryimage"},"thumbnailUrl":"https:\/\/unisale.com.br\/pastoral\/wp-content\/uploads\/2026\/03\/Design-sem-nome-38.jpg","articleSection":["Reflex\u00e3o do Evangelho"],"inLanguage":"pt-BR"},{"@type":"WebPage","@id":"https:\/\/unisale.com.br\/pastoral\/11-03-quem-os-praticar-e-ensinar-sera-considerado-grande-no-reino-dos-ceus\/","url":"https:\/\/unisale.com.br\/pastoral\/11-03-quem-os-praticar-e-ensinar-sera-considerado-grande-no-reino-dos-ceus\/","name":"11\/03 - Quem os praticar e ensinar ser\u00e1 considerado grande no Reino dos c\u00e9us. - Pastoral Universit\u00e1ria UniSALESIANO","isPartOf":{"@id":"https:\/\/unisale.com.br\/pastoral\/#website"},"primaryImageOfPage":{"@id":"https:\/\/unisale.com.br\/pastoral\/11-03-quem-os-praticar-e-ensinar-sera-considerado-grande-no-reino-dos-ceus\/#primaryimage"},"image":{"@id":"https:\/\/unisale.com.br\/pastoral\/11-03-quem-os-praticar-e-ensinar-sera-considerado-grande-no-reino-dos-ceus\/#primaryimage"},"thumbnailUrl":"https:\/\/unisale.com.br\/pastoral\/wp-content\/uploads\/2026\/03\/Design-sem-nome-38.jpg","datePublished":"2026-03-10T18:38:20+00:00","author":{"@id":"https:\/\/unisale.com.br\/pastoral\/#\/schema\/person\/a16ba711a0f7dec9cb6b44563144d5a3"},"inLanguage":"pt-BR","potentialAction":[{"@type":"ReadAction","target":["https:\/\/unisale.com.br\/pastoral\/11-03-quem-os-praticar-e-ensinar-sera-considerado-grande-no-reino-dos-ceus\/"]}]},{"@type":"ImageObject","inLanguage":"pt-BR","@id":"https:\/\/unisale.com.br\/pastoral\/11-03-quem-os-praticar-e-ensinar-sera-considerado-grande-no-reino-dos-ceus\/#primaryimage","url":"https:\/\/unisale.com.br\/pastoral\/wp-content\/uploads\/2026\/03\/Design-sem-nome-38.jpg","contentUrl":"https:\/\/unisale.com.br\/pastoral\/wp-content\/uploads\/2026\/03\/Design-sem-nome-38.jpg","width":500,"height":500},{"@type":"WebSite","@id":"https:\/\/unisale.com.br\/pastoral\/#website","url":"https:\/\/unisale.com.br\/pastoral\/","name":"Pastoral Universit\u00e1ria UniSALESIANO","description":"Site da Pastoral Universit\u00e1ria do UniSALESIANO","potentialAction":[{"@type":"SearchAction","target":{"@type":"EntryPoint","urlTemplate":"https:\/\/unisale.com.br\/pastoral\/?s={search_term_string}"},"query-input":{"@type":"PropertyValueSpecification","valueRequired":true,"valueName":"search_term_string"}}],"inLanguage":"pt-BR"},{"@type":"Person","@id":"https:\/\/unisale.com.br\/pastoral\/#\/schema\/person\/a16ba711a0f7dec9cb6b44563144d5a3","name":"pastoral","url":"https:\/\/unisale.com.br\/pastoral\/author\/pastoral\/"}]}},"_links":{"self":[{"href":"https:\/\/unisale.com.br\/pastoral\/wp-json\/wp\/v2\/posts\/13903","targetHints":{"allow":["GET"]}}],"collection":[{"href":"https:\/\/unisale.com.br\/pastoral\/wp-json\/wp\/v2\/posts"}],"about":[{"href":"https:\/\/unisale.com.br\/pastoral\/wp-json\/wp\/v2\/types\/post"}],"author":[{"embeddable":true,"href":"https:\/\/unisale.com.br\/pastoral\/wp-json\/wp\/v2\/users\/1"}],"replies":[{"embeddable":true,"href":"https:\/\/unisale.com.br\/pastoral\/wp-json\/wp\/v2\/comments?post=13903"}],"version-history":[{"count":1,"href":"https:\/\/unisale.com.br\/pastoral\/wp-json\/wp\/v2\/posts\/13903\/revisions"}],"predecessor-version":[{"id":13905,"href":"https:\/\/unisale.com.br\/pastoral\/wp-json\/wp\/v2\/posts\/13903\/revisions\/13905"}],"wp:featuredmedia":[{"embeddable":true,"href":"https:\/\/unisale.com.br\/pastoral\/wp-json\/wp\/v2\/media\/13904"}],"wp:attachment":[{"href":"https:\/\/unisale.com.br\/pastoral\/wp-json\/wp\/v2\/media?parent=13903"}],"wp:term":[{"taxonomy":"category","embeddable":true,"href":"https:\/\/unisale.com.br\/pastoral\/wp-json\/wp\/v2\/categories?post=13903"},{"taxonomy":"post_tag","embeddable":true,"href":"https:\/\/unisale.com.br\/pastoral\/wp-json\/wp\/v2\/tags?post=13903"}],"curies":[{"name":"wp","href":"https:\/\/api.w.org\/{rel}","templated":true}]}}