{"id":13908,"date":"2026-03-11T17:18:04","date_gmt":"2026-03-11T17:18:04","guid":{"rendered":"https:\/\/unisale.com.br\/pastoral\/?p=13908"},"modified":"2026-03-11T17:18:04","modified_gmt":"2026-03-11T17:18:04","slug":"unisalesiano-reune-comunidade-academica-apresenta-auditorio-revitalizado-e-celebra-dom-bosco","status":"publish","type":"post","link":"https:\/\/unisale.com.br\/pastoral\/unisalesiano-reune-comunidade-academica-apresenta-auditorio-revitalizado-e-celebra-dom-bosco\/","title":{"rendered":"UniSALESIANO re\u00fane comunidade acad\u00eamica, apresenta audit\u00f3rio revitalizado e celebra Dom Bosco"},"content":{"rendered":"<h2>Um dos momentos centrais da plen\u00e1ria foi a palestra do Pe. Gild\u00e1sio Mendes dos Santos<\/h2>\n<p>&nbsp;<\/p>\n<p>O UniSALESIANO realizou, no \u00faltimo s\u00e1bado, dia 31 de janeiro, no audit\u00f3rio Papa Francisco, a\u00a0<strong>\u201cReuni\u00e3o Plen\u00e1ria\u201d da Semana Pedag\u00f3gica<\/strong>, marcando oficialmente o in\u00edcio do novo ano acad\u00eamico nos campi de Ara\u00e7atuba e Lins.<\/p>\n<p>O encontro reuniu os membros da Reitoria, coordenadores de cursos, professores, tutores, orientadores e representantes acad\u00eamicos, em um momento de forma\u00e7\u00e3o, reflex\u00e3o pastoral e alinhamento institucional, em sintonia com o carisma salesiano e os desafios contempor\u00e2neos da educa\u00e7\u00e3o superior.<\/p>\n<p>A plen\u00e1ria tamb\u00e9m foi marcada pela\u00a0<strong>revitaliza\u00e7\u00e3o do audit\u00f3rio Papa Francisco<\/strong>, que passou por uma ampla reestrutura\u00e7\u00e3o nos \u00faltimos dois meses. O espa\u00e7o ganhou novas poltronas, troca dos pisos, melhorias ac\u00fasticas, sistema moderno de som e imagem, al\u00e9m de uma ambienta\u00e7\u00e3o que refor\u00e7a a identidade salesiana e acad\u00eamica do UniSALESIANO.<\/p>\n<p><strong>CORA\u00c7\u00c3O<\/strong><\/p>\n<p>Durante sua fala, o\u00a0<strong>Reitor do UniSALESIANO, Pe. Paulo Vendrame<\/strong>, afirmou que o audit\u00f3rio representa o \u201ccora\u00e7\u00e3o da institui\u00e7\u00e3o\u201d, local onde pulsam o ensino, a pesquisa e a extens\u00e3o universit\u00e1ria. Segundo ele, a revitaliza\u00e7\u00e3o simboliza o cuidado com as pessoas e com a qualidade dos espa\u00e7os formativos, refletindo o compromisso institucional com uma educa\u00e7\u00e3o integral e humanizadora.<\/p>\n<p>A programa\u00e7\u00e3o marcou o\u00a0<strong>Dia Lit\u00fargico de Dom Bosco (31\/01)<\/strong>\u00a0e teve in\u00edcio com um momento de reflex\u00e3o e ora\u00e7\u00e3o, conduzido pelo\u00a0<strong>Pr\u00f3-Reitor de Pastoral, Pe. Paulo J\u00e1como<\/strong>, inspirado na estreia do\u00a0<strong>Reitor-Mor, Don Fabio Attard<\/strong>, para a Fam\u00edlia Salesiana em 2026. A reflex\u00e3o apresentou o convite de Maria \u2014 \u201cFazei tudo o que Ele vos disser\u201d \u2014 como eixo espiritual para o ano acad\u00eamico, focando na import\u00e2ncia da f\u00e9, da escuta e do servi\u00e7o na miss\u00e3o educativa salesiana.<\/p>\n<p>A mesa diretiva contou com a presen\u00e7a do\u00a0<strong>Pe. Paulo Vendrame (Reitor), Pe. Jo\u00e3o Marcos Ara\u00fajo Ramos (Vice-Reitor e Diretor-Geral do UniSALESIANO Lins), Prof. Dr. Andr\u00e9 Ornellas (Pr\u00f3-Reitor de Ensino, Pesquisa e P\u00f3s-Gradua\u00e7\u00e3o), Pe. Paulo J\u00e1como (Pr\u00f3-Reitor de Pastoral) e Vanda Moura (Pr\u00f3-Reitora Administrativa).<\/strong><\/p>\n<p><strong>MISSION\u00c1RIO<\/strong><\/p>\n<p>Um dos momentos centrais da plen\u00e1ria foi a palestra do\u00a0<strong>Pe. Gild\u00e1sio Mendes dos Santos<\/strong>, sacerdote salesiano, professor-doutor e ex-chanceler do UniSALESIANO. A exposi\u00e7\u00e3o teve como base o livro\u00a0<strong>\u201cO Realizador de Sonhos \u2013 Dom Lu\u00eds Lasagna \u2013 Uma Biografia Nova\u201d<\/strong>, de autoria do pr\u00f3prio palestrante, obra que resgata a trajet\u00f3ria do primeiro inspetor salesiano no Brasil e um dos grandes mission\u00e1rios da Congrega\u00e7\u00e3o na Am\u00e9rica do Sul.<\/p>\n<p>Durante a palestra, Pe. Gild\u00e1sio apresentou Dom Lasagna como um educador inovador e gestor vision\u00e1rio, frisando sua capacidade de interpretar contextos hist\u00f3ricos e sociais, dialogar com a ci\u00eancia, valorizar os leigos e promover uma educa\u00e7\u00e3o integral voltada \u00e0 transforma\u00e7\u00e3o da sociedade. A palestra estabeleceu paralelos entre os desafios enfrentados no s\u00e9culo 19 e quest\u00f5es atuais, como a revolu\u00e7\u00e3o digital, a intelig\u00eancia artificial e a forma\u00e7\u00e3o \u00e9tica dos jovens.<\/p>\n<p>Encerrando a programa\u00e7\u00e3o, o<strong>\u00a0Pr\u00f3-Reitor de Ensino, Pesquisa e P\u00f3s-Gradua\u00e7\u00e3o, Prof. Dr. Andr\u00e9 Ornellas,<\/strong>\u00a0refletiu sobre o papel do educador no atual cen\u00e1rio digital. Ele afirmou que, diante do excesso de informa\u00e7\u00f5es e da dissemina\u00e7\u00e3o de conte\u00fados n\u00e3o confi\u00e1veis na internet, o professor assume cada vez mais a fun\u00e7\u00e3o de curador do conhecimento, respons\u00e1vel por validar fontes, orientar o aprendizado e formar profissionais cr\u00edticos, \u00e9ticos e conscientes.<\/p>\n<p>A fala refor\u00e7ou a import\u00e2ncia do Ambiente Virtual de Aprendizagem (AVA) como um \u201cporto seguro\u201d da informa\u00e7\u00e3o acad\u00eamica, no qual o conhecimento \u00e9 constru\u00eddo com intencionalidade, responsabilidade e compromisso com a verdade cient\u00edfica. Ao final da reuni\u00e3o, os participantes ganharam o calend\u00e1rio Institucional\/2026; um vinho, que recorda Jesus que transforma a \u00e1gua em vinho na Festa de Can\u00e1; e um exemplar do livro de Dom Luis Lasagna.<\/p>\n<p>&nbsp;<\/p>\n<p>&nbsp;<\/p>\n\n\t\t<style type=\"text\/css\">\n\t\t\t#gallery-1 {\n\t\t\t\tmargin: auto;\n\t\t\t}\n\t\t\t#gallery-1 .gallery-item {\n\t\t\t\tfloat: left;\n\t\t\t\tmargin-top: 10px;\n\t\t\t\ttext-align: center;\n\t\t\t\twidth: 25%;\n\t\t\t}\n\t\t\t#gallery-1 img {\n\t\t\t\tborder: 2px solid #cfcfcf;\n\t\t\t}\n\t\t\t#gallery-1 .gallery-caption {\n\t\t\t\tmargin-left: 0;\n\t\t\t}\n\t\t\t\/* see gallery_shortcode() in wp-includes\/media.php *\/\n\t\t<\/style>\n\t\t<div id='gallery-1' class='gallery galleryid-13908 gallery-columns-4 gallery-size-medium'><dl class='gallery-item'>\n\t\t\t<dt class='gallery-icon landscape'>\n\t\t\t\t<a href='https:\/\/unisale.com.br\/pastoral\/unisalesiano-reune-comunidade-academica-apresenta-auditorio-revitalizado-e-celebra-dom-bosco\/whatsapp-image-2026-02-02-at-09-51-06-2-1024x682\/'><img fetchpriority=\"high\" decoding=\"async\" width=\"300\" height=\"200\" src=\"https:\/\/unisale.com.br\/pastoral\/wp-content\/uploads\/2026\/03\/WhatsApp-Image-2026-02-02-at-09.51.06-2-1024x682-1-300x200.jpeg\" class=\"attachment-medium size-medium\" alt=\"\" srcset=\"https:\/\/unisale.com.br\/pastoral\/wp-content\/uploads\/2026\/03\/WhatsApp-Image-2026-02-02-at-09.51.06-2-1024x682-1-300x200.jpeg 300w, https:\/\/unisale.com.br\/pastoral\/wp-content\/uploads\/2026\/03\/WhatsApp-Image-2026-02-02-at-09.51.06-2-1024x682-1.jpeg 751w\" sizes=\"(max-width: 300px) 100vw, 300px\" \/><\/a>\n\t\t\t<\/dt><\/dl><dl class='gallery-item'>\n\t\t\t<dt class='gallery-icon landscape'>\n\t\t\t\t<a href='https:\/\/unisale.com.br\/pastoral\/unisalesiano-reune-comunidade-academica-apresenta-auditorio-revitalizado-e-celebra-dom-bosco\/whatsapp-image-2026-02-02-at-09-51-06-1-1024x682\/'><img decoding=\"async\" width=\"300\" height=\"200\" src=\"https:\/\/unisale.com.br\/pastoral\/wp-content\/uploads\/2026\/03\/WhatsApp-Image-2026-02-02-at-09.51.06-1-1024x682-1-300x200.jpeg\" class=\"attachment-medium size-medium\" alt=\"\" srcset=\"https:\/\/unisale.com.br\/pastoral\/wp-content\/uploads\/2026\/03\/WhatsApp-Image-2026-02-02-at-09.51.06-1-1024x682-1-300x200.jpeg 300w, https:\/\/unisale.com.br\/pastoral\/wp-content\/uploads\/2026\/03\/WhatsApp-Image-2026-02-02-at-09.51.06-1-1024x682-1.jpeg 751w\" sizes=\"(max-width: 300px) 100vw, 300px\" \/><\/a>\n\t\t\t<\/dt><\/dl><dl class='gallery-item'>\n\t\t\t<dt class='gallery-icon landscape'>\n\t\t\t\t<a href='https:\/\/unisale.com.br\/pastoral\/unisalesiano-reune-comunidade-academica-apresenta-auditorio-revitalizado-e-celebra-dom-bosco\/whatsapp-image-2026-02-02-at-10-00-20-1024x682\/'><img decoding=\"async\" width=\"300\" height=\"200\" src=\"https:\/\/unisale.com.br\/pastoral\/wp-content\/uploads\/2026\/03\/WhatsApp-Image-2026-02-02-at-10.00.20-1024x682-1-300x200.jpeg\" class=\"attachment-medium size-medium\" alt=\"\" srcset=\"https:\/\/unisale.com.br\/pastoral\/wp-content\/uploads\/2026\/03\/WhatsApp-Image-2026-02-02-at-10.00.20-1024x682-1-300x200.jpeg 300w, https:\/\/unisale.com.br\/pastoral\/wp-content\/uploads\/2026\/03\/WhatsApp-Image-2026-02-02-at-10.00.20-1024x682-1.jpeg 751w\" sizes=\"(max-width: 300px) 100vw, 300px\" \/><\/a>\n\t\t\t<\/dt><\/dl><dl class='gallery-item'>\n\t\t\t<dt class='gallery-icon landscape'>\n\t\t\t\t<a href='https:\/\/unisale.com.br\/pastoral\/unisalesiano-reune-comunidade-academica-apresenta-auditorio-revitalizado-e-celebra-dom-bosco\/whatsapp-image-2026-02-02-at-09-51-06-24-1024x682\/'><img loading=\"lazy\" decoding=\"async\" width=\"300\" height=\"200\" src=\"https:\/\/unisale.com.br\/pastoral\/wp-content\/uploads\/2026\/03\/WhatsApp-Image-2026-02-02-at-09.51.06-24-1024x682-1-300x200.jpeg\" class=\"attachment-medium size-medium\" alt=\"\" srcset=\"https:\/\/unisale.com.br\/pastoral\/wp-content\/uploads\/2026\/03\/WhatsApp-Image-2026-02-02-at-09.51.06-24-1024x682-1-300x200.jpeg 300w, https:\/\/unisale.com.br\/pastoral\/wp-content\/uploads\/2026\/03\/WhatsApp-Image-2026-02-02-at-09.51.06-24-1024x682-1.jpeg 751w\" sizes=\"(max-width: 300px) 100vw, 300px\" \/><\/a>\n\t\t\t<\/dt><\/dl><br style=\"clear: both\" \/><dl class='gallery-item'>\n\t\t\t<dt class='gallery-icon landscape'>\n\t\t\t\t<a href='https:\/\/unisale.com.br\/pastoral\/unisalesiano-reune-comunidade-academica-apresenta-auditorio-revitalizado-e-celebra-dom-bosco\/whatsapp-image-2026-02-02-at-09-51-06-23-1024x682\/'><img loading=\"lazy\" decoding=\"async\" width=\"300\" height=\"200\" src=\"https:\/\/unisale.com.br\/pastoral\/wp-content\/uploads\/2026\/03\/WhatsApp-Image-2026-02-02-at-09.51.06-23-1024x682-1-300x200.jpeg\" class=\"attachment-medium size-medium\" alt=\"\" srcset=\"https:\/\/unisale.com.br\/pastoral\/wp-content\/uploads\/2026\/03\/WhatsApp-Image-2026-02-02-at-09.51.06-23-1024x682-1-300x200.jpeg 300w, https:\/\/unisale.com.br\/pastoral\/wp-content\/uploads\/2026\/03\/WhatsApp-Image-2026-02-02-at-09.51.06-23-1024x682-1.jpeg 751w\" sizes=\"(max-width: 300px) 100vw, 300px\" \/><\/a>\n\t\t\t<\/dt><\/dl><dl class='gallery-item'>\n\t\t\t<dt class='gallery-icon landscape'>\n\t\t\t\t<a href='https:\/\/unisale.com.br\/pastoral\/unisalesiano-reune-comunidade-academica-apresenta-auditorio-revitalizado-e-celebra-dom-bosco\/whatsapp-image-2026-02-02-at-09-51-06-22-1024x682\/'><img loading=\"lazy\" decoding=\"async\" width=\"300\" height=\"200\" src=\"https:\/\/unisale.com.br\/pastoral\/wp-content\/uploads\/2026\/03\/WhatsApp-Image-2026-02-02-at-09.51.06-22-1024x682-1-300x200.jpeg\" class=\"attachment-medium size-medium\" alt=\"\" srcset=\"https:\/\/unisale.com.br\/pastoral\/wp-content\/uploads\/2026\/03\/WhatsApp-Image-2026-02-02-at-09.51.06-22-1024x682-1-300x200.jpeg 300w, https:\/\/unisale.com.br\/pastoral\/wp-content\/uploads\/2026\/03\/WhatsApp-Image-2026-02-02-at-09.51.06-22-1024x682-1.jpeg 751w\" sizes=\"(max-width: 300px) 100vw, 300px\" \/><\/a>\n\t\t\t<\/dt><\/dl><dl class='gallery-item'>\n\t\t\t<dt class='gallery-icon landscape'>\n\t\t\t\t<a href='https:\/\/unisale.com.br\/pastoral\/unisalesiano-reune-comunidade-academica-apresenta-auditorio-revitalizado-e-celebra-dom-bosco\/whatsapp-image-2026-02-02-at-09-51-06-21-1024x682\/'><img loading=\"lazy\" decoding=\"async\" width=\"300\" height=\"200\" src=\"https:\/\/unisale.com.br\/pastoral\/wp-content\/uploads\/2026\/03\/WhatsApp-Image-2026-02-02-at-09.51.06-21-1024x682-1-300x200.jpeg\" class=\"attachment-medium size-medium\" alt=\"\" srcset=\"https:\/\/unisale.com.br\/pastoral\/wp-content\/uploads\/2026\/03\/WhatsApp-Image-2026-02-02-at-09.51.06-21-1024x682-1-300x200.jpeg 300w, https:\/\/unisale.com.br\/pastoral\/wp-content\/uploads\/2026\/03\/WhatsApp-Image-2026-02-02-at-09.51.06-21-1024x682-1.jpeg 751w\" sizes=\"(max-width: 300px) 100vw, 300px\" \/><\/a>\n\t\t\t<\/dt><\/dl><dl class='gallery-item'>\n\t\t\t<dt class='gallery-icon landscape'>\n\t\t\t\t<a href='https:\/\/unisale.com.br\/pastoral\/unisalesiano-reune-comunidade-academica-apresenta-auditorio-revitalizado-e-celebra-dom-bosco\/whatsapp-image-2026-02-02-at-09-51-06-20-1024x682\/'><img loading=\"lazy\" decoding=\"async\" width=\"300\" height=\"200\" src=\"https:\/\/unisale.com.br\/pastoral\/wp-content\/uploads\/2026\/03\/WhatsApp-Image-2026-02-02-at-09.51.06-20-1024x682-1-300x200.jpeg\" class=\"attachment-medium size-medium\" alt=\"\" srcset=\"https:\/\/unisale.com.br\/pastoral\/wp-content\/uploads\/2026\/03\/WhatsApp-Image-2026-02-02-at-09.51.06-20-1024x682-1-300x200.jpeg 300w, https:\/\/unisale.com.br\/pastoral\/wp-content\/uploads\/2026\/03\/WhatsApp-Image-2026-02-02-at-09.51.06-20-1024x682-1.jpeg 751w\" sizes=\"(max-width: 300px) 100vw, 300px\" \/><\/a>\n\t\t\t<\/dt><\/dl><br style=\"clear: both\" \/><dl class='gallery-item'>\n\t\t\t<dt class='gallery-icon landscape'>\n\t\t\t\t<a href='https:\/\/unisale.com.br\/pastoral\/unisalesiano-reune-comunidade-academica-apresenta-auditorio-revitalizado-e-celebra-dom-bosco\/whatsapp-image-2026-02-02-at-09-51-06-18-1024x682\/'><img loading=\"lazy\" decoding=\"async\" width=\"300\" height=\"200\" src=\"https:\/\/unisale.com.br\/pastoral\/wp-content\/uploads\/2026\/03\/WhatsApp-Image-2026-02-02-at-09.51.06-18-1024x682-1-300x200.jpeg\" class=\"attachment-medium size-medium\" alt=\"\" srcset=\"https:\/\/unisale.com.br\/pastoral\/wp-content\/uploads\/2026\/03\/WhatsApp-Image-2026-02-02-at-09.51.06-18-1024x682-1-300x200.jpeg 300w, https:\/\/unisale.com.br\/pastoral\/wp-content\/uploads\/2026\/03\/WhatsApp-Image-2026-02-02-at-09.51.06-18-1024x682-1.jpeg 751w\" sizes=\"(max-width: 300px) 100vw, 300px\" \/><\/a>\n\t\t\t<\/dt><\/dl><dl class='gallery-item'>\n\t\t\t<dt class='gallery-icon landscape'>\n\t\t\t\t<a href='https:\/\/unisale.com.br\/pastoral\/unisalesiano-reune-comunidade-academica-apresenta-auditorio-revitalizado-e-celebra-dom-bosco\/whatsapp-image-2026-02-02-at-09-51-06-17-1024x682\/'><img loading=\"lazy\" decoding=\"async\" width=\"300\" height=\"200\" src=\"https:\/\/unisale.com.br\/pastoral\/wp-content\/uploads\/2026\/03\/WhatsApp-Image-2026-02-02-at-09.51.06-17-1024x682-1-300x200.jpeg\" class=\"attachment-medium size-medium\" alt=\"\" srcset=\"https:\/\/unisale.com.br\/pastoral\/wp-content\/uploads\/2026\/03\/WhatsApp-Image-2026-02-02-at-09.51.06-17-1024x682-1-300x200.jpeg 300w, https:\/\/unisale.com.br\/pastoral\/wp-content\/uploads\/2026\/03\/WhatsApp-Image-2026-02-02-at-09.51.06-17-1024x682-1.jpeg 751w\" sizes=\"(max-width: 300px) 100vw, 300px\" \/><\/a>\n\t\t\t<\/dt><\/dl><dl class='gallery-item'>\n\t\t\t<dt class='gallery-icon landscape'>\n\t\t\t\t<a href='https:\/\/unisale.com.br\/pastoral\/unisalesiano-reune-comunidade-academica-apresenta-auditorio-revitalizado-e-celebra-dom-bosco\/whatsapp-image-2026-02-02-at-09-51-06-16-1024x682\/'><img loading=\"lazy\" decoding=\"async\" width=\"300\" height=\"200\" src=\"https:\/\/unisale.com.br\/pastoral\/wp-content\/uploads\/2026\/03\/WhatsApp-Image-2026-02-02-at-09.51.06-16-1024x682-1-300x200.jpeg\" class=\"attachment-medium size-medium\" alt=\"\" srcset=\"https:\/\/unisale.com.br\/pastoral\/wp-content\/uploads\/2026\/03\/WhatsApp-Image-2026-02-02-at-09.51.06-16-1024x682-1-300x200.jpeg 300w, https:\/\/unisale.com.br\/pastoral\/wp-content\/uploads\/2026\/03\/WhatsApp-Image-2026-02-02-at-09.51.06-16-1024x682-1.jpeg 751w\" sizes=\"(max-width: 300px) 100vw, 300px\" \/><\/a>\n\t\t\t<\/dt><\/dl><dl class='gallery-item'>\n\t\t\t<dt class='gallery-icon landscape'>\n\t\t\t\t<a href='https:\/\/unisale.com.br\/pastoral\/unisalesiano-reune-comunidade-academica-apresenta-auditorio-revitalizado-e-celebra-dom-bosco\/whatsapp-image-2026-02-02-at-09-51-06-15-1024x682\/'><img loading=\"lazy\" decoding=\"async\" width=\"300\" height=\"200\" src=\"https:\/\/unisale.com.br\/pastoral\/wp-content\/uploads\/2026\/03\/WhatsApp-Image-2026-02-02-at-09.51.06-15-1024x682-1-300x200.jpeg\" class=\"attachment-medium size-medium\" alt=\"\" srcset=\"https:\/\/unisale.com.br\/pastoral\/wp-content\/uploads\/2026\/03\/WhatsApp-Image-2026-02-02-at-09.51.06-15-1024x682-1-300x200.jpeg 300w, https:\/\/unisale.com.br\/pastoral\/wp-content\/uploads\/2026\/03\/WhatsApp-Image-2026-02-02-at-09.51.06-15-1024x682-1.jpeg 751w\" sizes=\"(max-width: 300px) 100vw, 300px\" \/><\/a>\n\t\t\t<\/dt><\/dl><br style=\"clear: both\" \/><dl class='gallery-item'>\n\t\t\t<dt class='gallery-icon landscape'>\n\t\t\t\t<a href='https:\/\/unisale.com.br\/pastoral\/unisalesiano-reune-comunidade-academica-apresenta-auditorio-revitalizado-e-celebra-dom-bosco\/whatsapp-image-2026-02-02-at-09-51-06-14-1024x682\/'><img loading=\"lazy\" decoding=\"async\" width=\"300\" height=\"200\" src=\"https:\/\/unisale.com.br\/pastoral\/wp-content\/uploads\/2026\/03\/WhatsApp-Image-2026-02-02-at-09.51.06-14-1024x682-1-300x200.jpeg\" class=\"attachment-medium size-medium\" alt=\"\" srcset=\"https:\/\/unisale.com.br\/pastoral\/wp-content\/uploads\/2026\/03\/WhatsApp-Image-2026-02-02-at-09.51.06-14-1024x682-1-300x200.jpeg 300w, https:\/\/unisale.com.br\/pastoral\/wp-content\/uploads\/2026\/03\/WhatsApp-Image-2026-02-02-at-09.51.06-14-1024x682-1.jpeg 751w\" sizes=\"(max-width: 300px) 100vw, 300px\" \/><\/a>\n\t\t\t<\/dt><\/dl><dl class='gallery-item'>\n\t\t\t<dt class='gallery-icon landscape'>\n\t\t\t\t<a href='https:\/\/unisale.com.br\/pastoral\/unisalesiano-reune-comunidade-academica-apresenta-auditorio-revitalizado-e-celebra-dom-bosco\/whatsapp-image-2026-02-02-at-09-51-06-13-1024x682\/'><img loading=\"lazy\" decoding=\"async\" width=\"300\" height=\"200\" src=\"https:\/\/unisale.com.br\/pastoral\/wp-content\/uploads\/2026\/03\/WhatsApp-Image-2026-02-02-at-09.51.06-13-1024x682-1-300x200.jpeg\" class=\"attachment-medium size-medium\" alt=\"\" srcset=\"https:\/\/unisale.com.br\/pastoral\/wp-content\/uploads\/2026\/03\/WhatsApp-Image-2026-02-02-at-09.51.06-13-1024x682-1-300x200.jpeg 300w, https:\/\/unisale.com.br\/pastoral\/wp-content\/uploads\/2026\/03\/WhatsApp-Image-2026-02-02-at-09.51.06-13-1024x682-1.jpeg 751w\" sizes=\"(max-width: 300px) 100vw, 300px\" \/><\/a>\n\t\t\t<\/dt><\/dl><dl class='gallery-item'>\n\t\t\t<dt class='gallery-icon landscape'>\n\t\t\t\t<a href='https:\/\/unisale.com.br\/pastoral\/unisalesiano-reune-comunidade-academica-apresenta-auditorio-revitalizado-e-celebra-dom-bosco\/whatsapp-image-2026-02-02-at-09-51-06-11-1024x682\/'><img loading=\"lazy\" decoding=\"async\" width=\"300\" height=\"200\" src=\"https:\/\/unisale.com.br\/pastoral\/wp-content\/uploads\/2026\/03\/WhatsApp-Image-2026-02-02-at-09.51.06-11-1024x682-1-300x200.jpeg\" class=\"attachment-medium size-medium\" alt=\"\" srcset=\"https:\/\/unisale.com.br\/pastoral\/wp-content\/uploads\/2026\/03\/WhatsApp-Image-2026-02-02-at-09.51.06-11-1024x682-1-300x200.jpeg 300w, https:\/\/unisale.com.br\/pastoral\/wp-content\/uploads\/2026\/03\/WhatsApp-Image-2026-02-02-at-09.51.06-11-1024x682-1.jpeg 751w\" sizes=\"(max-width: 300px) 100vw, 300px\" \/><\/a>\n\t\t\t<\/dt><\/dl><dl class='gallery-item'>\n\t\t\t<dt class='gallery-icon landscape'>\n\t\t\t\t<a href='https:\/\/unisale.com.br\/pastoral\/unisalesiano-reune-comunidade-academica-apresenta-auditorio-revitalizado-e-celebra-dom-bosco\/whatsapp-image-2026-02-02-at-09-51-06-10-1024x682\/'><img loading=\"lazy\" decoding=\"async\" width=\"300\" height=\"200\" src=\"https:\/\/unisale.com.br\/pastoral\/wp-content\/uploads\/2026\/03\/WhatsApp-Image-2026-02-02-at-09.51.06-10-1024x682-1-300x200.jpeg\" class=\"attachment-medium size-medium\" alt=\"\" srcset=\"https:\/\/unisale.com.br\/pastoral\/wp-content\/uploads\/2026\/03\/WhatsApp-Image-2026-02-02-at-09.51.06-10-1024x682-1-300x200.jpeg 300w, https:\/\/unisale.com.br\/pastoral\/wp-content\/uploads\/2026\/03\/WhatsApp-Image-2026-02-02-at-09.51.06-10-1024x682-1.jpeg 751w\" sizes=\"(max-width: 300px) 100vw, 300px\" \/><\/a>\n\t\t\t<\/dt><\/dl><br style=\"clear: both\" \/><dl class='gallery-item'>\n\t\t\t<dt class='gallery-icon landscape'>\n\t\t\t\t<a href='https:\/\/unisale.com.br\/pastoral\/unisalesiano-reune-comunidade-academica-apresenta-auditorio-revitalizado-e-celebra-dom-bosco\/whatsapp-image-2026-02-02-at-09-51-06-7-1024x682\/'><img loading=\"lazy\" decoding=\"async\" width=\"300\" height=\"200\" src=\"https:\/\/unisale.com.br\/pastoral\/wp-content\/uploads\/2026\/03\/WhatsApp-Image-2026-02-02-at-09.51.06-7-1024x682-1-300x200.jpeg\" class=\"attachment-medium size-medium\" alt=\"\" srcset=\"https:\/\/unisale.com.br\/pastoral\/wp-content\/uploads\/2026\/03\/WhatsApp-Image-2026-02-02-at-09.51.06-7-1024x682-1-300x200.jpeg 300w, https:\/\/unisale.com.br\/pastoral\/wp-content\/uploads\/2026\/03\/WhatsApp-Image-2026-02-02-at-09.51.06-7-1024x682-1.jpeg 751w\" sizes=\"(max-width: 300px) 100vw, 300px\" \/><\/a>\n\t\t\t<\/dt><\/dl><dl class='gallery-item'>\n\t\t\t<dt class='gallery-icon landscape'>\n\t\t\t\t<a href='https:\/\/unisale.com.br\/pastoral\/unisalesiano-reune-comunidade-academica-apresenta-auditorio-revitalizado-e-celebra-dom-bosco\/whatsapp-image-2026-02-02-at-09-51-06-6-1024x682\/'><img loading=\"lazy\" decoding=\"async\" width=\"300\" height=\"200\" src=\"https:\/\/unisale.com.br\/pastoral\/wp-content\/uploads\/2026\/03\/WhatsApp-Image-2026-02-02-at-09.51.06-6-1024x682-1-300x200.jpeg\" class=\"attachment-medium size-medium\" alt=\"\" srcset=\"https:\/\/unisale.com.br\/pastoral\/wp-content\/uploads\/2026\/03\/WhatsApp-Image-2026-02-02-at-09.51.06-6-1024x682-1-300x200.jpeg 300w, https:\/\/unisale.com.br\/pastoral\/wp-content\/uploads\/2026\/03\/WhatsApp-Image-2026-02-02-at-09.51.06-6-1024x682-1.jpeg 751w\" sizes=\"(max-width: 300px) 100vw, 300px\" \/><\/a>\n\t\t\t<\/dt><\/dl><dl class='gallery-item'>\n\t\t\t<dt class='gallery-icon portrait'>\n\t\t\t\t<a href='https:\/\/unisale.com.br\/pastoral\/unisalesiano-reune-comunidade-academica-apresenta-auditorio-revitalizado-e-celebra-dom-bosco\/whatsapp-image-2026-02-02-at-09-51-06-5-682x1024\/'><img loading=\"lazy\" decoding=\"async\" width=\"200\" height=\"300\" src=\"https:\/\/unisale.com.br\/pastoral\/wp-content\/uploads\/2026\/03\/WhatsApp-Image-2026-02-02-at-09.51.06-5-682x1024-1-200x300.jpeg\" class=\"attachment-medium size-medium\" alt=\"\" srcset=\"https:\/\/unisale.com.br\/pastoral\/wp-content\/uploads\/2026\/03\/WhatsApp-Image-2026-02-02-at-09.51.06-5-682x1024-1-200x300.jpeg 200w, https:\/\/unisale.com.br\/pastoral\/wp-content\/uploads\/2026\/03\/WhatsApp-Image-2026-02-02-at-09.51.06-5-682x1024-1.jpeg 333w\" sizes=\"(max-width: 200px) 100vw, 200px\" \/><\/a>\n\t\t\t<\/dt><\/dl><dl class='gallery-item'>\n\t\t\t<dt class='gallery-icon landscape'>\n\t\t\t\t<a href='https:\/\/unisale.com.br\/pastoral\/unisalesiano-reune-comunidade-academica-apresenta-auditorio-revitalizado-e-celebra-dom-bosco\/whatsapp-image-2026-02-02-at-09-51-06-3-1024x682\/'><img loading=\"lazy\" decoding=\"async\" width=\"300\" height=\"200\" src=\"https:\/\/unisale.com.br\/pastoral\/wp-content\/uploads\/2026\/03\/WhatsApp-Image-2026-02-02-at-09.51.06-3-1024x682-1-300x200.jpeg\" class=\"attachment-medium size-medium\" alt=\"\" srcset=\"https:\/\/unisale.com.br\/pastoral\/wp-content\/uploads\/2026\/03\/WhatsApp-Image-2026-02-02-at-09.51.06-3-1024x682-1-300x200.jpeg 300w, https:\/\/unisale.com.br\/pastoral\/wp-content\/uploads\/2026\/03\/WhatsApp-Image-2026-02-02-at-09.51.06-3-1024x682-1.jpeg 751w\" sizes=\"(max-width: 300px) 100vw, 300px\" \/><\/a>\n\t\t\t<\/dt><\/dl><br style=\"clear: both\" \/>\n\t\t<\/div>\n\n","protected":false},"excerpt":{"rendered":"<p>Um dos momentos centrais da plen\u00e1ria foi a palestra do Pe. Gild\u00e1sio Mendes dos Santos &nbsp; O UniSALESIANO realizou, no \u00faltimo s\u00e1bado, dia 31 de&#8230;<\/p>\n","protected":false},"author":1,"featured_media":13915,"comment_status":"closed","ping_status":"closed","sticky":false,"template":"","format":"standard","meta":{"_acf_changed":false,"footnotes":""},"categories":[3],"tags":[],"class_list":["post-13908","post","type-post","status-publish","format-standard","has-post-thumbnail","hentry","category-not"],"acf":[],"yoast_head":"<!-- This site is optimized with the Yoast SEO plugin v27.3 - https:\/\/yoast.com\/product\/yoast-seo-wordpress\/ -->\n<title>UniSALESIANO re\u00fane comunidade acad\u00eamica, apresenta audit\u00f3rio revitalizado e celebra Dom Bosco - Pastoral Universit\u00e1ria UniSALESIANO<\/title>\n<meta name=\"robots\" content=\"index, follow, max-snippet:-1, max-image-preview:large, max-video-preview:-1\" \/>\n<link rel=\"canonical\" href=\"https:\/\/unisale.com.br\/pastoral\/unisalesiano-reune-comunidade-academica-apresenta-auditorio-revitalizado-e-celebra-dom-bosco\/\" \/>\n<meta property=\"og:locale\" content=\"pt_BR\" \/>\n<meta property=\"og:type\" content=\"article\" \/>\n<meta property=\"og:title\" content=\"UniSALESIANO re\u00fane comunidade acad\u00eamica, apresenta audit\u00f3rio revitalizado e celebra Dom Bosco - Pastoral Universit\u00e1ria UniSALESIANO\" \/>\n<meta property=\"og:description\" content=\"Um dos momentos centrais da plen\u00e1ria foi a palestra do Pe. Gild\u00e1sio Mendes dos Santos &nbsp; O UniSALESIANO realizou, no \u00faltimo s\u00e1bado, dia 31 de...\" \/>\n<meta property=\"og:url\" content=\"https:\/\/unisale.com.br\/pastoral\/unisalesiano-reune-comunidade-academica-apresenta-auditorio-revitalizado-e-celebra-dom-bosco\/\" \/>\n<meta property=\"og:site_name\" content=\"Pastoral Universit\u00e1ria UniSALESIANO\" \/>\n<meta property=\"article:published_time\" content=\"2026-03-11T17:18:04+00:00\" \/>\n<meta property=\"og:image\" content=\"https:\/\/unisale.com.br\/pastoral\/wp-content\/uploads\/2026\/03\/WhatsApp-Image-2026-02-02-at-09.51.06-12-768x512-1.jpeg\" \/>\n\t<meta property=\"og:image:width\" content=\"750\" \/>\n\t<meta property=\"og:image:height\" content=\"500\" \/>\n\t<meta property=\"og:image:type\" content=\"image\/jpeg\" \/>\n<meta name=\"author\" content=\"pastoral\" \/>\n<meta name=\"twitter:card\" content=\"summary_large_image\" \/>\n<meta name=\"twitter:label1\" content=\"Escrito por\" \/>\n\t<meta name=\"twitter:data1\" content=\"pastoral\" \/>\n\t<meta name=\"twitter:label2\" content=\"Est. tempo de leitura\" \/>\n\t<meta name=\"twitter:data2\" content=\"4 minutos\" \/>\n<script type=\"application\/ld+json\" class=\"yoast-schema-graph\">{\"@context\":\"https:\\\/\\\/schema.org\",\"@graph\":[{\"@type\":\"Article\",\"@id\":\"https:\\\/\\\/unisale.com.br\\\/pastoral\\\/unisalesiano-reune-comunidade-academica-apresenta-auditorio-revitalizado-e-celebra-dom-bosco\\\/#article\",\"isPartOf\":{\"@id\":\"https:\\\/\\\/unisale.com.br\\\/pastoral\\\/unisalesiano-reune-comunidade-academica-apresenta-auditorio-revitalizado-e-celebra-dom-bosco\\\/\"},\"author\":{\"name\":\"pastoral\",\"@id\":\"https:\\\/\\\/unisale.com.br\\\/pastoral\\\/#\\\/schema\\\/person\\\/a16ba711a0f7dec9cb6b44563144d5a3\"},\"headline\":\"UniSALESIANO re\u00fane comunidade acad\u00eamica, apresenta audit\u00f3rio revitalizado e celebra Dom Bosco\",\"datePublished\":\"2026-03-11T17:18:04+00:00\",\"mainEntityOfPage\":{\"@id\":\"https:\\\/\\\/unisale.com.br\\\/pastoral\\\/unisalesiano-reune-comunidade-academica-apresenta-auditorio-revitalizado-e-celebra-dom-bosco\\\/\"},\"wordCount\":701,\"image\":{\"@id\":\"https:\\\/\\\/unisale.com.br\\\/pastoral\\\/unisalesiano-reune-comunidade-academica-apresenta-auditorio-revitalizado-e-celebra-dom-bosco\\\/#primaryimage\"},\"thumbnailUrl\":\"https:\\\/\\\/unisale.com.br\\\/pastoral\\\/wp-content\\\/uploads\\\/2026\\\/03\\\/WhatsApp-Image-2026-02-02-at-09.51.06-12-768x512-1.jpeg\",\"articleSection\":[\"Not\u00edcias\"],\"inLanguage\":\"pt-BR\"},{\"@type\":\"WebPage\",\"@id\":\"https:\\\/\\\/unisale.com.br\\\/pastoral\\\/unisalesiano-reune-comunidade-academica-apresenta-auditorio-revitalizado-e-celebra-dom-bosco\\\/\",\"url\":\"https:\\\/\\\/unisale.com.br\\\/pastoral\\\/unisalesiano-reune-comunidade-academica-apresenta-auditorio-revitalizado-e-celebra-dom-bosco\\\/\",\"name\":\"UniSALESIANO re\u00fane comunidade acad\u00eamica, apresenta audit\u00f3rio revitalizado e celebra Dom Bosco - Pastoral Universit\u00e1ria UniSALESIANO\",\"isPartOf\":{\"@id\":\"https:\\\/\\\/unisale.com.br\\\/pastoral\\\/#website\"},\"primaryImageOfPage\":{\"@id\":\"https:\\\/\\\/unisale.com.br\\\/pastoral\\\/unisalesiano-reune-comunidade-academica-apresenta-auditorio-revitalizado-e-celebra-dom-bosco\\\/#primaryimage\"},\"image\":{\"@id\":\"https:\\\/\\\/unisale.com.br\\\/pastoral\\\/unisalesiano-reune-comunidade-academica-apresenta-auditorio-revitalizado-e-celebra-dom-bosco\\\/#primaryimage\"},\"thumbnailUrl\":\"https:\\\/\\\/unisale.com.br\\\/pastoral\\\/wp-content\\\/uploads\\\/2026\\\/03\\\/WhatsApp-Image-2026-02-02-at-09.51.06-12-768x512-1.jpeg\",\"datePublished\":\"2026-03-11T17:18:04+00:00\",\"author\":{\"@id\":\"https:\\\/\\\/unisale.com.br\\\/pastoral\\\/#\\\/schema\\\/person\\\/a16ba711a0f7dec9cb6b44563144d5a3\"},\"inLanguage\":\"pt-BR\",\"potentialAction\":[{\"@type\":\"ReadAction\",\"target\":[\"https:\\\/\\\/unisale.com.br\\\/pastoral\\\/unisalesiano-reune-comunidade-academica-apresenta-auditorio-revitalizado-e-celebra-dom-bosco\\\/\"]}]},{\"@type\":\"ImageObject\",\"inLanguage\":\"pt-BR\",\"@id\":\"https:\\\/\\\/unisale.com.br\\\/pastoral\\\/unisalesiano-reune-comunidade-academica-apresenta-auditorio-revitalizado-e-celebra-dom-bosco\\\/#primaryimage\",\"url\":\"https:\\\/\\\/unisale.com.br\\\/pastoral\\\/wp-content\\\/uploads\\\/2026\\\/03\\\/WhatsApp-Image-2026-02-02-at-09.51.06-12-768x512-1.jpeg\",\"contentUrl\":\"https:\\\/\\\/unisale.com.br\\\/pastoral\\\/wp-content\\\/uploads\\\/2026\\\/03\\\/WhatsApp-Image-2026-02-02-at-09.51.06-12-768x512-1.jpeg\",\"width\":750,\"height\":500},{\"@type\":\"WebSite\",\"@id\":\"https:\\\/\\\/unisale.com.br\\\/pastoral\\\/#website\",\"url\":\"https:\\\/\\\/unisale.com.br\\\/pastoral\\\/\",\"name\":\"Pastoral Universit\u00e1ria UniSALESIANO\",\"description\":\"Site da Pastoral Universit\u00e1ria do UniSALESIANO\",\"potentialAction\":[{\"@type\":\"SearchAction\",\"target\":{\"@type\":\"EntryPoint\",\"urlTemplate\":\"https:\\\/\\\/unisale.com.br\\\/pastoral\\\/?s={search_term_string}\"},\"query-input\":{\"@type\":\"PropertyValueSpecification\",\"valueRequired\":true,\"valueName\":\"search_term_string\"}}],\"inLanguage\":\"pt-BR\"},{\"@type\":\"Person\",\"@id\":\"https:\\\/\\\/unisale.com.br\\\/pastoral\\\/#\\\/schema\\\/person\\\/a16ba711a0f7dec9cb6b44563144d5a3\",\"name\":\"pastoral\",\"url\":\"https:\\\/\\\/unisale.com.br\\\/pastoral\\\/author\\\/pastoral\\\/\"}]}<\/script>\n<!-- \/ Yoast SEO plugin. -->","yoast_head_json":{"title":"UniSALESIANO re\u00fane comunidade acad\u00eamica, apresenta audit\u00f3rio revitalizado e celebra Dom Bosco - Pastoral Universit\u00e1ria UniSALESIANO","robots":{"index":"index","follow":"follow","max-snippet":"max-snippet:-1","max-image-preview":"max-image-preview:large","max-video-preview":"max-video-preview:-1"},"canonical":"https:\/\/unisale.com.br\/pastoral\/unisalesiano-reune-comunidade-academica-apresenta-auditorio-revitalizado-e-celebra-dom-bosco\/","og_locale":"pt_BR","og_type":"article","og_title":"UniSALESIANO re\u00fane comunidade acad\u00eamica, apresenta audit\u00f3rio revitalizado e celebra Dom Bosco - Pastoral Universit\u00e1ria UniSALESIANO","og_description":"Um dos momentos centrais da plen\u00e1ria foi a palestra do Pe. Gild\u00e1sio Mendes dos Santos &nbsp; O UniSALESIANO realizou, no \u00faltimo s\u00e1bado, dia 31 de...","og_url":"https:\/\/unisale.com.br\/pastoral\/unisalesiano-reune-comunidade-academica-apresenta-auditorio-revitalizado-e-celebra-dom-bosco\/","og_site_name":"Pastoral Universit\u00e1ria UniSALESIANO","article_published_time":"2026-03-11T17:18:04+00:00","og_image":[{"width":750,"height":500,"url":"https:\/\/unisale.com.br\/pastoral\/wp-content\/uploads\/2026\/03\/WhatsApp-Image-2026-02-02-at-09.51.06-12-768x512-1.jpeg","type":"image\/jpeg"}],"author":"pastoral","twitter_card":"summary_large_image","twitter_misc":{"Escrito por":"pastoral","Est. tempo de leitura":"4 minutos"},"schema":{"@context":"https:\/\/schema.org","@graph":[{"@type":"Article","@id":"https:\/\/unisale.com.br\/pastoral\/unisalesiano-reune-comunidade-academica-apresenta-auditorio-revitalizado-e-celebra-dom-bosco\/#article","isPartOf":{"@id":"https:\/\/unisale.com.br\/pastoral\/unisalesiano-reune-comunidade-academica-apresenta-auditorio-revitalizado-e-celebra-dom-bosco\/"},"author":{"name":"pastoral","@id":"https:\/\/unisale.com.br\/pastoral\/#\/schema\/person\/a16ba711a0f7dec9cb6b44563144d5a3"},"headline":"UniSALESIANO re\u00fane comunidade acad\u00eamica, apresenta audit\u00f3rio revitalizado e celebra Dom Bosco","datePublished":"2026-03-11T17:18:04+00:00","mainEntityOfPage":{"@id":"https:\/\/unisale.com.br\/pastoral\/unisalesiano-reune-comunidade-academica-apresenta-auditorio-revitalizado-e-celebra-dom-bosco\/"},"wordCount":701,"image":{"@id":"https:\/\/unisale.com.br\/pastoral\/unisalesiano-reune-comunidade-academica-apresenta-auditorio-revitalizado-e-celebra-dom-bosco\/#primaryimage"},"thumbnailUrl":"https:\/\/unisale.com.br\/pastoral\/wp-content\/uploads\/2026\/03\/WhatsApp-Image-2026-02-02-at-09.51.06-12-768x512-1.jpeg","articleSection":["Not\u00edcias"],"inLanguage":"pt-BR"},{"@type":"WebPage","@id":"https:\/\/unisale.com.br\/pastoral\/unisalesiano-reune-comunidade-academica-apresenta-auditorio-revitalizado-e-celebra-dom-bosco\/","url":"https:\/\/unisale.com.br\/pastoral\/unisalesiano-reune-comunidade-academica-apresenta-auditorio-revitalizado-e-celebra-dom-bosco\/","name":"UniSALESIANO re\u00fane comunidade acad\u00eamica, apresenta audit\u00f3rio revitalizado e celebra Dom Bosco - Pastoral Universit\u00e1ria UniSALESIANO","isPartOf":{"@id":"https:\/\/unisale.com.br\/pastoral\/#website"},"primaryImageOfPage":{"@id":"https:\/\/unisale.com.br\/pastoral\/unisalesiano-reune-comunidade-academica-apresenta-auditorio-revitalizado-e-celebra-dom-bosco\/#primaryimage"},"image":{"@id":"https:\/\/unisale.com.br\/pastoral\/unisalesiano-reune-comunidade-academica-apresenta-auditorio-revitalizado-e-celebra-dom-bosco\/#primaryimage"},"thumbnailUrl":"https:\/\/unisale.com.br\/pastoral\/wp-content\/uploads\/2026\/03\/WhatsApp-Image-2026-02-02-at-09.51.06-12-768x512-1.jpeg","datePublished":"2026-03-11T17:18:04+00:00","author":{"@id":"https:\/\/unisale.com.br\/pastoral\/#\/schema\/person\/a16ba711a0f7dec9cb6b44563144d5a3"},"inLanguage":"pt-BR","potentialAction":[{"@type":"ReadAction","target":["https:\/\/unisale.com.br\/pastoral\/unisalesiano-reune-comunidade-academica-apresenta-auditorio-revitalizado-e-celebra-dom-bosco\/"]}]},{"@type":"ImageObject","inLanguage":"pt-BR","@id":"https:\/\/unisale.com.br\/pastoral\/unisalesiano-reune-comunidade-academica-apresenta-auditorio-revitalizado-e-celebra-dom-bosco\/#primaryimage","url":"https:\/\/unisale.com.br\/pastoral\/wp-content\/uploads\/2026\/03\/WhatsApp-Image-2026-02-02-at-09.51.06-12-768x512-1.jpeg","contentUrl":"https:\/\/unisale.com.br\/pastoral\/wp-content\/uploads\/2026\/03\/WhatsApp-Image-2026-02-02-at-09.51.06-12-768x512-1.jpeg","width":750,"height":500},{"@type":"WebSite","@id":"https:\/\/unisale.com.br\/pastoral\/#website","url":"https:\/\/unisale.com.br\/pastoral\/","name":"Pastoral Universit\u00e1ria UniSALESIANO","description":"Site da Pastoral Universit\u00e1ria do UniSALESIANO","potentialAction":[{"@type":"SearchAction","target":{"@type":"EntryPoint","urlTemplate":"https:\/\/unisale.com.br\/pastoral\/?s={search_term_string}"},"query-input":{"@type":"PropertyValueSpecification","valueRequired":true,"valueName":"search_term_string"}}],"inLanguage":"pt-BR"},{"@type":"Person","@id":"https:\/\/unisale.com.br\/pastoral\/#\/schema\/person\/a16ba711a0f7dec9cb6b44563144d5a3","name":"pastoral","url":"https:\/\/unisale.com.br\/pastoral\/author\/pastoral\/"}]}},"_links":{"self":[{"href":"https:\/\/unisale.com.br\/pastoral\/wp-json\/wp\/v2\/posts\/13908","targetHints":{"allow":["GET"]}}],"collection":[{"href":"https:\/\/unisale.com.br\/pastoral\/wp-json\/wp\/v2\/posts"}],"about":[{"href":"https:\/\/unisale.com.br\/pastoral\/wp-json\/wp\/v2\/types\/post"}],"author":[{"embeddable":true,"href":"https:\/\/unisale.com.br\/pastoral\/wp-json\/wp\/v2\/users\/1"}],"replies":[{"embeddable":true,"href":"https:\/\/unisale.com.br\/pastoral\/wp-json\/wp\/v2\/comments?post=13908"}],"version-history":[{"count":2,"href":"https:\/\/unisale.com.br\/pastoral\/wp-json\/wp\/v2\/posts\/13908\/revisions"}],"predecessor-version":[{"id":13931,"href":"https:\/\/unisale.com.br\/pastoral\/wp-json\/wp\/v2\/posts\/13908\/revisions\/13931"}],"wp:featuredmedia":[{"embeddable":true,"href":"https:\/\/unisale.com.br\/pastoral\/wp-json\/wp\/v2\/media\/13915"}],"wp:attachment":[{"href":"https:\/\/unisale.com.br\/pastoral\/wp-json\/wp\/v2\/media?parent=13908"}],"wp:term":[{"taxonomy":"category","embeddable":true,"href":"https:\/\/unisale.com.br\/pastoral\/wp-json\/wp\/v2\/categories?post=13908"},{"taxonomy":"post_tag","embeddable":true,"href":"https:\/\/unisale.com.br\/pastoral\/wp-json\/wp\/v2\/tags?post=13908"}],"curies":[{"name":"wp","href":"https:\/\/api.w.org\/{rel}","templated":true}]}}