{"id":14030,"date":"2026-03-16T19:18:06","date_gmt":"2026-03-16T19:18:06","guid":{"rendered":"https:\/\/unisale.com.br\/pastoral\/?p=14030"},"modified":"2026-03-16T19:40:31","modified_gmt":"2026-03-16T19:40:31","slug":"17-03-levanta-te-pega-a-tua-cama-e-anda","status":"publish","type":"post","link":"https:\/\/unisale.com.br\/pastoral\/17-03-levanta-te-pega-a-tua-cama-e-anda\/","title":{"rendered":"17\/03 &#8211; Levanta-te, pega a tua cama e anda."},"content":{"rendered":"<p>Ter\u00e7a-feira, 17 de mar\u00e7o de 2026.<\/p>\n<p>&nbsp;<\/p>\n<p>Evangelho (Jo 5,1-16)<\/p>\n<p>&nbsp;<\/p>\n<p><strong>\u201cLevanta-te, pega a tua cama e anda\u201d<\/strong><\/p>\n<p>&nbsp;<\/p>\n<p><sup>1<\/sup>Houve uma festa dos judeus, e Jesus foi a Jerusal\u00e9m. <sup>2<\/sup>Existe em Jerusal\u00e9m, perto da porta das Ovelhas, uma piscina com cinco p\u00f3rticos, chamada Betesda em hebraico. <sup>3<\/sup>Muitos doentes ficavam ali deitados &#8211; cegos, coxos e paral\u00edticos -, esperando que a \u00e1gua se movesse. <sup>4<\/sup>De fato, uma anjo descia, de vez em quando, e movimentava a \u00e1gua da piscina, e o primeiro doente que a\u00ed entrasse, depois do borbulhar da \u00e1gua, ficava curado de qualquer doen\u00e7a que tivesse. <sup>5<\/sup>A\u00ed se encontrava um homem, que estava doente havia trinta e oito anos. <sup>6<\/sup>Jesus viu o homem deitado e sabendo que estava doente h\u00e1 tanto tempo, disse-lhe: &#8216;Queres ficar curado?&#8217; <sup>7<\/sup>O doente respondeu: &#8216;Senhor, n\u00e3o tenho ningu\u00e9m que me leve \u00e0 piscina, quando a \u00e1gua \u00e9 agitada. Quando estou chegando, outro entra na minha frente&#8217;. <sup>8<\/sup>Jesus disse: &#8216;Levanta-te, pega na tua cama e anda.&#8217; <sup>9<\/sup>No mesmo instante, o homem ficou curado, pegou na sua cama e come\u00e7ou a andar. Ora, esse dia era um s\u00e1bado. <sup>10<\/sup>Por isso, os judeus disseram ao homem que tinha sido curado: &#8216;\u00c9 s\u00e1bado! N\u00e3o te \u00e9 permitido carregar tua cama.&#8217; <sup>11<\/sup>Ele respondeu-lhes: &#8216;Aquele que me curou disse: &#8216;Pega tua cama e anda&#8217;.&#8217; <sup>12<\/sup>Ent\u00e3o lhe perguntaram: &#8216;Quem \u00e9 que te disse: &#8216;Pega tua cama e anda?&#8217; <sup>13<\/sup>O homem que tinha sido curado n\u00e3o sabia quem fora, pois Jesus se tinha afastado da multid\u00e3o que se encontrava naquele lugar. <sup>14<\/sup>Mais tarde, Jesus encontrou o homem no Templo e lhe disse: &#8216;Eis que est\u00e1s curado. N\u00e3o voltes a pecar, para que n\u00e3o te aconte\u00e7a coisa pior&#8217;. <sup>15<\/sup>Ent\u00e3o o homem saiu e contou aos judeus que tinha sido Jesus quem o havia curado. <sup>16<\/sup>Por isso, os judeus come\u00e7aram a perseguir Jesus, porque fazia tais coisas em dia de s\u00e1bado.<\/p>\n<p>&nbsp;<\/p>\n<p><strong>Reflex\u00e3o<\/strong><\/p>\n<p><strong>\u00a0<\/strong><\/p>\n<p>Mais uma vez Jesus cura em dia de s\u00e1bado. Jesus n\u00e3o deseja abolir a lei do s\u00e1bado, que para os hebreus era sacra do ponto de vista social tinha um valor ben\u00e9fico, como hoje tem as festas crist\u00e3s. Mas a rela\u00e7\u00e3o de Jesus com rela\u00e7\u00e3o as prescri\u00e7\u00f5es do Antigo Testamento \u00e9 sempre a mesma: precisa retornar \u00e0 raiz de toda prescri\u00e7\u00e3o e restabelecer o significado original pela qual foi inspirada. O s\u00e1bado foi introduzido para dar a cada um o tempo para elevar a mente a Deus. O movimento do corpo talvez pudesse ser um obst\u00e1culo para isso, mas por certo, atrapalhava muito menos do que os pensamentos maldosos e as paix\u00f5es desordenadas. Em que consistia o pecado deste homem paral\u00edtico do evangelho? A sua paralisia era castigo por algo que fez? O evangelho n\u00e3o nos diz. A paralisia pode atingir a todos n\u00f3s, ela pode ser causada pela avareza, pela lux\u00faria, pela ira, inveja&#8230; Para quem n\u00e3o vai a igreja a tanto tempo \u00e9 um supl\u00edcio participar da missa. Confessar depois de muitos anos \u00e9 um problema. A quem parou de rezar, as palavras das ora\u00e7\u00f5es mais simples parecem incompreens\u00edveis. Precisa de muita for\u00e7a de vontade para voltar a fazer estas experi\u00eancias e entender que n\u00e3o assim t\u00e3o dif\u00edcil como parece. Mas em muitos casos precisa de um verdadeiro milagre da gra\u00e7a para impelir o homem a se levantar e caminhar. Os primeiros crist\u00e3os se sentiam liberados das prescri\u00e7\u00f5es judaicas sobre o s\u00e1bado. Mas com o tempo introduziram o repouso do domingo que, por\u00e9m, n\u00e3o era tanto uma suspens\u00e3o de cada movimento, quanto da fadiga do trabalho cotidiano. Ent\u00e3o, qual o sentido do domingo? Em quase todo o mundo o domingo se tornou um fim de semana de repouso observado por todos. Se tornou at\u00e9 prescrito por lei. Mas os crist\u00e3os acreditam, como diz Santo Agostinho, que o cora\u00e7\u00e3o humano n\u00e3o encontrar\u00e1 repouso enquanto n\u00e3o repousar em Deus. O que conta realmente \u00e9 que os domingos e festas religiosas n\u00e3o percam o seu verdadeiro significado religioso e n\u00e3o se tornem ocasi\u00e3o de confus\u00e3o.<\/p>\n<p><strong>Pe. Paulo Eduardo J\u00e1como, SDB.\u00a0<\/strong><\/p>\n","protected":false},"excerpt":{"rendered":"<p>Ter\u00e7a-feira, 17 de mar\u00e7o de 2026. &nbsp; Evangelho (Jo 5,1-16) &nbsp; \u201cLevanta-te, pega a tua cama e anda\u201d &nbsp; 1Houve uma festa dos judeus, e&#8230;<\/p>\n","protected":false},"author":1,"featured_media":14031,"comment_status":"closed","ping_status":"closed","sticky":false,"template":"","format":"standard","meta":{"_acf_changed":false,"footnotes":""},"categories":[13],"tags":[],"class_list":["post-14030","post","type-post","status-publish","format-standard","has-post-thumbnail","hentry","category-reflexaodoevagelho"],"acf":[],"yoast_head":"<!-- This site is optimized with the Yoast SEO plugin v27.3 - https:\/\/yoast.com\/product\/yoast-seo-wordpress\/ -->\n<title>17\/03 - Levanta-te, pega a tua cama e anda. - Pastoral Universit\u00e1ria UniSALESIANO<\/title>\n<meta name=\"robots\" content=\"index, follow, max-snippet:-1, max-image-preview:large, max-video-preview:-1\" \/>\n<link rel=\"canonical\" href=\"https:\/\/unisale.com.br\/pastoral\/17-03-levanta-te-pega-a-tua-cama-e-anda\/\" \/>\n<meta property=\"og:locale\" content=\"pt_BR\" \/>\n<meta property=\"og:type\" content=\"article\" \/>\n<meta property=\"og:title\" content=\"17\/03 - Levanta-te, pega a tua cama e anda. - Pastoral Universit\u00e1ria UniSALESIANO\" \/>\n<meta property=\"og:description\" content=\"Ter\u00e7a-feira, 17 de mar\u00e7o de 2026. &nbsp; Evangelho (Jo 5,1-16) &nbsp; \u201cLevanta-te, pega a tua cama e anda\u201d &nbsp; 1Houve uma festa dos judeus, e...\" \/>\n<meta property=\"og:url\" content=\"https:\/\/unisale.com.br\/pastoral\/17-03-levanta-te-pega-a-tua-cama-e-anda\/\" \/>\n<meta property=\"og:site_name\" content=\"Pastoral Universit\u00e1ria UniSALESIANO\" \/>\n<meta property=\"article:published_time\" content=\"2026-03-16T19:18:06+00:00\" \/>\n<meta property=\"article:modified_time\" content=\"2026-03-16T19:40:31+00:00\" \/>\n<meta property=\"og:image\" content=\"https:\/\/unisale.com.br\/pastoral\/wp-content\/uploads\/2026\/03\/ChatGPT-Image-16-de-mar.-de-2026-16_16_30.jpg\" \/>\n\t<meta property=\"og:image:width\" content=\"500\" \/>\n\t<meta property=\"og:image:height\" content=\"500\" \/>\n\t<meta property=\"og:image:type\" content=\"image\/jpeg\" \/>\n<meta name=\"author\" content=\"pastoral\" \/>\n<meta name=\"twitter:card\" content=\"summary_large_image\" \/>\n<meta name=\"twitter:label1\" content=\"Escrito por\" \/>\n\t<meta name=\"twitter:data1\" content=\"pastoral\" \/>\n\t<meta name=\"twitter:label2\" content=\"Est. tempo de leitura\" \/>\n\t<meta name=\"twitter:data2\" content=\"4 minutos\" \/>\n<script type=\"application\/ld+json\" class=\"yoast-schema-graph\">{\"@context\":\"https:\\\/\\\/schema.org\",\"@graph\":[{\"@type\":\"Article\",\"@id\":\"https:\\\/\\\/unisale.com.br\\\/pastoral\\\/17-03-levanta-te-pega-a-tua-cama-e-anda\\\/#article\",\"isPartOf\":{\"@id\":\"https:\\\/\\\/unisale.com.br\\\/pastoral\\\/17-03-levanta-te-pega-a-tua-cama-e-anda\\\/\"},\"author\":{\"name\":\"pastoral\",\"@id\":\"https:\\\/\\\/unisale.com.br\\\/pastoral\\\/#\\\/schema\\\/person\\\/a16ba711a0f7dec9cb6b44563144d5a3\"},\"headline\":\"17\\\/03 &#8211; Levanta-te, pega a tua cama e anda.\",\"datePublished\":\"2026-03-16T19:18:06+00:00\",\"dateModified\":\"2026-03-16T19:40:31+00:00\",\"mainEntityOfPage\":{\"@id\":\"https:\\\/\\\/unisale.com.br\\\/pastoral\\\/17-03-levanta-te-pega-a-tua-cama-e-anda\\\/\"},\"wordCount\":720,\"image\":{\"@id\":\"https:\\\/\\\/unisale.com.br\\\/pastoral\\\/17-03-levanta-te-pega-a-tua-cama-e-anda\\\/#primaryimage\"},\"thumbnailUrl\":\"https:\\\/\\\/unisale.com.br\\\/pastoral\\\/wp-content\\\/uploads\\\/2026\\\/03\\\/ChatGPT-Image-16-de-mar.-de-2026-16_16_30.jpg\",\"articleSection\":[\"Reflex\u00e3o do Evangelho\"],\"inLanguage\":\"pt-BR\"},{\"@type\":\"WebPage\",\"@id\":\"https:\\\/\\\/unisale.com.br\\\/pastoral\\\/17-03-levanta-te-pega-a-tua-cama-e-anda\\\/\",\"url\":\"https:\\\/\\\/unisale.com.br\\\/pastoral\\\/17-03-levanta-te-pega-a-tua-cama-e-anda\\\/\",\"name\":\"17\\\/03 - Levanta-te, pega a tua cama e anda. - Pastoral Universit\u00e1ria UniSALESIANO\",\"isPartOf\":{\"@id\":\"https:\\\/\\\/unisale.com.br\\\/pastoral\\\/#website\"},\"primaryImageOfPage\":{\"@id\":\"https:\\\/\\\/unisale.com.br\\\/pastoral\\\/17-03-levanta-te-pega-a-tua-cama-e-anda\\\/#primaryimage\"},\"image\":{\"@id\":\"https:\\\/\\\/unisale.com.br\\\/pastoral\\\/17-03-levanta-te-pega-a-tua-cama-e-anda\\\/#primaryimage\"},\"thumbnailUrl\":\"https:\\\/\\\/unisale.com.br\\\/pastoral\\\/wp-content\\\/uploads\\\/2026\\\/03\\\/ChatGPT-Image-16-de-mar.-de-2026-16_16_30.jpg\",\"datePublished\":\"2026-03-16T19:18:06+00:00\",\"dateModified\":\"2026-03-16T19:40:31+00:00\",\"author\":{\"@id\":\"https:\\\/\\\/unisale.com.br\\\/pastoral\\\/#\\\/schema\\\/person\\\/a16ba711a0f7dec9cb6b44563144d5a3\"},\"inLanguage\":\"pt-BR\",\"potentialAction\":[{\"@type\":\"ReadAction\",\"target\":[\"https:\\\/\\\/unisale.com.br\\\/pastoral\\\/17-03-levanta-te-pega-a-tua-cama-e-anda\\\/\"]}]},{\"@type\":\"ImageObject\",\"inLanguage\":\"pt-BR\",\"@id\":\"https:\\\/\\\/unisale.com.br\\\/pastoral\\\/17-03-levanta-te-pega-a-tua-cama-e-anda\\\/#primaryimage\",\"url\":\"https:\\\/\\\/unisale.com.br\\\/pastoral\\\/wp-content\\\/uploads\\\/2026\\\/03\\\/ChatGPT-Image-16-de-mar.-de-2026-16_16_30.jpg\",\"contentUrl\":\"https:\\\/\\\/unisale.com.br\\\/pastoral\\\/wp-content\\\/uploads\\\/2026\\\/03\\\/ChatGPT-Image-16-de-mar.-de-2026-16_16_30.jpg\",\"width\":500,\"height\":500},{\"@type\":\"WebSite\",\"@id\":\"https:\\\/\\\/unisale.com.br\\\/pastoral\\\/#website\",\"url\":\"https:\\\/\\\/unisale.com.br\\\/pastoral\\\/\",\"name\":\"Pastoral Universit\u00e1ria UniSALESIANO\",\"description\":\"Site da Pastoral Universit\u00e1ria do UniSALESIANO\",\"potentialAction\":[{\"@type\":\"SearchAction\",\"target\":{\"@type\":\"EntryPoint\",\"urlTemplate\":\"https:\\\/\\\/unisale.com.br\\\/pastoral\\\/?s={search_term_string}\"},\"query-input\":{\"@type\":\"PropertyValueSpecification\",\"valueRequired\":true,\"valueName\":\"search_term_string\"}}],\"inLanguage\":\"pt-BR\"},{\"@type\":\"Person\",\"@id\":\"https:\\\/\\\/unisale.com.br\\\/pastoral\\\/#\\\/schema\\\/person\\\/a16ba711a0f7dec9cb6b44563144d5a3\",\"name\":\"pastoral\",\"url\":\"https:\\\/\\\/unisale.com.br\\\/pastoral\\\/author\\\/pastoral\\\/\"}]}<\/script>\n<!-- \/ Yoast SEO plugin. -->","yoast_head_json":{"title":"17\/03 - Levanta-te, pega a tua cama e anda. - Pastoral Universit\u00e1ria UniSALESIANO","robots":{"index":"index","follow":"follow","max-snippet":"max-snippet:-1","max-image-preview":"max-image-preview:large","max-video-preview":"max-video-preview:-1"},"canonical":"https:\/\/unisale.com.br\/pastoral\/17-03-levanta-te-pega-a-tua-cama-e-anda\/","og_locale":"pt_BR","og_type":"article","og_title":"17\/03 - Levanta-te, pega a tua cama e anda. - Pastoral Universit\u00e1ria UniSALESIANO","og_description":"Ter\u00e7a-feira, 17 de mar\u00e7o de 2026. &nbsp; Evangelho (Jo 5,1-16) &nbsp; \u201cLevanta-te, pega a tua cama e anda\u201d &nbsp; 1Houve uma festa dos judeus, e...","og_url":"https:\/\/unisale.com.br\/pastoral\/17-03-levanta-te-pega-a-tua-cama-e-anda\/","og_site_name":"Pastoral Universit\u00e1ria UniSALESIANO","article_published_time":"2026-03-16T19:18:06+00:00","article_modified_time":"2026-03-16T19:40:31+00:00","og_image":[{"width":500,"height":500,"url":"https:\/\/unisale.com.br\/pastoral\/wp-content\/uploads\/2026\/03\/ChatGPT-Image-16-de-mar.-de-2026-16_16_30.jpg","type":"image\/jpeg"}],"author":"pastoral","twitter_card":"summary_large_image","twitter_misc":{"Escrito por":"pastoral","Est. tempo de leitura":"4 minutos"},"schema":{"@context":"https:\/\/schema.org","@graph":[{"@type":"Article","@id":"https:\/\/unisale.com.br\/pastoral\/17-03-levanta-te-pega-a-tua-cama-e-anda\/#article","isPartOf":{"@id":"https:\/\/unisale.com.br\/pastoral\/17-03-levanta-te-pega-a-tua-cama-e-anda\/"},"author":{"name":"pastoral","@id":"https:\/\/unisale.com.br\/pastoral\/#\/schema\/person\/a16ba711a0f7dec9cb6b44563144d5a3"},"headline":"17\/03 &#8211; Levanta-te, pega a tua cama e anda.","datePublished":"2026-03-16T19:18:06+00:00","dateModified":"2026-03-16T19:40:31+00:00","mainEntityOfPage":{"@id":"https:\/\/unisale.com.br\/pastoral\/17-03-levanta-te-pega-a-tua-cama-e-anda\/"},"wordCount":720,"image":{"@id":"https:\/\/unisale.com.br\/pastoral\/17-03-levanta-te-pega-a-tua-cama-e-anda\/#primaryimage"},"thumbnailUrl":"https:\/\/unisale.com.br\/pastoral\/wp-content\/uploads\/2026\/03\/ChatGPT-Image-16-de-mar.-de-2026-16_16_30.jpg","articleSection":["Reflex\u00e3o do Evangelho"],"inLanguage":"pt-BR"},{"@type":"WebPage","@id":"https:\/\/unisale.com.br\/pastoral\/17-03-levanta-te-pega-a-tua-cama-e-anda\/","url":"https:\/\/unisale.com.br\/pastoral\/17-03-levanta-te-pega-a-tua-cama-e-anda\/","name":"17\/03 - Levanta-te, pega a tua cama e anda. - Pastoral Universit\u00e1ria UniSALESIANO","isPartOf":{"@id":"https:\/\/unisale.com.br\/pastoral\/#website"},"primaryImageOfPage":{"@id":"https:\/\/unisale.com.br\/pastoral\/17-03-levanta-te-pega-a-tua-cama-e-anda\/#primaryimage"},"image":{"@id":"https:\/\/unisale.com.br\/pastoral\/17-03-levanta-te-pega-a-tua-cama-e-anda\/#primaryimage"},"thumbnailUrl":"https:\/\/unisale.com.br\/pastoral\/wp-content\/uploads\/2026\/03\/ChatGPT-Image-16-de-mar.-de-2026-16_16_30.jpg","datePublished":"2026-03-16T19:18:06+00:00","dateModified":"2026-03-16T19:40:31+00:00","author":{"@id":"https:\/\/unisale.com.br\/pastoral\/#\/schema\/person\/a16ba711a0f7dec9cb6b44563144d5a3"},"inLanguage":"pt-BR","potentialAction":[{"@type":"ReadAction","target":["https:\/\/unisale.com.br\/pastoral\/17-03-levanta-te-pega-a-tua-cama-e-anda\/"]}]},{"@type":"ImageObject","inLanguage":"pt-BR","@id":"https:\/\/unisale.com.br\/pastoral\/17-03-levanta-te-pega-a-tua-cama-e-anda\/#primaryimage","url":"https:\/\/unisale.com.br\/pastoral\/wp-content\/uploads\/2026\/03\/ChatGPT-Image-16-de-mar.-de-2026-16_16_30.jpg","contentUrl":"https:\/\/unisale.com.br\/pastoral\/wp-content\/uploads\/2026\/03\/ChatGPT-Image-16-de-mar.-de-2026-16_16_30.jpg","width":500,"height":500},{"@type":"WebSite","@id":"https:\/\/unisale.com.br\/pastoral\/#website","url":"https:\/\/unisale.com.br\/pastoral\/","name":"Pastoral Universit\u00e1ria UniSALESIANO","description":"Site da Pastoral Universit\u00e1ria do UniSALESIANO","potentialAction":[{"@type":"SearchAction","target":{"@type":"EntryPoint","urlTemplate":"https:\/\/unisale.com.br\/pastoral\/?s={search_term_string}"},"query-input":{"@type":"PropertyValueSpecification","valueRequired":true,"valueName":"search_term_string"}}],"inLanguage":"pt-BR"},{"@type":"Person","@id":"https:\/\/unisale.com.br\/pastoral\/#\/schema\/person\/a16ba711a0f7dec9cb6b44563144d5a3","name":"pastoral","url":"https:\/\/unisale.com.br\/pastoral\/author\/pastoral\/"}]}},"_links":{"self":[{"href":"https:\/\/unisale.com.br\/pastoral\/wp-json\/wp\/v2\/posts\/14030","targetHints":{"allow":["GET"]}}],"collection":[{"href":"https:\/\/unisale.com.br\/pastoral\/wp-json\/wp\/v2\/posts"}],"about":[{"href":"https:\/\/unisale.com.br\/pastoral\/wp-json\/wp\/v2\/types\/post"}],"author":[{"embeddable":true,"href":"https:\/\/unisale.com.br\/pastoral\/wp-json\/wp\/v2\/users\/1"}],"replies":[{"embeddable":true,"href":"https:\/\/unisale.com.br\/pastoral\/wp-json\/wp\/v2\/comments?post=14030"}],"version-history":[{"count":3,"href":"https:\/\/unisale.com.br\/pastoral\/wp-json\/wp\/v2\/posts\/14030\/revisions"}],"predecessor-version":[{"id":14034,"href":"https:\/\/unisale.com.br\/pastoral\/wp-json\/wp\/v2\/posts\/14030\/revisions\/14034"}],"wp:featuredmedia":[{"embeddable":true,"href":"https:\/\/unisale.com.br\/pastoral\/wp-json\/wp\/v2\/media\/14031"}],"wp:attachment":[{"href":"https:\/\/unisale.com.br\/pastoral\/wp-json\/wp\/v2\/media?parent=14030"}],"wp:term":[{"taxonomy":"category","embeddable":true,"href":"https:\/\/unisale.com.br\/pastoral\/wp-json\/wp\/v2\/categories?post=14030"},{"taxonomy":"post_tag","embeddable":true,"href":"https:\/\/unisale.com.br\/pastoral\/wp-json\/wp\/v2\/tags?post=14030"}],"curies":[{"name":"wp","href":"https:\/\/api.w.org\/{rel}","templated":true}]}}