{"id":14035,"date":"2026-03-17T18:35:35","date_gmt":"2026-03-17T18:35:35","guid":{"rendered":"https:\/\/unisale.com.br\/pastoral\/?p=14035"},"modified":"2026-03-17T18:35:35","modified_gmt":"2026-03-17T18:35:35","slug":"18-03-em-verdade-em-verdade-vos-digo-quem-ouve-a-minha-palavra-e-cre-naquele-que-me-enviou-possui-a-vida-eterna","status":"publish","type":"post","link":"https:\/\/unisale.com.br\/pastoral\/18-03-em-verdade-em-verdade-vos-digo-quem-ouve-a-minha-palavra-e-cre-naquele-que-me-enviou-possui-a-vida-eterna\/","title":{"rendered":"18\/03 &#8211; Em verdade, em verdade vos digo, quem ouve a minha palavra e cr\u00ea naquele que me enviou, possui a vida eterna."},"content":{"rendered":"<p>Quarta-feira, 18 de mar\u00e7o de 2026.<\/p>\n<p>&nbsp;<\/p>\n<p>Evangelho (Jo 5,17-30)<\/p>\n<p>&nbsp;<\/p>\n<p><strong>\u201cEm verdade, em verdade vos digo, quem ouve a minha palavra e cr\u00ea naquele que me enviou, possui a vida eterna.\u201d<\/strong><\/p>\n<p>&nbsp;<\/p>\n<p>Naquele tempo, <sup>17<\/sup>Jesus respondeu aos judeus: \u201cMeu Pai trabalha sempre, portanto tamb\u00e9m eu trabalho\u201d. <sup>18<\/sup>Ent\u00e3o, os judeus ainda mais procuravam mat\u00e1-lo, porque, al\u00e9m de violar o s\u00e1bado, chamava Deus o seu Pai, fazendo-se, assim, igual a Deus. <sup>19<\/sup>Tomando a palavra, Jesus disse aos judeus: \u201cEm verdade, em verdade vos digo, o Filho n\u00e3o pode fazer nada por si mesmo; ele faz apenas o que v\u00ea o Pai fazer. O que o Pai faz, o Filho o faz tamb\u00e9m. <sup>20<\/sup>O Pai ama o Filho e lhe mostra tudo o que ele mesmo faz. E lhe mostrar\u00e1 obras maiores ainda, de modo que ficareis admirados. <sup>21<\/sup>Assim como o Pai ressuscita os mortos e lhes d\u00e1 a vida, o Filho tamb\u00e9m d\u00e1 a vida a quem ele quer. <sup>22<\/sup>De fato, o Pai n\u00e3o julga ningu\u00e9m, mas ele deu ao Filho o poder de julgar, <sup>23<\/sup>para que todos honrem o Filho, assim como honram o Pai. Quem n\u00e3o honra o Filho, tamb\u00e9m n\u00e3o honra o Pai que o enviou. <sup>24<\/sup>Em verdade, em verdade vos digo, quem ouve a minha palavra e cr\u00ea naquele que me enviou, possui a vida eterna. N\u00e3o ser\u00e1 condenado, pois j\u00e1 passou da morte para a vida. <sup>25<\/sup>Em verdade, em verdade, eu vos digo: est\u00e1 chegando a hora, e j\u00e1 chegou, em que os mortos ouvir\u00e3o a voz do Filho de Deus e os que a ouvirem viver\u00e3o. <sup>26<\/sup>Porque, assim como o Pai possui a vida em si mesmo, do mesmo modo concedeu ao Filho possuir a vida em si mesmo. <sup>27<\/sup>Al\u00e9m disso, deu-lhe o poder de julgar, pois ele \u00e9 o Filho do Homem. <sup>28<\/sup>N\u00e3o fiqueis admirados com isso, porque vai chegar a hora em que todos os que est\u00e3o nos t\u00famulos ouvir\u00e3o a voz do Filho e sair\u00e3o: <sup>29<\/sup>aqueles que fizeram o bem, ressuscitar\u00e3o para a vida; e aqueles que praticaram o mal, para a condena\u00e7\u00e3o. <sup>30<\/sup>Eu n\u00e3o posso fazer nada por mim mesmo. Eu julgo conforme o que escuto, e meu julgamento \u00e9 justo, porque n\u00e3o procuro fazer a minha vontade, mas a vontade daquele que me enviou.<\/p>\n<p>&nbsp;<\/p>\n<p><strong>Reflex\u00e3o<\/strong><\/p>\n<p>&nbsp;<\/p>\n<p>Se quis\u00e9ssemos resumir todo o rancor acumulado dos Judeus nos confrontos com Jesus, encontrar\u00edamos tudo neste Evangelho de hoje: \u201cEnt\u00e3o, os judeus ainda mais procuravam mat\u00e1-lo, porque, al\u00e9m de violar o s\u00e1bado, chamava Deus o seu Pai, fazendo-se, assim, igual a Deus\u201d. Jesus se tornou insuport\u00e1vel porque considera Deus seu pai, infligindo toda aquela dist\u00e2ncia com a qual estavam acostumados seus contempor\u00e2neos. Na realidade esta dist\u00e2ncia \u00e9 o elemento que foi sempre comum a todas experi\u00eancia religiosas ao longo da hist\u00f3ria. Deus \u00e9 Deus justamente porque tem uma radical dist\u00e2ncia entre n\u00f3s e Ele. Jesus diminui esta dist\u00e2ncia e nos ensina atrav\u00e9s do seu testemunho de que Deus \u00e9 como \u00e9 em virtude do amor que tem por n\u00f3s e n\u00e3o simplesmente pela sua radical alteridade. Devemos nos perguntar se n\u00f3s cultivamos mais a dist\u00e2ncia d\u2019Ele do que a proximidade. O Deus distante muitas vezes corresponde \u00e0quela expectativa psicol\u00f3gica que \u00e9 a tranquilidade. O Deus de Jesus Cristo \u00e9 ao inv\u00e9s aquele Deus real que leva a s\u00e9rio cada homem e cada mulher na sua totalidade. Quando Jesus disse que Deus \u00e9 o seu Pai, faz esta afirma\u00e7\u00e3o n\u00e3o de maneira simb\u00f3lica a somente uma parte de si, mas a sua pessoa na totalidade. Por isso a ressurrei\u00e7\u00e3o \u00e9 algo que diz respeito tamb\u00e9m ao nosso corpo e n\u00e3o somente \u00e0 dimens\u00e3o da alma.<\/p>\n<p><strong>Pe. Paulo Eduardo J\u00e1como, SDB.<\/strong><\/p>\n","protected":false},"excerpt":{"rendered":"<p>Quarta-feira, 18 de mar\u00e7o de 2026. &nbsp; Evangelho (Jo 5,17-30) &nbsp; \u201cEm verdade, em verdade vos digo, quem ouve a minha palavra e cr\u00ea naquele&#8230;<\/p>\n","protected":false},"author":1,"featured_media":14036,"comment_status":"closed","ping_status":"closed","sticky":false,"template":"","format":"standard","meta":{"_acf_changed":false,"footnotes":""},"categories":[13],"tags":[],"class_list":["post-14035","post","type-post","status-publish","format-standard","has-post-thumbnail","hentry","category-reflexaodoevagelho"],"acf":[],"yoast_head":"<!-- This site is optimized with the Yoast SEO plugin v27.3 - https:\/\/yoast.com\/product\/yoast-seo-wordpress\/ -->\n<title>18\/03 - Em verdade, em verdade vos digo, quem ouve a minha palavra e cr\u00ea naquele que me enviou, possui a vida eterna. - Pastoral Universit\u00e1ria UniSALESIANO<\/title>\n<meta name=\"robots\" content=\"index, follow, max-snippet:-1, max-image-preview:large, max-video-preview:-1\" \/>\n<link rel=\"canonical\" href=\"https:\/\/unisale.com.br\/pastoral\/18-03-em-verdade-em-verdade-vos-digo-quem-ouve-a-minha-palavra-e-cre-naquele-que-me-enviou-possui-a-vida-eterna\/\" \/>\n<meta property=\"og:locale\" content=\"pt_BR\" \/>\n<meta property=\"og:type\" content=\"article\" \/>\n<meta property=\"og:title\" content=\"18\/03 - Em verdade, em verdade vos digo, quem ouve a minha palavra e cr\u00ea naquele que me enviou, possui a vida eterna. - Pastoral Universit\u00e1ria UniSALESIANO\" \/>\n<meta property=\"og:description\" content=\"Quarta-feira, 18 de mar\u00e7o de 2026. &nbsp; Evangelho (Jo 5,17-30) &nbsp; \u201cEm verdade, em verdade vos digo, quem ouve a minha palavra e cr\u00ea naquele...\" \/>\n<meta property=\"og:url\" content=\"https:\/\/unisale.com.br\/pastoral\/18-03-em-verdade-em-verdade-vos-digo-quem-ouve-a-minha-palavra-e-cre-naquele-que-me-enviou-possui-a-vida-eterna\/\" \/>\n<meta property=\"og:site_name\" content=\"Pastoral Universit\u00e1ria UniSALESIANO\" \/>\n<meta property=\"article:published_time\" content=\"2026-03-17T18:35:35+00:00\" \/>\n<meta property=\"og:image\" content=\"https:\/\/unisale.com.br\/pastoral\/wp-content\/uploads\/2026\/03\/ChatGPT-Image-17-de-mar.-de-2026-15_34_15.jpg\" \/>\n\t<meta property=\"og:image:width\" content=\"500\" \/>\n\t<meta property=\"og:image:height\" content=\"500\" \/>\n\t<meta property=\"og:image:type\" content=\"image\/jpeg\" \/>\n<meta name=\"author\" content=\"pastoral\" \/>\n<meta name=\"twitter:card\" content=\"summary_large_image\" \/>\n<meta name=\"twitter:label1\" content=\"Escrito por\" \/>\n\t<meta name=\"twitter:data1\" content=\"pastoral\" \/>\n\t<meta name=\"twitter:label2\" content=\"Est. tempo de leitura\" \/>\n\t<meta name=\"twitter:data2\" content=\"4 minutos\" \/>\n<script type=\"application\/ld+json\" class=\"yoast-schema-graph\">{\"@context\":\"https:\\\/\\\/schema.org\",\"@graph\":[{\"@type\":\"Article\",\"@id\":\"https:\\\/\\\/unisale.com.br\\\/pastoral\\\/18-03-em-verdade-em-verdade-vos-digo-quem-ouve-a-minha-palavra-e-cre-naquele-que-me-enviou-possui-a-vida-eterna\\\/#article\",\"isPartOf\":{\"@id\":\"https:\\\/\\\/unisale.com.br\\\/pastoral\\\/18-03-em-verdade-em-verdade-vos-digo-quem-ouve-a-minha-palavra-e-cre-naquele-que-me-enviou-possui-a-vida-eterna\\\/\"},\"author\":{\"name\":\"pastoral\",\"@id\":\"https:\\\/\\\/unisale.com.br\\\/pastoral\\\/#\\\/schema\\\/person\\\/a16ba711a0f7dec9cb6b44563144d5a3\"},\"headline\":\"18\\\/03 &#8211; Em verdade, em verdade vos digo, quem ouve a minha palavra e cr\u00ea naquele que me enviou, possui a vida eterna.\",\"datePublished\":\"2026-03-17T18:35:35+00:00\",\"mainEntityOfPage\":{\"@id\":\"https:\\\/\\\/unisale.com.br\\\/pastoral\\\/18-03-em-verdade-em-verdade-vos-digo-quem-ouve-a-minha-palavra-e-cre-naquele-que-me-enviou-possui-a-vida-eterna\\\/\"},\"wordCount\":675,\"image\":{\"@id\":\"https:\\\/\\\/unisale.com.br\\\/pastoral\\\/18-03-em-verdade-em-verdade-vos-digo-quem-ouve-a-minha-palavra-e-cre-naquele-que-me-enviou-possui-a-vida-eterna\\\/#primaryimage\"},\"thumbnailUrl\":\"https:\\\/\\\/unisale.com.br\\\/pastoral\\\/wp-content\\\/uploads\\\/2026\\\/03\\\/ChatGPT-Image-17-de-mar.-de-2026-15_34_15.jpg\",\"articleSection\":[\"Reflex\u00e3o do Evangelho\"],\"inLanguage\":\"pt-BR\"},{\"@type\":\"WebPage\",\"@id\":\"https:\\\/\\\/unisale.com.br\\\/pastoral\\\/18-03-em-verdade-em-verdade-vos-digo-quem-ouve-a-minha-palavra-e-cre-naquele-que-me-enviou-possui-a-vida-eterna\\\/\",\"url\":\"https:\\\/\\\/unisale.com.br\\\/pastoral\\\/18-03-em-verdade-em-verdade-vos-digo-quem-ouve-a-minha-palavra-e-cre-naquele-que-me-enviou-possui-a-vida-eterna\\\/\",\"name\":\"18\\\/03 - Em verdade, em verdade vos digo, quem ouve a minha palavra e cr\u00ea naquele que me enviou, possui a vida eterna. - Pastoral Universit\u00e1ria UniSALESIANO\",\"isPartOf\":{\"@id\":\"https:\\\/\\\/unisale.com.br\\\/pastoral\\\/#website\"},\"primaryImageOfPage\":{\"@id\":\"https:\\\/\\\/unisale.com.br\\\/pastoral\\\/18-03-em-verdade-em-verdade-vos-digo-quem-ouve-a-minha-palavra-e-cre-naquele-que-me-enviou-possui-a-vida-eterna\\\/#primaryimage\"},\"image\":{\"@id\":\"https:\\\/\\\/unisale.com.br\\\/pastoral\\\/18-03-em-verdade-em-verdade-vos-digo-quem-ouve-a-minha-palavra-e-cre-naquele-que-me-enviou-possui-a-vida-eterna\\\/#primaryimage\"},\"thumbnailUrl\":\"https:\\\/\\\/unisale.com.br\\\/pastoral\\\/wp-content\\\/uploads\\\/2026\\\/03\\\/ChatGPT-Image-17-de-mar.-de-2026-15_34_15.jpg\",\"datePublished\":\"2026-03-17T18:35:35+00:00\",\"author\":{\"@id\":\"https:\\\/\\\/unisale.com.br\\\/pastoral\\\/#\\\/schema\\\/person\\\/a16ba711a0f7dec9cb6b44563144d5a3\"},\"inLanguage\":\"pt-BR\",\"potentialAction\":[{\"@type\":\"ReadAction\",\"target\":[\"https:\\\/\\\/unisale.com.br\\\/pastoral\\\/18-03-em-verdade-em-verdade-vos-digo-quem-ouve-a-minha-palavra-e-cre-naquele-que-me-enviou-possui-a-vida-eterna\\\/\"]}]},{\"@type\":\"ImageObject\",\"inLanguage\":\"pt-BR\",\"@id\":\"https:\\\/\\\/unisale.com.br\\\/pastoral\\\/18-03-em-verdade-em-verdade-vos-digo-quem-ouve-a-minha-palavra-e-cre-naquele-que-me-enviou-possui-a-vida-eterna\\\/#primaryimage\",\"url\":\"https:\\\/\\\/unisale.com.br\\\/pastoral\\\/wp-content\\\/uploads\\\/2026\\\/03\\\/ChatGPT-Image-17-de-mar.-de-2026-15_34_15.jpg\",\"contentUrl\":\"https:\\\/\\\/unisale.com.br\\\/pastoral\\\/wp-content\\\/uploads\\\/2026\\\/03\\\/ChatGPT-Image-17-de-mar.-de-2026-15_34_15.jpg\",\"width\":500,\"height\":500},{\"@type\":\"WebSite\",\"@id\":\"https:\\\/\\\/unisale.com.br\\\/pastoral\\\/#website\",\"url\":\"https:\\\/\\\/unisale.com.br\\\/pastoral\\\/\",\"name\":\"Pastoral Universit\u00e1ria UniSALESIANO\",\"description\":\"Site da Pastoral Universit\u00e1ria do UniSALESIANO\",\"potentialAction\":[{\"@type\":\"SearchAction\",\"target\":{\"@type\":\"EntryPoint\",\"urlTemplate\":\"https:\\\/\\\/unisale.com.br\\\/pastoral\\\/?s={search_term_string}\"},\"query-input\":{\"@type\":\"PropertyValueSpecification\",\"valueRequired\":true,\"valueName\":\"search_term_string\"}}],\"inLanguage\":\"pt-BR\"},{\"@type\":\"Person\",\"@id\":\"https:\\\/\\\/unisale.com.br\\\/pastoral\\\/#\\\/schema\\\/person\\\/a16ba711a0f7dec9cb6b44563144d5a3\",\"name\":\"pastoral\",\"url\":\"https:\\\/\\\/unisale.com.br\\\/pastoral\\\/author\\\/pastoral\\\/\"}]}<\/script>\n<!-- \/ Yoast SEO plugin. -->","yoast_head_json":{"title":"18\/03 - Em verdade, em verdade vos digo, quem ouve a minha palavra e cr\u00ea naquele que me enviou, possui a vida eterna. - Pastoral Universit\u00e1ria UniSALESIANO","robots":{"index":"index","follow":"follow","max-snippet":"max-snippet:-1","max-image-preview":"max-image-preview:large","max-video-preview":"max-video-preview:-1"},"canonical":"https:\/\/unisale.com.br\/pastoral\/18-03-em-verdade-em-verdade-vos-digo-quem-ouve-a-minha-palavra-e-cre-naquele-que-me-enviou-possui-a-vida-eterna\/","og_locale":"pt_BR","og_type":"article","og_title":"18\/03 - Em verdade, em verdade vos digo, quem ouve a minha palavra e cr\u00ea naquele que me enviou, possui a vida eterna. - Pastoral Universit\u00e1ria UniSALESIANO","og_description":"Quarta-feira, 18 de mar\u00e7o de 2026. &nbsp; Evangelho (Jo 5,17-30) &nbsp; \u201cEm verdade, em verdade vos digo, quem ouve a minha palavra e cr\u00ea naquele...","og_url":"https:\/\/unisale.com.br\/pastoral\/18-03-em-verdade-em-verdade-vos-digo-quem-ouve-a-minha-palavra-e-cre-naquele-que-me-enviou-possui-a-vida-eterna\/","og_site_name":"Pastoral Universit\u00e1ria UniSALESIANO","article_published_time":"2026-03-17T18:35:35+00:00","og_image":[{"width":500,"height":500,"url":"https:\/\/unisale.com.br\/pastoral\/wp-content\/uploads\/2026\/03\/ChatGPT-Image-17-de-mar.-de-2026-15_34_15.jpg","type":"image\/jpeg"}],"author":"pastoral","twitter_card":"summary_large_image","twitter_misc":{"Escrito por":"pastoral","Est. tempo de leitura":"4 minutos"},"schema":{"@context":"https:\/\/schema.org","@graph":[{"@type":"Article","@id":"https:\/\/unisale.com.br\/pastoral\/18-03-em-verdade-em-verdade-vos-digo-quem-ouve-a-minha-palavra-e-cre-naquele-que-me-enviou-possui-a-vida-eterna\/#article","isPartOf":{"@id":"https:\/\/unisale.com.br\/pastoral\/18-03-em-verdade-em-verdade-vos-digo-quem-ouve-a-minha-palavra-e-cre-naquele-que-me-enviou-possui-a-vida-eterna\/"},"author":{"name":"pastoral","@id":"https:\/\/unisale.com.br\/pastoral\/#\/schema\/person\/a16ba711a0f7dec9cb6b44563144d5a3"},"headline":"18\/03 &#8211; Em verdade, em verdade vos digo, quem ouve a minha palavra e cr\u00ea naquele que me enviou, possui a vida eterna.","datePublished":"2026-03-17T18:35:35+00:00","mainEntityOfPage":{"@id":"https:\/\/unisale.com.br\/pastoral\/18-03-em-verdade-em-verdade-vos-digo-quem-ouve-a-minha-palavra-e-cre-naquele-que-me-enviou-possui-a-vida-eterna\/"},"wordCount":675,"image":{"@id":"https:\/\/unisale.com.br\/pastoral\/18-03-em-verdade-em-verdade-vos-digo-quem-ouve-a-minha-palavra-e-cre-naquele-que-me-enviou-possui-a-vida-eterna\/#primaryimage"},"thumbnailUrl":"https:\/\/unisale.com.br\/pastoral\/wp-content\/uploads\/2026\/03\/ChatGPT-Image-17-de-mar.-de-2026-15_34_15.jpg","articleSection":["Reflex\u00e3o do Evangelho"],"inLanguage":"pt-BR"},{"@type":"WebPage","@id":"https:\/\/unisale.com.br\/pastoral\/18-03-em-verdade-em-verdade-vos-digo-quem-ouve-a-minha-palavra-e-cre-naquele-que-me-enviou-possui-a-vida-eterna\/","url":"https:\/\/unisale.com.br\/pastoral\/18-03-em-verdade-em-verdade-vos-digo-quem-ouve-a-minha-palavra-e-cre-naquele-que-me-enviou-possui-a-vida-eterna\/","name":"18\/03 - Em verdade, em verdade vos digo, quem ouve a minha palavra e cr\u00ea naquele que me enviou, possui a vida eterna. - Pastoral Universit\u00e1ria UniSALESIANO","isPartOf":{"@id":"https:\/\/unisale.com.br\/pastoral\/#website"},"primaryImageOfPage":{"@id":"https:\/\/unisale.com.br\/pastoral\/18-03-em-verdade-em-verdade-vos-digo-quem-ouve-a-minha-palavra-e-cre-naquele-que-me-enviou-possui-a-vida-eterna\/#primaryimage"},"image":{"@id":"https:\/\/unisale.com.br\/pastoral\/18-03-em-verdade-em-verdade-vos-digo-quem-ouve-a-minha-palavra-e-cre-naquele-que-me-enviou-possui-a-vida-eterna\/#primaryimage"},"thumbnailUrl":"https:\/\/unisale.com.br\/pastoral\/wp-content\/uploads\/2026\/03\/ChatGPT-Image-17-de-mar.-de-2026-15_34_15.jpg","datePublished":"2026-03-17T18:35:35+00:00","author":{"@id":"https:\/\/unisale.com.br\/pastoral\/#\/schema\/person\/a16ba711a0f7dec9cb6b44563144d5a3"},"inLanguage":"pt-BR","potentialAction":[{"@type":"ReadAction","target":["https:\/\/unisale.com.br\/pastoral\/18-03-em-verdade-em-verdade-vos-digo-quem-ouve-a-minha-palavra-e-cre-naquele-que-me-enviou-possui-a-vida-eterna\/"]}]},{"@type":"ImageObject","inLanguage":"pt-BR","@id":"https:\/\/unisale.com.br\/pastoral\/18-03-em-verdade-em-verdade-vos-digo-quem-ouve-a-minha-palavra-e-cre-naquele-que-me-enviou-possui-a-vida-eterna\/#primaryimage","url":"https:\/\/unisale.com.br\/pastoral\/wp-content\/uploads\/2026\/03\/ChatGPT-Image-17-de-mar.-de-2026-15_34_15.jpg","contentUrl":"https:\/\/unisale.com.br\/pastoral\/wp-content\/uploads\/2026\/03\/ChatGPT-Image-17-de-mar.-de-2026-15_34_15.jpg","width":500,"height":500},{"@type":"WebSite","@id":"https:\/\/unisale.com.br\/pastoral\/#website","url":"https:\/\/unisale.com.br\/pastoral\/","name":"Pastoral Universit\u00e1ria UniSALESIANO","description":"Site da Pastoral Universit\u00e1ria do UniSALESIANO","potentialAction":[{"@type":"SearchAction","target":{"@type":"EntryPoint","urlTemplate":"https:\/\/unisale.com.br\/pastoral\/?s={search_term_string}"},"query-input":{"@type":"PropertyValueSpecification","valueRequired":true,"valueName":"search_term_string"}}],"inLanguage":"pt-BR"},{"@type":"Person","@id":"https:\/\/unisale.com.br\/pastoral\/#\/schema\/person\/a16ba711a0f7dec9cb6b44563144d5a3","name":"pastoral","url":"https:\/\/unisale.com.br\/pastoral\/author\/pastoral\/"}]}},"_links":{"self":[{"href":"https:\/\/unisale.com.br\/pastoral\/wp-json\/wp\/v2\/posts\/14035","targetHints":{"allow":["GET"]}}],"collection":[{"href":"https:\/\/unisale.com.br\/pastoral\/wp-json\/wp\/v2\/posts"}],"about":[{"href":"https:\/\/unisale.com.br\/pastoral\/wp-json\/wp\/v2\/types\/post"}],"author":[{"embeddable":true,"href":"https:\/\/unisale.com.br\/pastoral\/wp-json\/wp\/v2\/users\/1"}],"replies":[{"embeddable":true,"href":"https:\/\/unisale.com.br\/pastoral\/wp-json\/wp\/v2\/comments?post=14035"}],"version-history":[{"count":1,"href":"https:\/\/unisale.com.br\/pastoral\/wp-json\/wp\/v2\/posts\/14035\/revisions"}],"predecessor-version":[{"id":14037,"href":"https:\/\/unisale.com.br\/pastoral\/wp-json\/wp\/v2\/posts\/14035\/revisions\/14037"}],"wp:featuredmedia":[{"embeddable":true,"href":"https:\/\/unisale.com.br\/pastoral\/wp-json\/wp\/v2\/media\/14036"}],"wp:attachment":[{"href":"https:\/\/unisale.com.br\/pastoral\/wp-json\/wp\/v2\/media?parent=14035"}],"wp:term":[{"taxonomy":"category","embeddable":true,"href":"https:\/\/unisale.com.br\/pastoral\/wp-json\/wp\/v2\/categories?post=14035"},{"taxonomy":"post_tag","embeddable":true,"href":"https:\/\/unisale.com.br\/pastoral\/wp-json\/wp\/v2\/tags?post=14035"}],"curies":[{"name":"wp","href":"https:\/\/api.w.org\/{rel}","templated":true}]}}