{"id":14053,"date":"2026-03-20T18:51:06","date_gmt":"2026-03-20T18:51:06","guid":{"rendered":"https:\/\/unisale.com.br\/pastoral\/?p=14053"},"modified":"2026-03-20T18:51:06","modified_gmt":"2026-03-20T18:51:06","slug":"23-03-quem-dentre-vos-nao-tiver-pecado-seja-o-primeiro-a-atirar-lhe-uma-pedra","status":"publish","type":"post","link":"https:\/\/unisale.com.br\/pastoral\/23-03-quem-dentre-vos-nao-tiver-pecado-seja-o-primeiro-a-atirar-lhe-uma-pedra\/","title":{"rendered":"23\/03 &#8211; Quem dentre v\u00f3s n\u00e3o tiver pecado seja o primeiro a atirar-lhe uma pedra."},"content":{"rendered":"<p>Segunda-feira, 23 de mar\u00e7o de 2026.<\/p>\n<p>&nbsp;<\/p>\n<p>Evangelho (Jo 8,1-11)<\/p>\n<p>&nbsp;<\/p>\n<p><strong>\u201cQuem dentre v\u00f3s n\u00e3o tiver pecado seja o primeiro a atirar-lhe uma pedra\u201d<\/strong><\/p>\n<p>&nbsp;<\/p>\n<p>Naquele tempo, <sup>1<\/sup>Jesus foi para o monte das Oliveiras. <sup>2<\/sup>De madrugada, voltou de novo ao Templo. Todo o povo se reuniu em volta dele. Sentando-se, come\u00e7ou a ensin\u00e1-los. <sup>3<\/sup>Entretanto, os mestres da Lei e os fariseus trouxeram uma mulher surpreendida em adult\u00e9rio. Colocando a no meio deles, <sup>4<\/sup>disseram a Jesus: &#8216;Mestre, esta mulher foi surpreendida em flagrante adult\u00e9rio. <sup>5<\/sup>Mois\u00e9s na Lei mandou apedrejar tais mulheres. Que dizes tu?&#8217; <sup>6<\/sup>Perguntavam isso para experimentar Jesus e para terem motivo de o acusar. Mas Jesus, inclinando-se, come\u00e7ou a escrever com o dedo no ch\u00e3o. <sup>7<\/sup>Como persistissem em interrog\u00e1-lo, Jesus ergueu-se e disse: &#8216;Quem dentre v\u00f3s n\u00e3o tiver pecado, seja o primeiro a atirar-lhe uma pedra.&#8217; <sup>8<\/sup>E tornando a inclinar-se, continuou a escrever no ch\u00e3o. <sup>9<\/sup>E eles, ouvindo o que Jesus falou, foram saindo um a um, a come\u00e7ar pelos mais velhos; e Jesus ficou sozinho, com a mulher que estava l\u00e1, no meio do povo. <sup>10<\/sup>Ent\u00e3o Jesus se levantou e disse: &#8216;Mulher, onde est\u00e3o eles? Ningu\u00e9m te condenou?&#8217; <sup>11<\/sup>Ela respondeu: &#8216;Ningu\u00e9m, Senhor.&#8217; Ent\u00e3o Jesus lhe disse: &#8216;Eu tamb\u00e9m n\u00e3o te condeno. Podes ir, e de agora em diante n\u00e3o peques mais&#8217;.<\/p>\n<p>&nbsp;<\/p>\n<p><strong>Reflex\u00e3o<\/strong><\/p>\n<p>&nbsp;<\/p>\n<p>S\u00e3o Jo\u00e3o nos diz nas p\u00e1ginas do seu evangelho que Jesus \u00e9 amor. Ali\u00e1s, os evangelhos nos mostram que Jesus passou pela terra fazendo o bem. A sua morte na cruz foi o v\u00e9rtice da sua bondade, o v\u00e9rtice do seu amor: o ponto al\u00e9m do qual n\u00e3o se pode ir. Jesus mesmos diz: \u201cN\u00e3o tem amor maior do que aquele que d\u00e1 a vida\u201d. Mas porque Jesus agiu deste modo? Isso \u00e9 muito evidente, porque o amor \u00e9 a verdadeira for\u00e7a de Deus. Deus \u00e9 onipotente no amor e, com o amor, Deus enfrenta o nosso mal e o vence. N\u00f3s, no entanto, temos dificuldades em crer que o mal se vence com o bem, que a maldade se vence com a bondade, que o \u00f3dio se vence com o amor. Deixemo-nos educar pelo Senhor. Imaginemos a cena descrita no evangelho de hoje. Uma mulher pega em adult\u00e9rio com um homem que n\u00e3o era o seu marido. O fato era grave e era uma ofensa direta ao amor que Deus estava anunciando e estava manifestando com a sua vida. O adult\u00e9rio, de fato, n\u00e3o \u00e9 amor, mas uma trai\u00e7\u00e3o do amor, porque o amor verdadeiro \u00e9 fiel. E deste amor o matrim\u00f4nio deve ser um l\u00edmpido espelho. A mulher pega em adult\u00e9rio havia infligido a fidelidade e, portanto, havia sujado o amor. Aqueles que descobrem, gritam ao esc\u00e2ndalo e apanham pedras para apedrej\u00e1-la: assim se fazia e se faz onde n\u00e3o chegou o cristianismo. Mas algu\u00e9m se recorda que Jesus est\u00e1 em Jerusal\u00e9m e prop\u00f5e: \u201cVamos at\u00e9 ele e perguntemos-lhe o que devemos fazer!\u201d Vejamos como ele se safa. E jogam a mulher aos p\u00e9s de Jesus, que se encontrava pr\u00f3ximo ao Templo rodeado por tantas pessoas que o escutavam. E lhe dizem: \u201cMestre, esta mulher foi surpreendida em adult\u00e9rio. Mois\u00e9s, na Lei, mandou apedrejar tais mulheres. Que dizes tu?\u201d Jesus fica em sil\u00eancio e para tomar tempo come\u00e7a a escrever com o dedo sobre a terra. Jesus n\u00e3o tem pressa em condenar. Deus, de fato, antes de tudo, quer salvar, quer recuperar, quer reconstruir: se n\u00f3s lhe permitimos. E se alegra quando algu\u00e9m se levanta e recome\u00e7a. Jesus categoricamente afirmou: \u201cSe faz festa no c\u00e9u por um s\u00f3 pecador que se converte!\u201d Deus \u00e9 feliz em perdoar, quando encontra um cora\u00e7\u00e3o arrependido e aberto ao perd\u00e3o. Por\u00e9m, que seja clara uma quest\u00e3o: Jesus n\u00e3o aprova o que a mulher fez; Jesus n\u00e3o faz apologia ao pecado, n\u00e3o defende o pecado: ao contr\u00e1rio. Mas nem mesmo aprova a condena\u00e7\u00e3o hip\u00f3crita de quem queria golpear a mulher pecadora. E isto \u00e9 t\u00e3o frequente. Mas Deus n\u00e3o age assim. Eis a resposta corajosa de Jesus: \u201cQuereis conden\u00e1-la? Tudo bem! Agora comece quem n\u00e3o tem pecado!\u201d Talvez Jesus a este ponto, tenha levantado os olhos penetrantes que os fez sentirem-se pecadores, sujos. O que aconteceu? Come\u00e7aram a cair lentamente as pedras das m\u00e3os daqueles homens que come\u00e7aram a sair, um por um. Ficou somente Jesus e a mulher. E Jesus pergunta; \u201cMulher, ningu\u00e9m te condenou?\u201d E a mulher o olha e responde: \u201cNingu\u00e9m, Senhor!\u201d E Jesus com satisfa\u00e7\u00e3o conclui: \u201cNem eu te condeno! Por\u00e9m, v\u00e1 e n\u00e3o peques mais!\u201d<\/p>\n<p><strong>Pe. Paulo Eduardo J\u00e1como, SDB.\u00a0<\/strong><\/p>\n","protected":false},"excerpt":{"rendered":"<p>Segunda-feira, 23 de mar\u00e7o de 2026. &nbsp; Evangelho (Jo 8,1-11) &nbsp; \u201cQuem dentre v\u00f3s n\u00e3o tiver pecado seja o primeiro a atirar-lhe uma pedra\u201d &nbsp;&#8230;<\/p>\n","protected":false},"author":1,"featured_media":14054,"comment_status":"closed","ping_status":"closed","sticky":false,"template":"","format":"standard","meta":{"_acf_changed":false,"footnotes":""},"categories":[13],"tags":[],"class_list":["post-14053","post","type-post","status-publish","format-standard","has-post-thumbnail","hentry","category-reflexaodoevagelho"],"acf":[],"yoast_head":"<!-- This site is optimized with the Yoast SEO plugin v27.3 - https:\/\/yoast.com\/product\/yoast-seo-wordpress\/ -->\n<title>23\/03 - Quem dentre v\u00f3s n\u00e3o tiver pecado seja o primeiro a atirar-lhe uma pedra. - Pastoral Universit\u00e1ria UniSALESIANO<\/title>\n<meta name=\"robots\" content=\"index, follow, max-snippet:-1, max-image-preview:large, max-video-preview:-1\" \/>\n<link rel=\"canonical\" href=\"https:\/\/unisale.com.br\/pastoral\/23-03-quem-dentre-vos-nao-tiver-pecado-seja-o-primeiro-a-atirar-lhe-uma-pedra\/\" \/>\n<meta property=\"og:locale\" content=\"pt_BR\" \/>\n<meta property=\"og:type\" content=\"article\" \/>\n<meta property=\"og:title\" content=\"23\/03 - Quem dentre v\u00f3s n\u00e3o tiver pecado seja o primeiro a atirar-lhe uma pedra. - Pastoral Universit\u00e1ria UniSALESIANO\" \/>\n<meta property=\"og:description\" content=\"Segunda-feira, 23 de mar\u00e7o de 2026. &nbsp; Evangelho (Jo 8,1-11) &nbsp; \u201cQuem dentre v\u00f3s n\u00e3o tiver pecado seja o primeiro a atirar-lhe uma pedra\u201d &nbsp;...\" \/>\n<meta property=\"og:url\" content=\"https:\/\/unisale.com.br\/pastoral\/23-03-quem-dentre-vos-nao-tiver-pecado-seja-o-primeiro-a-atirar-lhe-uma-pedra\/\" \/>\n<meta property=\"og:site_name\" content=\"Pastoral Universit\u00e1ria UniSALESIANO\" \/>\n<meta property=\"article:published_time\" content=\"2026-03-20T18:51:06+00:00\" \/>\n<meta property=\"og:image\" content=\"https:\/\/unisale.com.br\/pastoral\/wp-content\/uploads\/2026\/03\/ChatGPT-Image-20-de-mar.-de-2026-15_48_18.jpg\" \/>\n\t<meta property=\"og:image:width\" content=\"500\" \/>\n\t<meta property=\"og:image:height\" content=\"500\" \/>\n\t<meta property=\"og:image:type\" content=\"image\/jpeg\" \/>\n<meta name=\"author\" content=\"pastoral\" \/>\n<meta name=\"twitter:card\" content=\"summary_large_image\" \/>\n<meta name=\"twitter:label1\" content=\"Escrito por\" \/>\n\t<meta name=\"twitter:data1\" content=\"pastoral\" \/>\n\t<meta name=\"twitter:label2\" content=\"Est. tempo de leitura\" \/>\n\t<meta name=\"twitter:data2\" content=\"5 minutos\" \/>\n<script type=\"application\/ld+json\" class=\"yoast-schema-graph\">{\"@context\":\"https:\\\/\\\/schema.org\",\"@graph\":[{\"@type\":\"Article\",\"@id\":\"https:\\\/\\\/unisale.com.br\\\/pastoral\\\/23-03-quem-dentre-vos-nao-tiver-pecado-seja-o-primeiro-a-atirar-lhe-uma-pedra\\\/#article\",\"isPartOf\":{\"@id\":\"https:\\\/\\\/unisale.com.br\\\/pastoral\\\/23-03-quem-dentre-vos-nao-tiver-pecado-seja-o-primeiro-a-atirar-lhe-uma-pedra\\\/\"},\"author\":{\"name\":\"pastoral\",\"@id\":\"https:\\\/\\\/unisale.com.br\\\/pastoral\\\/#\\\/schema\\\/person\\\/a16ba711a0f7dec9cb6b44563144d5a3\"},\"headline\":\"23\\\/03 &#8211; Quem dentre v\u00f3s n\u00e3o tiver pecado seja o primeiro a atirar-lhe uma pedra.\",\"datePublished\":\"2026-03-20T18:51:06+00:00\",\"mainEntityOfPage\":{\"@id\":\"https:\\\/\\\/unisale.com.br\\\/pastoral\\\/23-03-quem-dentre-vos-nao-tiver-pecado-seja-o-primeiro-a-atirar-lhe-uma-pedra\\\/\"},\"wordCount\":837,\"image\":{\"@id\":\"https:\\\/\\\/unisale.com.br\\\/pastoral\\\/23-03-quem-dentre-vos-nao-tiver-pecado-seja-o-primeiro-a-atirar-lhe-uma-pedra\\\/#primaryimage\"},\"thumbnailUrl\":\"https:\\\/\\\/unisale.com.br\\\/pastoral\\\/wp-content\\\/uploads\\\/2026\\\/03\\\/ChatGPT-Image-20-de-mar.-de-2026-15_48_18.jpg\",\"articleSection\":[\"Reflex\u00e3o do Evangelho\"],\"inLanguage\":\"pt-BR\"},{\"@type\":\"WebPage\",\"@id\":\"https:\\\/\\\/unisale.com.br\\\/pastoral\\\/23-03-quem-dentre-vos-nao-tiver-pecado-seja-o-primeiro-a-atirar-lhe-uma-pedra\\\/\",\"url\":\"https:\\\/\\\/unisale.com.br\\\/pastoral\\\/23-03-quem-dentre-vos-nao-tiver-pecado-seja-o-primeiro-a-atirar-lhe-uma-pedra\\\/\",\"name\":\"23\\\/03 - Quem dentre v\u00f3s n\u00e3o tiver pecado seja o primeiro a atirar-lhe uma pedra. - Pastoral Universit\u00e1ria UniSALESIANO\",\"isPartOf\":{\"@id\":\"https:\\\/\\\/unisale.com.br\\\/pastoral\\\/#website\"},\"primaryImageOfPage\":{\"@id\":\"https:\\\/\\\/unisale.com.br\\\/pastoral\\\/23-03-quem-dentre-vos-nao-tiver-pecado-seja-o-primeiro-a-atirar-lhe-uma-pedra\\\/#primaryimage\"},\"image\":{\"@id\":\"https:\\\/\\\/unisale.com.br\\\/pastoral\\\/23-03-quem-dentre-vos-nao-tiver-pecado-seja-o-primeiro-a-atirar-lhe-uma-pedra\\\/#primaryimage\"},\"thumbnailUrl\":\"https:\\\/\\\/unisale.com.br\\\/pastoral\\\/wp-content\\\/uploads\\\/2026\\\/03\\\/ChatGPT-Image-20-de-mar.-de-2026-15_48_18.jpg\",\"datePublished\":\"2026-03-20T18:51:06+00:00\",\"author\":{\"@id\":\"https:\\\/\\\/unisale.com.br\\\/pastoral\\\/#\\\/schema\\\/person\\\/a16ba711a0f7dec9cb6b44563144d5a3\"},\"inLanguage\":\"pt-BR\",\"potentialAction\":[{\"@type\":\"ReadAction\",\"target\":[\"https:\\\/\\\/unisale.com.br\\\/pastoral\\\/23-03-quem-dentre-vos-nao-tiver-pecado-seja-o-primeiro-a-atirar-lhe-uma-pedra\\\/\"]}]},{\"@type\":\"ImageObject\",\"inLanguage\":\"pt-BR\",\"@id\":\"https:\\\/\\\/unisale.com.br\\\/pastoral\\\/23-03-quem-dentre-vos-nao-tiver-pecado-seja-o-primeiro-a-atirar-lhe-uma-pedra\\\/#primaryimage\",\"url\":\"https:\\\/\\\/unisale.com.br\\\/pastoral\\\/wp-content\\\/uploads\\\/2026\\\/03\\\/ChatGPT-Image-20-de-mar.-de-2026-15_48_18.jpg\",\"contentUrl\":\"https:\\\/\\\/unisale.com.br\\\/pastoral\\\/wp-content\\\/uploads\\\/2026\\\/03\\\/ChatGPT-Image-20-de-mar.-de-2026-15_48_18.jpg\",\"width\":500,\"height\":500},{\"@type\":\"WebSite\",\"@id\":\"https:\\\/\\\/unisale.com.br\\\/pastoral\\\/#website\",\"url\":\"https:\\\/\\\/unisale.com.br\\\/pastoral\\\/\",\"name\":\"Pastoral Universit\u00e1ria UniSALESIANO\",\"description\":\"Site da Pastoral Universit\u00e1ria do UniSALESIANO\",\"potentialAction\":[{\"@type\":\"SearchAction\",\"target\":{\"@type\":\"EntryPoint\",\"urlTemplate\":\"https:\\\/\\\/unisale.com.br\\\/pastoral\\\/?s={search_term_string}\"},\"query-input\":{\"@type\":\"PropertyValueSpecification\",\"valueRequired\":true,\"valueName\":\"search_term_string\"}}],\"inLanguage\":\"pt-BR\"},{\"@type\":\"Person\",\"@id\":\"https:\\\/\\\/unisale.com.br\\\/pastoral\\\/#\\\/schema\\\/person\\\/a16ba711a0f7dec9cb6b44563144d5a3\",\"name\":\"pastoral\",\"url\":\"https:\\\/\\\/unisale.com.br\\\/pastoral\\\/author\\\/pastoral\\\/\"}]}<\/script>\n<!-- \/ Yoast SEO plugin. -->","yoast_head_json":{"title":"23\/03 - Quem dentre v\u00f3s n\u00e3o tiver pecado seja o primeiro a atirar-lhe uma pedra. - Pastoral Universit\u00e1ria UniSALESIANO","robots":{"index":"index","follow":"follow","max-snippet":"max-snippet:-1","max-image-preview":"max-image-preview:large","max-video-preview":"max-video-preview:-1"},"canonical":"https:\/\/unisale.com.br\/pastoral\/23-03-quem-dentre-vos-nao-tiver-pecado-seja-o-primeiro-a-atirar-lhe-uma-pedra\/","og_locale":"pt_BR","og_type":"article","og_title":"23\/03 - Quem dentre v\u00f3s n\u00e3o tiver pecado seja o primeiro a atirar-lhe uma pedra. - Pastoral Universit\u00e1ria UniSALESIANO","og_description":"Segunda-feira, 23 de mar\u00e7o de 2026. &nbsp; Evangelho (Jo 8,1-11) &nbsp; \u201cQuem dentre v\u00f3s n\u00e3o tiver pecado seja o primeiro a atirar-lhe uma pedra\u201d &nbsp;...","og_url":"https:\/\/unisale.com.br\/pastoral\/23-03-quem-dentre-vos-nao-tiver-pecado-seja-o-primeiro-a-atirar-lhe-uma-pedra\/","og_site_name":"Pastoral Universit\u00e1ria UniSALESIANO","article_published_time":"2026-03-20T18:51:06+00:00","og_image":[{"width":500,"height":500,"url":"https:\/\/unisale.com.br\/pastoral\/wp-content\/uploads\/2026\/03\/ChatGPT-Image-20-de-mar.-de-2026-15_48_18.jpg","type":"image\/jpeg"}],"author":"pastoral","twitter_card":"summary_large_image","twitter_misc":{"Escrito por":"pastoral","Est. tempo de leitura":"5 minutos"},"schema":{"@context":"https:\/\/schema.org","@graph":[{"@type":"Article","@id":"https:\/\/unisale.com.br\/pastoral\/23-03-quem-dentre-vos-nao-tiver-pecado-seja-o-primeiro-a-atirar-lhe-uma-pedra\/#article","isPartOf":{"@id":"https:\/\/unisale.com.br\/pastoral\/23-03-quem-dentre-vos-nao-tiver-pecado-seja-o-primeiro-a-atirar-lhe-uma-pedra\/"},"author":{"name":"pastoral","@id":"https:\/\/unisale.com.br\/pastoral\/#\/schema\/person\/a16ba711a0f7dec9cb6b44563144d5a3"},"headline":"23\/03 &#8211; Quem dentre v\u00f3s n\u00e3o tiver pecado seja o primeiro a atirar-lhe uma pedra.","datePublished":"2026-03-20T18:51:06+00:00","mainEntityOfPage":{"@id":"https:\/\/unisale.com.br\/pastoral\/23-03-quem-dentre-vos-nao-tiver-pecado-seja-o-primeiro-a-atirar-lhe-uma-pedra\/"},"wordCount":837,"image":{"@id":"https:\/\/unisale.com.br\/pastoral\/23-03-quem-dentre-vos-nao-tiver-pecado-seja-o-primeiro-a-atirar-lhe-uma-pedra\/#primaryimage"},"thumbnailUrl":"https:\/\/unisale.com.br\/pastoral\/wp-content\/uploads\/2026\/03\/ChatGPT-Image-20-de-mar.-de-2026-15_48_18.jpg","articleSection":["Reflex\u00e3o do Evangelho"],"inLanguage":"pt-BR"},{"@type":"WebPage","@id":"https:\/\/unisale.com.br\/pastoral\/23-03-quem-dentre-vos-nao-tiver-pecado-seja-o-primeiro-a-atirar-lhe-uma-pedra\/","url":"https:\/\/unisale.com.br\/pastoral\/23-03-quem-dentre-vos-nao-tiver-pecado-seja-o-primeiro-a-atirar-lhe-uma-pedra\/","name":"23\/03 - Quem dentre v\u00f3s n\u00e3o tiver pecado seja o primeiro a atirar-lhe uma pedra. - Pastoral Universit\u00e1ria UniSALESIANO","isPartOf":{"@id":"https:\/\/unisale.com.br\/pastoral\/#website"},"primaryImageOfPage":{"@id":"https:\/\/unisale.com.br\/pastoral\/23-03-quem-dentre-vos-nao-tiver-pecado-seja-o-primeiro-a-atirar-lhe-uma-pedra\/#primaryimage"},"image":{"@id":"https:\/\/unisale.com.br\/pastoral\/23-03-quem-dentre-vos-nao-tiver-pecado-seja-o-primeiro-a-atirar-lhe-uma-pedra\/#primaryimage"},"thumbnailUrl":"https:\/\/unisale.com.br\/pastoral\/wp-content\/uploads\/2026\/03\/ChatGPT-Image-20-de-mar.-de-2026-15_48_18.jpg","datePublished":"2026-03-20T18:51:06+00:00","author":{"@id":"https:\/\/unisale.com.br\/pastoral\/#\/schema\/person\/a16ba711a0f7dec9cb6b44563144d5a3"},"inLanguage":"pt-BR","potentialAction":[{"@type":"ReadAction","target":["https:\/\/unisale.com.br\/pastoral\/23-03-quem-dentre-vos-nao-tiver-pecado-seja-o-primeiro-a-atirar-lhe-uma-pedra\/"]}]},{"@type":"ImageObject","inLanguage":"pt-BR","@id":"https:\/\/unisale.com.br\/pastoral\/23-03-quem-dentre-vos-nao-tiver-pecado-seja-o-primeiro-a-atirar-lhe-uma-pedra\/#primaryimage","url":"https:\/\/unisale.com.br\/pastoral\/wp-content\/uploads\/2026\/03\/ChatGPT-Image-20-de-mar.-de-2026-15_48_18.jpg","contentUrl":"https:\/\/unisale.com.br\/pastoral\/wp-content\/uploads\/2026\/03\/ChatGPT-Image-20-de-mar.-de-2026-15_48_18.jpg","width":500,"height":500},{"@type":"WebSite","@id":"https:\/\/unisale.com.br\/pastoral\/#website","url":"https:\/\/unisale.com.br\/pastoral\/","name":"Pastoral Universit\u00e1ria UniSALESIANO","description":"Site da Pastoral Universit\u00e1ria do UniSALESIANO","potentialAction":[{"@type":"SearchAction","target":{"@type":"EntryPoint","urlTemplate":"https:\/\/unisale.com.br\/pastoral\/?s={search_term_string}"},"query-input":{"@type":"PropertyValueSpecification","valueRequired":true,"valueName":"search_term_string"}}],"inLanguage":"pt-BR"},{"@type":"Person","@id":"https:\/\/unisale.com.br\/pastoral\/#\/schema\/person\/a16ba711a0f7dec9cb6b44563144d5a3","name":"pastoral","url":"https:\/\/unisale.com.br\/pastoral\/author\/pastoral\/"}]}},"_links":{"self":[{"href":"https:\/\/unisale.com.br\/pastoral\/wp-json\/wp\/v2\/posts\/14053","targetHints":{"allow":["GET"]}}],"collection":[{"href":"https:\/\/unisale.com.br\/pastoral\/wp-json\/wp\/v2\/posts"}],"about":[{"href":"https:\/\/unisale.com.br\/pastoral\/wp-json\/wp\/v2\/types\/post"}],"author":[{"embeddable":true,"href":"https:\/\/unisale.com.br\/pastoral\/wp-json\/wp\/v2\/users\/1"}],"replies":[{"embeddable":true,"href":"https:\/\/unisale.com.br\/pastoral\/wp-json\/wp\/v2\/comments?post=14053"}],"version-history":[{"count":1,"href":"https:\/\/unisale.com.br\/pastoral\/wp-json\/wp\/v2\/posts\/14053\/revisions"}],"predecessor-version":[{"id":14055,"href":"https:\/\/unisale.com.br\/pastoral\/wp-json\/wp\/v2\/posts\/14053\/revisions\/14055"}],"wp:featuredmedia":[{"embeddable":true,"href":"https:\/\/unisale.com.br\/pastoral\/wp-json\/wp\/v2\/media\/14054"}],"wp:attachment":[{"href":"https:\/\/unisale.com.br\/pastoral\/wp-json\/wp\/v2\/media?parent=14053"}],"wp:term":[{"taxonomy":"category","embeddable":true,"href":"https:\/\/unisale.com.br\/pastoral\/wp-json\/wp\/v2\/categories?post=14053"},{"taxonomy":"post_tag","embeddable":true,"href":"https:\/\/unisale.com.br\/pastoral\/wp-json\/wp\/v2\/tags?post=14053"}],"curies":[{"name":"wp","href":"https:\/\/api.w.org\/{rel}","templated":true}]}}