{"id":14083,"date":"2026-04-02T00:13:17","date_gmt":"2026-04-02T00:13:17","guid":{"rendered":"https:\/\/unisale.com.br\/pastoral\/?p=14083"},"modified":"2026-04-02T00:13:17","modified_gmt":"2026-04-02T00:13:17","slug":"02-04-senhor-tu-me-lavas-os-pes","status":"publish","type":"post","link":"https:\/\/unisale.com.br\/pastoral\/02-04-senhor-tu-me-lavas-os-pes\/","title":{"rendered":"02\/04 &#8211; Senhor, tu me lavas os p\u00e9s?"},"content":{"rendered":"<p>Quinta-feira, 02 de abril, de 2026.<\/p>\n<p>&nbsp;<\/p>\n<p>Evangelho (Jo 13,1-15)<\/p>\n<p>&nbsp;<\/p>\n<p><strong>\u201cSenhor, tu me lavas os p\u00e9s?\u201d<\/strong><\/p>\n<p>&nbsp;<\/p>\n<p><sup>1<\/sup>Era antes da festa da P\u00e1scoa. Jesus sabia que tinha chegado a sua hora de passar deste mundo para o Pai; tendo amado os seus que estavam no mundo, amou-os at\u00e9 o fim. <sup>2<\/sup>Estavam tomando a ceia. O diabo j\u00e1 tinha posto no cora\u00e7\u00e3o de Judas, filho de Sim\u00e3o Iscariotes, o prop\u00f3sito de entregar Jesus. <sup>3<\/sup>Jesus, sabendo que o Pai tinha colocado tudo em suas m\u00e3os e que de Deus tinha sa\u00eddo e para Deus voltava, <sup>4<\/sup>levantou-se da mesa, tirou o manto, pegou uma toalha e amarrou-a na cintura. <sup>5<\/sup>Derramou \u00e1gua numa bacia e come\u00e7ou a lavar os p\u00e9s dos disc\u00edpulos, enxugando-os com a toalha com que estava cingido. <sup>6<\/sup>Chegou a vez de Sim\u00e3o Pedro. Pedro disse: \u201cSenhor, tu me lavas os p\u00e9s?\u201d <sup>7<\/sup>Respondeu Jesus: \u201cAgora, n\u00e3o entendes o que estou fazendo; mais tarde compreender\u00e1s\u201d. <sup>8<\/sup>Disse-lhe Pedro: \u201cTu nunca me lavar\u00e1s os p\u00e9s!\u201d Mas Jesus respondeu: \u201cSe eu n\u00e3o te lavar, n\u00e3o ter\u00e1s parte comigo\u201d. <sup>9<\/sup>Sim\u00e3o Pedro disse: \u201cSenhor, ent\u00e3o lava n\u00e3o somente os meus p\u00e9s, mas tamb\u00e9m as m\u00e3os e a cabe\u00e7a\u201d. <sup>10<\/sup>Jesus respondeu: \u201cQuem j\u00e1 se banhou n\u00e3o precisa lavar sen\u00e3o os p\u00e9s, porque j\u00e1 est\u00e1 todo limpo. Tamb\u00e9m v\u00f3s estais limpos, mas n\u00e3o todos\u201d. <sup>11<\/sup>Jesus sabia quem o ia entregar; por isso disse: \u201cNem todos estais limpos\u201d. <sup>12<\/sup>Depois de ter lavado os p\u00e9s dos disc\u00edpulos, Jesus vestiu o manto e sentou-se de novo. E disse aos disc\u00edpulos: \u201cCompreendeis o que acabo de fazer? <sup>13<\/sup>V\u00f3s me chamais Mestre e Senhor, e dizeis bem, pois eu o sou. <sup>14<\/sup>Portanto, se eu, o Senhor e Mestre, vos lavei os p\u00e9s, tamb\u00e9m v\u00f3s deveis lavar os p\u00e9s uns dos outros. <sup>15<\/sup>Dei-vos o exemplo, para que fa\u00e7ais a mesma coisa que eu fiz.<\/p>\n<p>&nbsp;<\/p>\n<p><strong>Reflex\u00e3o<\/strong><\/p>\n<p>&nbsp;<\/p>\n<p>Celebramos hoje a quinta-feira santa onde recordamos a institui\u00e7\u00e3o da eucaristia, do sacerd\u00f3cio, da missa, o que nos suscita muitos pensamentos. Na eucaristia, o Filho se oferece ao Pai no altar o sacrif\u00edcio da missa. Um sacrif\u00edcio id\u00eantico \u00e0quele da cruz. Recordamos no sacrif\u00edcio da missa a morte do nosso Salvador, com o qual fomos liberados da morte eterna e da escravid\u00e3o do pecado. Quantos milhares de bispos e sacerdotes glorificam todos os dias a Deus com o sacrif\u00edcio da santa missa. Uma oferta elevada, cheia de mist\u00e9rios divinos. Como eram caros os sacrif\u00edcios do Antigo Testamento. O povo devia comprar cordeiros, pombas, vinho, farinha, azeite e todas as outras coisas que tinham necessidade. Contudo, se tratava apenas de uma prefigura\u00e7\u00e3o da futura oferta agrad\u00e1vel a Deus. Para a nossa oferta, de valor imenso, \u00e9 suficiente um fragmento de p\u00e3o e um pouco de vinho. E se celebra sobre inumer\u00e1veis altares em todo o mundo. O maior fruto, humanamente falando, do sacrif\u00edcio do Novo Testamento possui a majestade divina. \u00c9 a honra que d\u00e1 o Filho a seu Pai. A ele se associam o sacerdote e os fi\u00e9is presentes. Estes pedem que a missa seja celebrada tamb\u00e9m pelas suas necessidades materiais e espirituais. Aqueles que percebem o valor da missa, buscam estar presentes o quanto poss\u00edvel. Quem alcan\u00e7a o entendimento deste mist\u00e9rio, para ele aparecem simplificados os problemas morais e os outros deveres da vida crist\u00e3. Tudo parece fazer parte do sacrif\u00edcio da missa e todo o bem que se recebe se concentra ao redor do dom da eucaristia. O sacerdote reza a fim de que o sacrif\u00edcio da missa encontre aos olhos de Deus tanta satisfa\u00e7\u00e3o como encontrou no sacrif\u00edcio de Abel, de Abra\u00e3o, de Melquisedec. N\u00e3o porque ofereceram um sacrif\u00edcio melhor, mas porque o espirito deles estava unido plenamente com suas ofertas. Tanto mais os nossos cora\u00e7\u00f5es devem estar unidos ao sacrif\u00edcio da missa. Segunda uma antiga mitologia grega, T\u00e2ntalo sofria de fome e sede, tamb\u00e9m se estava com \u00e1gua at\u00e9 o joelho e sobre a sua cabe\u00e7a desciam ramos carregados de frutos. Mas a \u00e1gua sumia quando pensava em beber e os ramos carregados de frutos eram suspensos mais para o alto pelo vento todas as vezes que ele tentava colh\u00ea-los. Assim \u00e9 espiritualmente faminto e sedento o homem que est\u00e1 pr\u00f3ximo ao alimento e do poder celeste, mas n\u00e3o estende o seu cora\u00e7\u00e3o para peg\u00e1-los. Os sacerdotes que celebram a missa devem saber que seu acesso ao humilde altar \u00e9 um sucesso maior que a subida ao trono que o mundo pode dar. Do altar estes distribuem os dons que nenhum rico do mundo pode dar. Estes s\u00e3o somente alguns pensamentos que podemos refletir no dia no qual comemoramos a preciosa heran\u00e7a de Jesus, antes de morrer, deixou para a Igreja, aqueles que o Pai adotou como filhos.<\/p>\n<p><strong>Pe. Paulo Eduardo J\u00e1como, SDB.<\/strong><\/p>\n","protected":false},"excerpt":{"rendered":"<p>Quinta-feira, 02 de abril, de 2026. &nbsp; Evangelho (Jo 13,1-15) &nbsp; \u201cSenhor, tu me lavas os p\u00e9s?\u201d &nbsp; 1Era antes da festa da P\u00e1scoa. Jesus&#8230;<\/p>\n","protected":false},"author":1,"featured_media":14084,"comment_status":"closed","ping_status":"closed","sticky":false,"template":"","format":"standard","meta":{"_acf_changed":false,"footnotes":""},"categories":[13],"tags":[],"class_list":["post-14083","post","type-post","status-publish","format-standard","has-post-thumbnail","hentry","category-reflexaodoevagelho"],"acf":[],"yoast_head":"<!-- This site is optimized with the Yoast SEO plugin v27.3 - https:\/\/yoast.com\/product\/yoast-seo-wordpress\/ -->\n<title>02\/04 - Senhor, tu me lavas os p\u00e9s? - Pastoral Universit\u00e1ria UniSALESIANO<\/title>\n<meta name=\"robots\" content=\"index, follow, max-snippet:-1, max-image-preview:large, max-video-preview:-1\" \/>\n<link rel=\"canonical\" href=\"https:\/\/unisale.com.br\/pastoral\/?p=14083\" \/>\n<meta property=\"og:locale\" content=\"pt_BR\" \/>\n<meta property=\"og:type\" content=\"article\" \/>\n<meta property=\"og:title\" content=\"02\/04 - Senhor, tu me lavas os p\u00e9s? - Pastoral Universit\u00e1ria UniSALESIANO\" \/>\n<meta property=\"og:description\" content=\"Quinta-feira, 02 de abril, de 2026. &nbsp; Evangelho (Jo 13,1-15) &nbsp; \u201cSenhor, tu me lavas os p\u00e9s?\u201d &nbsp; 1Era antes da festa da P\u00e1scoa. Jesus...\" \/>\n<meta property=\"og:url\" content=\"https:\/\/unisale.com.br\/pastoral\/?p=14083\" \/>\n<meta property=\"og:site_name\" content=\"Pastoral Universit\u00e1ria UniSALESIANO\" \/>\n<meta property=\"article:published_time\" content=\"2026-04-02T00:13:17+00:00\" \/>\n<meta name=\"author\" content=\"pastoral\" \/>\n<meta name=\"twitter:card\" content=\"summary_large_image\" \/>\n<meta name=\"twitter:label1\" content=\"Escrito por\" \/>\n\t<meta name=\"twitter:data1\" content=\"pastoral\" \/>\n\t<meta name=\"twitter:label2\" content=\"Est. tempo de leitura\" \/>\n\t<meta name=\"twitter:data2\" content=\"4 minutos\" \/>\n<script type=\"application\/ld+json\" class=\"yoast-schema-graph\">{\"@context\":\"https:\\\/\\\/schema.org\",\"@graph\":[{\"@type\":\"Article\",\"@id\":\"https:\\\/\\\/unisale.com.br\\\/pastoral\\\/?p=14083#article\",\"isPartOf\":{\"@id\":\"https:\\\/\\\/unisale.com.br\\\/pastoral\\\/?p=14083\"},\"author\":{\"name\":\"pastoral\",\"@id\":\"https:\\\/\\\/unisale.com.br\\\/pastoral\\\/#\\\/schema\\\/person\\\/a16ba711a0f7dec9cb6b44563144d5a3\"},\"headline\":\"02\\\/04 &#8211; Senhor, tu me lavas os p\u00e9s?\",\"datePublished\":\"2026-04-02T00:13:17+00:00\",\"mainEntityOfPage\":{\"@id\":\"https:\\\/\\\/unisale.com.br\\\/pastoral\\\/?p=14083\"},\"wordCount\":863,\"image\":{\"@id\":\"https:\\\/\\\/unisale.com.br\\\/pastoral\\\/?p=14083#primaryimage\"},\"thumbnailUrl\":\"https:\\\/\\\/unisale.com.br\\\/pastoral\\\/wp-content\\\/uploads\\\/2026\\\/04\\\/ChatGPT-Image-1-de-abr.-de-2026-15_26_27.jpg\",\"articleSection\":[\"Reflex\u00e3o do Evangelho\"],\"inLanguage\":\"pt-BR\"},{\"@type\":\"WebPage\",\"@id\":\"https:\\\/\\\/unisale.com.br\\\/pastoral\\\/?p=14083\",\"url\":\"https:\\\/\\\/unisale.com.br\\\/pastoral\\\/?p=14083\",\"name\":\"02\\\/04 - Senhor, tu me lavas os p\u00e9s? - Pastoral Universit\u00e1ria UniSALESIANO\",\"isPartOf\":{\"@id\":\"https:\\\/\\\/unisale.com.br\\\/pastoral\\\/#website\"},\"primaryImageOfPage\":{\"@id\":\"https:\\\/\\\/unisale.com.br\\\/pastoral\\\/?p=14083#primaryimage\"},\"image\":{\"@id\":\"https:\\\/\\\/unisale.com.br\\\/pastoral\\\/?p=14083#primaryimage\"},\"thumbnailUrl\":\"https:\\\/\\\/unisale.com.br\\\/pastoral\\\/wp-content\\\/uploads\\\/2026\\\/04\\\/ChatGPT-Image-1-de-abr.-de-2026-15_26_27.jpg\",\"datePublished\":\"2026-04-02T00:13:17+00:00\",\"author\":{\"@id\":\"https:\\\/\\\/unisale.com.br\\\/pastoral\\\/#\\\/schema\\\/person\\\/a16ba711a0f7dec9cb6b44563144d5a3\"},\"inLanguage\":\"pt-BR\",\"potentialAction\":[{\"@type\":\"ReadAction\",\"target\":[\"https:\\\/\\\/unisale.com.br\\\/pastoral\\\/?p=14083\"]}]},{\"@type\":\"ImageObject\",\"inLanguage\":\"pt-BR\",\"@id\":\"https:\\\/\\\/unisale.com.br\\\/pastoral\\\/?p=14083#primaryimage\",\"url\":\"https:\\\/\\\/unisale.com.br\\\/pastoral\\\/wp-content\\\/uploads\\\/2026\\\/04\\\/ChatGPT-Image-1-de-abr.-de-2026-15_26_27.jpg\",\"contentUrl\":\"https:\\\/\\\/unisale.com.br\\\/pastoral\\\/wp-content\\\/uploads\\\/2026\\\/04\\\/ChatGPT-Image-1-de-abr.-de-2026-15_26_27.jpg\",\"width\":500,\"height\":500},{\"@type\":\"WebSite\",\"@id\":\"https:\\\/\\\/unisale.com.br\\\/pastoral\\\/#website\",\"url\":\"https:\\\/\\\/unisale.com.br\\\/pastoral\\\/\",\"name\":\"Pastoral Universit\u00e1ria UniSALESIANO\",\"description\":\"Site da Pastoral Universit\u00e1ria do UniSALESIANO\",\"potentialAction\":[{\"@type\":\"SearchAction\",\"target\":{\"@type\":\"EntryPoint\",\"urlTemplate\":\"https:\\\/\\\/unisale.com.br\\\/pastoral\\\/?s={search_term_string}\"},\"query-input\":{\"@type\":\"PropertyValueSpecification\",\"valueRequired\":true,\"valueName\":\"search_term_string\"}}],\"inLanguage\":\"pt-BR\"},{\"@type\":\"Person\",\"@id\":\"https:\\\/\\\/unisale.com.br\\\/pastoral\\\/#\\\/schema\\\/person\\\/a16ba711a0f7dec9cb6b44563144d5a3\",\"name\":\"pastoral\",\"url\":\"https:\\\/\\\/unisale.com.br\\\/pastoral\\\/author\\\/pastoral\\\/\"}]}<\/script>\n<!-- \/ Yoast SEO plugin. -->","yoast_head_json":{"title":"02\/04 - Senhor, tu me lavas os p\u00e9s? - Pastoral Universit\u00e1ria UniSALESIANO","robots":{"index":"index","follow":"follow","max-snippet":"max-snippet:-1","max-image-preview":"max-image-preview:large","max-video-preview":"max-video-preview:-1"},"canonical":"https:\/\/unisale.com.br\/pastoral\/?p=14083","og_locale":"pt_BR","og_type":"article","og_title":"02\/04 - Senhor, tu me lavas os p\u00e9s? - Pastoral Universit\u00e1ria UniSALESIANO","og_description":"Quinta-feira, 02 de abril, de 2026. &nbsp; Evangelho (Jo 13,1-15) &nbsp; \u201cSenhor, tu me lavas os p\u00e9s?\u201d &nbsp; 1Era antes da festa da P\u00e1scoa. Jesus...","og_url":"https:\/\/unisale.com.br\/pastoral\/?p=14083","og_site_name":"Pastoral Universit\u00e1ria UniSALESIANO","article_published_time":"2026-04-02T00:13:17+00:00","author":"pastoral","twitter_card":"summary_large_image","twitter_misc":{"Escrito por":"pastoral","Est. tempo de leitura":"4 minutos"},"schema":{"@context":"https:\/\/schema.org","@graph":[{"@type":"Article","@id":"https:\/\/unisale.com.br\/pastoral\/?p=14083#article","isPartOf":{"@id":"https:\/\/unisale.com.br\/pastoral\/?p=14083"},"author":{"name":"pastoral","@id":"https:\/\/unisale.com.br\/pastoral\/#\/schema\/person\/a16ba711a0f7dec9cb6b44563144d5a3"},"headline":"02\/04 &#8211; Senhor, tu me lavas os p\u00e9s?","datePublished":"2026-04-02T00:13:17+00:00","mainEntityOfPage":{"@id":"https:\/\/unisale.com.br\/pastoral\/?p=14083"},"wordCount":863,"image":{"@id":"https:\/\/unisale.com.br\/pastoral\/?p=14083#primaryimage"},"thumbnailUrl":"https:\/\/unisale.com.br\/pastoral\/wp-content\/uploads\/2026\/04\/ChatGPT-Image-1-de-abr.-de-2026-15_26_27.jpg","articleSection":["Reflex\u00e3o do Evangelho"],"inLanguage":"pt-BR"},{"@type":"WebPage","@id":"https:\/\/unisale.com.br\/pastoral\/?p=14083","url":"https:\/\/unisale.com.br\/pastoral\/?p=14083","name":"02\/04 - Senhor, tu me lavas os p\u00e9s? - Pastoral Universit\u00e1ria UniSALESIANO","isPartOf":{"@id":"https:\/\/unisale.com.br\/pastoral\/#website"},"primaryImageOfPage":{"@id":"https:\/\/unisale.com.br\/pastoral\/?p=14083#primaryimage"},"image":{"@id":"https:\/\/unisale.com.br\/pastoral\/?p=14083#primaryimage"},"thumbnailUrl":"https:\/\/unisale.com.br\/pastoral\/wp-content\/uploads\/2026\/04\/ChatGPT-Image-1-de-abr.-de-2026-15_26_27.jpg","datePublished":"2026-04-02T00:13:17+00:00","author":{"@id":"https:\/\/unisale.com.br\/pastoral\/#\/schema\/person\/a16ba711a0f7dec9cb6b44563144d5a3"},"inLanguage":"pt-BR","potentialAction":[{"@type":"ReadAction","target":["https:\/\/unisale.com.br\/pastoral\/?p=14083"]}]},{"@type":"ImageObject","inLanguage":"pt-BR","@id":"https:\/\/unisale.com.br\/pastoral\/?p=14083#primaryimage","url":"https:\/\/unisale.com.br\/pastoral\/wp-content\/uploads\/2026\/04\/ChatGPT-Image-1-de-abr.-de-2026-15_26_27.jpg","contentUrl":"https:\/\/unisale.com.br\/pastoral\/wp-content\/uploads\/2026\/04\/ChatGPT-Image-1-de-abr.-de-2026-15_26_27.jpg","width":500,"height":500},{"@type":"WebSite","@id":"https:\/\/unisale.com.br\/pastoral\/#website","url":"https:\/\/unisale.com.br\/pastoral\/","name":"Pastoral Universit\u00e1ria UniSALESIANO","description":"Site da Pastoral Universit\u00e1ria do UniSALESIANO","potentialAction":[{"@type":"SearchAction","target":{"@type":"EntryPoint","urlTemplate":"https:\/\/unisale.com.br\/pastoral\/?s={search_term_string}"},"query-input":{"@type":"PropertyValueSpecification","valueRequired":true,"valueName":"search_term_string"}}],"inLanguage":"pt-BR"},{"@type":"Person","@id":"https:\/\/unisale.com.br\/pastoral\/#\/schema\/person\/a16ba711a0f7dec9cb6b44563144d5a3","name":"pastoral","url":"https:\/\/unisale.com.br\/pastoral\/author\/pastoral\/"}]}},"_links":{"self":[{"href":"https:\/\/unisale.com.br\/pastoral\/wp-json\/wp\/v2\/posts\/14083","targetHints":{"allow":["GET"]}}],"collection":[{"href":"https:\/\/unisale.com.br\/pastoral\/wp-json\/wp\/v2\/posts"}],"about":[{"href":"https:\/\/unisale.com.br\/pastoral\/wp-json\/wp\/v2\/types\/post"}],"author":[{"embeddable":true,"href":"https:\/\/unisale.com.br\/pastoral\/wp-json\/wp\/v2\/users\/1"}],"replies":[{"embeddable":true,"href":"https:\/\/unisale.com.br\/pastoral\/wp-json\/wp\/v2\/comments?post=14083"}],"version-history":[{"count":0,"href":"https:\/\/unisale.com.br\/pastoral\/wp-json\/wp\/v2\/posts\/14083\/revisions"}],"wp:featuredmedia":[{"embeddable":true,"href":"https:\/\/unisale.com.br\/pastoral\/wp-json\/wp\/v2\/media\/14084"}],"wp:attachment":[{"href":"https:\/\/unisale.com.br\/pastoral\/wp-json\/wp\/v2\/media?parent=14083"}],"wp:term":[{"taxonomy":"category","embeddable":true,"href":"https:\/\/unisale.com.br\/pastoral\/wp-json\/wp\/v2\/categories?post=14083"},{"taxonomy":"post_tag","embeddable":true,"href":"https:\/\/unisale.com.br\/pastoral\/wp-json\/wp\/v2\/tags?post=14083"}],"curies":[{"name":"wp","href":"https:\/\/api.w.org\/{rel}","templated":true}]}}