{"id":14102,"date":"2026-04-10T19:48:37","date_gmt":"2026-04-10T19:48:37","guid":{"rendered":"https:\/\/unisale.com.br\/pastoral\/?p=14102"},"modified":"2026-04-10T19:48:37","modified_gmt":"2026-04-10T19:48:37","slug":"12-04-recebei-o-espirito-santo-a-quem-perdoardes-os-pecados-eles-lhes-serao-perdoados-a-quem-os-nao-perdoardes-eles-lhes-serao-retidos","status":"publish","type":"post","link":"https:\/\/unisale.com.br\/pastoral\/12-04-recebei-o-espirito-santo-a-quem-perdoardes-os-pecados-eles-lhes-serao-perdoados-a-quem-os-nao-perdoardes-eles-lhes-serao-retidos\/","title":{"rendered":"12\/04 &#8211; Recebei o Esp\u00edrito Santo. A quem perdoardes os pecados, eles lhes ser\u00e3o perdoados; a quem os n\u00e3o perdoardes, eles lhes ser\u00e3o retidos."},"content":{"rendered":"<p>Domingo, 12 de abril de 2026.<\/p>\n<p>&nbsp;<\/p>\n<p>Evangelho (Jo 20,19-31)<\/p>\n<p>&nbsp;<\/p>\n<p><strong>\u201cRecebei o Esp\u00edrito Santo. A quem perdoardes os pecados, eles lhes ser\u00e3o perdoados; a quem os n\u00e3o perdoardes, eles lhes ser\u00e3o retidos\u201d.<\/strong><\/p>\n<p>&nbsp;<\/p>\n<p><sup>19<\/sup>Ao anoitecer daquele dia, o primeiro da semana, estando fechadas, por medo dos judeus, as portas do lugar onde os disc\u00edpulos se encontravam, Jesus entrou e, pondo-se no meio deles, disse: \u201cA paz esteja convosco\u201d. <sup>20<\/sup>Depois dessas palavras, mostrou-lhes as m\u00e3os e o lado. Ent\u00e3o os disc\u00edpulos se alegraram por verem o Senhor. <sup>21<\/sup>Novamente, Jesus disse: \u201cA paz esteja convosco. Como o Pai me enviou, tamb\u00e9m eu vos envio\u201d. <sup>22<\/sup>E, depois de ter dito isso, soprou sobre eles e disse: \u201cRecebei o Esp\u00edrito Santo. <sup>23<\/sup>A quem perdoardes os pecados, eles lhes ser\u00e3o perdoados; a quem os n\u00e3o perdoardes, eles lhes ser\u00e3o retidos\u201d. <sup>24<\/sup>Tom\u00e9, chamado D\u00eddimo, que era um dos doze, n\u00e3o estava com eles quando Jesus veio. <sup>25<\/sup>Os outros disc\u00edpulos contaram-lhe depois: \u201cVimos o Senhor!\u201d Mas Tom\u00e9 disse-lhes: \u201cSe eu n\u00e3o vir a marca dos pregos em suas m\u00e3os, se eu n\u00e3o puser o dedo nas marcas dos pregos e n\u00e3o puser a m\u00e3o no seu lado, n\u00e3o acreditarei\u201d. <sup>26<\/sup>Oito dias depois, encontravam-se os disc\u00edpulos novamente reunidos em casa, e Tom\u00e9 estava com eles. Estando fechadas as portas, Jesus entrou, p\u00f4s-se no meio deles e disse: \u201cA paz esteja convosco\u201d. <sup>27<\/sup>Depois disse a Tom\u00e9: \u201cP\u00f5e o teu dedo aqui e olha as minhas m\u00e3os. Estende a tua m\u00e3o e coloca-a no meu lado. E n\u00e3o sejas incr\u00e9dulo, mas fiel\u201d. <sup>28<\/sup>Tom\u00e9 respondeu: \u201cMeu Senhor e meu Deus!\u201d <sup>29<\/sup>Jesus lhe disse: \u201cAcreditaste, porque me viste? Bem-aventurados os que creram sem terem visto!\u201d <sup>30<\/sup>Jesus realizou muitos outros sinais diante dos disc\u00edpulos, que n\u00e3o est\u00e3o escritos neste livro. <sup>31<\/sup>Mas estes foram escritos para que acrediteis que Jesus \u00e9 o Cristo, o Filho de Deus, e, para que, crendo, tenhais a vida em seu nome.<\/p>\n<p>&nbsp;<\/p>\n<p><strong>Reflex\u00e3o<\/strong><\/p>\n<p>&nbsp;<\/p>\n<p>O Ressuscitado aparece aos ap\u00f3stolos: \u201cNo primeiro dia da semana&#8230;A paz esteja convosco!\u201d A paz \u00e9 um dom pascal do Ressuscitado. Todos desejamos paz, falamos de paz, mas ao mesmo tempo, n\u00f3s sofremos por falta de paz. A paz verdadeira, de fato, \u00e9 dom de Deus, porque somente Ele pode encher o nosso cora\u00e7\u00e3o de paz. A paz quando vem de Deus, n\u00e3o se pode perder, porque Deus \u00e9 fiel. Tanta gente perde a paz porque ligou a pr\u00f3pria paz a situa\u00e7\u00f5es materiais, a condi\u00e7\u00f5es prec\u00e1rias: desta forma a paz n\u00e3o ser\u00e1 jamais nossa, n\u00e3o ser jamais certa. E Jesus completa: \u201cComo o Pai me enviou&#8230;\u201d Este \u00e9 o ato de funda\u00e7\u00e3o da Igreja, o gesto mais corajoso da hist\u00f3ria, s\u00f3 Deus poderia pensar e querer. A Igreja n\u00e3o nasceu de desejos humanos de querer representar Deus, mas da coragem de Deus que n\u00e3o tem medo da nossa fraqueza e nem do nosso pecado. Estas palavras de Jesus acompanham toda a hist\u00f3ria de Igreja e s\u00e3o o sustento da sua miss\u00e3o, a justifica\u00e7\u00e3o do seu servi\u00e7o. Somo a Igreja de Pedro e de Judas e ao mesmo tempo de Maria e de Jo\u00e3o; somo a Igreja na qual crescem juntas o trigo e o joio: no entanto a esta Igreja&#8230; Jesus deu o fermento da Ressurrei\u00e7\u00e3o, o Evangelho da paz, o poder de salvar e de redimir. Nesta Igreja Jesus fixou o caminho para encontra-lo. Ser\u00e1 que Jesus n\u00e3o levou em conta as nossas fraquezas? Jesus avaliou as nossas fraquezas e calculou o peso das nossas mis\u00e9rias. Isso nos diz o Evangelho de hoje. De fato, o primeiro poder da Igreja de Cristo, a primeira tarefa recebida de Cristo Ressuscitado \u00e9 justamente aquela de perdoar: \u201cRecebam o Esp\u00edrito Santo&#8230;\u201d Com estas palavras Jesus, enquanto demonstra saber quem somos n\u00f3s, ao mesmo tempo define a tarefa da Igreja. A Igreja n\u00e3o \u00e9 e n\u00e3o deve ter a pretens\u00e3o de ser perfeita. Ao in\u00edcio de cada Eucaristia, \u00e9 a Igreja que bate no peito reconhecendo a fragilidade de seus filhos e invoca a solidez do perd\u00e3o de Deus. Ela \u00e9 consciente de seus pecados, mas ao mesmo tempo tem a certeza de poder vencer sempre, e perdoar com a miseric\u00f3rdia infinita de Deus. A Igreja n\u00e3o \u00e9 a comunidade que n\u00e3o peca, mas \u00e9 a comunidade onde se perdoa os pecados. A Igreja \u00e9 o lugar onde se celebra a miseric\u00f3rdia de Deus no Sacramento da Reconcilia\u00e7\u00e3o. O verdadeiro crist\u00e3o sabe que ser Igreja significa deixar-se perdoar por Deus atrav\u00e9s da Igreja, continuamente.<\/p>\n<p><strong>Pe. Paulo Eduardo J\u00e1como, SDB.\u00a0<\/strong><\/p>\n","protected":false},"excerpt":{"rendered":"<p>Domingo, 12 de abril de 2026. &nbsp; Evangelho (Jo 20,19-31) &nbsp; \u201cRecebei o Esp\u00edrito Santo. A quem perdoardes os pecados, eles lhes ser\u00e3o perdoados; a&#8230;<\/p>\n","protected":false},"author":1,"featured_media":14103,"comment_status":"closed","ping_status":"closed","sticky":false,"template":"","format":"standard","meta":{"_acf_changed":false,"footnotes":""},"categories":[13],"tags":[],"class_list":["post-14102","post","type-post","status-publish","format-standard","has-post-thumbnail","hentry","category-reflexaodoevagelho"],"acf":[],"yoast_head":"<!-- This site is optimized with the Yoast SEO plugin v27.3 - https:\/\/yoast.com\/product\/yoast-seo-wordpress\/ -->\n<title>12\/04 - Recebei o Esp\u00edrito Santo. A quem perdoardes os pecados, eles lhes ser\u00e3o perdoados; a quem os n\u00e3o perdoardes, eles lhes ser\u00e3o retidos. - Pastoral Universit\u00e1ria UniSALESIANO<\/title>\n<meta name=\"robots\" content=\"index, follow, max-snippet:-1, max-image-preview:large, max-video-preview:-1\" \/>\n<link rel=\"canonical\" href=\"https:\/\/unisale.com.br\/pastoral\/12-04-recebei-o-espirito-santo-a-quem-perdoardes-os-pecados-eles-lhes-serao-perdoados-a-quem-os-nao-perdoardes-eles-lhes-serao-retidos\/\" \/>\n<meta property=\"og:locale\" content=\"pt_BR\" \/>\n<meta property=\"og:type\" content=\"article\" \/>\n<meta property=\"og:title\" content=\"12\/04 - Recebei o Esp\u00edrito Santo. A quem perdoardes os pecados, eles lhes ser\u00e3o perdoados; a quem os n\u00e3o perdoardes, eles lhes ser\u00e3o retidos. - Pastoral Universit\u00e1ria UniSALESIANO\" \/>\n<meta property=\"og:description\" content=\"Domingo, 12 de abril de 2026. &nbsp; Evangelho (Jo 20,19-31) &nbsp; \u201cRecebei o Esp\u00edrito Santo. A quem perdoardes os pecados, eles lhes ser\u00e3o perdoados; a...\" \/>\n<meta property=\"og:url\" content=\"https:\/\/unisale.com.br\/pastoral\/12-04-recebei-o-espirito-santo-a-quem-perdoardes-os-pecados-eles-lhes-serao-perdoados-a-quem-os-nao-perdoardes-eles-lhes-serao-retidos\/\" \/>\n<meta property=\"og:site_name\" content=\"Pastoral Universit\u00e1ria UniSALESIANO\" \/>\n<meta property=\"article:published_time\" content=\"2026-04-10T19:48:37+00:00\" \/>\n<meta property=\"og:image\" content=\"https:\/\/unisale.com.br\/pastoral\/wp-content\/uploads\/2026\/04\/ChatGPT-Image-10-de-abr.-de-2026-15_42_35.jpg\" \/>\n\t<meta property=\"og:image:width\" content=\"500\" \/>\n\t<meta property=\"og:image:height\" content=\"500\" \/>\n\t<meta property=\"og:image:type\" content=\"image\/jpeg\" \/>\n<meta name=\"author\" content=\"pastoral\" \/>\n<meta name=\"twitter:card\" content=\"summary_large_image\" \/>\n<meta name=\"twitter:label1\" content=\"Escrito por\" \/>\n\t<meta name=\"twitter:data1\" content=\"pastoral\" \/>\n\t<meta name=\"twitter:label2\" content=\"Est. tempo de leitura\" \/>\n\t<meta name=\"twitter:data2\" content=\"5 minutos\" \/>\n<script type=\"application\/ld+json\" class=\"yoast-schema-graph\">{\"@context\":\"https:\\\/\\\/schema.org\",\"@graph\":[{\"@type\":\"Article\",\"@id\":\"https:\\\/\\\/unisale.com.br\\\/pastoral\\\/12-04-recebei-o-espirito-santo-a-quem-perdoardes-os-pecados-eles-lhes-serao-perdoados-a-quem-os-nao-perdoardes-eles-lhes-serao-retidos\\\/#article\",\"isPartOf\":{\"@id\":\"https:\\\/\\\/unisale.com.br\\\/pastoral\\\/12-04-recebei-o-espirito-santo-a-quem-perdoardes-os-pecados-eles-lhes-serao-perdoados-a-quem-os-nao-perdoardes-eles-lhes-serao-retidos\\\/\"},\"author\":{\"name\":\"pastoral\",\"@id\":\"https:\\\/\\\/unisale.com.br\\\/pastoral\\\/#\\\/schema\\\/person\\\/a16ba711a0f7dec9cb6b44563144d5a3\"},\"headline\":\"12\\\/04 &#8211; Recebei o Esp\u00edrito Santo. A quem perdoardes os pecados, eles lhes ser\u00e3o perdoados; a quem os n\u00e3o perdoardes, eles lhes ser\u00e3o retidos.\",\"datePublished\":\"2026-04-10T19:48:37+00:00\",\"mainEntityOfPage\":{\"@id\":\"https:\\\/\\\/unisale.com.br\\\/pastoral\\\/12-04-recebei-o-espirito-santo-a-quem-perdoardes-os-pecados-eles-lhes-serao-perdoados-a-quem-os-nao-perdoardes-eles-lhes-serao-retidos\\\/\"},\"wordCount\":828,\"image\":{\"@id\":\"https:\\\/\\\/unisale.com.br\\\/pastoral\\\/12-04-recebei-o-espirito-santo-a-quem-perdoardes-os-pecados-eles-lhes-serao-perdoados-a-quem-os-nao-perdoardes-eles-lhes-serao-retidos\\\/#primaryimage\"},\"thumbnailUrl\":\"https:\\\/\\\/unisale.com.br\\\/pastoral\\\/wp-content\\\/uploads\\\/2026\\\/04\\\/ChatGPT-Image-10-de-abr.-de-2026-15_42_35.jpg\",\"articleSection\":[\"Reflex\u00e3o do Evangelho\"],\"inLanguage\":\"pt-BR\"},{\"@type\":\"WebPage\",\"@id\":\"https:\\\/\\\/unisale.com.br\\\/pastoral\\\/12-04-recebei-o-espirito-santo-a-quem-perdoardes-os-pecados-eles-lhes-serao-perdoados-a-quem-os-nao-perdoardes-eles-lhes-serao-retidos\\\/\",\"url\":\"https:\\\/\\\/unisale.com.br\\\/pastoral\\\/12-04-recebei-o-espirito-santo-a-quem-perdoardes-os-pecados-eles-lhes-serao-perdoados-a-quem-os-nao-perdoardes-eles-lhes-serao-retidos\\\/\",\"name\":\"12\\\/04 - Recebei o Esp\u00edrito Santo. A quem perdoardes os pecados, eles lhes ser\u00e3o perdoados; a quem os n\u00e3o perdoardes, eles lhes ser\u00e3o retidos. - Pastoral Universit\u00e1ria UniSALESIANO\",\"isPartOf\":{\"@id\":\"https:\\\/\\\/unisale.com.br\\\/pastoral\\\/#website\"},\"primaryImageOfPage\":{\"@id\":\"https:\\\/\\\/unisale.com.br\\\/pastoral\\\/12-04-recebei-o-espirito-santo-a-quem-perdoardes-os-pecados-eles-lhes-serao-perdoados-a-quem-os-nao-perdoardes-eles-lhes-serao-retidos\\\/#primaryimage\"},\"image\":{\"@id\":\"https:\\\/\\\/unisale.com.br\\\/pastoral\\\/12-04-recebei-o-espirito-santo-a-quem-perdoardes-os-pecados-eles-lhes-serao-perdoados-a-quem-os-nao-perdoardes-eles-lhes-serao-retidos\\\/#primaryimage\"},\"thumbnailUrl\":\"https:\\\/\\\/unisale.com.br\\\/pastoral\\\/wp-content\\\/uploads\\\/2026\\\/04\\\/ChatGPT-Image-10-de-abr.-de-2026-15_42_35.jpg\",\"datePublished\":\"2026-04-10T19:48:37+00:00\",\"author\":{\"@id\":\"https:\\\/\\\/unisale.com.br\\\/pastoral\\\/#\\\/schema\\\/person\\\/a16ba711a0f7dec9cb6b44563144d5a3\"},\"inLanguage\":\"pt-BR\",\"potentialAction\":[{\"@type\":\"ReadAction\",\"target\":[\"https:\\\/\\\/unisale.com.br\\\/pastoral\\\/12-04-recebei-o-espirito-santo-a-quem-perdoardes-os-pecados-eles-lhes-serao-perdoados-a-quem-os-nao-perdoardes-eles-lhes-serao-retidos\\\/\"]}]},{\"@type\":\"ImageObject\",\"inLanguage\":\"pt-BR\",\"@id\":\"https:\\\/\\\/unisale.com.br\\\/pastoral\\\/12-04-recebei-o-espirito-santo-a-quem-perdoardes-os-pecados-eles-lhes-serao-perdoados-a-quem-os-nao-perdoardes-eles-lhes-serao-retidos\\\/#primaryimage\",\"url\":\"https:\\\/\\\/unisale.com.br\\\/pastoral\\\/wp-content\\\/uploads\\\/2026\\\/04\\\/ChatGPT-Image-10-de-abr.-de-2026-15_42_35.jpg\",\"contentUrl\":\"https:\\\/\\\/unisale.com.br\\\/pastoral\\\/wp-content\\\/uploads\\\/2026\\\/04\\\/ChatGPT-Image-10-de-abr.-de-2026-15_42_35.jpg\",\"width\":500,\"height\":500},{\"@type\":\"WebSite\",\"@id\":\"https:\\\/\\\/unisale.com.br\\\/pastoral\\\/#website\",\"url\":\"https:\\\/\\\/unisale.com.br\\\/pastoral\\\/\",\"name\":\"Pastoral Universit\u00e1ria UniSALESIANO\",\"description\":\"Site da Pastoral Universit\u00e1ria do UniSALESIANO\",\"potentialAction\":[{\"@type\":\"SearchAction\",\"target\":{\"@type\":\"EntryPoint\",\"urlTemplate\":\"https:\\\/\\\/unisale.com.br\\\/pastoral\\\/?s={search_term_string}\"},\"query-input\":{\"@type\":\"PropertyValueSpecification\",\"valueRequired\":true,\"valueName\":\"search_term_string\"}}],\"inLanguage\":\"pt-BR\"},{\"@type\":\"Person\",\"@id\":\"https:\\\/\\\/unisale.com.br\\\/pastoral\\\/#\\\/schema\\\/person\\\/a16ba711a0f7dec9cb6b44563144d5a3\",\"name\":\"pastoral\",\"url\":\"https:\\\/\\\/unisale.com.br\\\/pastoral\\\/author\\\/pastoral\\\/\"}]}<\/script>\n<!-- \/ Yoast SEO plugin. -->","yoast_head_json":{"title":"12\/04 - Recebei o Esp\u00edrito Santo. A quem perdoardes os pecados, eles lhes ser\u00e3o perdoados; a quem os n\u00e3o perdoardes, eles lhes ser\u00e3o retidos. - Pastoral Universit\u00e1ria UniSALESIANO","robots":{"index":"index","follow":"follow","max-snippet":"max-snippet:-1","max-image-preview":"max-image-preview:large","max-video-preview":"max-video-preview:-1"},"canonical":"https:\/\/unisale.com.br\/pastoral\/12-04-recebei-o-espirito-santo-a-quem-perdoardes-os-pecados-eles-lhes-serao-perdoados-a-quem-os-nao-perdoardes-eles-lhes-serao-retidos\/","og_locale":"pt_BR","og_type":"article","og_title":"12\/04 - Recebei o Esp\u00edrito Santo. A quem perdoardes os pecados, eles lhes ser\u00e3o perdoados; a quem os n\u00e3o perdoardes, eles lhes ser\u00e3o retidos. - Pastoral Universit\u00e1ria UniSALESIANO","og_description":"Domingo, 12 de abril de 2026. &nbsp; Evangelho (Jo 20,19-31) &nbsp; \u201cRecebei o Esp\u00edrito Santo. A quem perdoardes os pecados, eles lhes ser\u00e3o perdoados; a...","og_url":"https:\/\/unisale.com.br\/pastoral\/12-04-recebei-o-espirito-santo-a-quem-perdoardes-os-pecados-eles-lhes-serao-perdoados-a-quem-os-nao-perdoardes-eles-lhes-serao-retidos\/","og_site_name":"Pastoral Universit\u00e1ria UniSALESIANO","article_published_time":"2026-04-10T19:48:37+00:00","og_image":[{"width":500,"height":500,"url":"https:\/\/unisale.com.br\/pastoral\/wp-content\/uploads\/2026\/04\/ChatGPT-Image-10-de-abr.-de-2026-15_42_35.jpg","type":"image\/jpeg"}],"author":"pastoral","twitter_card":"summary_large_image","twitter_misc":{"Escrito por":"pastoral","Est. tempo de leitura":"5 minutos"},"schema":{"@context":"https:\/\/schema.org","@graph":[{"@type":"Article","@id":"https:\/\/unisale.com.br\/pastoral\/12-04-recebei-o-espirito-santo-a-quem-perdoardes-os-pecados-eles-lhes-serao-perdoados-a-quem-os-nao-perdoardes-eles-lhes-serao-retidos\/#article","isPartOf":{"@id":"https:\/\/unisale.com.br\/pastoral\/12-04-recebei-o-espirito-santo-a-quem-perdoardes-os-pecados-eles-lhes-serao-perdoados-a-quem-os-nao-perdoardes-eles-lhes-serao-retidos\/"},"author":{"name":"pastoral","@id":"https:\/\/unisale.com.br\/pastoral\/#\/schema\/person\/a16ba711a0f7dec9cb6b44563144d5a3"},"headline":"12\/04 &#8211; Recebei o Esp\u00edrito Santo. A quem perdoardes os pecados, eles lhes ser\u00e3o perdoados; a quem os n\u00e3o perdoardes, eles lhes ser\u00e3o retidos.","datePublished":"2026-04-10T19:48:37+00:00","mainEntityOfPage":{"@id":"https:\/\/unisale.com.br\/pastoral\/12-04-recebei-o-espirito-santo-a-quem-perdoardes-os-pecados-eles-lhes-serao-perdoados-a-quem-os-nao-perdoardes-eles-lhes-serao-retidos\/"},"wordCount":828,"image":{"@id":"https:\/\/unisale.com.br\/pastoral\/12-04-recebei-o-espirito-santo-a-quem-perdoardes-os-pecados-eles-lhes-serao-perdoados-a-quem-os-nao-perdoardes-eles-lhes-serao-retidos\/#primaryimage"},"thumbnailUrl":"https:\/\/unisale.com.br\/pastoral\/wp-content\/uploads\/2026\/04\/ChatGPT-Image-10-de-abr.-de-2026-15_42_35.jpg","articleSection":["Reflex\u00e3o do Evangelho"],"inLanguage":"pt-BR"},{"@type":"WebPage","@id":"https:\/\/unisale.com.br\/pastoral\/12-04-recebei-o-espirito-santo-a-quem-perdoardes-os-pecados-eles-lhes-serao-perdoados-a-quem-os-nao-perdoardes-eles-lhes-serao-retidos\/","url":"https:\/\/unisale.com.br\/pastoral\/12-04-recebei-o-espirito-santo-a-quem-perdoardes-os-pecados-eles-lhes-serao-perdoados-a-quem-os-nao-perdoardes-eles-lhes-serao-retidos\/","name":"12\/04 - Recebei o Esp\u00edrito Santo. A quem perdoardes os pecados, eles lhes ser\u00e3o perdoados; a quem os n\u00e3o perdoardes, eles lhes ser\u00e3o retidos. - Pastoral Universit\u00e1ria UniSALESIANO","isPartOf":{"@id":"https:\/\/unisale.com.br\/pastoral\/#website"},"primaryImageOfPage":{"@id":"https:\/\/unisale.com.br\/pastoral\/12-04-recebei-o-espirito-santo-a-quem-perdoardes-os-pecados-eles-lhes-serao-perdoados-a-quem-os-nao-perdoardes-eles-lhes-serao-retidos\/#primaryimage"},"image":{"@id":"https:\/\/unisale.com.br\/pastoral\/12-04-recebei-o-espirito-santo-a-quem-perdoardes-os-pecados-eles-lhes-serao-perdoados-a-quem-os-nao-perdoardes-eles-lhes-serao-retidos\/#primaryimage"},"thumbnailUrl":"https:\/\/unisale.com.br\/pastoral\/wp-content\/uploads\/2026\/04\/ChatGPT-Image-10-de-abr.-de-2026-15_42_35.jpg","datePublished":"2026-04-10T19:48:37+00:00","author":{"@id":"https:\/\/unisale.com.br\/pastoral\/#\/schema\/person\/a16ba711a0f7dec9cb6b44563144d5a3"},"inLanguage":"pt-BR","potentialAction":[{"@type":"ReadAction","target":["https:\/\/unisale.com.br\/pastoral\/12-04-recebei-o-espirito-santo-a-quem-perdoardes-os-pecados-eles-lhes-serao-perdoados-a-quem-os-nao-perdoardes-eles-lhes-serao-retidos\/"]}]},{"@type":"ImageObject","inLanguage":"pt-BR","@id":"https:\/\/unisale.com.br\/pastoral\/12-04-recebei-o-espirito-santo-a-quem-perdoardes-os-pecados-eles-lhes-serao-perdoados-a-quem-os-nao-perdoardes-eles-lhes-serao-retidos\/#primaryimage","url":"https:\/\/unisale.com.br\/pastoral\/wp-content\/uploads\/2026\/04\/ChatGPT-Image-10-de-abr.-de-2026-15_42_35.jpg","contentUrl":"https:\/\/unisale.com.br\/pastoral\/wp-content\/uploads\/2026\/04\/ChatGPT-Image-10-de-abr.-de-2026-15_42_35.jpg","width":500,"height":500},{"@type":"WebSite","@id":"https:\/\/unisale.com.br\/pastoral\/#website","url":"https:\/\/unisale.com.br\/pastoral\/","name":"Pastoral Universit\u00e1ria UniSALESIANO","description":"Site da Pastoral Universit\u00e1ria do UniSALESIANO","potentialAction":[{"@type":"SearchAction","target":{"@type":"EntryPoint","urlTemplate":"https:\/\/unisale.com.br\/pastoral\/?s={search_term_string}"},"query-input":{"@type":"PropertyValueSpecification","valueRequired":true,"valueName":"search_term_string"}}],"inLanguage":"pt-BR"},{"@type":"Person","@id":"https:\/\/unisale.com.br\/pastoral\/#\/schema\/person\/a16ba711a0f7dec9cb6b44563144d5a3","name":"pastoral","url":"https:\/\/unisale.com.br\/pastoral\/author\/pastoral\/"}]}},"_links":{"self":[{"href":"https:\/\/unisale.com.br\/pastoral\/wp-json\/wp\/v2\/posts\/14102","targetHints":{"allow":["GET"]}}],"collection":[{"href":"https:\/\/unisale.com.br\/pastoral\/wp-json\/wp\/v2\/posts"}],"about":[{"href":"https:\/\/unisale.com.br\/pastoral\/wp-json\/wp\/v2\/types\/post"}],"author":[{"embeddable":true,"href":"https:\/\/unisale.com.br\/pastoral\/wp-json\/wp\/v2\/users\/1"}],"replies":[{"embeddable":true,"href":"https:\/\/unisale.com.br\/pastoral\/wp-json\/wp\/v2\/comments?post=14102"}],"version-history":[{"count":1,"href":"https:\/\/unisale.com.br\/pastoral\/wp-json\/wp\/v2\/posts\/14102\/revisions"}],"predecessor-version":[{"id":14104,"href":"https:\/\/unisale.com.br\/pastoral\/wp-json\/wp\/v2\/posts\/14102\/revisions\/14104"}],"wp:featuredmedia":[{"embeddable":true,"href":"https:\/\/unisale.com.br\/pastoral\/wp-json\/wp\/v2\/media\/14103"}],"wp:attachment":[{"href":"https:\/\/unisale.com.br\/pastoral\/wp-json\/wp\/v2\/media?parent=14102"}],"wp:term":[{"taxonomy":"category","embeddable":true,"href":"https:\/\/unisale.com.br\/pastoral\/wp-json\/wp\/v2\/categories?post=14102"},{"taxonomy":"post_tag","embeddable":true,"href":"https:\/\/unisale.com.br\/pastoral\/wp-json\/wp\/v2\/tags?post=14102"}],"curies":[{"name":"wp","href":"https:\/\/api.w.org\/{rel}","templated":true}]}}