{"id":14132,"date":"2026-04-27T23:55:47","date_gmt":"2026-04-27T23:55:47","guid":{"rendered":"https:\/\/unisale.com.br\/pastoral\/?p=14132"},"modified":"2026-04-27T23:55:47","modified_gmt":"2026-04-27T23:55:47","slug":"28-04-as-minhas-ovelhas-escutam-a-minha-voz-eu-as-conheco-e-elas-me-seguem","status":"publish","type":"post","link":"https:\/\/unisale.com.br\/pastoral\/28-04-as-minhas-ovelhas-escutam-a-minha-voz-eu-as-conheco-e-elas-me-seguem\/","title":{"rendered":"28\/04 &#8211; As minhas ovelhas escutam a minha voz, eu as conhe\u00e7o e elas me seguem."},"content":{"rendered":"<p>Ter\u00e7a-feira, 28 de abril de 2026.<\/p>\n<p>&nbsp;<\/p>\n<p>Evangelho (Jo 10,22-30)<\/p>\n<p>&nbsp;<\/p>\n<p><strong>\u201cAs minhas ovelhas escutam a minha voz, eu as conhe\u00e7o e elas me seguem\u201d<\/strong><\/p>\n<p><sup>\u00a0<\/sup><\/p>\n<p><sup>22<\/sup>Celebrava-se, em Jerusal\u00e9m, a festa da Dedica\u00e7\u00e3o do Templo. Era inverno. <sup>23<\/sup>Jesus passeava pelo Templo, no p\u00f3rtico de Salom\u00e3o. <sup>24<\/sup>Os judeus rodeavam-no e disseram: \u201cAt\u00e9 quando nos deixar\u00e1s em d\u00favida? Se tu \u00e9s o Messias, dize-nos abertamente\u201d. <sup>25<\/sup>Jesus respondeu: \u201cJ\u00e1 vo-lo disse, mas v\u00f3s n\u00e3o acreditais. As obras que eu fa\u00e7o em nome do meu Pai d\u00e3o testemunho de mim; <sup>26<\/sup>v\u00f3s, por\u00e9m, n\u00e3o acreditais, porque n\u00e3o sois das minhas ovelhas. <sup>27<\/sup>As minhas ovelhas escutam a minha voz, eu as conhe\u00e7o e elas me seguem. <sup>28<\/sup>Eu dou-lhes a vida eterna e elas jamais se perder\u00e3o. E ningu\u00e9m vai arranc\u00e1-las de minha m\u00e3o. <sup>29<\/sup>Meu Pai, que me deu estas ovelhas, \u00e9 maior que todos, e ningu\u00e9m pode arrebat\u00e1-las da m\u00e3o do Pai. <sup>30<\/sup>Eu e o Pai somos um\u201d.<\/p>\n<p>&nbsp;<\/p>\n<p><strong>Reflex\u00e3o<\/strong><\/p>\n<p>&nbsp;<\/p>\n<p>\u201cAt\u00e9 quando nos deixar\u00e1s em d\u00favida? Se tu \u00e9s o Messias, dize-nos abertamente\u201d. Seria interessante entender em que sentido os Judeus do evangelho de hoje entendem certeza e clareza. Se para haver certeza ou procurar a clareza desejam algo que responda completamente as perguntas deles, agora permanecer\u00e3o desiludidos, porque Deus sabe responder as interroga\u00e7\u00f5es sem as excluir. E isso pela sua capacidade de nos deixar livres e de confiar na nossa capacidade de discernimento: <sup>\u201c<\/sup>Jesus respondeu: \u201cJ\u00e1 vo-lo disse, mas v\u00f3s n\u00e3o acreditais. As obras que eu fa\u00e7o em nome do meu Pai d\u00e3o testemunho de mim; <sup>26<\/sup>v\u00f3s, por\u00e9m, n\u00e3o acreditais, porque n\u00e3o sois das minhas ovelhas\u201d. Eis agora o segredo revelado: o verdadeiro discernimento nos vem por sermos \u201cseus\u201d. Somente quando sentimos um forte sentido de perten\u00e7a a Jesus \u00e9 que conseguimos entender em meio \u00e0s confus\u00f5es da vida aquilo que \u00e9 certo e confi\u00e1vel daquilo que n\u00e3o \u00e9: \u201cAs minhas ovelhas escutam a minha voz, eu as conhe\u00e7o e elas me seguem. Eu dou-lhes a vida eterna e elas jamais se perder\u00e3o. E ningu\u00e9m vai arranc\u00e1-las de minha m\u00e3o. Meu Pai, que me deu estas ovelhas, \u00e9 maior que todos, e ningu\u00e9m pode arrebat\u00e1-las da m\u00e3o do Pai. Seria interessante nos perguntar de que maneira n\u00f3s sentimos este sentido de perten\u00e7a em rela\u00e7\u00e3o a Jesus. E sobretudo se est\u00e1 claro o nosso chamado a viver a nossa rela\u00e7\u00e3o com Cristo exatamente como Ele vive a Sua rela\u00e7\u00e3o com o Pai.\u00a0 \u201cEu e o Pai somos um\u201d. Somente quando seremos uma coisa s\u00f3 com Cristo, ent\u00e3o n\u00e3o teremos necessidade de sermos tranquilizados e de encontrar certezas no mesmo modo dos Judeus, porque o que \u00e9 mais importante n\u00f3s j\u00e1 o temos n\u00e3o como explica\u00e7\u00e3o, nem como emo\u00e7\u00e3o, mas como rela\u00e7\u00f5es sobre as quais alicer\u00e7ar toda a nossa vida. De fato, Jesus sobre a Cruz n\u00e3o possui uma ideia genial que o sustente, nem mesmo um aparato emotivo que o motive, sente ao inv\u00e9s o distanciamento de Deus. No entanto, contra todo pensamento e emo\u00e7\u00e3o, Ele n\u00e3o rompe sua rela\u00e7\u00e3o com o Pai.<\/p>\n<p><strong>Pe. Paulo Eduardo J\u00e1como, SDB.\u00a0<\/strong><\/p>\n","protected":false},"excerpt":{"rendered":"<p>Ter\u00e7a-feira, 28 de abril de 2026. &nbsp; Evangelho (Jo 10,22-30) &nbsp; \u201cAs minhas ovelhas escutam a minha voz, eu as conhe\u00e7o e elas me seguem\u201d&#8230;<\/p>\n","protected":false},"author":1,"featured_media":14133,"comment_status":"closed","ping_status":"closed","sticky":false,"template":"","format":"standard","meta":{"_acf_changed":false,"footnotes":""},"categories":[13],"tags":[],"class_list":["post-14132","post","type-post","status-publish","format-standard","has-post-thumbnail","hentry","category-reflexaodoevagelho"],"acf":[],"yoast_head":"<!-- This site is optimized with the Yoast SEO plugin v27.3 - https:\/\/yoast.com\/product\/yoast-seo-wordpress\/ -->\n<title>28\/04 - As minhas ovelhas escutam a minha voz, eu as conhe\u00e7o e elas me seguem. - Pastoral Universit\u00e1ria UniSALESIANO<\/title>\n<meta name=\"robots\" content=\"index, follow, max-snippet:-1, max-image-preview:large, max-video-preview:-1\" \/>\n<link rel=\"canonical\" href=\"https:\/\/unisale.com.br\/pastoral\/28-04-as-minhas-ovelhas-escutam-a-minha-voz-eu-as-conheco-e-elas-me-seguem\/\" \/>\n<meta property=\"og:locale\" content=\"pt_BR\" \/>\n<meta property=\"og:type\" content=\"article\" \/>\n<meta property=\"og:title\" content=\"28\/04 - As minhas ovelhas escutam a minha voz, eu as conhe\u00e7o e elas me seguem. - Pastoral Universit\u00e1ria UniSALESIANO\" \/>\n<meta property=\"og:description\" content=\"Ter\u00e7a-feira, 28 de abril de 2026. &nbsp; Evangelho (Jo 10,22-30) &nbsp; \u201cAs minhas ovelhas escutam a minha voz, eu as conhe\u00e7o e elas me seguem\u201d...\" \/>\n<meta property=\"og:url\" content=\"https:\/\/unisale.com.br\/pastoral\/28-04-as-minhas-ovelhas-escutam-a-minha-voz-eu-as-conheco-e-elas-me-seguem\/\" \/>\n<meta property=\"og:site_name\" content=\"Pastoral Universit\u00e1ria UniSALESIANO\" \/>\n<meta property=\"article:published_time\" content=\"2026-04-27T23:55:47+00:00\" \/>\n<meta property=\"og:image\" content=\"https:\/\/unisale.com.br\/pastoral\/wp-content\/uploads\/2026\/04\/ChatGPT-Image-27-de-abr.-de-2026-20_54_44.jpg\" \/>\n\t<meta property=\"og:image:width\" content=\"500\" \/>\n\t<meta property=\"og:image:height\" content=\"500\" \/>\n\t<meta property=\"og:image:type\" content=\"image\/jpeg\" \/>\n<meta name=\"author\" content=\"pastoral\" \/>\n<meta name=\"twitter:card\" content=\"summary_large_image\" \/>\n<meta name=\"twitter:label1\" content=\"Escrito por\" \/>\n\t<meta name=\"twitter:data1\" content=\"pastoral\" \/>\n\t<meta name=\"twitter:label2\" content=\"Est. tempo de leitura\" \/>\n\t<meta name=\"twitter:data2\" content=\"4 minutos\" \/>\n<script type=\"application\/ld+json\" class=\"yoast-schema-graph\">{\"@context\":\"https:\\\/\\\/schema.org\",\"@graph\":[{\"@type\":\"Article\",\"@id\":\"https:\\\/\\\/unisale.com.br\\\/pastoral\\\/28-04-as-minhas-ovelhas-escutam-a-minha-voz-eu-as-conheco-e-elas-me-seguem\\\/#article\",\"isPartOf\":{\"@id\":\"https:\\\/\\\/unisale.com.br\\\/pastoral\\\/28-04-as-minhas-ovelhas-escutam-a-minha-voz-eu-as-conheco-e-elas-me-seguem\\\/\"},\"author\":{\"name\":\"pastoral\",\"@id\":\"https:\\\/\\\/unisale.com.br\\\/pastoral\\\/#\\\/schema\\\/person\\\/a16ba711a0f7dec9cb6b44563144d5a3\"},\"headline\":\"28\\\/04 &#8211; As minhas ovelhas escutam a minha voz, eu as conhe\u00e7o e elas me seguem.\",\"datePublished\":\"2026-04-27T23:55:47+00:00\",\"mainEntityOfPage\":{\"@id\":\"https:\\\/\\\/unisale.com.br\\\/pastoral\\\/28-04-as-minhas-ovelhas-escutam-a-minha-voz-eu-as-conheco-e-elas-me-seguem\\\/\"},\"wordCount\":578,\"image\":{\"@id\":\"https:\\\/\\\/unisale.com.br\\\/pastoral\\\/28-04-as-minhas-ovelhas-escutam-a-minha-voz-eu-as-conheco-e-elas-me-seguem\\\/#primaryimage\"},\"thumbnailUrl\":\"https:\\\/\\\/unisale.com.br\\\/pastoral\\\/wp-content\\\/uploads\\\/2026\\\/04\\\/ChatGPT-Image-27-de-abr.-de-2026-20_54_44.jpg\",\"articleSection\":[\"Reflex\u00e3o do Evangelho\"],\"inLanguage\":\"pt-BR\"},{\"@type\":\"WebPage\",\"@id\":\"https:\\\/\\\/unisale.com.br\\\/pastoral\\\/28-04-as-minhas-ovelhas-escutam-a-minha-voz-eu-as-conheco-e-elas-me-seguem\\\/\",\"url\":\"https:\\\/\\\/unisale.com.br\\\/pastoral\\\/28-04-as-minhas-ovelhas-escutam-a-minha-voz-eu-as-conheco-e-elas-me-seguem\\\/\",\"name\":\"28\\\/04 - As minhas ovelhas escutam a minha voz, eu as conhe\u00e7o e elas me seguem. - Pastoral Universit\u00e1ria UniSALESIANO\",\"isPartOf\":{\"@id\":\"https:\\\/\\\/unisale.com.br\\\/pastoral\\\/#website\"},\"primaryImageOfPage\":{\"@id\":\"https:\\\/\\\/unisale.com.br\\\/pastoral\\\/28-04-as-minhas-ovelhas-escutam-a-minha-voz-eu-as-conheco-e-elas-me-seguem\\\/#primaryimage\"},\"image\":{\"@id\":\"https:\\\/\\\/unisale.com.br\\\/pastoral\\\/28-04-as-minhas-ovelhas-escutam-a-minha-voz-eu-as-conheco-e-elas-me-seguem\\\/#primaryimage\"},\"thumbnailUrl\":\"https:\\\/\\\/unisale.com.br\\\/pastoral\\\/wp-content\\\/uploads\\\/2026\\\/04\\\/ChatGPT-Image-27-de-abr.-de-2026-20_54_44.jpg\",\"datePublished\":\"2026-04-27T23:55:47+00:00\",\"author\":{\"@id\":\"https:\\\/\\\/unisale.com.br\\\/pastoral\\\/#\\\/schema\\\/person\\\/a16ba711a0f7dec9cb6b44563144d5a3\"},\"inLanguage\":\"pt-BR\",\"potentialAction\":[{\"@type\":\"ReadAction\",\"target\":[\"https:\\\/\\\/unisale.com.br\\\/pastoral\\\/28-04-as-minhas-ovelhas-escutam-a-minha-voz-eu-as-conheco-e-elas-me-seguem\\\/\"]}]},{\"@type\":\"ImageObject\",\"inLanguage\":\"pt-BR\",\"@id\":\"https:\\\/\\\/unisale.com.br\\\/pastoral\\\/28-04-as-minhas-ovelhas-escutam-a-minha-voz-eu-as-conheco-e-elas-me-seguem\\\/#primaryimage\",\"url\":\"https:\\\/\\\/unisale.com.br\\\/pastoral\\\/wp-content\\\/uploads\\\/2026\\\/04\\\/ChatGPT-Image-27-de-abr.-de-2026-20_54_44.jpg\",\"contentUrl\":\"https:\\\/\\\/unisale.com.br\\\/pastoral\\\/wp-content\\\/uploads\\\/2026\\\/04\\\/ChatGPT-Image-27-de-abr.-de-2026-20_54_44.jpg\",\"width\":500,\"height\":500},{\"@type\":\"WebSite\",\"@id\":\"https:\\\/\\\/unisale.com.br\\\/pastoral\\\/#website\",\"url\":\"https:\\\/\\\/unisale.com.br\\\/pastoral\\\/\",\"name\":\"Pastoral Universit\u00e1ria UniSALESIANO\",\"description\":\"Site da Pastoral Universit\u00e1ria do UniSALESIANO\",\"potentialAction\":[{\"@type\":\"SearchAction\",\"target\":{\"@type\":\"EntryPoint\",\"urlTemplate\":\"https:\\\/\\\/unisale.com.br\\\/pastoral\\\/?s={search_term_string}\"},\"query-input\":{\"@type\":\"PropertyValueSpecification\",\"valueRequired\":true,\"valueName\":\"search_term_string\"}}],\"inLanguage\":\"pt-BR\"},{\"@type\":\"Person\",\"@id\":\"https:\\\/\\\/unisale.com.br\\\/pastoral\\\/#\\\/schema\\\/person\\\/a16ba711a0f7dec9cb6b44563144d5a3\",\"name\":\"pastoral\",\"url\":\"https:\\\/\\\/unisale.com.br\\\/pastoral\\\/author\\\/pastoral\\\/\"}]}<\/script>\n<!-- \/ Yoast SEO plugin. -->","yoast_head_json":{"title":"28\/04 - As minhas ovelhas escutam a minha voz, eu as conhe\u00e7o e elas me seguem. - Pastoral Universit\u00e1ria UniSALESIANO","robots":{"index":"index","follow":"follow","max-snippet":"max-snippet:-1","max-image-preview":"max-image-preview:large","max-video-preview":"max-video-preview:-1"},"canonical":"https:\/\/unisale.com.br\/pastoral\/28-04-as-minhas-ovelhas-escutam-a-minha-voz-eu-as-conheco-e-elas-me-seguem\/","og_locale":"pt_BR","og_type":"article","og_title":"28\/04 - As minhas ovelhas escutam a minha voz, eu as conhe\u00e7o e elas me seguem. - Pastoral Universit\u00e1ria UniSALESIANO","og_description":"Ter\u00e7a-feira, 28 de abril de 2026. &nbsp; Evangelho (Jo 10,22-30) &nbsp; \u201cAs minhas ovelhas escutam a minha voz, eu as conhe\u00e7o e elas me seguem\u201d...","og_url":"https:\/\/unisale.com.br\/pastoral\/28-04-as-minhas-ovelhas-escutam-a-minha-voz-eu-as-conheco-e-elas-me-seguem\/","og_site_name":"Pastoral Universit\u00e1ria UniSALESIANO","article_published_time":"2026-04-27T23:55:47+00:00","og_image":[{"width":500,"height":500,"url":"https:\/\/unisale.com.br\/pastoral\/wp-content\/uploads\/2026\/04\/ChatGPT-Image-27-de-abr.-de-2026-20_54_44.jpg","type":"image\/jpeg"}],"author":"pastoral","twitter_card":"summary_large_image","twitter_misc":{"Escrito por":"pastoral","Est. tempo de leitura":"4 minutos"},"schema":{"@context":"https:\/\/schema.org","@graph":[{"@type":"Article","@id":"https:\/\/unisale.com.br\/pastoral\/28-04-as-minhas-ovelhas-escutam-a-minha-voz-eu-as-conheco-e-elas-me-seguem\/#article","isPartOf":{"@id":"https:\/\/unisale.com.br\/pastoral\/28-04-as-minhas-ovelhas-escutam-a-minha-voz-eu-as-conheco-e-elas-me-seguem\/"},"author":{"name":"pastoral","@id":"https:\/\/unisale.com.br\/pastoral\/#\/schema\/person\/a16ba711a0f7dec9cb6b44563144d5a3"},"headline":"28\/04 &#8211; As minhas ovelhas escutam a minha voz, eu as conhe\u00e7o e elas me seguem.","datePublished":"2026-04-27T23:55:47+00:00","mainEntityOfPage":{"@id":"https:\/\/unisale.com.br\/pastoral\/28-04-as-minhas-ovelhas-escutam-a-minha-voz-eu-as-conheco-e-elas-me-seguem\/"},"wordCount":578,"image":{"@id":"https:\/\/unisale.com.br\/pastoral\/28-04-as-minhas-ovelhas-escutam-a-minha-voz-eu-as-conheco-e-elas-me-seguem\/#primaryimage"},"thumbnailUrl":"https:\/\/unisale.com.br\/pastoral\/wp-content\/uploads\/2026\/04\/ChatGPT-Image-27-de-abr.-de-2026-20_54_44.jpg","articleSection":["Reflex\u00e3o do Evangelho"],"inLanguage":"pt-BR"},{"@type":"WebPage","@id":"https:\/\/unisale.com.br\/pastoral\/28-04-as-minhas-ovelhas-escutam-a-minha-voz-eu-as-conheco-e-elas-me-seguem\/","url":"https:\/\/unisale.com.br\/pastoral\/28-04-as-minhas-ovelhas-escutam-a-minha-voz-eu-as-conheco-e-elas-me-seguem\/","name":"28\/04 - As minhas ovelhas escutam a minha voz, eu as conhe\u00e7o e elas me seguem. - Pastoral Universit\u00e1ria UniSALESIANO","isPartOf":{"@id":"https:\/\/unisale.com.br\/pastoral\/#website"},"primaryImageOfPage":{"@id":"https:\/\/unisale.com.br\/pastoral\/28-04-as-minhas-ovelhas-escutam-a-minha-voz-eu-as-conheco-e-elas-me-seguem\/#primaryimage"},"image":{"@id":"https:\/\/unisale.com.br\/pastoral\/28-04-as-minhas-ovelhas-escutam-a-minha-voz-eu-as-conheco-e-elas-me-seguem\/#primaryimage"},"thumbnailUrl":"https:\/\/unisale.com.br\/pastoral\/wp-content\/uploads\/2026\/04\/ChatGPT-Image-27-de-abr.-de-2026-20_54_44.jpg","datePublished":"2026-04-27T23:55:47+00:00","author":{"@id":"https:\/\/unisale.com.br\/pastoral\/#\/schema\/person\/a16ba711a0f7dec9cb6b44563144d5a3"},"inLanguage":"pt-BR","potentialAction":[{"@type":"ReadAction","target":["https:\/\/unisale.com.br\/pastoral\/28-04-as-minhas-ovelhas-escutam-a-minha-voz-eu-as-conheco-e-elas-me-seguem\/"]}]},{"@type":"ImageObject","inLanguage":"pt-BR","@id":"https:\/\/unisale.com.br\/pastoral\/28-04-as-minhas-ovelhas-escutam-a-minha-voz-eu-as-conheco-e-elas-me-seguem\/#primaryimage","url":"https:\/\/unisale.com.br\/pastoral\/wp-content\/uploads\/2026\/04\/ChatGPT-Image-27-de-abr.-de-2026-20_54_44.jpg","contentUrl":"https:\/\/unisale.com.br\/pastoral\/wp-content\/uploads\/2026\/04\/ChatGPT-Image-27-de-abr.-de-2026-20_54_44.jpg","width":500,"height":500},{"@type":"WebSite","@id":"https:\/\/unisale.com.br\/pastoral\/#website","url":"https:\/\/unisale.com.br\/pastoral\/","name":"Pastoral Universit\u00e1ria UniSALESIANO","description":"Site da Pastoral Universit\u00e1ria do UniSALESIANO","potentialAction":[{"@type":"SearchAction","target":{"@type":"EntryPoint","urlTemplate":"https:\/\/unisale.com.br\/pastoral\/?s={search_term_string}"},"query-input":{"@type":"PropertyValueSpecification","valueRequired":true,"valueName":"search_term_string"}}],"inLanguage":"pt-BR"},{"@type":"Person","@id":"https:\/\/unisale.com.br\/pastoral\/#\/schema\/person\/a16ba711a0f7dec9cb6b44563144d5a3","name":"pastoral","url":"https:\/\/unisale.com.br\/pastoral\/author\/pastoral\/"}]}},"_links":{"self":[{"href":"https:\/\/unisale.com.br\/pastoral\/wp-json\/wp\/v2\/posts\/14132","targetHints":{"allow":["GET"]}}],"collection":[{"href":"https:\/\/unisale.com.br\/pastoral\/wp-json\/wp\/v2\/posts"}],"about":[{"href":"https:\/\/unisale.com.br\/pastoral\/wp-json\/wp\/v2\/types\/post"}],"author":[{"embeddable":true,"href":"https:\/\/unisale.com.br\/pastoral\/wp-json\/wp\/v2\/users\/1"}],"replies":[{"embeddable":true,"href":"https:\/\/unisale.com.br\/pastoral\/wp-json\/wp\/v2\/comments?post=14132"}],"version-history":[{"count":1,"href":"https:\/\/unisale.com.br\/pastoral\/wp-json\/wp\/v2\/posts\/14132\/revisions"}],"predecessor-version":[{"id":14134,"href":"https:\/\/unisale.com.br\/pastoral\/wp-json\/wp\/v2\/posts\/14132\/revisions\/14134"}],"wp:featuredmedia":[{"embeddable":true,"href":"https:\/\/unisale.com.br\/pastoral\/wp-json\/wp\/v2\/media\/14133"}],"wp:attachment":[{"href":"https:\/\/unisale.com.br\/pastoral\/wp-json\/wp\/v2\/media?parent=14132"}],"wp:term":[{"taxonomy":"category","embeddable":true,"href":"https:\/\/unisale.com.br\/pastoral\/wp-json\/wp\/v2\/categories?post=14132"},{"taxonomy":"post_tag","embeddable":true,"href":"https:\/\/unisale.com.br\/pastoral\/wp-json\/wp\/v2\/tags?post=14132"}],"curies":[{"name":"wp","href":"https:\/\/api.w.org\/{rel}","templated":true}]}}