{"id":14135,"date":"2026-04-28T18:48:47","date_gmt":"2026-04-28T18:48:47","guid":{"rendered":"https:\/\/unisale.com.br\/pastoral\/?p=14135"},"modified":"2026-04-28T18:48:47","modified_gmt":"2026-04-28T18:48:47","slug":"29-04-eu-vim-ao-mundo-como-luz-para-que-todo-aquele-que-cre-em-mim-nao-permaneca-nas-trevas","status":"publish","type":"post","link":"https:\/\/unisale.com.br\/pastoral\/29-04-eu-vim-ao-mundo-como-luz-para-que-todo-aquele-que-cre-em-mim-nao-permaneca-nas-trevas\/","title":{"rendered":"29\/04 &#8211; Eu vim ao mundo como luz, para que todo aquele que cr\u00ea em mim n\u00e3o permane\u00e7a nas trevas."},"content":{"rendered":"<p>Quarta-feira, 29 de abril de 2026.<\/p>\n<p>&nbsp;<\/p>\n<p>Evangelho (Jo 12,44-50)<\/p>\n<p>&nbsp;<\/p>\n<p><strong>\u201cEu vim ao mundo como luz, para que todo aquele que cr\u00ea em mim n\u00e3o permane\u00e7a nas trevas.\u201d<\/strong><\/p>\n<p>&nbsp;<\/p>\n<p>Naquele tempo, <sup>44<\/sup>Jesus exclamou em alta voz: \u201cQuem cr\u00ea em mim n\u00e3o \u00e9 em mim que cr\u00ea, mas naquele que me enviou. <sup>45<\/sup>Quem me v\u00ea, v\u00ea aquele que me enviou. <sup>46<\/sup>Eu vim ao mundo como luz, para que todo aquele que cr\u00ea em mim n\u00e3o permane\u00e7a nas trevas. <sup>47<\/sup>Se algu\u00e9m ouvir as minhas palavras e n\u00e3o as observar, eu n\u00e3o o julgo, porque eu n\u00e3o vim para julgar o mundo, mas para salv\u00e1-lo. <sup>48<\/sup>Quem me rejeita e n\u00e3o aceita as minhas palavras j\u00e1 tem o seu juiz: a palavra que eu falei o julgar\u00e1 no \u00faltimo dia. <sup>49<\/sup>Porque eu n\u00e3o falei por mim mesmo, mas o Pai, que me enviou, ele \u00e9 quem me ordenou o que eu devia dizer e falar. <sup>50<\/sup>Eu sei que o seu mandamento \u00e9 vida eterna. Portanto, o que eu digo, eu o digo conforme o Pai me falou\u201d.<\/p>\n<p>&nbsp;<\/p>\n<p><strong>Reflex\u00e3o<\/strong><\/p>\n<p>&nbsp;<\/p>\n<p>\u201cQuem cr\u00ea em mim n\u00e3o \u00e9 em mim que cr\u00ea, mas naquele que me enviou. Quem me v\u00ea, v\u00ea aquele que me enviou. Eu vim ao mundo como luz, para que todo aquele que cr\u00ea em mim n\u00e3o permane\u00e7a nas trevas\u201d. A afirma\u00e7\u00e3o que Jesus faz no evangelho de hoje nos d\u00e1 uma chave de leitura muito bonita sobre a nossa vida. O valor da luz \u00e9 justamente aquele de expulsar as trevas. Crer em Jesus significa deixa-lo ser aquela luz que expulsa as trevas de dentro de n\u00f3s e de dentro da nossa vida. S\u00e3o as trevas que obstaculizam a nossa intelig\u00eancia que n\u00e3o deixam respirar e que nos condenam a \u00e2nsia e ao p\u00e2nico.\u00a0 S\u00e3o as trevas de alguns sentimentos e emo\u00e7\u00f5es que nos levam sempre para baixo. S\u00e3o as trevas das nossas erras escolhas que fazem buscar no pecado a felicidade que na verdade s\u00f3 poderia ser nos dada pelo amor. Jesus tem raz\u00e3o em nos dizer que: viver sem Ele significa viver nas trevas. Mas muitas vezes temos dificuldades em faz\u00ea-Lo entrar porque temos medo de acender a luz. Temos medo de sermos condenados, de n\u00e3o sermos mais dignos do amor, de descobrir tudo aquilo de ruim que vive em n\u00f3s. Mas \u00e9 Jesus mesmo quem nos assegura: \u201cSe algu\u00e9m ouvir as minhas palavras e n\u00e3o as observar, eu n\u00e3o o julgo, porque eu n\u00e3o vim para julgar o mundo, mas para salv\u00e1-lo\u201d. Jesus n\u00e3o veio para condenar, mas para salvar. Nele n\u00f3s encontramos n\u00e3o um ju\u00edzo de condena\u00e7\u00e3o, mas uma experi\u00eancia de miseric\u00f3rdia. \u00c9 a miseric\u00f3rdia de um amor que vem nos resgatar da escurid\u00e3o. Talvez devemos aprender a dar espa\u00e7o a esta luz, a deixar que a experi\u00eancia do encontro com Ele nos leve pouco a pouco a nos revelar, a acender a luz sobre tudo aquilo que mantemos escondido. Quem vive com Cristo n\u00e3o tem necessidade de esconder-se, n\u00e3o tem mais medo daquilo que \u00e9 e daquilo que tem dentro de si. Quem deixa Cristo fazer morada nele, experimenta uma vida que podemos de definir como \u201caut\u00eantica\u201d.<\/p>\n<p><strong>Pe. Paulo Eduardo J\u00e1como, SDB.\u00a0<\/strong><\/p>\n","protected":false},"excerpt":{"rendered":"<p>Quarta-feira, 29 de abril de 2026. &nbsp; Evangelho (Jo 12,44-50) &nbsp; \u201cEu vim ao mundo como luz, para que todo aquele que cr\u00ea em mim&#8230;<\/p>\n","protected":false},"author":1,"featured_media":14136,"comment_status":"closed","ping_status":"closed","sticky":false,"template":"","format":"standard","meta":{"_acf_changed":false,"footnotes":""},"categories":[13],"tags":[],"class_list":["post-14135","post","type-post","status-publish","format-standard","has-post-thumbnail","hentry","category-reflexaodoevagelho"],"acf":[],"yoast_head":"<!-- This site is optimized with the Yoast SEO plugin v27.3 - https:\/\/yoast.com\/product\/yoast-seo-wordpress\/ -->\n<title>29\/04 - Eu vim ao mundo como luz, para que todo aquele que cr\u00ea em mim n\u00e3o permane\u00e7a nas trevas. - Pastoral Universit\u00e1ria UniSALESIANO<\/title>\n<meta name=\"robots\" content=\"index, follow, max-snippet:-1, max-image-preview:large, max-video-preview:-1\" \/>\n<link rel=\"canonical\" href=\"https:\/\/unisale.com.br\/pastoral\/29-04-eu-vim-ao-mundo-como-luz-para-que-todo-aquele-que-cre-em-mim-nao-permaneca-nas-trevas\/\" \/>\n<meta property=\"og:locale\" content=\"pt_BR\" \/>\n<meta property=\"og:type\" content=\"article\" \/>\n<meta property=\"og:title\" content=\"29\/04 - Eu vim ao mundo como luz, para que todo aquele que cr\u00ea em mim n\u00e3o permane\u00e7a nas trevas. - Pastoral Universit\u00e1ria UniSALESIANO\" \/>\n<meta property=\"og:description\" content=\"Quarta-feira, 29 de abril de 2026. &nbsp; Evangelho (Jo 12,44-50) &nbsp; \u201cEu vim ao mundo como luz, para que todo aquele que cr\u00ea em mim...\" \/>\n<meta property=\"og:url\" content=\"https:\/\/unisale.com.br\/pastoral\/29-04-eu-vim-ao-mundo-como-luz-para-que-todo-aquele-que-cre-em-mim-nao-permaneca-nas-trevas\/\" \/>\n<meta property=\"og:site_name\" content=\"Pastoral Universit\u00e1ria UniSALESIANO\" \/>\n<meta property=\"article:published_time\" content=\"2026-04-28T18:48:47+00:00\" \/>\n<meta property=\"og:image\" content=\"https:\/\/unisale.com.br\/pastoral\/wp-content\/uploads\/2026\/04\/ChatGPT-Image-28-de-abr.-de-2026-15_48_00.jpg\" \/>\n\t<meta property=\"og:image:width\" content=\"500\" \/>\n\t<meta property=\"og:image:height\" content=\"500\" \/>\n\t<meta property=\"og:image:type\" content=\"image\/jpeg\" \/>\n<meta name=\"author\" content=\"pastoral\" \/>\n<meta name=\"twitter:card\" content=\"summary_large_image\" \/>\n<meta name=\"twitter:label1\" content=\"Escrito por\" \/>\n\t<meta name=\"twitter:data1\" content=\"pastoral\" \/>\n\t<meta name=\"twitter:label2\" content=\"Est. tempo de leitura\" \/>\n\t<meta name=\"twitter:data2\" content=\"4 minutos\" \/>\n<script type=\"application\/ld+json\" class=\"yoast-schema-graph\">{\"@context\":\"https:\\\/\\\/schema.org\",\"@graph\":[{\"@type\":\"Article\",\"@id\":\"https:\\\/\\\/unisale.com.br\\\/pastoral\\\/29-04-eu-vim-ao-mundo-como-luz-para-que-todo-aquele-que-cre-em-mim-nao-permaneca-nas-trevas\\\/#article\",\"isPartOf\":{\"@id\":\"https:\\\/\\\/unisale.com.br\\\/pastoral\\\/29-04-eu-vim-ao-mundo-como-luz-para-que-todo-aquele-que-cre-em-mim-nao-permaneca-nas-trevas\\\/\"},\"author\":{\"name\":\"pastoral\",\"@id\":\"https:\\\/\\\/unisale.com.br\\\/pastoral\\\/#\\\/schema\\\/person\\\/a16ba711a0f7dec9cb6b44563144d5a3\"},\"headline\":\"29\\\/04 &#8211; Eu vim ao mundo como luz, para que todo aquele que cr\u00ea em mim n\u00e3o permane\u00e7a nas trevas.\",\"datePublished\":\"2026-04-28T18:48:47+00:00\",\"mainEntityOfPage\":{\"@id\":\"https:\\\/\\\/unisale.com.br\\\/pastoral\\\/29-04-eu-vim-ao-mundo-como-luz-para-que-todo-aquele-que-cre-em-mim-nao-permaneca-nas-trevas\\\/\"},\"wordCount\":586,\"image\":{\"@id\":\"https:\\\/\\\/unisale.com.br\\\/pastoral\\\/29-04-eu-vim-ao-mundo-como-luz-para-que-todo-aquele-que-cre-em-mim-nao-permaneca-nas-trevas\\\/#primaryimage\"},\"thumbnailUrl\":\"https:\\\/\\\/unisale.com.br\\\/pastoral\\\/wp-content\\\/uploads\\\/2026\\\/04\\\/ChatGPT-Image-28-de-abr.-de-2026-15_48_00.jpg\",\"articleSection\":[\"Reflex\u00e3o do Evangelho\"],\"inLanguage\":\"pt-BR\"},{\"@type\":\"WebPage\",\"@id\":\"https:\\\/\\\/unisale.com.br\\\/pastoral\\\/29-04-eu-vim-ao-mundo-como-luz-para-que-todo-aquele-que-cre-em-mim-nao-permaneca-nas-trevas\\\/\",\"url\":\"https:\\\/\\\/unisale.com.br\\\/pastoral\\\/29-04-eu-vim-ao-mundo-como-luz-para-que-todo-aquele-que-cre-em-mim-nao-permaneca-nas-trevas\\\/\",\"name\":\"29\\\/04 - Eu vim ao mundo como luz, para que todo aquele que cr\u00ea em mim n\u00e3o permane\u00e7a nas trevas. - Pastoral Universit\u00e1ria UniSALESIANO\",\"isPartOf\":{\"@id\":\"https:\\\/\\\/unisale.com.br\\\/pastoral\\\/#website\"},\"primaryImageOfPage\":{\"@id\":\"https:\\\/\\\/unisale.com.br\\\/pastoral\\\/29-04-eu-vim-ao-mundo-como-luz-para-que-todo-aquele-que-cre-em-mim-nao-permaneca-nas-trevas\\\/#primaryimage\"},\"image\":{\"@id\":\"https:\\\/\\\/unisale.com.br\\\/pastoral\\\/29-04-eu-vim-ao-mundo-como-luz-para-que-todo-aquele-que-cre-em-mim-nao-permaneca-nas-trevas\\\/#primaryimage\"},\"thumbnailUrl\":\"https:\\\/\\\/unisale.com.br\\\/pastoral\\\/wp-content\\\/uploads\\\/2026\\\/04\\\/ChatGPT-Image-28-de-abr.-de-2026-15_48_00.jpg\",\"datePublished\":\"2026-04-28T18:48:47+00:00\",\"author\":{\"@id\":\"https:\\\/\\\/unisale.com.br\\\/pastoral\\\/#\\\/schema\\\/person\\\/a16ba711a0f7dec9cb6b44563144d5a3\"},\"inLanguage\":\"pt-BR\",\"potentialAction\":[{\"@type\":\"ReadAction\",\"target\":[\"https:\\\/\\\/unisale.com.br\\\/pastoral\\\/29-04-eu-vim-ao-mundo-como-luz-para-que-todo-aquele-que-cre-em-mim-nao-permaneca-nas-trevas\\\/\"]}]},{\"@type\":\"ImageObject\",\"inLanguage\":\"pt-BR\",\"@id\":\"https:\\\/\\\/unisale.com.br\\\/pastoral\\\/29-04-eu-vim-ao-mundo-como-luz-para-que-todo-aquele-que-cre-em-mim-nao-permaneca-nas-trevas\\\/#primaryimage\",\"url\":\"https:\\\/\\\/unisale.com.br\\\/pastoral\\\/wp-content\\\/uploads\\\/2026\\\/04\\\/ChatGPT-Image-28-de-abr.-de-2026-15_48_00.jpg\",\"contentUrl\":\"https:\\\/\\\/unisale.com.br\\\/pastoral\\\/wp-content\\\/uploads\\\/2026\\\/04\\\/ChatGPT-Image-28-de-abr.-de-2026-15_48_00.jpg\",\"width\":500,\"height\":500},{\"@type\":\"WebSite\",\"@id\":\"https:\\\/\\\/unisale.com.br\\\/pastoral\\\/#website\",\"url\":\"https:\\\/\\\/unisale.com.br\\\/pastoral\\\/\",\"name\":\"Pastoral Universit\u00e1ria UniSALESIANO\",\"description\":\"Site da Pastoral Universit\u00e1ria do UniSALESIANO\",\"potentialAction\":[{\"@type\":\"SearchAction\",\"target\":{\"@type\":\"EntryPoint\",\"urlTemplate\":\"https:\\\/\\\/unisale.com.br\\\/pastoral\\\/?s={search_term_string}\"},\"query-input\":{\"@type\":\"PropertyValueSpecification\",\"valueRequired\":true,\"valueName\":\"search_term_string\"}}],\"inLanguage\":\"pt-BR\"},{\"@type\":\"Person\",\"@id\":\"https:\\\/\\\/unisale.com.br\\\/pastoral\\\/#\\\/schema\\\/person\\\/a16ba711a0f7dec9cb6b44563144d5a3\",\"name\":\"pastoral\",\"url\":\"https:\\\/\\\/unisale.com.br\\\/pastoral\\\/author\\\/pastoral\\\/\"}]}<\/script>\n<!-- \/ Yoast SEO plugin. -->","yoast_head_json":{"title":"29\/04 - Eu vim ao mundo como luz, para que todo aquele que cr\u00ea em mim n\u00e3o permane\u00e7a nas trevas. - Pastoral Universit\u00e1ria UniSALESIANO","robots":{"index":"index","follow":"follow","max-snippet":"max-snippet:-1","max-image-preview":"max-image-preview:large","max-video-preview":"max-video-preview:-1"},"canonical":"https:\/\/unisale.com.br\/pastoral\/29-04-eu-vim-ao-mundo-como-luz-para-que-todo-aquele-que-cre-em-mim-nao-permaneca-nas-trevas\/","og_locale":"pt_BR","og_type":"article","og_title":"29\/04 - Eu vim ao mundo como luz, para que todo aquele que cr\u00ea em mim n\u00e3o permane\u00e7a nas trevas. - Pastoral Universit\u00e1ria UniSALESIANO","og_description":"Quarta-feira, 29 de abril de 2026. &nbsp; Evangelho (Jo 12,44-50) &nbsp; \u201cEu vim ao mundo como luz, para que todo aquele que cr\u00ea em mim...","og_url":"https:\/\/unisale.com.br\/pastoral\/29-04-eu-vim-ao-mundo-como-luz-para-que-todo-aquele-que-cre-em-mim-nao-permaneca-nas-trevas\/","og_site_name":"Pastoral Universit\u00e1ria UniSALESIANO","article_published_time":"2026-04-28T18:48:47+00:00","og_image":[{"width":500,"height":500,"url":"https:\/\/unisale.com.br\/pastoral\/wp-content\/uploads\/2026\/04\/ChatGPT-Image-28-de-abr.-de-2026-15_48_00.jpg","type":"image\/jpeg"}],"author":"pastoral","twitter_card":"summary_large_image","twitter_misc":{"Escrito por":"pastoral","Est. tempo de leitura":"4 minutos"},"schema":{"@context":"https:\/\/schema.org","@graph":[{"@type":"Article","@id":"https:\/\/unisale.com.br\/pastoral\/29-04-eu-vim-ao-mundo-como-luz-para-que-todo-aquele-que-cre-em-mim-nao-permaneca-nas-trevas\/#article","isPartOf":{"@id":"https:\/\/unisale.com.br\/pastoral\/29-04-eu-vim-ao-mundo-como-luz-para-que-todo-aquele-que-cre-em-mim-nao-permaneca-nas-trevas\/"},"author":{"name":"pastoral","@id":"https:\/\/unisale.com.br\/pastoral\/#\/schema\/person\/a16ba711a0f7dec9cb6b44563144d5a3"},"headline":"29\/04 &#8211; Eu vim ao mundo como luz, para que todo aquele que cr\u00ea em mim n\u00e3o permane\u00e7a nas trevas.","datePublished":"2026-04-28T18:48:47+00:00","mainEntityOfPage":{"@id":"https:\/\/unisale.com.br\/pastoral\/29-04-eu-vim-ao-mundo-como-luz-para-que-todo-aquele-que-cre-em-mim-nao-permaneca-nas-trevas\/"},"wordCount":586,"image":{"@id":"https:\/\/unisale.com.br\/pastoral\/29-04-eu-vim-ao-mundo-como-luz-para-que-todo-aquele-que-cre-em-mim-nao-permaneca-nas-trevas\/#primaryimage"},"thumbnailUrl":"https:\/\/unisale.com.br\/pastoral\/wp-content\/uploads\/2026\/04\/ChatGPT-Image-28-de-abr.-de-2026-15_48_00.jpg","articleSection":["Reflex\u00e3o do Evangelho"],"inLanguage":"pt-BR"},{"@type":"WebPage","@id":"https:\/\/unisale.com.br\/pastoral\/29-04-eu-vim-ao-mundo-como-luz-para-que-todo-aquele-que-cre-em-mim-nao-permaneca-nas-trevas\/","url":"https:\/\/unisale.com.br\/pastoral\/29-04-eu-vim-ao-mundo-como-luz-para-que-todo-aquele-que-cre-em-mim-nao-permaneca-nas-trevas\/","name":"29\/04 - Eu vim ao mundo como luz, para que todo aquele que cr\u00ea em mim n\u00e3o permane\u00e7a nas trevas. - Pastoral Universit\u00e1ria UniSALESIANO","isPartOf":{"@id":"https:\/\/unisale.com.br\/pastoral\/#website"},"primaryImageOfPage":{"@id":"https:\/\/unisale.com.br\/pastoral\/29-04-eu-vim-ao-mundo-como-luz-para-que-todo-aquele-que-cre-em-mim-nao-permaneca-nas-trevas\/#primaryimage"},"image":{"@id":"https:\/\/unisale.com.br\/pastoral\/29-04-eu-vim-ao-mundo-como-luz-para-que-todo-aquele-que-cre-em-mim-nao-permaneca-nas-trevas\/#primaryimage"},"thumbnailUrl":"https:\/\/unisale.com.br\/pastoral\/wp-content\/uploads\/2026\/04\/ChatGPT-Image-28-de-abr.-de-2026-15_48_00.jpg","datePublished":"2026-04-28T18:48:47+00:00","author":{"@id":"https:\/\/unisale.com.br\/pastoral\/#\/schema\/person\/a16ba711a0f7dec9cb6b44563144d5a3"},"inLanguage":"pt-BR","potentialAction":[{"@type":"ReadAction","target":["https:\/\/unisale.com.br\/pastoral\/29-04-eu-vim-ao-mundo-como-luz-para-que-todo-aquele-que-cre-em-mim-nao-permaneca-nas-trevas\/"]}]},{"@type":"ImageObject","inLanguage":"pt-BR","@id":"https:\/\/unisale.com.br\/pastoral\/29-04-eu-vim-ao-mundo-como-luz-para-que-todo-aquele-que-cre-em-mim-nao-permaneca-nas-trevas\/#primaryimage","url":"https:\/\/unisale.com.br\/pastoral\/wp-content\/uploads\/2026\/04\/ChatGPT-Image-28-de-abr.-de-2026-15_48_00.jpg","contentUrl":"https:\/\/unisale.com.br\/pastoral\/wp-content\/uploads\/2026\/04\/ChatGPT-Image-28-de-abr.-de-2026-15_48_00.jpg","width":500,"height":500},{"@type":"WebSite","@id":"https:\/\/unisale.com.br\/pastoral\/#website","url":"https:\/\/unisale.com.br\/pastoral\/","name":"Pastoral Universit\u00e1ria UniSALESIANO","description":"Site da Pastoral Universit\u00e1ria do UniSALESIANO","potentialAction":[{"@type":"SearchAction","target":{"@type":"EntryPoint","urlTemplate":"https:\/\/unisale.com.br\/pastoral\/?s={search_term_string}"},"query-input":{"@type":"PropertyValueSpecification","valueRequired":true,"valueName":"search_term_string"}}],"inLanguage":"pt-BR"},{"@type":"Person","@id":"https:\/\/unisale.com.br\/pastoral\/#\/schema\/person\/a16ba711a0f7dec9cb6b44563144d5a3","name":"pastoral","url":"https:\/\/unisale.com.br\/pastoral\/author\/pastoral\/"}]}},"_links":{"self":[{"href":"https:\/\/unisale.com.br\/pastoral\/wp-json\/wp\/v2\/posts\/14135","targetHints":{"allow":["GET"]}}],"collection":[{"href":"https:\/\/unisale.com.br\/pastoral\/wp-json\/wp\/v2\/posts"}],"about":[{"href":"https:\/\/unisale.com.br\/pastoral\/wp-json\/wp\/v2\/types\/post"}],"author":[{"embeddable":true,"href":"https:\/\/unisale.com.br\/pastoral\/wp-json\/wp\/v2\/users\/1"}],"replies":[{"embeddable":true,"href":"https:\/\/unisale.com.br\/pastoral\/wp-json\/wp\/v2\/comments?post=14135"}],"version-history":[{"count":1,"href":"https:\/\/unisale.com.br\/pastoral\/wp-json\/wp\/v2\/posts\/14135\/revisions"}],"predecessor-version":[{"id":14137,"href":"https:\/\/unisale.com.br\/pastoral\/wp-json\/wp\/v2\/posts\/14135\/revisions\/14137"}],"wp:featuredmedia":[{"embeddable":true,"href":"https:\/\/unisale.com.br\/pastoral\/wp-json\/wp\/v2\/media\/14136"}],"wp:attachment":[{"href":"https:\/\/unisale.com.br\/pastoral\/wp-json\/wp\/v2\/media?parent=14135"}],"wp:term":[{"taxonomy":"category","embeddable":true,"href":"https:\/\/unisale.com.br\/pastoral\/wp-json\/wp\/v2\/categories?post=14135"},{"taxonomy":"post_tag","embeddable":true,"href":"https:\/\/unisale.com.br\/pastoral\/wp-json\/wp\/v2\/tags?post=14135"}],"curies":[{"name":"wp","href":"https:\/\/api.w.org\/{rel}","templated":true}]}}