{"id":14516,"date":"2026-08-21T13:25:34","date_gmt":"2026-08-21T13:25:34","guid":{"rendered":"https:\/\/unisale.com.br\/pastoral\/?p=14516"},"modified":"2026-08-21T13:25:34","modified_gmt":"2026-08-21T13:25:34","slug":"craques-do-vams-unisalesiano-anuncia-voluntarios-com-tema-da-copa-do-mundo","status":"publish","type":"post","link":"https:\/\/unisale.com.br\/pastoral\/craques-do-vams-unisalesiano-anuncia-voluntarios-com-tema-da-copa-do-mundo\/","title":{"rendered":"Craques do VAMS: UniSALESIANO anuncia volunt\u00e1rios com tema da Copa do Mundo"},"content":{"rendered":"<p>Em ano de Copa do Mundo, o UniSALESIANO entrou no clima e fez diferente: os acad\u00eamicos aprovados no processo seletivo do\u00a0<strong>Voluntariado Acad\u00eamico Mission\u00e1rio Salesiano (VAMS) 2026<\/strong>\u00a0foram anunciados como verdadeiros\u00a0<strong>\u201cCraques do VAMS\u201d<\/strong>\u00a0\u2014 cada um com seu n\u00famero de camisa e foto no estilo das tradicionais figurinhas do \u00e1lbum da Copa.<\/p>\n<p>No total, 50 volunt\u00e1rios receberam seus cart\u00f5es \u2014 do BRA 1 ao BRA 50 \u2014, incluindo coordenadores, professores e acad\u00eamicos dos mais diversos cursos da Institui\u00e7\u00e3o. Entre os \u201ccraques\u201d est\u00e3o o\u00a0<strong>Reitor, Pe. Paulo Vendrame (BRA 1), o Pr\u00f3-Reitor de Pastoral, Pe. Paulo J\u00e1como (BRA 2), a Coordenadora do Curso de Educa\u00e7\u00e3o F\u00edsica, Juliana Mitidiero (BRA 3), a Coordenadora do Curso de Psicologia, Mirella Justi (BRA 4),<\/strong>\u00a0al\u00e9m de dezenas de acad\u00eamicos que passaram por meses de forma\u00e7\u00e3o e sele\u00e7\u00e3o para chegar at\u00e9 aqui.<\/p>\n<p>O VAMS n\u00e3o \u00e9 uma viagem qualquer. O processo seletivo teve in\u00edcio ainda em fevereiro, com o primeiro encontro formativo realizado no dia 26 daquele m\u00eas. Desde ent\u00e3o, os candidatos participaram de encontros peri\u00f3dicos, a\u00e7\u00f5es solid\u00e1rias e campanhas de arrecada\u00e7\u00e3o \u2014 de roupas a alimentos e medicamentos \u2014 como parte essencial da prepara\u00e7\u00e3o.<\/p>\n<p>\u201d Os participantes precisam se envolver nas atividades e nos encontros ao longo dos meses, pois a miss\u00e3o come\u00e7a muito antes da viagem\u201d, explicou Juliana. Este ano, mais de 200 estudantes se inscreveram \u2014 um n\u00famero que reflete o crescimento do interesse pelo projeto dentro da Institui\u00e7\u00e3o.<\/p>\n<p><strong>DESTINO<\/strong><\/p>\n<p>Os 50 volunt\u00e1rios partem no dia 25 de junho e retornam em 6 de julho, quando desenvolver\u00e3o atividades educativas, culturais, pastorais, ambientais, esportivas e recreativas junto a comunidades ind\u00edgenas atendidas pela Miss\u00e3o Salesiana de Mato Grosso, mantenedora do UniSALESIANO.<\/p>\n<p>Mas o trabalho n\u00e3o termina com a volta. Um dos diferenciais do VAMS \u00e9 a continuidade: os projetos iniciados por uma turma s\u00e3o retomados e desenvolvidos pelos grupos seguintes. Professores acompanham os volunt\u00e1rios in loco justamente para apoiar a constru\u00e7\u00e3o de pesquisas e produ\u00e7\u00f5es cient\u00edficas a partir do contato com as comunidades. \u201cN\u00e3o se trata apenas de ir at\u00e9 as comunidades. Queremos que os alunos tamb\u00e9m desenvolvam pesquisas e produ\u00e7\u00f5es cient\u00edficas\u201d, destacou o Pr\u00f3-Reitor de Pastoral.<\/p>\n<p>O VAMS j\u00e1 ultrapassou os muros do UniSALESIANO. Segundo Pe. Paulo J\u00e1como, o projeto \u00e9 citado como refer\u00eancia dentro da pr\u00f3pria congrega\u00e7\u00e3o salesiana em n\u00edvel internacional. \u201cJ\u00e1 ganhou dimens\u00f5es internacionais. O VAMS \u00e9 citado como exemplo dentro da congrega\u00e7\u00e3o, inclusive por lideran\u00e7as em Roma, que veem com muito bons olhos esse envolvimento dos acad\u00eamicos com as comunidades ind\u00edgenas\u201d, afirmou.<\/p>\n<p><em>Confira abaixo a lista completa dos volunt\u00e1rios selecionados para a VAMS 2026:<\/em><\/p>\n<p><strong>BRA 1 \u2013 Pe. Paulo Vendrame<\/strong><br \/>\n<strong>BRA 2 \u2013 Pe. Paulo J\u00e1como<\/strong><br \/>\n<strong>BRA 3 \u2013 Juliana Mitidiero<\/strong><br \/>\n<strong>BRA 4 \u2013 Mirella Justi<\/strong><br \/>\n<strong>BRA 5 \u2013 Dr. \u00c2ngelo Jacomossi<\/strong><br \/>\n<strong>BRA 6 \u2013 Isabela Ramos<\/strong><br \/>\n<strong>BRA 7 \u2013 Karoline Oliveira<\/strong><br \/>\n<strong>BRA 8 \u2013 Bruno Carvalho<\/strong><br \/>\n<strong>BRA 9 \u2013 Jo\u00e3o Paulo Galdino<\/strong><br \/>\n<strong>BRA 10 \u2013 S\u00e3o Jo\u00e3o Bosco<\/strong><br \/>\n<strong>BRA 11 \u2013 Luiz Alexandre<\/strong><br \/>\n<strong>BRA 12 \u2013 Gustavo Jos\u00e9<\/strong><br \/>\n<strong>BRA 13 \u2013 Jo\u00e3o Paulo Babolin<\/strong><br \/>\n<strong>BRA 14 \u2013 Carolina Pavani<\/strong><br \/>\n<strong>BRA 15 \u2013 Luis Henrique Panza<\/strong><br \/>\n<strong>BRA 16 \u2013 Maria P\u00e2mela Landin<\/strong><br \/>\n<strong>BRA 17 \u2013 Lana Riema R\u00e9<\/strong><br \/>\n<strong>BRA 18 \u2013 Andre Duran<\/strong><br \/>\n<strong>BRA 19 \u2013 Kaike Mattos<\/strong><br \/>\n<strong>BRA 20 \u2013 Yasmim Magoga<\/strong><br \/>\n<strong>BRA 21 \u2013 Louise Elias de Carvalho<\/strong><br \/>\n<strong>BRA 22 \u2013 Lu\u00eds Olsen<\/strong><br \/>\n<strong>BRA 23 \u2013 Pedro Weiss Paludeto<\/strong><br \/>\n<strong>BRA 24 \u2013 K\u00eania Ruas<\/strong><br \/>\n<strong>BRA 25 \u2013 Michele de Carvalho Delmiro<\/strong><br \/>\n<strong>BRA 26 \u2013 Maria Trivelato<\/strong><br \/>\n<strong>BRA 27 \u2013 Luana Garcia<\/strong><br \/>\n<strong>BRA 28 \u2013 Brenda Vieira<\/strong><br \/>\n<strong>BRA 29 \u2013 Luana Vit\u00f3rio<\/strong><br \/>\n<strong>BRA 30 \u2013 Igor de Souza<\/strong><br \/>\n<strong>BRA 31 \u2013 Marina Marques<\/strong><br \/>\n<strong>BRA 32 \u2013 Marcos Abra<\/strong><br \/>\n<strong>BRA 33 \u2013 Maria Clara Cabriotti<\/strong><br \/>\n<strong>BRA 34 \u2013 Caique Polacchini<\/strong><br \/>\n<strong>BRA 35 \u2013 Ana Helena Vasconcellos<\/strong><br \/>\n<strong>BRA 36 \u2013 Heloisa Vit\u00f3ria Romano<\/strong><br \/>\n<strong>BRA 37 \u2013 Ivan Serra<\/strong><br \/>\n<strong>BRA 38 \u2013 Maria Eduarda Gallina<\/strong><br \/>\n<strong>BRA 39 \u2013 Julia Lima<\/strong><br \/>\n<strong>BRA 40 \u2013 Alicia Domiciano<\/strong><br \/>\n<strong>BRA 41 \u2013 Rafaela Augusta<\/strong><br \/>\n<strong>BRA 42 \u2013 Agata Shayna Caldas<\/strong><br \/>\n<strong>BRA 43 \u2013 Livia Castilho<\/strong><br \/>\n<strong>BRA 44 \u2013 Beatriz Rezende<\/strong><br \/>\n<strong>BRA 45 \u2013 Eduarda Barreto<\/strong><br \/>\n<strong>BRA 46 \u2013 Bianca de Abreu<\/strong><br \/>\n<strong>BRA 47 \u2013 Vitoria Sena<\/strong><br \/>\n<strong>BRA 48 \u2013 Julia Barros<\/strong><br \/>\n<strong>BRA 49 \u2013 Vanessa Catharina<\/strong><br \/>\n<strong>BRA 50 \u2013 J\u00falia Lopes<\/strong><\/p>\n","protected":false},"excerpt":{"rendered":"<p>Em ano de Copa do Mundo, o UniSALESIANO entrou no clima e fez diferente: os acad\u00eamicos aprovados no processo seletivo do\u00a0Voluntariado Acad\u00eamico Mission\u00e1rio Salesiano (VAMS)&#8230;<\/p>\n","protected":false},"author":1,"featured_media":14517,"comment_status":"closed","ping_status":"closed","sticky":false,"template":"","format":"standard","meta":{"_acf_changed":false,"footnotes":""},"categories":[3],"tags":[],"class_list":["post-14516","post","type-post","status-publish","format-standard","has-post-thumbnail","hentry","category-not"],"acf":[],"yoast_head":"<!-- This site is optimized with the Yoast SEO plugin v28.3 - https:\/\/yoast.com\/product\/yoast-seo-wordpress\/ -->\n<title>Craques do VAMS: UniSALESIANO anuncia volunt\u00e1rios com tema da Copa do Mundo - Pastoral Universit\u00e1ria UniSALESIANO<\/title>\n<meta name=\"robots\" content=\"index, follow, max-snippet:-1, max-image-preview:large, max-video-preview:-1\" \/>\n<link rel=\"canonical\" href=\"https:\/\/unisale.com.br\/pastoral\/craques-do-vams-unisalesiano-anuncia-voluntarios-com-tema-da-copa-do-mundo\/\" \/>\n<meta property=\"og:locale\" content=\"pt_BR\" \/>\n<meta property=\"og:type\" content=\"article\" \/>\n<meta property=\"og:title\" content=\"Craques do VAMS: UniSALESIANO anuncia volunt\u00e1rios com tema da Copa do Mundo - Pastoral Universit\u00e1ria UniSALESIANO\" \/>\n<meta property=\"og:description\" content=\"Em ano de Copa do Mundo, o UniSALESIANO entrou no clima e fez diferente: os acad\u00eamicos aprovados no processo seletivo do\u00a0Voluntariado Acad\u00eamico Mission\u00e1rio Salesiano (VAMS)...\" \/>\n<meta property=\"og:url\" content=\"https:\/\/unisale.com.br\/pastoral\/craques-do-vams-unisalesiano-anuncia-voluntarios-com-tema-da-copa-do-mundo\/\" \/>\n<meta property=\"og:site_name\" content=\"Pastoral Universit\u00e1ria UniSALESIANO\" \/>\n<meta property=\"article:published_time\" content=\"2026-08-21T13:25:34+00:00\" \/>\n<meta property=\"og:image\" content=\"https:\/\/unisale.com.br\/pastoral\/wp-content\/uploads\/2026\/08\/WhatsApp-Image-2026-06-11-at-12.05.11-768x541-1.jpeg\" \/>\n\t<meta property=\"og:image:width\" content=\"710\" \/>\n\t<meta property=\"og:image:height\" content=\"500\" \/>\n\t<meta property=\"og:image:type\" content=\"image\/jpeg\" \/>\n<meta name=\"author\" content=\"pastoral\" \/>\n<meta name=\"twitter:card\" content=\"summary_large_image\" \/>\n<meta name=\"twitter:label1\" content=\"Escrito por\" \/>\n\t<meta name=\"twitter:data1\" content=\"pastoral\" \/>\n\t<meta name=\"twitter:label2\" content=\"Est. tempo de leitura\" \/>\n\t<meta name=\"twitter:data2\" content=\"4 minutos\" \/>\n<script type=\"application\/ld+json\" class=\"yoast-schema-graph\">{\"@context\":\"https:\\\/\\\/schema.org\",\"@graph\":[{\"@type\":\"Article\",\"@id\":\"https:\\\/\\\/unisale.com.br\\\/pastoral\\\/craques-do-vams-unisalesiano-anuncia-voluntarios-com-tema-da-copa-do-mundo\\\/#article\",\"isPartOf\":{\"@id\":\"https:\\\/\\\/unisale.com.br\\\/pastoral\\\/craques-do-vams-unisalesiano-anuncia-voluntarios-com-tema-da-copa-do-mundo\\\/\"},\"author\":{\"name\":\"pastoral\",\"@id\":\"https:\\\/\\\/unisale.com.br\\\/pastoral\\\/#\\\/schema\\\/person\\\/a16ba711a0f7dec9cb6b44563144d5a3\"},\"headline\":\"Craques do VAMS: UniSALESIANO anuncia volunt\u00e1rios com tema da Copa do Mundo\",\"datePublished\":\"2026-08-21T13:25:34+00:00\",\"mainEntityOfPage\":{\"@id\":\"https:\\\/\\\/unisale.com.br\\\/pastoral\\\/craques-do-vams-unisalesiano-anuncia-voluntarios-com-tema-da-copa-do-mundo\\\/\"},\"wordCount\":650,\"image\":{\"@id\":\"https:\\\/\\\/unisale.com.br\\\/pastoral\\\/craques-do-vams-unisalesiano-anuncia-voluntarios-com-tema-da-copa-do-mundo\\\/#primaryimage\"},\"thumbnailUrl\":\"https:\\\/\\\/unisale.com.br\\\/pastoral\\\/wp-content\\\/uploads\\\/2026\\\/08\\\/WhatsApp-Image-2026-06-11-at-12.05.11-768x541-1.jpeg\",\"articleSection\":[\"Not\u00edcias\"],\"inLanguage\":\"pt-BR\"},{\"@type\":\"WebPage\",\"@id\":\"https:\\\/\\\/unisale.com.br\\\/pastoral\\\/craques-do-vams-unisalesiano-anuncia-voluntarios-com-tema-da-copa-do-mundo\\\/\",\"url\":\"https:\\\/\\\/unisale.com.br\\\/pastoral\\\/craques-do-vams-unisalesiano-anuncia-voluntarios-com-tema-da-copa-do-mundo\\\/\",\"name\":\"Craques do VAMS: UniSALESIANO anuncia volunt\u00e1rios com tema da Copa do Mundo - Pastoral Universit\u00e1ria UniSALESIANO\",\"isPartOf\":{\"@id\":\"https:\\\/\\\/unisale.com.br\\\/pastoral\\\/#website\"},\"primaryImageOfPage\":{\"@id\":\"https:\\\/\\\/unisale.com.br\\\/pastoral\\\/craques-do-vams-unisalesiano-anuncia-voluntarios-com-tema-da-copa-do-mundo\\\/#primaryimage\"},\"image\":{\"@id\":\"https:\\\/\\\/unisale.com.br\\\/pastoral\\\/craques-do-vams-unisalesiano-anuncia-voluntarios-com-tema-da-copa-do-mundo\\\/#primaryimage\"},\"thumbnailUrl\":\"https:\\\/\\\/unisale.com.br\\\/pastoral\\\/wp-content\\\/uploads\\\/2026\\\/08\\\/WhatsApp-Image-2026-06-11-at-12.05.11-768x541-1.jpeg\",\"datePublished\":\"2026-08-21T13:25:34+00:00\",\"author\":{\"@id\":\"https:\\\/\\\/unisale.com.br\\\/pastoral\\\/#\\\/schema\\\/person\\\/a16ba711a0f7dec9cb6b44563144d5a3\"},\"inLanguage\":\"pt-BR\",\"potentialAction\":[{\"@type\":\"ReadAction\",\"target\":[\"https:\\\/\\\/unisale.com.br\\\/pastoral\\\/craques-do-vams-unisalesiano-anuncia-voluntarios-com-tema-da-copa-do-mundo\\\/\"]}]},{\"@type\":\"ImageObject\",\"inLanguage\":\"pt-BR\",\"@id\":\"https:\\\/\\\/unisale.com.br\\\/pastoral\\\/craques-do-vams-unisalesiano-anuncia-voluntarios-com-tema-da-copa-do-mundo\\\/#primaryimage\",\"url\":\"https:\\\/\\\/unisale.com.br\\\/pastoral\\\/wp-content\\\/uploads\\\/2026\\\/08\\\/WhatsApp-Image-2026-06-11-at-12.05.11-768x541-1.jpeg\",\"contentUrl\":\"https:\\\/\\\/unisale.com.br\\\/pastoral\\\/wp-content\\\/uploads\\\/2026\\\/08\\\/WhatsApp-Image-2026-06-11-at-12.05.11-768x541-1.jpeg\",\"width\":710,\"height\":500},{\"@type\":\"WebSite\",\"@id\":\"https:\\\/\\\/unisale.com.br\\\/pastoral\\\/#website\",\"url\":\"https:\\\/\\\/unisale.com.br\\\/pastoral\\\/\",\"name\":\"Pastoral Universit\u00e1ria UniSALESIANO\",\"description\":\"Site da Pastoral Universit\u00e1ria do UniSALESIANO\",\"potentialAction\":[{\"@type\":\"SearchAction\",\"target\":{\"@type\":\"EntryPoint\",\"urlTemplate\":\"https:\\\/\\\/unisale.com.br\\\/pastoral\\\/?s={search_term_string}\"},\"query-input\":{\"@type\":\"PropertyValueSpecification\",\"valueRequired\":true,\"valueName\":\"search_term_string\"}}],\"inLanguage\":\"pt-BR\"},{\"@type\":\"Person\",\"@id\":\"https:\\\/\\\/unisale.com.br\\\/pastoral\\\/#\\\/schema\\\/person\\\/a16ba711a0f7dec9cb6b44563144d5a3\",\"name\":\"pastoral\",\"url\":\"https:\\\/\\\/unisale.com.br\\\/pastoral\\\/author\\\/pastoral\\\/\"}]}<\/script>\n<!-- \/ Yoast SEO plugin. -->","yoast_head_json":{"title":"Craques do VAMS: UniSALESIANO anuncia volunt\u00e1rios com tema da Copa do Mundo - Pastoral Universit\u00e1ria UniSALESIANO","robots":{"index":"index","follow":"follow","max-snippet":"max-snippet:-1","max-image-preview":"max-image-preview:large","max-video-preview":"max-video-preview:-1"},"canonical":"https:\/\/unisale.com.br\/pastoral\/craques-do-vams-unisalesiano-anuncia-voluntarios-com-tema-da-copa-do-mundo\/","og_locale":"pt_BR","og_type":"article","og_title":"Craques do VAMS: UniSALESIANO anuncia volunt\u00e1rios com tema da Copa do Mundo - Pastoral Universit\u00e1ria UniSALESIANO","og_description":"Em ano de Copa do Mundo, o UniSALESIANO entrou no clima e fez diferente: os acad\u00eamicos aprovados no processo seletivo do\u00a0Voluntariado Acad\u00eamico Mission\u00e1rio Salesiano (VAMS)...","og_url":"https:\/\/unisale.com.br\/pastoral\/craques-do-vams-unisalesiano-anuncia-voluntarios-com-tema-da-copa-do-mundo\/","og_site_name":"Pastoral Universit\u00e1ria UniSALESIANO","article_published_time":"2026-08-21T13:25:34+00:00","og_image":[{"width":710,"height":500,"url":"https:\/\/unisale.com.br\/pastoral\/wp-content\/uploads\/2026\/08\/WhatsApp-Image-2026-06-11-at-12.05.11-768x541-1.jpeg","type":"image\/jpeg"}],"author":"pastoral","twitter_card":"summary_large_image","twitter_misc":{"Escrito por":"pastoral","Est. tempo de leitura":"4 minutos"},"schema":{"@context":"https:\/\/schema.org","@graph":[{"@type":"Article","@id":"https:\/\/unisale.com.br\/pastoral\/craques-do-vams-unisalesiano-anuncia-voluntarios-com-tema-da-copa-do-mundo\/#article","isPartOf":{"@id":"https:\/\/unisale.com.br\/pastoral\/craques-do-vams-unisalesiano-anuncia-voluntarios-com-tema-da-copa-do-mundo\/"},"author":{"name":"pastoral","@id":"https:\/\/unisale.com.br\/pastoral\/#\/schema\/person\/a16ba711a0f7dec9cb6b44563144d5a3"},"headline":"Craques do VAMS: UniSALESIANO anuncia volunt\u00e1rios com tema da Copa do Mundo","datePublished":"2026-08-21T13:25:34+00:00","mainEntityOfPage":{"@id":"https:\/\/unisale.com.br\/pastoral\/craques-do-vams-unisalesiano-anuncia-voluntarios-com-tema-da-copa-do-mundo\/"},"wordCount":650,"image":{"@id":"https:\/\/unisale.com.br\/pastoral\/craques-do-vams-unisalesiano-anuncia-voluntarios-com-tema-da-copa-do-mundo\/#primaryimage"},"thumbnailUrl":"https:\/\/unisale.com.br\/pastoral\/wp-content\/uploads\/2026\/08\/WhatsApp-Image-2026-06-11-at-12.05.11-768x541-1.jpeg","articleSection":["Not\u00edcias"],"inLanguage":"pt-BR"},{"@type":"WebPage","@id":"https:\/\/unisale.com.br\/pastoral\/craques-do-vams-unisalesiano-anuncia-voluntarios-com-tema-da-copa-do-mundo\/","url":"https:\/\/unisale.com.br\/pastoral\/craques-do-vams-unisalesiano-anuncia-voluntarios-com-tema-da-copa-do-mundo\/","name":"Craques do VAMS: UniSALESIANO anuncia volunt\u00e1rios com tema da Copa do Mundo - Pastoral Universit\u00e1ria UniSALESIANO","isPartOf":{"@id":"https:\/\/unisale.com.br\/pastoral\/#website"},"primaryImageOfPage":{"@id":"https:\/\/unisale.com.br\/pastoral\/craques-do-vams-unisalesiano-anuncia-voluntarios-com-tema-da-copa-do-mundo\/#primaryimage"},"image":{"@id":"https:\/\/unisale.com.br\/pastoral\/craques-do-vams-unisalesiano-anuncia-voluntarios-com-tema-da-copa-do-mundo\/#primaryimage"},"thumbnailUrl":"https:\/\/unisale.com.br\/pastoral\/wp-content\/uploads\/2026\/08\/WhatsApp-Image-2026-06-11-at-12.05.11-768x541-1.jpeg","datePublished":"2026-08-21T13:25:34+00:00","author":{"@id":"https:\/\/unisale.com.br\/pastoral\/#\/schema\/person\/a16ba711a0f7dec9cb6b44563144d5a3"},"inLanguage":"pt-BR","potentialAction":[{"@type":"ReadAction","target":["https:\/\/unisale.com.br\/pastoral\/craques-do-vams-unisalesiano-anuncia-voluntarios-com-tema-da-copa-do-mundo\/"]}]},{"@type":"ImageObject","inLanguage":"pt-BR","@id":"https:\/\/unisale.com.br\/pastoral\/craques-do-vams-unisalesiano-anuncia-voluntarios-com-tema-da-copa-do-mundo\/#primaryimage","url":"https:\/\/unisale.com.br\/pastoral\/wp-content\/uploads\/2026\/08\/WhatsApp-Image-2026-06-11-at-12.05.11-768x541-1.jpeg","contentUrl":"https:\/\/unisale.com.br\/pastoral\/wp-content\/uploads\/2026\/08\/WhatsApp-Image-2026-06-11-at-12.05.11-768x541-1.jpeg","width":710,"height":500},{"@type":"WebSite","@id":"https:\/\/unisale.com.br\/pastoral\/#website","url":"https:\/\/unisale.com.br\/pastoral\/","name":"Pastoral Universit\u00e1ria UniSALESIANO","description":"Site da Pastoral Universit\u00e1ria do UniSALESIANO","potentialAction":[{"@type":"SearchAction","target":{"@type":"EntryPoint","urlTemplate":"https:\/\/unisale.com.br\/pastoral\/?s={search_term_string}"},"query-input":{"@type":"PropertyValueSpecification","valueRequired":true,"valueName":"search_term_string"}}],"inLanguage":"pt-BR"},{"@type":"Person","@id":"https:\/\/unisale.com.br\/pastoral\/#\/schema\/person\/a16ba711a0f7dec9cb6b44563144d5a3","name":"pastoral","url":"https:\/\/unisale.com.br\/pastoral\/author\/pastoral\/"}]}},"_links":{"self":[{"href":"https:\/\/unisale.com.br\/pastoral\/wp-json\/wp\/v2\/posts\/14516","targetHints":{"allow":["GET"]}}],"collection":[{"href":"https:\/\/unisale.com.br\/pastoral\/wp-json\/wp\/v2\/posts"}],"about":[{"href":"https:\/\/unisale.com.br\/pastoral\/wp-json\/wp\/v2\/types\/post"}],"author":[{"embeddable":true,"href":"https:\/\/unisale.com.br\/pastoral\/wp-json\/wp\/v2\/users\/1"}],"replies":[{"embeddable":true,"href":"https:\/\/unisale.com.br\/pastoral\/wp-json\/wp\/v2\/comments?post=14516"}],"version-history":[{"count":1,"href":"https:\/\/unisale.com.br\/pastoral\/wp-json\/wp\/v2\/posts\/14516\/revisions"}],"predecessor-version":[{"id":14518,"href":"https:\/\/unisale.com.br\/pastoral\/wp-json\/wp\/v2\/posts\/14516\/revisions\/14518"}],"wp:featuredmedia":[{"embeddable":true,"href":"https:\/\/unisale.com.br\/pastoral\/wp-json\/wp\/v2\/media\/14517"}],"wp:attachment":[{"href":"https:\/\/unisale.com.br\/pastoral\/wp-json\/wp\/v2\/media?parent=14516"}],"wp:term":[{"taxonomy":"category","embeddable":true,"href":"https:\/\/unisale.com.br\/pastoral\/wp-json\/wp\/v2\/categories?post=14516"},{"taxonomy":"post_tag","embeddable":true,"href":"https:\/\/unisale.com.br\/pastoral\/wp-json\/wp\/v2\/tags?post=14516"}],"curies":[{"name":"wp","href":"https:\/\/api.w.org\/{rel}","templated":true}]}}