{"id":14543,"date":"2026-08-21T13:33:32","date_gmt":"2026-08-21T13:33:32","guid":{"rendered":"https:\/\/unisale.com.br\/pastoral\/?p=14543"},"modified":"2026-08-21T13:33:32","modified_gmt":"2026-08-21T13:33:32","slug":"unisalesiano-celebra-tradicao-junina-e-aniversario-do-reitor-pe-paulo-vendrame","status":"publish","type":"post","link":"https:\/\/unisale.com.br\/pastoral\/unisalesiano-celebra-tradicao-junina-e-aniversario-do-reitor-pe-paulo-vendrame\/","title":{"rendered":"UniSALESIANO celebra tradi\u00e7\u00e3o junina e anivers\u00e1rio do Reitor, Pe. Paulo Vendrame"},"content":{"rendered":"<p>A tradicional\u00a0<strong>Festa Junina do UniSALESIANO<\/strong>\u00a0aconteceu no \u00faltimo dia 19, na quadra poliesportiva \u201cDom Bosco\u201d, reunindo colaboradores, professores, coordenadores e membros da comunidade acad\u00eamica.<\/p>\n<p>A celebra\u00e7\u00e3o tamb\u00e9m marcou o\u00a0<strong>anivers\u00e1rio do Reitor, Pe. Paulo Vendrame<\/strong>, comemorado oficialmente no dia 13 de junho. Entre bandeirinhas, comidas t\u00edpicas, quadrilha, brincadeiras e muita anima\u00e7\u00e3o, os participantes vivenciaram uma tarde especial, em um momento de confraterniza\u00e7\u00e3o, alegria e fortalecimento dos la\u00e7os que representam a presen\u00e7a salesiana.<\/p>\n<p>Durante o evento, Pe. Paulo agradeceu a presen\u00e7a de todos e destacou o significado do encontro como encerramento do semestre acad\u00eamico: \u201cFico muito satisfeito em ver cada um de voc\u00eas. A Festa Junina marca o encerramento do nosso semestre. E temos tantos motivos para agradecer a Deus pelas gra\u00e7as que recebemos, e agradecer a cada um de voc\u00eas, que diariamente compartilham seu tempo, seu trabalho e suas energias em favor da por\u00e7\u00e3o mais importante da sociedade, que s\u00e3o os jovens\u201d, afirmou.<\/p>\n<p>O Reitor relembrou os ensinamentos de Dom Bosco, fundador da Fam\u00edlia salesiana, ao destacar a miss\u00e3o de cuidar e acompanhar a juventude. \u201cN\u00e3o sou eu que afirmo isso, \u00e9 Dom Bosco, que dizia que Deus nos escolheu para cuidar da parte mais importante da sociedade. A juventude \u00e9 o tempo de sonhos. Aquilo que nos tornamos na vida adulta \u00e9 resultado dos sonhos que cultivamos quando \u00e9ramos adolescentes e jovens\u201d, ressaltou.<\/p>\n<p><strong>DEDICA\u00c7\u00c3O<\/strong><\/p>\n<p>Pe. Paulo tamb\u00e9m refor\u00e7ou o compromisso da Institui\u00e7\u00e3o em preparar os acad\u00eamicos para os desafios do mundo contempor\u00e2neo, com compet\u00eancia, coragem e dedica\u00e7\u00e3o. \u201cTodos n\u00f3s estamos aqui para servir as novas gera\u00e7\u00f5es. Essa \u00e9 uma presen\u00e7a salesiana que prepara os jovens para enfrentar o mundo do trabalho com compet\u00eancia, coragem e garra para fazer a diferen\u00e7a\u201d, destacou.<\/p>\n<p>Em um momento de descontra\u00e7\u00e3o, o Reitor falou sobre a passagem de mais um anivers\u00e1rio e a chegada de uma nova fase da vida, ressaltando a import\u00e2ncia de valorizar cada etapa da caminhada.<\/p>\n<p>\u201cCada ano que a gente celebra \u00e9 \u00fanico, porque cada fase da nossa vida tem o seu encantamento. E eu desejo que todos n\u00f3s nunca percamos o encanto: o encanto de crer em Deus, na sociedade, no ser humano e na capacidade de fazer o bem\u201d, afirmou.<\/p>\n<p>Ao final, o Reitor convidou os pr\u00f3-reitores, coordenadores e representantes da comunidade acad\u00eamica para participarem da ora\u00e7\u00e3o e do momento de celebra\u00e7\u00e3o, acompanhado do bolo, da dan\u00e7a da quadrilha e da entrega de lembrancinhas, promovidos pela Pastoral Universit\u00e1ria.<\/p>\n<p>&nbsp;<\/p>\n\n\t\t<style>\n\t\t\t#gallery-1 {\n\t\t\t\tmargin: auto;\n\t\t\t}\n\t\t\t#gallery-1 .gallery-item {\n\t\t\t\tfloat: left;\n\t\t\t\tmargin-top: 10px;\n\t\t\t\ttext-align: center;\n\t\t\t\twidth: 33%;\n\t\t\t}\n\t\t\t#gallery-1 img {\n\t\t\t\tborder: 2px solid #cfcfcf;\n\t\t\t}\n\t\t\t#gallery-1 .gallery-caption {\n\t\t\t\tmargin-left: 0;\n\t\t\t}\n\t\t\t\/* see gallery_shortcode() in wp-includes\/media.php *\/\n\t\t<\/style>\n\t\t<div id='gallery-1' class='gallery galleryid-14543 gallery-columns-3 gallery-size-thumbnail'><dl class='gallery-item'>\n\t\t\t<dt class='gallery-icon landscape'>\n\t\t\t\t<a href='https:\/\/unisale.com.br\/pastoral\/unisalesiano-celebra-tradicao-junina-e-aniversario-do-reitor-pe-paulo-vendrame\/whatsapp-image-2026-06-22-at-10-03-08-1-e1782133567567-768x618\/'><img decoding=\"async\" width=\"150\" height=\"150\" src=\"https:\/\/unisale.com.br\/pastoral\/wp-content\/uploads\/2026\/08\/WhatsApp-Image-2026-06-22-at-10.03.08-1-e1782133567567-768x618-1-150x150.jpeg\" class=\"attachment-thumbnail size-thumbnail\" alt=\"\" \/><\/a>\n\t\t\t<\/dt><\/dl><dl class='gallery-item'>\n\t\t\t<dt class='gallery-icon landscape'>\n\t\t\t\t<a href='https:\/\/unisale.com.br\/pastoral\/unisalesiano-celebra-tradicao-junina-e-aniversario-do-reitor-pe-paulo-vendrame\/whatsapp-image-2026-06-22-at-10-03-08-1024x682\/'><img decoding=\"async\" width=\"150\" height=\"150\" src=\"https:\/\/unisale.com.br\/pastoral\/wp-content\/uploads\/2026\/08\/WhatsApp-Image-2026-06-22-at-10.03.08-1024x682-1-150x150.jpeg\" class=\"attachment-thumbnail size-thumbnail\" alt=\"\" \/><\/a>\n\t\t\t<\/dt><\/dl><dl class='gallery-item'>\n\t\t\t<dt class='gallery-icon landscape'>\n\t\t\t\t<a href='https:\/\/unisale.com.br\/pastoral\/unisalesiano-celebra-tradicao-junina-e-aniversario-do-reitor-pe-paulo-vendrame\/whatsapp-image-2026-06-22-at-09-24-12-13-1024x682\/'><img decoding=\"async\" width=\"150\" height=\"150\" src=\"https:\/\/unisale.com.br\/pastoral\/wp-content\/uploads\/2026\/08\/WhatsApp-Image-2026-06-22-at-09.24.12-13-1024x682-1-150x150.jpeg\" class=\"attachment-thumbnail size-thumbnail\" alt=\"\" \/><\/a>\n\t\t\t<\/dt><\/dl><br style=\"clear: both\" \/><dl class='gallery-item'>\n\t\t\t<dt class='gallery-icon landscape'>\n\t\t\t\t<a href='https:\/\/unisale.com.br\/pastoral\/unisalesiano-celebra-tradicao-junina-e-aniversario-do-reitor-pe-paulo-vendrame\/whatsapp-image-2026-06-22-at-09-24-12-12-1024x682\/'><img loading=\"lazy\" decoding=\"async\" width=\"150\" height=\"150\" src=\"https:\/\/unisale.com.br\/pastoral\/wp-content\/uploads\/2026\/08\/WhatsApp-Image-2026-06-22-at-09.24.12-12-1024x682-1-150x150.jpeg\" class=\"attachment-thumbnail size-thumbnail\" alt=\"\" \/><\/a>\n\t\t\t<\/dt><\/dl><dl class='gallery-item'>\n\t\t\t<dt class='gallery-icon landscape'>\n\t\t\t\t<a href='https:\/\/unisale.com.br\/pastoral\/unisalesiano-celebra-tradicao-junina-e-aniversario-do-reitor-pe-paulo-vendrame\/whatsapp-image-2026-06-22-at-09-24-12-10-1024x682\/'><img loading=\"lazy\" decoding=\"async\" width=\"150\" height=\"150\" src=\"https:\/\/unisale.com.br\/pastoral\/wp-content\/uploads\/2026\/08\/WhatsApp-Image-2026-06-22-at-09.24.12-10-1024x682-1-150x150.jpeg\" class=\"attachment-thumbnail size-thumbnail\" alt=\"\" \/><\/a>\n\t\t\t<\/dt><\/dl><dl class='gallery-item'>\n\t\t\t<dt class='gallery-icon landscape'>\n\t\t\t\t<a href='https:\/\/unisale.com.br\/pastoral\/unisalesiano-celebra-tradicao-junina-e-aniversario-do-reitor-pe-paulo-vendrame\/whatsapp-image-2026-06-22-at-09-24-12-9-1024x682\/'><img loading=\"lazy\" decoding=\"async\" width=\"150\" height=\"150\" src=\"https:\/\/unisale.com.br\/pastoral\/wp-content\/uploads\/2026\/08\/WhatsApp-Image-2026-06-22-at-09.24.12-9-1024x682-1-150x150.jpeg\" class=\"attachment-thumbnail size-thumbnail\" alt=\"\" \/><\/a>\n\t\t\t<\/dt><\/dl><br style=\"clear: both\" \/><dl class='gallery-item'>\n\t\t\t<dt class='gallery-icon landscape'>\n\t\t\t\t<a href='https:\/\/unisale.com.br\/pastoral\/unisalesiano-celebra-tradicao-junina-e-aniversario-do-reitor-pe-paulo-vendrame\/whatsapp-image-2026-06-22-at-09-24-12-8-1024x682\/'><img loading=\"lazy\" decoding=\"async\" width=\"150\" height=\"150\" src=\"https:\/\/unisale.com.br\/pastoral\/wp-content\/uploads\/2026\/08\/WhatsApp-Image-2026-06-22-at-09.24.12-8-1024x682-1-150x150.jpeg\" class=\"attachment-thumbnail size-thumbnail\" alt=\"\" \/><\/a>\n\t\t\t<\/dt><\/dl><dl class='gallery-item'>\n\t\t\t<dt class='gallery-icon landscape'>\n\t\t\t\t<a href='https:\/\/unisale.com.br\/pastoral\/unisalesiano-celebra-tradicao-junina-e-aniversario-do-reitor-pe-paulo-vendrame\/whatsapp-image-2026-06-22-at-09-24-12-7-1024x682\/'><img loading=\"lazy\" decoding=\"async\" width=\"150\" height=\"150\" src=\"https:\/\/unisale.com.br\/pastoral\/wp-content\/uploads\/2026\/08\/WhatsApp-Image-2026-06-22-at-09.24.12-7-1024x682-1-150x150.jpeg\" class=\"attachment-thumbnail size-thumbnail\" alt=\"\" \/><\/a>\n\t\t\t<\/dt><\/dl><dl class='gallery-item'>\n\t\t\t<dt class='gallery-icon landscape'>\n\t\t\t\t<a href='https:\/\/unisale.com.br\/pastoral\/unisalesiano-celebra-tradicao-junina-e-aniversario-do-reitor-pe-paulo-vendrame\/whatsapp-image-2026-06-22-at-09-24-12-6-1024x682\/'><img loading=\"lazy\" decoding=\"async\" width=\"150\" height=\"150\" src=\"https:\/\/unisale.com.br\/pastoral\/wp-content\/uploads\/2026\/08\/WhatsApp-Image-2026-06-22-at-09.24.12-6-1024x682-1-150x150.jpeg\" class=\"attachment-thumbnail size-thumbnail\" alt=\"\" \/><\/a>\n\t\t\t<\/dt><\/dl><br style=\"clear: both\" \/><dl class='gallery-item'>\n\t\t\t<dt class='gallery-icon landscape'>\n\t\t\t\t<a href='https:\/\/unisale.com.br\/pastoral\/unisalesiano-celebra-tradicao-junina-e-aniversario-do-reitor-pe-paulo-vendrame\/whatsapp-image-2026-06-22-at-09-24-12-5-1024x682\/'><img loading=\"lazy\" decoding=\"async\" width=\"150\" height=\"150\" src=\"https:\/\/unisale.com.br\/pastoral\/wp-content\/uploads\/2026\/08\/WhatsApp-Image-2026-06-22-at-09.24.12-5-1024x682-1-150x150.jpeg\" class=\"attachment-thumbnail size-thumbnail\" alt=\"\" \/><\/a>\n\t\t\t<\/dt><\/dl><dl class='gallery-item'>\n\t\t\t<dt class='gallery-icon landscape'>\n\t\t\t\t<a href='https:\/\/unisale.com.br\/pastoral\/unisalesiano-celebra-tradicao-junina-e-aniversario-do-reitor-pe-paulo-vendrame\/whatsapp-image-2026-06-22-at-09-24-12-3-1024x682\/'><img loading=\"lazy\" decoding=\"async\" width=\"150\" height=\"150\" src=\"https:\/\/unisale.com.br\/pastoral\/wp-content\/uploads\/2026\/08\/WhatsApp-Image-2026-06-22-at-09.24.12-3-1024x682-1-150x150.jpeg\" class=\"attachment-thumbnail size-thumbnail\" alt=\"\" \/><\/a>\n\t\t\t<\/dt><\/dl><dl class='gallery-item'>\n\t\t\t<dt class='gallery-icon landscape'>\n\t\t\t\t<a href='https:\/\/unisale.com.br\/pastoral\/unisalesiano-celebra-tradicao-junina-e-aniversario-do-reitor-pe-paulo-vendrame\/whatsapp-image-2026-06-22-at-09-24-12-2-1024x682\/'><img loading=\"lazy\" decoding=\"async\" width=\"150\" height=\"150\" src=\"https:\/\/unisale.com.br\/pastoral\/wp-content\/uploads\/2026\/08\/WhatsApp-Image-2026-06-22-at-09.24.12-2-1024x682-1-150x150.jpeg\" class=\"attachment-thumbnail size-thumbnail\" alt=\"\" \/><\/a>\n\t\t\t<\/dt><\/dl><br style=\"clear: both\" \/><dl class='gallery-item'>\n\t\t\t<dt class='gallery-icon landscape'>\n\t\t\t\t<a href='https:\/\/unisale.com.br\/pastoral\/unisalesiano-celebra-tradicao-junina-e-aniversario-do-reitor-pe-paulo-vendrame\/whatsapp-image-2026-06-22-at-09-24-12-1-1024x682\/'><img loading=\"lazy\" decoding=\"async\" width=\"150\" height=\"150\" src=\"https:\/\/unisale.com.br\/pastoral\/wp-content\/uploads\/2026\/08\/WhatsApp-Image-2026-06-22-at-09.24.12-1-1024x682-1-150x150.jpeg\" class=\"attachment-thumbnail size-thumbnail\" alt=\"\" \/><\/a>\n\t\t\t<\/dt><\/dl><dl class='gallery-item'>\n\t\t\t<dt class='gallery-icon landscape'>\n\t\t\t\t<a href='https:\/\/unisale.com.br\/pastoral\/unisalesiano-celebra-tradicao-junina-e-aniversario-do-reitor-pe-paulo-vendrame\/whatsapp-image-2026-06-22-at-09-24-12-1024x682\/'><img loading=\"lazy\" decoding=\"async\" width=\"150\" height=\"150\" src=\"https:\/\/unisale.com.br\/pastoral\/wp-content\/uploads\/2026\/08\/WhatsApp-Image-2026-06-22-at-09.24.12-1024x682-1-150x150.jpeg\" class=\"attachment-thumbnail size-thumbnail\" alt=\"\" \/><\/a>\n\t\t\t<\/dt><\/dl><dl class='gallery-item'>\n\t\t\t<dt class='gallery-icon landscape'>\n\t\t\t\t<a href='https:\/\/unisale.com.br\/pastoral\/unisalesiano-celebra-tradicao-junina-e-aniversario-do-reitor-pe-paulo-vendrame\/whatsapp-image-2026-06-22-at-09-20-38-17-1024x682\/'><img loading=\"lazy\" decoding=\"async\" width=\"150\" height=\"150\" src=\"https:\/\/unisale.com.br\/pastoral\/wp-content\/uploads\/2026\/08\/WhatsApp-Image-2026-06-22-at-09.20.38-17-1024x682-1-150x150.jpeg\" class=\"attachment-thumbnail size-thumbnail\" alt=\"\" \/><\/a>\n\t\t\t<\/dt><\/dl><br style=\"clear: both\" \/><dl class='gallery-item'>\n\t\t\t<dt class='gallery-icon landscape'>\n\t\t\t\t<a href='https:\/\/unisale.com.br\/pastoral\/unisalesiano-celebra-tradicao-junina-e-aniversario-do-reitor-pe-paulo-vendrame\/whatsapp-image-2026-06-22-at-09-20-38-16-1024x682\/'><img loading=\"lazy\" decoding=\"async\" width=\"150\" height=\"150\" src=\"https:\/\/unisale.com.br\/pastoral\/wp-content\/uploads\/2026\/08\/WhatsApp-Image-2026-06-22-at-09.20.38-16-1024x682-1-150x150.jpeg\" class=\"attachment-thumbnail size-thumbnail\" alt=\"\" \/><\/a>\n\t\t\t<\/dt><\/dl><dl class='gallery-item'>\n\t\t\t<dt class='gallery-icon landscape'>\n\t\t\t\t<a href='https:\/\/unisale.com.br\/pastoral\/unisalesiano-celebra-tradicao-junina-e-aniversario-do-reitor-pe-paulo-vendrame\/whatsapp-image-2026-06-22-at-09-20-38-15-1024x682\/'><img loading=\"lazy\" decoding=\"async\" width=\"150\" height=\"150\" src=\"https:\/\/unisale.com.br\/pastoral\/wp-content\/uploads\/2026\/08\/WhatsApp-Image-2026-06-22-at-09.20.38-15-1024x682-1-150x150.jpeg\" class=\"attachment-thumbnail size-thumbnail\" alt=\"\" \/><\/a>\n\t\t\t<\/dt><\/dl><dl class='gallery-item'>\n\t\t\t<dt class='gallery-icon landscape'>\n\t\t\t\t<a href='https:\/\/unisale.com.br\/pastoral\/unisalesiano-celebra-tradicao-junina-e-aniversario-do-reitor-pe-paulo-vendrame\/whatsapp-image-2026-06-22-at-09-20-38-14-1024x682\/'><img loading=\"lazy\" decoding=\"async\" width=\"150\" height=\"150\" src=\"https:\/\/unisale.com.br\/pastoral\/wp-content\/uploads\/2026\/08\/WhatsApp-Image-2026-06-22-at-09.20.38-14-1024x682-1-150x150.jpeg\" class=\"attachment-thumbnail size-thumbnail\" alt=\"\" \/><\/a>\n\t\t\t<\/dt><\/dl><br style=\"clear: both\" \/><dl class='gallery-item'>\n\t\t\t<dt class='gallery-icon landscape'>\n\t\t\t\t<a href='https:\/\/unisale.com.br\/pastoral\/unisalesiano-celebra-tradicao-junina-e-aniversario-do-reitor-pe-paulo-vendrame\/whatsapp-image-2026-06-22-at-09-20-38-13-1024x682\/'><img loading=\"lazy\" decoding=\"async\" width=\"150\" height=\"150\" src=\"https:\/\/unisale.com.br\/pastoral\/wp-content\/uploads\/2026\/08\/WhatsApp-Image-2026-06-22-at-09.20.38-13-1024x682-1-150x150.jpeg\" class=\"attachment-thumbnail size-thumbnail\" alt=\"\" \/><\/a>\n\t\t\t<\/dt><\/dl><dl class='gallery-item'>\n\t\t\t<dt class='gallery-icon landscape'>\n\t\t\t\t<a href='https:\/\/unisale.com.br\/pastoral\/unisalesiano-celebra-tradicao-junina-e-aniversario-do-reitor-pe-paulo-vendrame\/whatsapp-image-2026-06-22-at-09-20-38-12-1024x682\/'><img loading=\"lazy\" decoding=\"async\" width=\"150\" height=\"150\" src=\"https:\/\/unisale.com.br\/pastoral\/wp-content\/uploads\/2026\/08\/WhatsApp-Image-2026-06-22-at-09.20.38-12-1024x682-1-150x150.jpeg\" class=\"attachment-thumbnail size-thumbnail\" alt=\"\" \/><\/a>\n\t\t\t<\/dt><\/dl><dl class='gallery-item'>\n\t\t\t<dt class='gallery-icon landscape'>\n\t\t\t\t<a href='https:\/\/unisale.com.br\/pastoral\/unisalesiano-celebra-tradicao-junina-e-aniversario-do-reitor-pe-paulo-vendrame\/whatsapp-image-2026-06-22-at-09-20-38-11-1024x682\/'><img loading=\"lazy\" decoding=\"async\" width=\"150\" height=\"150\" src=\"https:\/\/unisale.com.br\/pastoral\/wp-content\/uploads\/2026\/08\/WhatsApp-Image-2026-06-22-at-09.20.38-11-1024x682-1-150x150.jpeg\" class=\"attachment-thumbnail size-thumbnail\" alt=\"\" \/><\/a>\n\t\t\t<\/dt><\/dl><br style=\"clear: both\" \/><dl class='gallery-item'>\n\t\t\t<dt class='gallery-icon landscape'>\n\t\t\t\t<a href='https:\/\/unisale.com.br\/pastoral\/unisalesiano-celebra-tradicao-junina-e-aniversario-do-reitor-pe-paulo-vendrame\/whatsapp-image-2026-06-22-at-09-20-38-9-1024x682\/'><img loading=\"lazy\" decoding=\"async\" width=\"150\" height=\"150\" src=\"https:\/\/unisale.com.br\/pastoral\/wp-content\/uploads\/2026\/08\/WhatsApp-Image-2026-06-22-at-09.20.38-9-1024x682-1-150x150.jpeg\" class=\"attachment-thumbnail size-thumbnail\" alt=\"\" \/><\/a>\n\t\t\t<\/dt><\/dl><dl class='gallery-item'>\n\t\t\t<dt class='gallery-icon portrait'>\n\t\t\t\t<a href='https:\/\/unisale.com.br\/pastoral\/unisalesiano-celebra-tradicao-junina-e-aniversario-do-reitor-pe-paulo-vendrame\/whatsapp-image-2026-06-22-at-09-20-38-8-682x1024\/'><img loading=\"lazy\" decoding=\"async\" width=\"150\" height=\"150\" src=\"https:\/\/unisale.com.br\/pastoral\/wp-content\/uploads\/2026\/08\/WhatsApp-Image-2026-06-22-at-09.20.38-8-682x1024-1-150x150.jpeg\" class=\"attachment-thumbnail size-thumbnail\" alt=\"\" \/><\/a>\n\t\t\t<\/dt><\/dl><dl class='gallery-item'>\n\t\t\t<dt class='gallery-icon landscape'>\n\t\t\t\t<a href='https:\/\/unisale.com.br\/pastoral\/unisalesiano-celebra-tradicao-junina-e-aniversario-do-reitor-pe-paulo-vendrame\/whatsapp-image-2026-06-22-at-09-20-38-7-1024x682\/'><img loading=\"lazy\" decoding=\"async\" width=\"150\" height=\"150\" src=\"https:\/\/unisale.com.br\/pastoral\/wp-content\/uploads\/2026\/08\/WhatsApp-Image-2026-06-22-at-09.20.38-7-1024x682-1-150x150.jpeg\" class=\"attachment-thumbnail size-thumbnail\" alt=\"\" \/><\/a>\n\t\t\t<\/dt><\/dl><br style=\"clear: both\" \/><dl class='gallery-item'>\n\t\t\t<dt class='gallery-icon landscape'>\n\t\t\t\t<a href='https:\/\/unisale.com.br\/pastoral\/unisalesiano-celebra-tradicao-junina-e-aniversario-do-reitor-pe-paulo-vendrame\/whatsapp-image-2026-06-22-at-09-20-38-6-1024x682\/'><img loading=\"lazy\" decoding=\"async\" width=\"150\" height=\"150\" src=\"https:\/\/unisale.com.br\/pastoral\/wp-content\/uploads\/2026\/08\/WhatsApp-Image-2026-06-22-at-09.20.38-6-1024x682-1-150x150.jpeg\" class=\"attachment-thumbnail size-thumbnail\" alt=\"\" \/><\/a>\n\t\t\t<\/dt><\/dl><dl class='gallery-item'>\n\t\t\t<dt class='gallery-icon landscape'>\n\t\t\t\t<a href='https:\/\/unisale.com.br\/pastoral\/unisalesiano-celebra-tradicao-junina-e-aniversario-do-reitor-pe-paulo-vendrame\/whatsapp-image-2026-06-22-at-09-20-38-5-1024x682\/'><img loading=\"lazy\" decoding=\"async\" width=\"150\" height=\"150\" src=\"https:\/\/unisale.com.br\/pastoral\/wp-content\/uploads\/2026\/08\/WhatsApp-Image-2026-06-22-at-09.20.38-5-1024x682-1-150x150.jpeg\" class=\"attachment-thumbnail size-thumbnail\" alt=\"\" \/><\/a>\n\t\t\t<\/dt><\/dl><dl class='gallery-item'>\n\t\t\t<dt class='gallery-icon landscape'>\n\t\t\t\t<a href='https:\/\/unisale.com.br\/pastoral\/unisalesiano-celebra-tradicao-junina-e-aniversario-do-reitor-pe-paulo-vendrame\/whatsapp-image-2026-06-22-at-09-20-38-4-1024x682\/'><img loading=\"lazy\" decoding=\"async\" width=\"150\" height=\"150\" src=\"https:\/\/unisale.com.br\/pastoral\/wp-content\/uploads\/2026\/08\/WhatsApp-Image-2026-06-22-at-09.20.38-4-1024x682-1-150x150.jpeg\" class=\"attachment-thumbnail size-thumbnail\" alt=\"\" \/><\/a>\n\t\t\t<\/dt><\/dl><br style=\"clear: both\" \/><dl class='gallery-item'>\n\t\t\t<dt class='gallery-icon landscape'>\n\t\t\t\t<a href='https:\/\/unisale.com.br\/pastoral\/unisalesiano-celebra-tradicao-junina-e-aniversario-do-reitor-pe-paulo-vendrame\/whatsapp-image-2026-06-22-at-09-20-38-3-1024x682\/'><img loading=\"lazy\" decoding=\"async\" width=\"150\" height=\"150\" src=\"https:\/\/unisale.com.br\/pastoral\/wp-content\/uploads\/2026\/08\/WhatsApp-Image-2026-06-22-at-09.20.38-3-1024x682-1-150x150.jpeg\" class=\"attachment-thumbnail size-thumbnail\" alt=\"\" \/><\/a>\n\t\t\t<\/dt><\/dl><dl class='gallery-item'>\n\t\t\t<dt class='gallery-icon landscape'>\n\t\t\t\t<a href='https:\/\/unisale.com.br\/pastoral\/unisalesiano-celebra-tradicao-junina-e-aniversario-do-reitor-pe-paulo-vendrame\/whatsapp-image-2026-06-22-at-09-20-38-2-1024x682\/'><img loading=\"lazy\" decoding=\"async\" width=\"150\" height=\"150\" src=\"https:\/\/unisale.com.br\/pastoral\/wp-content\/uploads\/2026\/08\/WhatsApp-Image-2026-06-22-at-09.20.38-2-1024x682-1-150x150.jpeg\" class=\"attachment-thumbnail size-thumbnail\" alt=\"\" \/><\/a>\n\t\t\t<\/dt><\/dl><dl class='gallery-item'>\n\t\t\t<dt class='gallery-icon landscape'>\n\t\t\t\t<a href='https:\/\/unisale.com.br\/pastoral\/unisalesiano-celebra-tradicao-junina-e-aniversario-do-reitor-pe-paulo-vendrame\/whatsapp-image-2026-06-22-at-09-20-38-1-1024x682\/'><img loading=\"lazy\" decoding=\"async\" width=\"150\" height=\"150\" src=\"https:\/\/unisale.com.br\/pastoral\/wp-content\/uploads\/2026\/08\/WhatsApp-Image-2026-06-22-at-09.20.38-1-1024x682-1-150x150.jpeg\" class=\"attachment-thumbnail size-thumbnail\" alt=\"\" \/><\/a>\n\t\t\t<\/dt><\/dl><br style=\"clear: both\" \/><dl class='gallery-item'>\n\t\t\t<dt class='gallery-icon landscape'>\n\t\t\t\t<a href='https:\/\/unisale.com.br\/pastoral\/unisalesiano-celebra-tradicao-junina-e-aniversario-do-reitor-pe-paulo-vendrame\/whatsapp-image-2026-06-22-at-09-20-38-1024x682\/'><img loading=\"lazy\" decoding=\"async\" width=\"150\" height=\"150\" src=\"https:\/\/unisale.com.br\/pastoral\/wp-content\/uploads\/2026\/08\/WhatsApp-Image-2026-06-22-at-09.20.38-1024x682-1-150x150.jpeg\" class=\"attachment-thumbnail size-thumbnail\" alt=\"\" \/><\/a>\n\t\t\t<\/dt><\/dl>\n\t\t\t<br style='clear: both' \/>\n\t\t<\/div>\n\n<p>&nbsp;<\/p>\n<p>&nbsp;<\/p>\n<p>&nbsp;<\/p>\n","protected":false},"excerpt":{"rendered":"<p>A tradicional\u00a0Festa Junina do UniSALESIANO\u00a0aconteceu no \u00faltimo dia 19, na quadra poliesportiva \u201cDom Bosco\u201d, reunindo colaboradores, professores, coordenadores e membros da comunidade acad\u00eamica. A celebra\u00e7\u00e3o&#8230;<\/p>\n","protected":false},"author":1,"featured_media":14544,"comment_status":"closed","ping_status":"closed","sticky":false,"template":"","format":"standard","meta":{"_acf_changed":false,"footnotes":""},"categories":[3],"tags":[],"class_list":["post-14543","post","type-post","status-publish","format-standard","has-post-thumbnail","hentry","category-not"],"acf":[],"yoast_head":"<!-- This site is optimized with the Yoast SEO plugin v28.3 - https:\/\/yoast.com\/product\/yoast-seo-wordpress\/ -->\n<title>UniSALESIANO celebra tradi\u00e7\u00e3o junina e anivers\u00e1rio do Reitor, Pe. Paulo Vendrame - Pastoral Universit\u00e1ria UniSALESIANO<\/title>\n<meta name=\"robots\" content=\"index, follow, max-snippet:-1, max-image-preview:large, max-video-preview:-1\" \/>\n<link rel=\"canonical\" href=\"https:\/\/unisale.com.br\/pastoral\/unisalesiano-celebra-tradicao-junina-e-aniversario-do-reitor-pe-paulo-vendrame\/\" \/>\n<meta property=\"og:locale\" content=\"pt_BR\" \/>\n<meta property=\"og:type\" content=\"article\" \/>\n<meta property=\"og:title\" content=\"UniSALESIANO celebra tradi\u00e7\u00e3o junina e anivers\u00e1rio do Reitor, Pe. Paulo Vendrame - Pastoral Universit\u00e1ria UniSALESIANO\" \/>\n<meta property=\"og:description\" content=\"A tradicional\u00a0Festa Junina do UniSALESIANO\u00a0aconteceu no \u00faltimo dia 19, na quadra poliesportiva \u201cDom Bosco\u201d, reunindo colaboradores, professores, coordenadores e membros da comunidade acad\u00eamica. A celebra\u00e7\u00e3o...\" \/>\n<meta property=\"og:url\" content=\"https:\/\/unisale.com.br\/pastoral\/unisalesiano-celebra-tradicao-junina-e-aniversario-do-reitor-pe-paulo-vendrame\/\" \/>\n<meta property=\"og:site_name\" content=\"Pastoral Universit\u00e1ria UniSALESIANO\" \/>\n<meta property=\"article:published_time\" content=\"2026-08-21T13:33:32+00:00\" \/>\n<meta property=\"og:image\" content=\"https:\/\/unisale.com.br\/pastoral\/wp-content\/uploads\/2026\/08\/WhatsApp-Image-2026-06-22-at-09.24.12-11-768x512-1.jpeg\" \/>\n\t<meta property=\"og:image:width\" content=\"750\" \/>\n\t<meta property=\"og:image:height\" content=\"500\" \/>\n\t<meta property=\"og:image:type\" content=\"image\/jpeg\" \/>\n<meta name=\"author\" content=\"pastoral\" \/>\n<meta name=\"twitter:card\" content=\"summary_large_image\" \/>\n<meta name=\"twitter:label1\" content=\"Escrito por\" \/>\n\t<meta name=\"twitter:data1\" content=\"pastoral\" \/>\n\t<meta name=\"twitter:label2\" content=\"Est. tempo de leitura\" \/>\n\t<meta name=\"twitter:data2\" content=\"3 minutos\" \/>\n<script type=\"application\/ld+json\" class=\"yoast-schema-graph\">{\"@context\":\"https:\\\/\\\/schema.org\",\"@graph\":[{\"@type\":\"Article\",\"@id\":\"https:\\\/\\\/unisale.com.br\\\/pastoral\\\/unisalesiano-celebra-tradicao-junina-e-aniversario-do-reitor-pe-paulo-vendrame\\\/#article\",\"isPartOf\":{\"@id\":\"https:\\\/\\\/unisale.com.br\\\/pastoral\\\/unisalesiano-celebra-tradicao-junina-e-aniversario-do-reitor-pe-paulo-vendrame\\\/\"},\"author\":{\"name\":\"pastoral\",\"@id\":\"https:\\\/\\\/unisale.com.br\\\/pastoral\\\/#\\\/schema\\\/person\\\/a16ba711a0f7dec9cb6b44563144d5a3\"},\"headline\":\"UniSALESIANO celebra tradi\u00e7\u00e3o junina e anivers\u00e1rio do Reitor, Pe. Paulo Vendrame\",\"datePublished\":\"2026-08-21T13:33:32+00:00\",\"mainEntityOfPage\":{\"@id\":\"https:\\\/\\\/unisale.com.br\\\/pastoral\\\/unisalesiano-celebra-tradicao-junina-e-aniversario-do-reitor-pe-paulo-vendrame\\\/\"},\"wordCount\":455,\"image\":{\"@id\":\"https:\\\/\\\/unisale.com.br\\\/pastoral\\\/unisalesiano-celebra-tradicao-junina-e-aniversario-do-reitor-pe-paulo-vendrame\\\/#primaryimage\"},\"thumbnailUrl\":\"https:\\\/\\\/unisale.com.br\\\/pastoral\\\/wp-content\\\/uploads\\\/2026\\\/08\\\/WhatsApp-Image-2026-06-22-at-09.24.12-11-768x512-1.jpeg\",\"articleSection\":[\"Not\u00edcias\"],\"inLanguage\":\"pt-BR\"},{\"@type\":\"WebPage\",\"@id\":\"https:\\\/\\\/unisale.com.br\\\/pastoral\\\/unisalesiano-celebra-tradicao-junina-e-aniversario-do-reitor-pe-paulo-vendrame\\\/\",\"url\":\"https:\\\/\\\/unisale.com.br\\\/pastoral\\\/unisalesiano-celebra-tradicao-junina-e-aniversario-do-reitor-pe-paulo-vendrame\\\/\",\"name\":\"UniSALESIANO celebra tradi\u00e7\u00e3o junina e anivers\u00e1rio do Reitor, Pe. Paulo Vendrame - Pastoral Universit\u00e1ria UniSALESIANO\",\"isPartOf\":{\"@id\":\"https:\\\/\\\/unisale.com.br\\\/pastoral\\\/#website\"},\"primaryImageOfPage\":{\"@id\":\"https:\\\/\\\/unisale.com.br\\\/pastoral\\\/unisalesiano-celebra-tradicao-junina-e-aniversario-do-reitor-pe-paulo-vendrame\\\/#primaryimage\"},\"image\":{\"@id\":\"https:\\\/\\\/unisale.com.br\\\/pastoral\\\/unisalesiano-celebra-tradicao-junina-e-aniversario-do-reitor-pe-paulo-vendrame\\\/#primaryimage\"},\"thumbnailUrl\":\"https:\\\/\\\/unisale.com.br\\\/pastoral\\\/wp-content\\\/uploads\\\/2026\\\/08\\\/WhatsApp-Image-2026-06-22-at-09.24.12-11-768x512-1.jpeg\",\"datePublished\":\"2026-08-21T13:33:32+00:00\",\"author\":{\"@id\":\"https:\\\/\\\/unisale.com.br\\\/pastoral\\\/#\\\/schema\\\/person\\\/a16ba711a0f7dec9cb6b44563144d5a3\"},\"inLanguage\":\"pt-BR\",\"potentialAction\":[{\"@type\":\"ReadAction\",\"target\":[\"https:\\\/\\\/unisale.com.br\\\/pastoral\\\/unisalesiano-celebra-tradicao-junina-e-aniversario-do-reitor-pe-paulo-vendrame\\\/\"]}]},{\"@type\":\"ImageObject\",\"inLanguage\":\"pt-BR\",\"@id\":\"https:\\\/\\\/unisale.com.br\\\/pastoral\\\/unisalesiano-celebra-tradicao-junina-e-aniversario-do-reitor-pe-paulo-vendrame\\\/#primaryimage\",\"url\":\"https:\\\/\\\/unisale.com.br\\\/pastoral\\\/wp-content\\\/uploads\\\/2026\\\/08\\\/WhatsApp-Image-2026-06-22-at-09.24.12-11-768x512-1.jpeg\",\"contentUrl\":\"https:\\\/\\\/unisale.com.br\\\/pastoral\\\/wp-content\\\/uploads\\\/2026\\\/08\\\/WhatsApp-Image-2026-06-22-at-09.24.12-11-768x512-1.jpeg\",\"width\":750,\"height\":500},{\"@type\":\"WebSite\",\"@id\":\"https:\\\/\\\/unisale.com.br\\\/pastoral\\\/#website\",\"url\":\"https:\\\/\\\/unisale.com.br\\\/pastoral\\\/\",\"name\":\"Pastoral Universit\u00e1ria UniSALESIANO\",\"description\":\"Site da Pastoral Universit\u00e1ria do UniSALESIANO\",\"potentialAction\":[{\"@type\":\"SearchAction\",\"target\":{\"@type\":\"EntryPoint\",\"urlTemplate\":\"https:\\\/\\\/unisale.com.br\\\/pastoral\\\/?s={search_term_string}\"},\"query-input\":{\"@type\":\"PropertyValueSpecification\",\"valueRequired\":true,\"valueName\":\"search_term_string\"}}],\"inLanguage\":\"pt-BR\"},{\"@type\":\"Person\",\"@id\":\"https:\\\/\\\/unisale.com.br\\\/pastoral\\\/#\\\/schema\\\/person\\\/a16ba711a0f7dec9cb6b44563144d5a3\",\"name\":\"pastoral\",\"url\":\"https:\\\/\\\/unisale.com.br\\\/pastoral\\\/author\\\/pastoral\\\/\"}]}<\/script>\n<!-- \/ Yoast SEO plugin. -->","yoast_head_json":{"title":"UniSALESIANO celebra tradi\u00e7\u00e3o junina e anivers\u00e1rio do Reitor, Pe. Paulo Vendrame - Pastoral Universit\u00e1ria UniSALESIANO","robots":{"index":"index","follow":"follow","max-snippet":"max-snippet:-1","max-image-preview":"max-image-preview:large","max-video-preview":"max-video-preview:-1"},"canonical":"https:\/\/unisale.com.br\/pastoral\/unisalesiano-celebra-tradicao-junina-e-aniversario-do-reitor-pe-paulo-vendrame\/","og_locale":"pt_BR","og_type":"article","og_title":"UniSALESIANO celebra tradi\u00e7\u00e3o junina e anivers\u00e1rio do Reitor, Pe. Paulo Vendrame - Pastoral Universit\u00e1ria UniSALESIANO","og_description":"A tradicional\u00a0Festa Junina do UniSALESIANO\u00a0aconteceu no \u00faltimo dia 19, na quadra poliesportiva \u201cDom Bosco\u201d, reunindo colaboradores, professores, coordenadores e membros da comunidade acad\u00eamica. A celebra\u00e7\u00e3o...","og_url":"https:\/\/unisale.com.br\/pastoral\/unisalesiano-celebra-tradicao-junina-e-aniversario-do-reitor-pe-paulo-vendrame\/","og_site_name":"Pastoral Universit\u00e1ria UniSALESIANO","article_published_time":"2026-08-21T13:33:32+00:00","og_image":[{"width":750,"height":500,"url":"https:\/\/unisale.com.br\/pastoral\/wp-content\/uploads\/2026\/08\/WhatsApp-Image-2026-06-22-at-09.24.12-11-768x512-1.jpeg","type":"image\/jpeg"}],"author":"pastoral","twitter_card":"summary_large_image","twitter_misc":{"Escrito por":"pastoral","Est. tempo de leitura":"3 minutos"},"schema":{"@context":"https:\/\/schema.org","@graph":[{"@type":"Article","@id":"https:\/\/unisale.com.br\/pastoral\/unisalesiano-celebra-tradicao-junina-e-aniversario-do-reitor-pe-paulo-vendrame\/#article","isPartOf":{"@id":"https:\/\/unisale.com.br\/pastoral\/unisalesiano-celebra-tradicao-junina-e-aniversario-do-reitor-pe-paulo-vendrame\/"},"author":{"name":"pastoral","@id":"https:\/\/unisale.com.br\/pastoral\/#\/schema\/person\/a16ba711a0f7dec9cb6b44563144d5a3"},"headline":"UniSALESIANO celebra tradi\u00e7\u00e3o junina e anivers\u00e1rio do Reitor, Pe. Paulo Vendrame","datePublished":"2026-08-21T13:33:32+00:00","mainEntityOfPage":{"@id":"https:\/\/unisale.com.br\/pastoral\/unisalesiano-celebra-tradicao-junina-e-aniversario-do-reitor-pe-paulo-vendrame\/"},"wordCount":455,"image":{"@id":"https:\/\/unisale.com.br\/pastoral\/unisalesiano-celebra-tradicao-junina-e-aniversario-do-reitor-pe-paulo-vendrame\/#primaryimage"},"thumbnailUrl":"https:\/\/unisale.com.br\/pastoral\/wp-content\/uploads\/2026\/08\/WhatsApp-Image-2026-06-22-at-09.24.12-11-768x512-1.jpeg","articleSection":["Not\u00edcias"],"inLanguage":"pt-BR"},{"@type":"WebPage","@id":"https:\/\/unisale.com.br\/pastoral\/unisalesiano-celebra-tradicao-junina-e-aniversario-do-reitor-pe-paulo-vendrame\/","url":"https:\/\/unisale.com.br\/pastoral\/unisalesiano-celebra-tradicao-junina-e-aniversario-do-reitor-pe-paulo-vendrame\/","name":"UniSALESIANO celebra tradi\u00e7\u00e3o junina e anivers\u00e1rio do Reitor, Pe. Paulo Vendrame - Pastoral Universit\u00e1ria UniSALESIANO","isPartOf":{"@id":"https:\/\/unisale.com.br\/pastoral\/#website"},"primaryImageOfPage":{"@id":"https:\/\/unisale.com.br\/pastoral\/unisalesiano-celebra-tradicao-junina-e-aniversario-do-reitor-pe-paulo-vendrame\/#primaryimage"},"image":{"@id":"https:\/\/unisale.com.br\/pastoral\/unisalesiano-celebra-tradicao-junina-e-aniversario-do-reitor-pe-paulo-vendrame\/#primaryimage"},"thumbnailUrl":"https:\/\/unisale.com.br\/pastoral\/wp-content\/uploads\/2026\/08\/WhatsApp-Image-2026-06-22-at-09.24.12-11-768x512-1.jpeg","datePublished":"2026-08-21T13:33:32+00:00","author":{"@id":"https:\/\/unisale.com.br\/pastoral\/#\/schema\/person\/a16ba711a0f7dec9cb6b44563144d5a3"},"inLanguage":"pt-BR","potentialAction":[{"@type":"ReadAction","target":["https:\/\/unisale.com.br\/pastoral\/unisalesiano-celebra-tradicao-junina-e-aniversario-do-reitor-pe-paulo-vendrame\/"]}]},{"@type":"ImageObject","inLanguage":"pt-BR","@id":"https:\/\/unisale.com.br\/pastoral\/unisalesiano-celebra-tradicao-junina-e-aniversario-do-reitor-pe-paulo-vendrame\/#primaryimage","url":"https:\/\/unisale.com.br\/pastoral\/wp-content\/uploads\/2026\/08\/WhatsApp-Image-2026-06-22-at-09.24.12-11-768x512-1.jpeg","contentUrl":"https:\/\/unisale.com.br\/pastoral\/wp-content\/uploads\/2026\/08\/WhatsApp-Image-2026-06-22-at-09.24.12-11-768x512-1.jpeg","width":750,"height":500},{"@type":"WebSite","@id":"https:\/\/unisale.com.br\/pastoral\/#website","url":"https:\/\/unisale.com.br\/pastoral\/","name":"Pastoral Universit\u00e1ria UniSALESIANO","description":"Site da Pastoral Universit\u00e1ria do UniSALESIANO","potentialAction":[{"@type":"SearchAction","target":{"@type":"EntryPoint","urlTemplate":"https:\/\/unisale.com.br\/pastoral\/?s={search_term_string}"},"query-input":{"@type":"PropertyValueSpecification","valueRequired":true,"valueName":"search_term_string"}}],"inLanguage":"pt-BR"},{"@type":"Person","@id":"https:\/\/unisale.com.br\/pastoral\/#\/schema\/person\/a16ba711a0f7dec9cb6b44563144d5a3","name":"pastoral","url":"https:\/\/unisale.com.br\/pastoral\/author\/pastoral\/"}]}},"_links":{"self":[{"href":"https:\/\/unisale.com.br\/pastoral\/wp-json\/wp\/v2\/posts\/14543","targetHints":{"allow":["GET"]}}],"collection":[{"href":"https:\/\/unisale.com.br\/pastoral\/wp-json\/wp\/v2\/posts"}],"about":[{"href":"https:\/\/unisale.com.br\/pastoral\/wp-json\/wp\/v2\/types\/post"}],"author":[{"embeddable":true,"href":"https:\/\/unisale.com.br\/pastoral\/wp-json\/wp\/v2\/users\/1"}],"replies":[{"embeddable":true,"href":"https:\/\/unisale.com.br\/pastoral\/wp-json\/wp\/v2\/comments?post=14543"}],"version-history":[{"count":1,"href":"https:\/\/unisale.com.br\/pastoral\/wp-json\/wp\/v2\/posts\/14543\/revisions"}],"predecessor-version":[{"id":14576,"href":"https:\/\/unisale.com.br\/pastoral\/wp-json\/wp\/v2\/posts\/14543\/revisions\/14576"}],"wp:featuredmedia":[{"embeddable":true,"href":"https:\/\/unisale.com.br\/pastoral\/wp-json\/wp\/v2\/media\/14544"}],"wp:attachment":[{"href":"https:\/\/unisale.com.br\/pastoral\/wp-json\/wp\/v2\/media?parent=14543"}],"wp:term":[{"taxonomy":"category","embeddable":true,"href":"https:\/\/unisale.com.br\/pastoral\/wp-json\/wp\/v2\/categories?post=14543"},{"taxonomy":"post_tag","embeddable":true,"href":"https:\/\/unisale.com.br\/pastoral\/wp-json\/wp\/v2\/tags?post=14543"}],"curies":[{"name":"wp","href":"https:\/\/api.w.org\/{rel}","templated":true}]}}