{"id":14629,"date":"2026-08-21T17:08:46","date_gmt":"2026-08-21T17:08:46","guid":{"rendered":"https:\/\/unisale.com.br\/pastoral\/?p=14629"},"modified":"2026-08-21T17:08:46","modified_gmt":"2026-08-21T17:08:46","slug":"dia-do-estagiario-unisalesiano-promove-momento-de-integracao-e-valorizacao-profissional","status":"publish","type":"post","link":"https:\/\/unisale.com.br\/pastoral\/dia-do-estagiario-unisalesiano-promove-momento-de-integracao-e-valorizacao-profissional\/","title":{"rendered":"Dia do Estagi\u00e1rio: UniSALESIANO promove momento de integra\u00e7\u00e3o e valoriza\u00e7\u00e3o profissional"},"content":{"rendered":"<p>A\u00a0<strong>Pastoral Universit\u00e1ria do UniSALESIANO<\/strong>\u00a0promoveu, na \u00faltima segunda-feira, uma celebra\u00e7\u00e3o especial em homenagem ao\u00a0<strong>Dia do Estagi\u00e1rio (18 de agosto)<\/strong>. O encontro reuniu jovens que atuam em diferentes setores da Institui\u00e7\u00e3o e proporcionou um momento de acolhida, integra\u00e7\u00e3o e reflex\u00e3o sobre a import\u00e2ncia do est\u00e1gio para a forma\u00e7\u00e3o pessoal e profissional.<\/p>\n<p>Atualmente, o UniSALESIANO conta com 43 estagi\u00e1rios, distribu\u00eddos em \u00e1reas como laborat\u00f3rios, coordena\u00e7\u00f5es de cursos, Hospital Veterin\u00e1rio, N\u00facleo de Pr\u00e1tica Jur\u00eddica, Universidade Aberta da Melhor Idade, Pastoral Universit\u00e1ria e outros setores administrativos e acad\u00eamicos.<\/p>\n<p>Durante o encontro, o\u00a0<strong>Pr\u00f3-Reitor de Pastoral, Pe. Paulo J\u00e1com<\/strong>o, destacou que a celebra\u00e7\u00e3o ocorreu pr\u00f3xima \u00e0 data em que a Fam\u00edlia Salesiana recorda o nascimento de S\u00e3o Jo\u00e3o Bosco, comemorado em 16 de agosto. Segundo ele, a trajet\u00f3ria do santo educador foi marcada, desde a juventude, pelo aprendizado de diferentes atividades profissionais.<\/p>\n<p>Dom Bosco aprendeu of\u00edcios como os de alfaiate, sapateiro, e padeiro, conhecimentos que, posteriormente, foram compartilhados com os jovens atendidos em suas obras. Para ele, oferecer educa\u00e7\u00e3o e forma\u00e7\u00e3o profissional era uma maneira de proporcionar dignidade, autonomia e novas perspectivas de vida.<\/p>\n<p><strong>CRESCIMENTO<\/strong><\/p>\n<p>Pe. Paulo relacionou essa experi\u00eancia \u00e0 trajet\u00f3ria dos estagi\u00e1rios do UniSALESIANO, que t\u00eam a oportunidade de colocar em pr\u00e1tica os conhecimentos adquiridos em sala de aula. \u201cPor meio da pr\u00e1tica, voc\u00eas enriquecem ainda mais o conhecimento acad\u00eamico, contribuem com o UniSALESIANO e tamb\u00e9m com o pr\u00f3prio crescimento profissional\u201d, afirmou.<\/p>\n<p>O Pr\u00f3-Reitor ressaltou ainda que, apesar dos desafios e das responsabilidades, o est\u00e1gio representa uma etapa fundamental de prepara\u00e7\u00e3o para o mercado de trabalho. \u201cAqui voc\u00eas aprendem a cumprir hor\u00e1rios e metas, a se dedicar e a colocar o conhecimento em pr\u00e1tica. S\u00e3o experi\u00eancias que levar\u00e3o para toda a vida. Voc\u00eas est\u00e3o se preparando para entrar de corpo e alma no mundo do trabalho\u201d, declarou.<\/p>\n<p>A assistente da Pr\u00f3-Reitoria de Ensino, Pesquisa e P\u00f3s-Gradua\u00e7\u00e3o,\u00a0<strong>Renata Figueroa,<\/strong>\u00a0destacou que muitos colaboradores do UniSALESIANO iniciaram suas trajet\u00f3rias profissionais como estagi\u00e1rios e, atualmente, ocupam diferentes fun\u00e7\u00f5es, inclusive cargos de lideran\u00e7a.<\/p>\n<p>\u201cO UniSALESIANO valoriza quem se dedica e realiza um bom trabalho. Temos muitos funcion\u00e1rios que come\u00e7aram como estagi\u00e1rios e cresceram profissionalmente dentro da Institui\u00e7\u00e3o. Isso mostra que existem oportunidades para quem aproveita essa experi\u00eancia com responsabilidade\u201d, ressaltou.<\/p>\n<p>O\u00a0<strong>Coordenador da Pastoral Universit\u00e1ria, Bruno Carvalho<\/strong>, lembrou que os estagi\u00e1rios tamb\u00e9m fazem parte da miss\u00e3o educativa salesiana e contribuem diretamente para o trabalho desenvolvido junto \u00e0 juventude.<\/p>\n<p>\u201cTodos pertencemos \u00e0 Fam\u00edlia Salesiana, e o trabalho de voc\u00eas tamb\u00e9m \u00e9 pastoral. O jovem que atua dentro da miss\u00e3o salesiana torna-se uma extens\u00e3o dessa miss\u00e3o junto aos demais jovens. Desejamos que voc\u00eas cres\u00e7am, tornem-se l\u00edderes e sejam excelentes profissionais\u201d, concluiu.<\/p>\n<p>Ao final, os participantes confraternizaram e celebraram a data, fortalecendo os v\u00ednculos entre os estagi\u00e1rios e reconhecendo a contribui\u00e7\u00e3o de cada um para o cotidiano e para a miss\u00e3o do UniSALESIANO.<\/p>\n<p>&nbsp;<\/p>\n\n\t\t<style>\n\t\t\t#gallery-1 {\n\t\t\t\tmargin: auto;\n\t\t\t}\n\t\t\t#gallery-1 .gallery-item {\n\t\t\t\tfloat: left;\n\t\t\t\tmargin-top: 10px;\n\t\t\t\ttext-align: center;\n\t\t\t\twidth: 33%;\n\t\t\t}\n\t\t\t#gallery-1 img {\n\t\t\t\tborder: 2px solid #cfcfcf;\n\t\t\t}\n\t\t\t#gallery-1 .gallery-caption {\n\t\t\t\tmargin-left: 0;\n\t\t\t}\n\t\t\t\/* see gallery_shortcode() in wp-includes\/media.php *\/\n\t\t<\/style>\n\t\t<div id='gallery-1' class='gallery galleryid-14629 gallery-columns-3 gallery-size-thumbnail'><dl class='gallery-item'>\n\t\t\t<dt class='gallery-icon landscape'>\n\t\t\t\t<a href='https:\/\/unisale.com.br\/pastoral\/dia-do-estagiario-unisalesiano-promove-momento-de-integracao-e-valorizacao-profissional\/whatsapp-image-2026-08-18-at-16-32-59-2-1024x556\/'><img decoding=\"async\" width=\"150\" height=\"150\" src=\"https:\/\/unisale.com.br\/pastoral\/wp-content\/uploads\/2026\/08\/WhatsApp-Image-2026-08-18-at-16.32.59-2-1024x556-1-150x150.jpeg\" class=\"attachment-thumbnail size-thumbnail\" alt=\"\" \/><\/a>\n\t\t\t<\/dt><\/dl><dl class='gallery-item'>\n\t\t\t<dt class='gallery-icon landscape'>\n\t\t\t\t<a href='https:\/\/unisale.com.br\/pastoral\/dia-do-estagiario-unisalesiano-promove-momento-de-integracao-e-valorizacao-profissional\/whatsapp-image-2026-08-18-at-16-32-59-1024x557\/'><img decoding=\"async\" width=\"150\" height=\"150\" src=\"https:\/\/unisale.com.br\/pastoral\/wp-content\/uploads\/2026\/08\/WhatsApp-Image-2026-08-18-at-16.32.59-1024x557-1-150x150.jpeg\" class=\"attachment-thumbnail size-thumbnail\" alt=\"\" \/><\/a>\n\t\t\t<\/dt><\/dl><dl class='gallery-item'>\n\t\t\t<dt class='gallery-icon landscape'>\n\t\t\t\t<a href='https:\/\/unisale.com.br\/pastoral\/dia-do-estagiario-unisalesiano-promove-momento-de-integracao-e-valorizacao-profissional\/whatsapp-image-2026-08-18-at-16-32-59-5-1024x582\/'><img decoding=\"async\" width=\"150\" height=\"150\" src=\"https:\/\/unisale.com.br\/pastoral\/wp-content\/uploads\/2026\/08\/WhatsApp-Image-2026-08-18-at-16.32.59-5-1024x582-1-150x150.jpeg\" class=\"attachment-thumbnail size-thumbnail\" alt=\"\" \/><\/a>\n\t\t\t<\/dt><\/dl><br style=\"clear: both\" \/><dl class='gallery-item'>\n\t\t\t<dt class='gallery-icon landscape'>\n\t\t\t\t<a href='https:\/\/unisale.com.br\/pastoral\/dia-do-estagiario-unisalesiano-promove-momento-de-integracao-e-valorizacao-profissional\/whatsapp-image-2026-08-18-at-16-32-59-4-1024x576\/'><img loading=\"lazy\" decoding=\"async\" width=\"150\" height=\"150\" src=\"https:\/\/unisale.com.br\/pastoral\/wp-content\/uploads\/2026\/08\/WhatsApp-Image-2026-08-18-at-16.32.59-4-1024x576-1-150x150.jpeg\" class=\"attachment-thumbnail size-thumbnail\" alt=\"\" \/><\/a>\n\t\t\t<\/dt><\/dl>\n\t\t\t<br style='clear: both' \/>\n\t\t<\/div>\n\n","protected":false},"excerpt":{"rendered":"<p>A\u00a0Pastoral Universit\u00e1ria do UniSALESIANO\u00a0promoveu, na \u00faltima segunda-feira, uma celebra\u00e7\u00e3o especial em homenagem ao\u00a0Dia do Estagi\u00e1rio (18 de agosto). O encontro reuniu jovens que atuam em&#8230;<\/p>\n","protected":false},"author":1,"featured_media":14631,"comment_status":"closed","ping_status":"closed","sticky":false,"template":"","format":"standard","meta":{"_acf_changed":false,"footnotes":""},"categories":[3],"tags":[],"class_list":["post-14629","post","type-post","status-publish","format-standard","has-post-thumbnail","hentry","category-not"],"acf":[],"yoast_head":"<!-- This site is optimized with the Yoast SEO plugin v28.3 - https:\/\/yoast.com\/product\/yoast-seo-wordpress\/ -->\n<title>Dia do Estagi\u00e1rio: UniSALESIANO promove momento de integra\u00e7\u00e3o e valoriza\u00e7\u00e3o profissional - Pastoral Universit\u00e1ria UniSALESIANO<\/title>\n<meta name=\"robots\" content=\"index, follow, max-snippet:-1, max-image-preview:large, max-video-preview:-1\" \/>\n<link rel=\"canonical\" href=\"https:\/\/unisale.com.br\/pastoral\/dia-do-estagiario-unisalesiano-promove-momento-de-integracao-e-valorizacao-profissional\/\" \/>\n<meta property=\"og:locale\" content=\"pt_BR\" \/>\n<meta property=\"og:type\" content=\"article\" \/>\n<meta property=\"og:title\" content=\"Dia do Estagi\u00e1rio: UniSALESIANO promove momento de integra\u00e7\u00e3o e valoriza\u00e7\u00e3o profissional - Pastoral Universit\u00e1ria UniSALESIANO\" \/>\n<meta property=\"og:description\" content=\"A\u00a0Pastoral Universit\u00e1ria do UniSALESIANO\u00a0promoveu, na \u00faltima segunda-feira, uma celebra\u00e7\u00e3o especial em homenagem ao\u00a0Dia do Estagi\u00e1rio (18 de agosto). O encontro reuniu jovens que atuam em...\" \/>\n<meta property=\"og:url\" content=\"https:\/\/unisale.com.br\/pastoral\/dia-do-estagiario-unisalesiano-promove-momento-de-integracao-e-valorizacao-profissional\/\" \/>\n<meta property=\"og:site_name\" content=\"Pastoral Universit\u00e1ria UniSALESIANO\" \/>\n<meta property=\"article:published_time\" content=\"2026-08-21T17:08:46+00:00\" \/>\n<meta property=\"og:image\" content=\"https:\/\/unisale.com.br\/pastoral\/wp-content\/uploads\/2026\/08\/WhatsApp-Image-2026-08-18-at-16.32.59-3-768x432-1.jpeg\" \/>\n\t<meta property=\"og:image:width\" content=\"768\" \/>\n\t<meta property=\"og:image:height\" content=\"432\" \/>\n\t<meta property=\"og:image:type\" content=\"image\/jpeg\" \/>\n<meta name=\"author\" content=\"pastoral\" \/>\n<meta name=\"twitter:card\" content=\"summary_large_image\" \/>\n<meta name=\"twitter:label1\" content=\"Escrito por\" \/>\n\t<meta name=\"twitter:data1\" content=\"pastoral\" \/>\n\t<meta name=\"twitter:label2\" content=\"Est. tempo de leitura\" \/>\n\t<meta name=\"twitter:data2\" content=\"3 minutos\" \/>\n<script type=\"application\/ld+json\" class=\"yoast-schema-graph\">{\"@context\":\"https:\\\/\\\/schema.org\",\"@graph\":[{\"@type\":\"Article\",\"@id\":\"https:\\\/\\\/unisale.com.br\\\/pastoral\\\/dia-do-estagiario-unisalesiano-promove-momento-de-integracao-e-valorizacao-profissional\\\/#article\",\"isPartOf\":{\"@id\":\"https:\\\/\\\/unisale.com.br\\\/pastoral\\\/dia-do-estagiario-unisalesiano-promove-momento-de-integracao-e-valorizacao-profissional\\\/\"},\"author\":{\"name\":\"pastoral\",\"@id\":\"https:\\\/\\\/unisale.com.br\\\/pastoral\\\/#\\\/schema\\\/person\\\/a16ba711a0f7dec9cb6b44563144d5a3\"},\"headline\":\"Dia do Estagi\u00e1rio: UniSALESIANO promove momento de integra\u00e7\u00e3o e valoriza\u00e7\u00e3o profissional\",\"datePublished\":\"2026-08-21T17:08:46+00:00\",\"mainEntityOfPage\":{\"@id\":\"https:\\\/\\\/unisale.com.br\\\/pastoral\\\/dia-do-estagiario-unisalesiano-promove-momento-de-integracao-e-valorizacao-profissional\\\/\"},\"wordCount\":554,\"image\":{\"@id\":\"https:\\\/\\\/unisale.com.br\\\/pastoral\\\/dia-do-estagiario-unisalesiano-promove-momento-de-integracao-e-valorizacao-profissional\\\/#primaryimage\"},\"thumbnailUrl\":\"https:\\\/\\\/unisale.com.br\\\/pastoral\\\/wp-content\\\/uploads\\\/2026\\\/08\\\/WhatsApp-Image-2026-08-18-at-16.32.59-3-768x432-1.jpeg\",\"articleSection\":[\"Not\u00edcias\"],\"inLanguage\":\"pt-BR\"},{\"@type\":\"WebPage\",\"@id\":\"https:\\\/\\\/unisale.com.br\\\/pastoral\\\/dia-do-estagiario-unisalesiano-promove-momento-de-integracao-e-valorizacao-profissional\\\/\",\"url\":\"https:\\\/\\\/unisale.com.br\\\/pastoral\\\/dia-do-estagiario-unisalesiano-promove-momento-de-integracao-e-valorizacao-profissional\\\/\",\"name\":\"Dia do Estagi\u00e1rio: UniSALESIANO promove momento de integra\u00e7\u00e3o e valoriza\u00e7\u00e3o profissional - Pastoral Universit\u00e1ria UniSALESIANO\",\"isPartOf\":{\"@id\":\"https:\\\/\\\/unisale.com.br\\\/pastoral\\\/#website\"},\"primaryImageOfPage\":{\"@id\":\"https:\\\/\\\/unisale.com.br\\\/pastoral\\\/dia-do-estagiario-unisalesiano-promove-momento-de-integracao-e-valorizacao-profissional\\\/#primaryimage\"},\"image\":{\"@id\":\"https:\\\/\\\/unisale.com.br\\\/pastoral\\\/dia-do-estagiario-unisalesiano-promove-momento-de-integracao-e-valorizacao-profissional\\\/#primaryimage\"},\"thumbnailUrl\":\"https:\\\/\\\/unisale.com.br\\\/pastoral\\\/wp-content\\\/uploads\\\/2026\\\/08\\\/WhatsApp-Image-2026-08-18-at-16.32.59-3-768x432-1.jpeg\",\"datePublished\":\"2026-08-21T17:08:46+00:00\",\"author\":{\"@id\":\"https:\\\/\\\/unisale.com.br\\\/pastoral\\\/#\\\/schema\\\/person\\\/a16ba711a0f7dec9cb6b44563144d5a3\"},\"inLanguage\":\"pt-BR\",\"potentialAction\":[{\"@type\":\"ReadAction\",\"target\":[\"https:\\\/\\\/unisale.com.br\\\/pastoral\\\/dia-do-estagiario-unisalesiano-promove-momento-de-integracao-e-valorizacao-profissional\\\/\"]}]},{\"@type\":\"ImageObject\",\"inLanguage\":\"pt-BR\",\"@id\":\"https:\\\/\\\/unisale.com.br\\\/pastoral\\\/dia-do-estagiario-unisalesiano-promove-momento-de-integracao-e-valorizacao-profissional\\\/#primaryimage\",\"url\":\"https:\\\/\\\/unisale.com.br\\\/pastoral\\\/wp-content\\\/uploads\\\/2026\\\/08\\\/WhatsApp-Image-2026-08-18-at-16.32.59-3-768x432-1.jpeg\",\"contentUrl\":\"https:\\\/\\\/unisale.com.br\\\/pastoral\\\/wp-content\\\/uploads\\\/2026\\\/08\\\/WhatsApp-Image-2026-08-18-at-16.32.59-3-768x432-1.jpeg\",\"width\":768,\"height\":432},{\"@type\":\"WebSite\",\"@id\":\"https:\\\/\\\/unisale.com.br\\\/pastoral\\\/#website\",\"url\":\"https:\\\/\\\/unisale.com.br\\\/pastoral\\\/\",\"name\":\"Pastoral Universit\u00e1ria UniSALESIANO\",\"description\":\"Site da Pastoral Universit\u00e1ria do UniSALESIANO\",\"potentialAction\":[{\"@type\":\"SearchAction\",\"target\":{\"@type\":\"EntryPoint\",\"urlTemplate\":\"https:\\\/\\\/unisale.com.br\\\/pastoral\\\/?s={search_term_string}\"},\"query-input\":{\"@type\":\"PropertyValueSpecification\",\"valueRequired\":true,\"valueName\":\"search_term_string\"}}],\"inLanguage\":\"pt-BR\"},{\"@type\":\"Person\",\"@id\":\"https:\\\/\\\/unisale.com.br\\\/pastoral\\\/#\\\/schema\\\/person\\\/a16ba711a0f7dec9cb6b44563144d5a3\",\"name\":\"pastoral\",\"url\":\"https:\\\/\\\/unisale.com.br\\\/pastoral\\\/author\\\/pastoral\\\/\"}]}<\/script>\n<!-- \/ Yoast SEO plugin. -->","yoast_head_json":{"title":"Dia do Estagi\u00e1rio: UniSALESIANO promove momento de integra\u00e7\u00e3o e valoriza\u00e7\u00e3o profissional - Pastoral Universit\u00e1ria UniSALESIANO","robots":{"index":"index","follow":"follow","max-snippet":"max-snippet:-1","max-image-preview":"max-image-preview:large","max-video-preview":"max-video-preview:-1"},"canonical":"https:\/\/unisale.com.br\/pastoral\/dia-do-estagiario-unisalesiano-promove-momento-de-integracao-e-valorizacao-profissional\/","og_locale":"pt_BR","og_type":"article","og_title":"Dia do Estagi\u00e1rio: UniSALESIANO promove momento de integra\u00e7\u00e3o e valoriza\u00e7\u00e3o profissional - Pastoral Universit\u00e1ria UniSALESIANO","og_description":"A\u00a0Pastoral Universit\u00e1ria do UniSALESIANO\u00a0promoveu, na \u00faltima segunda-feira, uma celebra\u00e7\u00e3o especial em homenagem ao\u00a0Dia do Estagi\u00e1rio (18 de agosto). O encontro reuniu jovens que atuam em...","og_url":"https:\/\/unisale.com.br\/pastoral\/dia-do-estagiario-unisalesiano-promove-momento-de-integracao-e-valorizacao-profissional\/","og_site_name":"Pastoral Universit\u00e1ria UniSALESIANO","article_published_time":"2026-08-21T17:08:46+00:00","og_image":[{"width":768,"height":432,"url":"https:\/\/unisale.com.br\/pastoral\/wp-content\/uploads\/2026\/08\/WhatsApp-Image-2026-08-18-at-16.32.59-3-768x432-1.jpeg","type":"image\/jpeg"}],"author":"pastoral","twitter_card":"summary_large_image","twitter_misc":{"Escrito por":"pastoral","Est. tempo de leitura":"3 minutos"},"schema":{"@context":"https:\/\/schema.org","@graph":[{"@type":"Article","@id":"https:\/\/unisale.com.br\/pastoral\/dia-do-estagiario-unisalesiano-promove-momento-de-integracao-e-valorizacao-profissional\/#article","isPartOf":{"@id":"https:\/\/unisale.com.br\/pastoral\/dia-do-estagiario-unisalesiano-promove-momento-de-integracao-e-valorizacao-profissional\/"},"author":{"name":"pastoral","@id":"https:\/\/unisale.com.br\/pastoral\/#\/schema\/person\/a16ba711a0f7dec9cb6b44563144d5a3"},"headline":"Dia do Estagi\u00e1rio: UniSALESIANO promove momento de integra\u00e7\u00e3o e valoriza\u00e7\u00e3o profissional","datePublished":"2026-08-21T17:08:46+00:00","mainEntityOfPage":{"@id":"https:\/\/unisale.com.br\/pastoral\/dia-do-estagiario-unisalesiano-promove-momento-de-integracao-e-valorizacao-profissional\/"},"wordCount":554,"image":{"@id":"https:\/\/unisale.com.br\/pastoral\/dia-do-estagiario-unisalesiano-promove-momento-de-integracao-e-valorizacao-profissional\/#primaryimage"},"thumbnailUrl":"https:\/\/unisale.com.br\/pastoral\/wp-content\/uploads\/2026\/08\/WhatsApp-Image-2026-08-18-at-16.32.59-3-768x432-1.jpeg","articleSection":["Not\u00edcias"],"inLanguage":"pt-BR"},{"@type":"WebPage","@id":"https:\/\/unisale.com.br\/pastoral\/dia-do-estagiario-unisalesiano-promove-momento-de-integracao-e-valorizacao-profissional\/","url":"https:\/\/unisale.com.br\/pastoral\/dia-do-estagiario-unisalesiano-promove-momento-de-integracao-e-valorizacao-profissional\/","name":"Dia do Estagi\u00e1rio: UniSALESIANO promove momento de integra\u00e7\u00e3o e valoriza\u00e7\u00e3o profissional - Pastoral Universit\u00e1ria UniSALESIANO","isPartOf":{"@id":"https:\/\/unisale.com.br\/pastoral\/#website"},"primaryImageOfPage":{"@id":"https:\/\/unisale.com.br\/pastoral\/dia-do-estagiario-unisalesiano-promove-momento-de-integracao-e-valorizacao-profissional\/#primaryimage"},"image":{"@id":"https:\/\/unisale.com.br\/pastoral\/dia-do-estagiario-unisalesiano-promove-momento-de-integracao-e-valorizacao-profissional\/#primaryimage"},"thumbnailUrl":"https:\/\/unisale.com.br\/pastoral\/wp-content\/uploads\/2026\/08\/WhatsApp-Image-2026-08-18-at-16.32.59-3-768x432-1.jpeg","datePublished":"2026-08-21T17:08:46+00:00","author":{"@id":"https:\/\/unisale.com.br\/pastoral\/#\/schema\/person\/a16ba711a0f7dec9cb6b44563144d5a3"},"inLanguage":"pt-BR","potentialAction":[{"@type":"ReadAction","target":["https:\/\/unisale.com.br\/pastoral\/dia-do-estagiario-unisalesiano-promove-momento-de-integracao-e-valorizacao-profissional\/"]}]},{"@type":"ImageObject","inLanguage":"pt-BR","@id":"https:\/\/unisale.com.br\/pastoral\/dia-do-estagiario-unisalesiano-promove-momento-de-integracao-e-valorizacao-profissional\/#primaryimage","url":"https:\/\/unisale.com.br\/pastoral\/wp-content\/uploads\/2026\/08\/WhatsApp-Image-2026-08-18-at-16.32.59-3-768x432-1.jpeg","contentUrl":"https:\/\/unisale.com.br\/pastoral\/wp-content\/uploads\/2026\/08\/WhatsApp-Image-2026-08-18-at-16.32.59-3-768x432-1.jpeg","width":768,"height":432},{"@type":"WebSite","@id":"https:\/\/unisale.com.br\/pastoral\/#website","url":"https:\/\/unisale.com.br\/pastoral\/","name":"Pastoral Universit\u00e1ria UniSALESIANO","description":"Site da Pastoral Universit\u00e1ria do UniSALESIANO","potentialAction":[{"@type":"SearchAction","target":{"@type":"EntryPoint","urlTemplate":"https:\/\/unisale.com.br\/pastoral\/?s={search_term_string}"},"query-input":{"@type":"PropertyValueSpecification","valueRequired":true,"valueName":"search_term_string"}}],"inLanguage":"pt-BR"},{"@type":"Person","@id":"https:\/\/unisale.com.br\/pastoral\/#\/schema\/person\/a16ba711a0f7dec9cb6b44563144d5a3","name":"pastoral","url":"https:\/\/unisale.com.br\/pastoral\/author\/pastoral\/"}]}},"_links":{"self":[{"href":"https:\/\/unisale.com.br\/pastoral\/wp-json\/wp\/v2\/posts\/14629","targetHints":{"allow":["GET"]}}],"collection":[{"href":"https:\/\/unisale.com.br\/pastoral\/wp-json\/wp\/v2\/posts"}],"about":[{"href":"https:\/\/unisale.com.br\/pastoral\/wp-json\/wp\/v2\/types\/post"}],"author":[{"embeddable":true,"href":"https:\/\/unisale.com.br\/pastoral\/wp-json\/wp\/v2\/users\/1"}],"replies":[{"embeddable":true,"href":"https:\/\/unisale.com.br\/pastoral\/wp-json\/wp\/v2\/comments?post=14629"}],"version-history":[{"count":1,"href":"https:\/\/unisale.com.br\/pastoral\/wp-json\/wp\/v2\/posts\/14629\/revisions"}],"predecessor-version":[{"id":14636,"href":"https:\/\/unisale.com.br\/pastoral\/wp-json\/wp\/v2\/posts\/14629\/revisions\/14636"}],"wp:featuredmedia":[{"embeddable":true,"href":"https:\/\/unisale.com.br\/pastoral\/wp-json\/wp\/v2\/media\/14631"}],"wp:attachment":[{"href":"https:\/\/unisale.com.br\/pastoral\/wp-json\/wp\/v2\/media?parent=14629"}],"wp:term":[{"taxonomy":"category","embeddable":true,"href":"https:\/\/unisale.com.br\/pastoral\/wp-json\/wp\/v2\/categories?post=14629"},{"taxonomy":"post_tag","embeddable":true,"href":"https:\/\/unisale.com.br\/pastoral\/wp-json\/wp\/v2\/tags?post=14629"}],"curies":[{"name":"wp","href":"https:\/\/api.w.org\/{rel}","templated":true}]}}