{"id":1553,"date":"2021-05-21T18:41:40","date_gmt":"2021-05-21T18:41:40","guid":{"rendered":"https:\/\/unisale.com.br\/pastoral\/?p=1553"},"modified":"2021-05-21T18:55:14","modified_gmt":"2021-05-21T18:55:14","slug":"que-eu-veja","status":"publish","type":"post","link":"https:\/\/unisale.com.br\/pastoral\/que-eu-veja\/","title":{"rendered":"27\/05 &#8211; O que queres que eu te fa\u00e7a?&#8230;que eu veja!"},"content":{"rendered":"<p><strong>Quinta-feira, 27 de maio de 2021<\/strong><\/p>\n<p>Evangelho (Mc 10, 46-52)<\/p>\n<p>&nbsp;<\/p>\n<p><strong><em>\u201co que queres que eu te fa\u00e7a?&#8230;que eu veja!\u201d.<\/em><\/strong><\/p>\n<p>Naquele tempo, <sup>46<\/sup>Jesus saiu de Jeric\u00f3, junto com seus disc\u00edpulos e uma grande multid\u00e3o. O filho de Timeu, Bartimeu, cego e mendigo, estava sentado \u00e0 beira do caminho. <sup>47<\/sup>Quando ouviu dizer que Jesus, o Nazareno, estava passando, come\u00e7ou a gritar: \u201cJesus, filho de Davi, tem piedade de mim!\u201d. <sup>48<\/sup>Muitos o repreendiam para que se calasse. Mas ele gritava mais ainda: \u201cFilho de Davi, tem piedade de mim!\u201d <sup>49<\/sup>Ent\u00e3o Jesus parou e disse: \u201cChamai-o\u201d. Eles o chamaram e disseram: \u201cCoragem, levanta-te, Jesus te chama!\u201d <sup>50<\/sup>O cego jogou o manto, deu um pulo e foi at\u00e9 Jesus. <sup>51<\/sup>Ent\u00e3o Jesus lhe perguntou: \u201cQue queres que eu te fa\u00e7a?\u201d O cego respondeu: \u201cMestre, que eu veja!\u201d <sup>52<\/sup>Jesus disse: \u201cVai, a tua f\u00e9 te curou\u201d. No mesmo instante, ele recuperou a vista e seguia Jesus pelo caminho.<\/p>\n<p>&nbsp;<\/p>\n<p><strong>Reflex\u00e3o<\/strong><\/p>\n<p>Quando vejo essa passagem do cego Bartimeu, fico pensando que todos somos um pouco ele. A nossa fraqueza humana se assemelha \u00e0 cegueira que sofria Bartimeu. \u00c9 pr\u00f3prio do homem permanecer bloqueado, estagnado na estrada quando n\u00e3o v\u00ea mais o sentido das coisas, quando n\u00e3o v\u00ea mais o horizonte. E, quando isso acontece, s\u00f3 se pode mendigar na vida e n\u00e3o viv\u00ea-la. Mas, como aconteceu com Bartimeu, Jesus tamb\u00e9m pode vir a nos salvar e o faz atrav\u00e9s da Igreja, que \u00e9 o pr\u00f3prio povo de Deus.<\/p>\n<p>N\u00f3s n\u00e3o somos Jesus, mas, de fato, somos aquilo que mais dev\u00edamos fazer record\u00e1-lo. E diante de tal an\u00fancio, a \u00fanica ora\u00e7\u00e3o poss\u00edvel \u00e9 a de Bartimeu: \u201cfilho de Davi, tem piedade de mim!\u201d N\u00e3o \u00e9 uma ora\u00e7\u00e3o feita a voz baixa, mas \u00e9 uma ora\u00e7\u00e3o gritada, uma ora\u00e7\u00e3o de quem est\u00e1 ofegante, de quem sente a possibilidade de uma mudan\u00e7a que pode fazer girar a vida. A Ora\u00e7\u00e3o, quando \u00e9 verdadeira, se assemelha ao grito de Bartimeu. Mas, paradoxalmente, diante do comportamento deste cego, a mesma multid\u00e3o que havia anunciado a passagem de Jesus se torna obst\u00e1culo: \u201cmuitos o repreendiam para que se calasse\u201d. Pode parecer estranho o comportamento de quem anuncia e depois repreende, mas \u00e9 isso que acontece tamb\u00e9m hoje nas nossas comunidades. De uma parte anunciamos, e de outra parte somos n\u00f3s mesmos o motivo pelo qual o homem desesperado de hoje n\u00e3o encontra Jesus. Para nossa sorte, Jesus \u00e9 mais forte do que a nossa mediocridade, e sabe escutar contra toda tentativa de fazer calar: \u201cent\u00e3o, Jesus parou e disse: chamai-o\u201d. Gritar como Bartimeu significa para n\u00f3s hoje rezar. Gritar \u00e9 tamb\u00e9m pedir. \u00c9 preciso que n\u00f3s, como Bartimeu, demos um salto na f\u00e9, crer para al\u00e9m das nossas certezas, confiar em quem nos criou, nos amou e veio a nos salvar e ficou conosco na Eucaristia.<\/p>\n<p>&nbsp;<\/p>\n<p><strong>Pe. Paulo Eduardo J\u00e1como, sdb.<\/strong><\/p>\n","protected":false},"excerpt":{"rendered":"<p>Quinta-feira, 27 de maio de 2021 Evangelho (Mc 10, 46-52) &nbsp; \u201co que queres que eu te fa\u00e7a?&#8230;que eu veja!\u201d. Naquele tempo, 46Jesus saiu de&#8230;<\/p>\n","protected":false},"author":1,"featured_media":1503,"comment_status":"closed","ping_status":"closed","sticky":false,"template":"","format":"standard","meta":{"_acf_changed":false,"footnotes":""},"categories":[13],"tags":[],"class_list":["post-1553","post","type-post","status-publish","format-standard","has-post-thumbnail","hentry","category-reflexaodoevagelho"],"acf":[],"yoast_head":"<!-- This site is optimized with the Yoast SEO plugin v27.3 - https:\/\/yoast.com\/product\/yoast-seo-wordpress\/ -->\n<title>27\/05 - O que queres que eu te fa\u00e7a?...que eu veja! - Pastoral Universit\u00e1ria UniSALESIANO<\/title>\n<meta name=\"robots\" content=\"index, follow, max-snippet:-1, max-image-preview:large, max-video-preview:-1\" \/>\n<link rel=\"canonical\" href=\"https:\/\/unisale.com.br\/novo\/que-eu-veja\/\" \/>\n<meta property=\"og:locale\" content=\"pt_BR\" \/>\n<meta property=\"og:type\" content=\"article\" \/>\n<meta property=\"og:title\" content=\"27\/05 - O que queres que eu te fa\u00e7a?...que eu veja! - Pastoral Universit\u00e1ria UniSALESIANO\" \/>\n<meta property=\"og:description\" content=\"Quinta-feira, 27 de maio de 2021 Evangelho (Mc 10, 46-52) &nbsp; \u201co que queres que eu te fa\u00e7a?&#8230;que eu veja!\u201d. Naquele tempo, 46Jesus saiu de...\" \/>\n<meta property=\"og:url\" content=\"https:\/\/unisale.com.br\/novo\/que-eu-veja\/\" \/>\n<meta property=\"og:site_name\" content=\"Pastoral Universit\u00e1ria UniSALESIANO\" \/>\n<meta property=\"article:published_time\" content=\"2021-05-21T18:41:40+00:00\" \/>\n<meta property=\"article:modified_time\" content=\"2021-05-21T18:55:14+00:00\" \/>\n<meta property=\"og:image\" content=\"https:\/\/unisale.com.br\/novo\/wp-content\/uploads\/2021\/05\/27-05.png\" \/>\n\t<meta property=\"og:image:width\" content=\"1920\" \/>\n\t<meta property=\"og:image:height\" content=\"1080\" \/>\n\t<meta property=\"og:image:type\" content=\"image\/png\" \/>\n<meta name=\"author\" content=\"pastoral\" \/>\n<meta name=\"twitter:card\" content=\"summary_large_image\" \/>\n<meta name=\"twitter:label1\" content=\"Escrito por\" \/>\n\t<meta name=\"twitter:data1\" content=\"pastoral\" \/>\n\t<meta name=\"twitter:label2\" content=\"Est. tempo de leitura\" \/>\n\t<meta name=\"twitter:data2\" content=\"2 minutos\" \/>\n<script type=\"application\/ld+json\" class=\"yoast-schema-graph\">{\"@context\":\"https:\\\/\\\/schema.org\",\"@graph\":[{\"@type\":\"Article\",\"@id\":\"https:\\\/\\\/unisale.com.br\\\/novo\\\/que-eu-veja\\\/#article\",\"isPartOf\":{\"@id\":\"https:\\\/\\\/unisale.com.br\\\/novo\\\/que-eu-veja\\\/\"},\"author\":{\"name\":\"pastoral\",\"@id\":\"https:\\\/\\\/unisale.com.br\\\/pastoral\\\/#\\\/schema\\\/person\\\/a16ba711a0f7dec9cb6b44563144d5a3\"},\"headline\":\"27\\\/05 &#8211; O que queres que eu te fa\u00e7a?&#8230;que eu veja!\",\"datePublished\":\"2021-05-21T18:41:40+00:00\",\"dateModified\":\"2021-05-21T18:55:14+00:00\",\"mainEntityOfPage\":{\"@id\":\"https:\\\/\\\/unisale.com.br\\\/novo\\\/que-eu-veja\\\/\"},\"wordCount\":507,\"image\":{\"@id\":\"https:\\\/\\\/unisale.com.br\\\/novo\\\/que-eu-veja\\\/#primaryimage\"},\"thumbnailUrl\":\"https:\\\/\\\/unisale.com.br\\\/pastoral\\\/wp-content\\\/uploads\\\/2021\\\/05\\\/27-05.png\",\"articleSection\":[\"Reflex\u00e3o do Evangelho\"],\"inLanguage\":\"pt-BR\"},{\"@type\":\"WebPage\",\"@id\":\"https:\\\/\\\/unisale.com.br\\\/novo\\\/que-eu-veja\\\/\",\"url\":\"https:\\\/\\\/unisale.com.br\\\/novo\\\/que-eu-veja\\\/\",\"name\":\"27\\\/05 - O que queres que eu te fa\u00e7a?...que eu veja! - Pastoral Universit\u00e1ria UniSALESIANO\",\"isPartOf\":{\"@id\":\"https:\\\/\\\/unisale.com.br\\\/pastoral\\\/#website\"},\"primaryImageOfPage\":{\"@id\":\"https:\\\/\\\/unisale.com.br\\\/novo\\\/que-eu-veja\\\/#primaryimage\"},\"image\":{\"@id\":\"https:\\\/\\\/unisale.com.br\\\/novo\\\/que-eu-veja\\\/#primaryimage\"},\"thumbnailUrl\":\"https:\\\/\\\/unisale.com.br\\\/pastoral\\\/wp-content\\\/uploads\\\/2021\\\/05\\\/27-05.png\",\"datePublished\":\"2021-05-21T18:41:40+00:00\",\"dateModified\":\"2021-05-21T18:55:14+00:00\",\"author\":{\"@id\":\"https:\\\/\\\/unisale.com.br\\\/pastoral\\\/#\\\/schema\\\/person\\\/a16ba711a0f7dec9cb6b44563144d5a3\"},\"inLanguage\":\"pt-BR\",\"potentialAction\":[{\"@type\":\"ReadAction\",\"target\":[\"https:\\\/\\\/unisale.com.br\\\/novo\\\/que-eu-veja\\\/\"]}]},{\"@type\":\"ImageObject\",\"inLanguage\":\"pt-BR\",\"@id\":\"https:\\\/\\\/unisale.com.br\\\/novo\\\/que-eu-veja\\\/#primaryimage\",\"url\":\"https:\\\/\\\/unisale.com.br\\\/pastoral\\\/wp-content\\\/uploads\\\/2021\\\/05\\\/27-05.png\",\"contentUrl\":\"https:\\\/\\\/unisale.com.br\\\/pastoral\\\/wp-content\\\/uploads\\\/2021\\\/05\\\/27-05.png\",\"width\":889,\"height\":500},{\"@type\":\"WebSite\",\"@id\":\"https:\\\/\\\/unisale.com.br\\\/pastoral\\\/#website\",\"url\":\"https:\\\/\\\/unisale.com.br\\\/pastoral\\\/\",\"name\":\"Pastoral Universit\u00e1ria UniSALESIANO\",\"description\":\"Site da Pastoral Universit\u00e1ria do UniSALESIANO\",\"potentialAction\":[{\"@type\":\"SearchAction\",\"target\":{\"@type\":\"EntryPoint\",\"urlTemplate\":\"https:\\\/\\\/unisale.com.br\\\/pastoral\\\/?s={search_term_string}\"},\"query-input\":{\"@type\":\"PropertyValueSpecification\",\"valueRequired\":true,\"valueName\":\"search_term_string\"}}],\"inLanguage\":\"pt-BR\"},{\"@type\":\"Person\",\"@id\":\"https:\\\/\\\/unisale.com.br\\\/pastoral\\\/#\\\/schema\\\/person\\\/a16ba711a0f7dec9cb6b44563144d5a3\",\"name\":\"pastoral\",\"url\":\"https:\\\/\\\/unisale.com.br\\\/pastoral\\\/author\\\/pastoral\\\/\"}]}<\/script>\n<!-- \/ Yoast SEO plugin. -->","yoast_head_json":{"title":"27\/05 - O que queres que eu te fa\u00e7a?...que eu veja! - Pastoral Universit\u00e1ria UniSALESIANO","robots":{"index":"index","follow":"follow","max-snippet":"max-snippet:-1","max-image-preview":"max-image-preview:large","max-video-preview":"max-video-preview:-1"},"canonical":"https:\/\/unisale.com.br\/novo\/que-eu-veja\/","og_locale":"pt_BR","og_type":"article","og_title":"27\/05 - O que queres que eu te fa\u00e7a?...que eu veja! - Pastoral Universit\u00e1ria UniSALESIANO","og_description":"Quinta-feira, 27 de maio de 2021 Evangelho (Mc 10, 46-52) &nbsp; \u201co que queres que eu te fa\u00e7a?&#8230;que eu veja!\u201d. Naquele tempo, 46Jesus saiu de...","og_url":"https:\/\/unisale.com.br\/novo\/que-eu-veja\/","og_site_name":"Pastoral Universit\u00e1ria UniSALESIANO","article_published_time":"2021-05-21T18:41:40+00:00","article_modified_time":"2021-05-21T18:55:14+00:00","og_image":[{"width":1920,"height":1080,"url":"https:\/\/unisale.com.br\/novo\/wp-content\/uploads\/2021\/05\/27-05.png","type":"image\/png"}],"author":"pastoral","twitter_card":"summary_large_image","twitter_misc":{"Escrito por":"pastoral","Est. tempo de leitura":"2 minutos"},"schema":{"@context":"https:\/\/schema.org","@graph":[{"@type":"Article","@id":"https:\/\/unisale.com.br\/novo\/que-eu-veja\/#article","isPartOf":{"@id":"https:\/\/unisale.com.br\/novo\/que-eu-veja\/"},"author":{"name":"pastoral","@id":"https:\/\/unisale.com.br\/pastoral\/#\/schema\/person\/a16ba711a0f7dec9cb6b44563144d5a3"},"headline":"27\/05 &#8211; O que queres que eu te fa\u00e7a?&#8230;que eu veja!","datePublished":"2021-05-21T18:41:40+00:00","dateModified":"2021-05-21T18:55:14+00:00","mainEntityOfPage":{"@id":"https:\/\/unisale.com.br\/novo\/que-eu-veja\/"},"wordCount":507,"image":{"@id":"https:\/\/unisale.com.br\/novo\/que-eu-veja\/#primaryimage"},"thumbnailUrl":"https:\/\/unisale.com.br\/pastoral\/wp-content\/uploads\/2021\/05\/27-05.png","articleSection":["Reflex\u00e3o do Evangelho"],"inLanguage":"pt-BR"},{"@type":"WebPage","@id":"https:\/\/unisale.com.br\/novo\/que-eu-veja\/","url":"https:\/\/unisale.com.br\/novo\/que-eu-veja\/","name":"27\/05 - O que queres que eu te fa\u00e7a?...que eu veja! - Pastoral Universit\u00e1ria UniSALESIANO","isPartOf":{"@id":"https:\/\/unisale.com.br\/pastoral\/#website"},"primaryImageOfPage":{"@id":"https:\/\/unisale.com.br\/novo\/que-eu-veja\/#primaryimage"},"image":{"@id":"https:\/\/unisale.com.br\/novo\/que-eu-veja\/#primaryimage"},"thumbnailUrl":"https:\/\/unisale.com.br\/pastoral\/wp-content\/uploads\/2021\/05\/27-05.png","datePublished":"2021-05-21T18:41:40+00:00","dateModified":"2021-05-21T18:55:14+00:00","author":{"@id":"https:\/\/unisale.com.br\/pastoral\/#\/schema\/person\/a16ba711a0f7dec9cb6b44563144d5a3"},"inLanguage":"pt-BR","potentialAction":[{"@type":"ReadAction","target":["https:\/\/unisale.com.br\/novo\/que-eu-veja\/"]}]},{"@type":"ImageObject","inLanguage":"pt-BR","@id":"https:\/\/unisale.com.br\/novo\/que-eu-veja\/#primaryimage","url":"https:\/\/unisale.com.br\/pastoral\/wp-content\/uploads\/2021\/05\/27-05.png","contentUrl":"https:\/\/unisale.com.br\/pastoral\/wp-content\/uploads\/2021\/05\/27-05.png","width":889,"height":500},{"@type":"WebSite","@id":"https:\/\/unisale.com.br\/pastoral\/#website","url":"https:\/\/unisale.com.br\/pastoral\/","name":"Pastoral Universit\u00e1ria UniSALESIANO","description":"Site da Pastoral Universit\u00e1ria do UniSALESIANO","potentialAction":[{"@type":"SearchAction","target":{"@type":"EntryPoint","urlTemplate":"https:\/\/unisale.com.br\/pastoral\/?s={search_term_string}"},"query-input":{"@type":"PropertyValueSpecification","valueRequired":true,"valueName":"search_term_string"}}],"inLanguage":"pt-BR"},{"@type":"Person","@id":"https:\/\/unisale.com.br\/pastoral\/#\/schema\/person\/a16ba711a0f7dec9cb6b44563144d5a3","name":"pastoral","url":"https:\/\/unisale.com.br\/pastoral\/author\/pastoral\/"}]}},"_links":{"self":[{"href":"https:\/\/unisale.com.br\/pastoral\/wp-json\/wp\/v2\/posts\/1553","targetHints":{"allow":["GET"]}}],"collection":[{"href":"https:\/\/unisale.com.br\/pastoral\/wp-json\/wp\/v2\/posts"}],"about":[{"href":"https:\/\/unisale.com.br\/pastoral\/wp-json\/wp\/v2\/types\/post"}],"author":[{"embeddable":true,"href":"https:\/\/unisale.com.br\/pastoral\/wp-json\/wp\/v2\/users\/1"}],"replies":[{"embeddable":true,"href":"https:\/\/unisale.com.br\/pastoral\/wp-json\/wp\/v2\/comments?post=1553"}],"version-history":[{"count":0,"href":"https:\/\/unisale.com.br\/pastoral\/wp-json\/wp\/v2\/posts\/1553\/revisions"}],"wp:featuredmedia":[{"embeddable":true,"href":"https:\/\/unisale.com.br\/pastoral\/wp-json\/wp\/v2\/media\/1503"}],"wp:attachment":[{"href":"https:\/\/unisale.com.br\/pastoral\/wp-json\/wp\/v2\/media?parent=1553"}],"wp:term":[{"taxonomy":"category","embeddable":true,"href":"https:\/\/unisale.com.br\/pastoral\/wp-json\/wp\/v2\/categories?post=1553"},{"taxonomy":"post_tag","embeddable":true,"href":"https:\/\/unisale.com.br\/pastoral\/wp-json\/wp\/v2\/tags?post=1553"}],"curies":[{"name":"wp","href":"https:\/\/api.w.org\/{rel}","templated":true}]}}