{"id":1559,"date":"2021-05-21T18:54:00","date_gmt":"2021-05-21T18:54:00","guid":{"rendered":"https:\/\/unisale.com.br\/pastoral\/?p=1559"},"modified":"2021-05-21T18:54:00","modified_gmt":"2021-05-21T18:54:00","slug":"portanto-ide-e-fazei-discipulos","status":"publish","type":"post","link":"https:\/\/unisale.com.br\/pastoral\/portanto-ide-e-fazei-discipulos\/","title":{"rendered":"30\/05 &#8211; Portanto, ide e fazei disc\u00edpulos meus todos os povos, batizando-os em nome do Pai e do filho e do Esp\u00edrito Santo"},"content":{"rendered":"<p><strong>Domingo de Pentecostes<\/strong><\/p>\n<p>Evangelho (Mt 28, 16-20)<\/p>\n<p>&nbsp;<\/p>\n<p><strong><em>\u201c&#8230;portanto, ide e fazei disc\u00edpulos meus todos os povos, batizando-os em nome do Pai e do filho e do Esp\u00edrito Santo&#8230;\u201d<\/em><\/strong><\/p>\n<p>Naquele tempo, <sup>16<\/sup>os onze disc\u00edpulos foram para a Galileia, ao monte que Jesus lhes tinha indicado. <sup>17<\/sup>Quando viram Jesus, prostraram-se diante dele. Ainda assim alguns duvidaram. <sup>18<\/sup>Ent\u00e3o Jesus aproximou-se e falou: \u201cToda a autoridade me foi dada no c\u00e9u e sobre a terra. <sup>19<\/sup>Portanto, ide e fazei disc\u00edpulos meus todos os povos, batizando-os em nome do Pai e do Filho e do Esp\u00edrito Santo, <sup>20<\/sup>e ensinando-os a observar tudo o que vos ordenei! Eis que eu estarei convosco todos os dias, at\u00e9 ao fim do mundo\u201d.<\/p>\n<p>&nbsp;<\/p>\n<p><strong>Reflex\u00e3o\u00a0\u00a0\u00a0\u00a0\u00a0\u00a0\u00a0\u00a0 <\/strong><\/p>\n<p>Quandom a cada domingo ou em outras grandes celebra\u00e7\u00f5es, n\u00f3s somos convidados a recitar o Credo durante a Eucaristia, parece que nos lan\u00e7amos em uma s\u00e9rie de tratados filos\u00f3ficos, cujos conte\u00fados sentimos muito longe de n\u00f3s, de nossa compreens\u00e3o, longe da nossa vida e da nossa linguagem. Mesmo assim, \u00e9 muito importante invocarmos o trabalho feito com tanto sofrimento com o qual os nossos pais e m\u00e3es na f\u00e9 conseguiram exprimir no que acreditavam. Um trabalho empenhativo para proclamar a f\u00e9 em um Deus que n\u00e3o \u00e9 aquele que queremos fabricar segundo os nossos uso e consumo, mas que criou o homem sobre a terra e nos adotou como filhos. Deste modo, o Alt\u00edssimo nos abriu o seu cora\u00e7\u00e3o oferecendo-nos o acesso a uma rela\u00e7\u00e3o \u00edntima e amorosa com Ele. Toda uma vida n\u00e3o seria suficiente para fazer morrer dentro n\u00f3s aquela imagem de Deus, que arriscamos em construir para evitar de encontr\u00e1-lo e de nos fazermos encontrar-nos. A celebra\u00e7\u00e3o do mist\u00e9rio da trindade n\u00e3o \u00e9 um quebra-cabe\u00e7as, mas um trabalho cotidiano de n\u00e3o fazer-nos um deus que seja \u00e0 nossa imagem. Somos chamados a deixar-nos continuamente reconstruir pelo Deus no qual somos chamados a crer pr\u00f3prio pela consci\u00eancia sempre mais profunda de quanto ele mesmo creia em n\u00f3s, do momento no qual ele nos criou a cada momento no qual acompanha o nosso caminho com uma discri\u00e7\u00e3o am\u00e1vel. Contemplar a rela\u00e7\u00e3o que existe entre as tr\u00eas pessoas divinas se torna uma escola de esperan\u00e7a e uma escola de amor eficaz \u2013 o Pai e o Filho e o Esp\u00edrito Santo viveu uma liberdade pessoal que faz tudo em um uma unidade substancial. Deus se revelou ao mundo como uma comunh\u00e3o de amor. A trindade n\u00e3o \u00e9 um conceito teol\u00f3gico, mas um mar de miseric\u00f3rdia. Celebrar este mist\u00e9rio na liturgia pode reavivar o desejo de poder aprofund\u00e1-lo sempre mais na vida de cada dia.<\/p>\n<p>Hoje, a liturgia nos convida a adorar a Sant\u00edssima Trindade, nosso Deus, que \u00e9 Pai, Filho e Esp\u00edrito Santo. Um s\u00f3 Deus em tr\u00eas pessoas, em nome das quais fomos batizados. Atrav\u00e9s da gra\u00e7a do batismo somos chamados a formar parte da vida da Sant\u00edssima Trindade aqui embaixo, na obscuridade da f\u00e9, e, depois da morte, na vida eterna. Pelo sacramento do batismo, fomos feitos participantes da vida divina, chegando a ser filhos de Deus Pai, irm\u00e3os em Cristo e templos do Esp\u00edrito Santo. Pelo batismo, iniciamos a nossa vida crist\u00e3 e recebemos a nossa voca\u00e7\u00e3o \u00e0 santidade.<\/p>\n<p>&nbsp;<\/p>\n<p><strong>Pe. Paulo Eduardo J\u00e1como, sdb.<\/strong><\/p>\n","protected":false},"excerpt":{"rendered":"<p>Domingo de Pentecostes Evangelho (Mt 28, 16-20) &nbsp; \u201c&#8230;portanto, ide e fazei disc\u00edpulos meus todos os povos, batizando-os em nome do Pai e do filho&#8230;<\/p>\n","protected":false},"author":1,"featured_media":1507,"comment_status":"closed","ping_status":"closed","sticky":false,"template":"","format":"standard","meta":{"_acf_changed":false,"footnotes":""},"categories":[13],"tags":[],"class_list":["post-1559","post","type-post","status-publish","format-standard","has-post-thumbnail","hentry","category-reflexaodoevagelho"],"acf":[],"yoast_head":"<!-- This site is optimized with the Yoast SEO plugin v27.3 - https:\/\/yoast.com\/product\/yoast-seo-wordpress\/ -->\n<title>30\/05 - Portanto, ide e fazei disc\u00edpulos meus todos os povos, batizando-os em nome do Pai e do filho e do Esp\u00edrito Santo - Pastoral Universit\u00e1ria UniSALESIANO<\/title>\n<meta name=\"robots\" content=\"index, follow, max-snippet:-1, max-image-preview:large, max-video-preview:-1\" \/>\n<link rel=\"canonical\" href=\"https:\/\/unisale.com.br\/novo\/portanto-ide-e-fazei-discipulos\/\" \/>\n<meta property=\"og:locale\" content=\"pt_BR\" \/>\n<meta property=\"og:type\" content=\"article\" \/>\n<meta property=\"og:title\" content=\"30\/05 - Portanto, ide e fazei disc\u00edpulos meus todos os povos, batizando-os em nome do Pai e do filho e do Esp\u00edrito Santo - Pastoral Universit\u00e1ria UniSALESIANO\" \/>\n<meta property=\"og:description\" content=\"Domingo de Pentecostes Evangelho (Mt 28, 16-20) &nbsp; \u201c&#8230;portanto, ide e fazei disc\u00edpulos meus todos os povos, batizando-os em nome do Pai e do filho...\" \/>\n<meta property=\"og:url\" content=\"https:\/\/unisale.com.br\/novo\/portanto-ide-e-fazei-discipulos\/\" \/>\n<meta property=\"og:site_name\" content=\"Pastoral Universit\u00e1ria UniSALESIANO\" \/>\n<meta property=\"article:published_time\" content=\"2021-05-21T18:54:00+00:00\" \/>\n<meta property=\"og:image\" content=\"https:\/\/unisale.com.br\/novo\/wp-content\/uploads\/2021\/05\/30-05-1024x576.png\" \/>\n\t<meta property=\"og:image:width\" content=\"1024\" \/>\n\t<meta property=\"og:image:height\" content=\"576\" \/>\n\t<meta property=\"og:image:type\" content=\"image\/png\" \/>\n<meta name=\"author\" content=\"pastoral\" \/>\n<meta name=\"twitter:card\" content=\"summary_large_image\" \/>\n<meta name=\"twitter:label1\" content=\"Escrito por\" \/>\n\t<meta name=\"twitter:data1\" content=\"pastoral\" \/>\n\t<meta name=\"twitter:label2\" content=\"Est. tempo de leitura\" \/>\n\t<meta name=\"twitter:data2\" content=\"3 minutos\" \/>\n<script type=\"application\/ld+json\" class=\"yoast-schema-graph\">{\"@context\":\"https:\\\/\\\/schema.org\",\"@graph\":[{\"@type\":\"Article\",\"@id\":\"https:\\\/\\\/unisale.com.br\\\/novo\\\/portanto-ide-e-fazei-discipulos\\\/#article\",\"isPartOf\":{\"@id\":\"https:\\\/\\\/unisale.com.br\\\/novo\\\/portanto-ide-e-fazei-discipulos\\\/\"},\"author\":{\"name\":\"pastoral\",\"@id\":\"https:\\\/\\\/unisale.com.br\\\/pastoral\\\/#\\\/schema\\\/person\\\/a16ba711a0f7dec9cb6b44563144d5a3\"},\"headline\":\"30\\\/05 &#8211; Portanto, ide e fazei disc\u00edpulos meus todos os povos, batizando-os em nome do Pai e do filho e do Esp\u00edrito Santo\",\"datePublished\":\"2021-05-21T18:54:00+00:00\",\"mainEntityOfPage\":{\"@id\":\"https:\\\/\\\/unisale.com.br\\\/novo\\\/portanto-ide-e-fazei-discipulos\\\/\"},\"wordCount\":604,\"image\":{\"@id\":\"https:\\\/\\\/unisale.com.br\\\/novo\\\/portanto-ide-e-fazei-discipulos\\\/#primaryimage\"},\"thumbnailUrl\":\"https:\\\/\\\/unisale.com.br\\\/pastoral\\\/wp-content\\\/uploads\\\/2021\\\/05\\\/30-05.png\",\"articleSection\":[\"Reflex\u00e3o do Evangelho\"],\"inLanguage\":\"pt-BR\"},{\"@type\":\"WebPage\",\"@id\":\"https:\\\/\\\/unisale.com.br\\\/novo\\\/portanto-ide-e-fazei-discipulos\\\/\",\"url\":\"https:\\\/\\\/unisale.com.br\\\/novo\\\/portanto-ide-e-fazei-discipulos\\\/\",\"name\":\"30\\\/05 - Portanto, ide e fazei disc\u00edpulos meus todos os povos, batizando-os em nome do Pai e do filho e do Esp\u00edrito Santo - Pastoral Universit\u00e1ria UniSALESIANO\",\"isPartOf\":{\"@id\":\"https:\\\/\\\/unisale.com.br\\\/pastoral\\\/#website\"},\"primaryImageOfPage\":{\"@id\":\"https:\\\/\\\/unisale.com.br\\\/novo\\\/portanto-ide-e-fazei-discipulos\\\/#primaryimage\"},\"image\":{\"@id\":\"https:\\\/\\\/unisale.com.br\\\/novo\\\/portanto-ide-e-fazei-discipulos\\\/#primaryimage\"},\"thumbnailUrl\":\"https:\\\/\\\/unisale.com.br\\\/pastoral\\\/wp-content\\\/uploads\\\/2021\\\/05\\\/30-05.png\",\"datePublished\":\"2021-05-21T18:54:00+00:00\",\"author\":{\"@id\":\"https:\\\/\\\/unisale.com.br\\\/pastoral\\\/#\\\/schema\\\/person\\\/a16ba711a0f7dec9cb6b44563144d5a3\"},\"inLanguage\":\"pt-BR\",\"potentialAction\":[{\"@type\":\"ReadAction\",\"target\":[\"https:\\\/\\\/unisale.com.br\\\/novo\\\/portanto-ide-e-fazei-discipulos\\\/\"]}]},{\"@type\":\"ImageObject\",\"inLanguage\":\"pt-BR\",\"@id\":\"https:\\\/\\\/unisale.com.br\\\/novo\\\/portanto-ide-e-fazei-discipulos\\\/#primaryimage\",\"url\":\"https:\\\/\\\/unisale.com.br\\\/pastoral\\\/wp-content\\\/uploads\\\/2021\\\/05\\\/30-05.png\",\"contentUrl\":\"https:\\\/\\\/unisale.com.br\\\/pastoral\\\/wp-content\\\/uploads\\\/2021\\\/05\\\/30-05.png\",\"width\":889,\"height\":500},{\"@type\":\"WebSite\",\"@id\":\"https:\\\/\\\/unisale.com.br\\\/pastoral\\\/#website\",\"url\":\"https:\\\/\\\/unisale.com.br\\\/pastoral\\\/\",\"name\":\"Pastoral Universit\u00e1ria UniSALESIANO\",\"description\":\"Site da Pastoral Universit\u00e1ria do UniSALESIANO\",\"potentialAction\":[{\"@type\":\"SearchAction\",\"target\":{\"@type\":\"EntryPoint\",\"urlTemplate\":\"https:\\\/\\\/unisale.com.br\\\/pastoral\\\/?s={search_term_string}\"},\"query-input\":{\"@type\":\"PropertyValueSpecification\",\"valueRequired\":true,\"valueName\":\"search_term_string\"}}],\"inLanguage\":\"pt-BR\"},{\"@type\":\"Person\",\"@id\":\"https:\\\/\\\/unisale.com.br\\\/pastoral\\\/#\\\/schema\\\/person\\\/a16ba711a0f7dec9cb6b44563144d5a3\",\"name\":\"pastoral\",\"url\":\"https:\\\/\\\/unisale.com.br\\\/pastoral\\\/author\\\/pastoral\\\/\"}]}<\/script>\n<!-- \/ Yoast SEO plugin. -->","yoast_head_json":{"title":"30\/05 - Portanto, ide e fazei disc\u00edpulos meus todos os povos, batizando-os em nome do Pai e do filho e do Esp\u00edrito Santo - Pastoral Universit\u00e1ria UniSALESIANO","robots":{"index":"index","follow":"follow","max-snippet":"max-snippet:-1","max-image-preview":"max-image-preview:large","max-video-preview":"max-video-preview:-1"},"canonical":"https:\/\/unisale.com.br\/novo\/portanto-ide-e-fazei-discipulos\/","og_locale":"pt_BR","og_type":"article","og_title":"30\/05 - Portanto, ide e fazei disc\u00edpulos meus todos os povos, batizando-os em nome do Pai e do filho e do Esp\u00edrito Santo - Pastoral Universit\u00e1ria UniSALESIANO","og_description":"Domingo de Pentecostes Evangelho (Mt 28, 16-20) &nbsp; \u201c&#8230;portanto, ide e fazei disc\u00edpulos meus todos os povos, batizando-os em nome do Pai e do filho...","og_url":"https:\/\/unisale.com.br\/novo\/portanto-ide-e-fazei-discipulos\/","og_site_name":"Pastoral Universit\u00e1ria UniSALESIANO","article_published_time":"2021-05-21T18:54:00+00:00","og_image":[{"width":1024,"height":576,"url":"https:\/\/unisale.com.br\/novo\/wp-content\/uploads\/2021\/05\/30-05-1024x576.png","type":"image\/png"}],"author":"pastoral","twitter_card":"summary_large_image","twitter_misc":{"Escrito por":"pastoral","Est. tempo de leitura":"3 minutos"},"schema":{"@context":"https:\/\/schema.org","@graph":[{"@type":"Article","@id":"https:\/\/unisale.com.br\/novo\/portanto-ide-e-fazei-discipulos\/#article","isPartOf":{"@id":"https:\/\/unisale.com.br\/novo\/portanto-ide-e-fazei-discipulos\/"},"author":{"name":"pastoral","@id":"https:\/\/unisale.com.br\/pastoral\/#\/schema\/person\/a16ba711a0f7dec9cb6b44563144d5a3"},"headline":"30\/05 &#8211; Portanto, ide e fazei disc\u00edpulos meus todos os povos, batizando-os em nome do Pai e do filho e do Esp\u00edrito Santo","datePublished":"2021-05-21T18:54:00+00:00","mainEntityOfPage":{"@id":"https:\/\/unisale.com.br\/novo\/portanto-ide-e-fazei-discipulos\/"},"wordCount":604,"image":{"@id":"https:\/\/unisale.com.br\/novo\/portanto-ide-e-fazei-discipulos\/#primaryimage"},"thumbnailUrl":"https:\/\/unisale.com.br\/pastoral\/wp-content\/uploads\/2021\/05\/30-05.png","articleSection":["Reflex\u00e3o do Evangelho"],"inLanguage":"pt-BR"},{"@type":"WebPage","@id":"https:\/\/unisale.com.br\/novo\/portanto-ide-e-fazei-discipulos\/","url":"https:\/\/unisale.com.br\/novo\/portanto-ide-e-fazei-discipulos\/","name":"30\/05 - Portanto, ide e fazei disc\u00edpulos meus todos os povos, batizando-os em nome do Pai e do filho e do Esp\u00edrito Santo - Pastoral Universit\u00e1ria UniSALESIANO","isPartOf":{"@id":"https:\/\/unisale.com.br\/pastoral\/#website"},"primaryImageOfPage":{"@id":"https:\/\/unisale.com.br\/novo\/portanto-ide-e-fazei-discipulos\/#primaryimage"},"image":{"@id":"https:\/\/unisale.com.br\/novo\/portanto-ide-e-fazei-discipulos\/#primaryimage"},"thumbnailUrl":"https:\/\/unisale.com.br\/pastoral\/wp-content\/uploads\/2021\/05\/30-05.png","datePublished":"2021-05-21T18:54:00+00:00","author":{"@id":"https:\/\/unisale.com.br\/pastoral\/#\/schema\/person\/a16ba711a0f7dec9cb6b44563144d5a3"},"inLanguage":"pt-BR","potentialAction":[{"@type":"ReadAction","target":["https:\/\/unisale.com.br\/novo\/portanto-ide-e-fazei-discipulos\/"]}]},{"@type":"ImageObject","inLanguage":"pt-BR","@id":"https:\/\/unisale.com.br\/novo\/portanto-ide-e-fazei-discipulos\/#primaryimage","url":"https:\/\/unisale.com.br\/pastoral\/wp-content\/uploads\/2021\/05\/30-05.png","contentUrl":"https:\/\/unisale.com.br\/pastoral\/wp-content\/uploads\/2021\/05\/30-05.png","width":889,"height":500},{"@type":"WebSite","@id":"https:\/\/unisale.com.br\/pastoral\/#website","url":"https:\/\/unisale.com.br\/pastoral\/","name":"Pastoral Universit\u00e1ria UniSALESIANO","description":"Site da Pastoral Universit\u00e1ria do UniSALESIANO","potentialAction":[{"@type":"SearchAction","target":{"@type":"EntryPoint","urlTemplate":"https:\/\/unisale.com.br\/pastoral\/?s={search_term_string}"},"query-input":{"@type":"PropertyValueSpecification","valueRequired":true,"valueName":"search_term_string"}}],"inLanguage":"pt-BR"},{"@type":"Person","@id":"https:\/\/unisale.com.br\/pastoral\/#\/schema\/person\/a16ba711a0f7dec9cb6b44563144d5a3","name":"pastoral","url":"https:\/\/unisale.com.br\/pastoral\/author\/pastoral\/"}]}},"_links":{"self":[{"href":"https:\/\/unisale.com.br\/pastoral\/wp-json\/wp\/v2\/posts\/1559","targetHints":{"allow":["GET"]}}],"collection":[{"href":"https:\/\/unisale.com.br\/pastoral\/wp-json\/wp\/v2\/posts"}],"about":[{"href":"https:\/\/unisale.com.br\/pastoral\/wp-json\/wp\/v2\/types\/post"}],"author":[{"embeddable":true,"href":"https:\/\/unisale.com.br\/pastoral\/wp-json\/wp\/v2\/users\/1"}],"replies":[{"embeddable":true,"href":"https:\/\/unisale.com.br\/pastoral\/wp-json\/wp\/v2\/comments?post=1559"}],"version-history":[{"count":0,"href":"https:\/\/unisale.com.br\/pastoral\/wp-json\/wp\/v2\/posts\/1559\/revisions"}],"wp:featuredmedia":[{"embeddable":true,"href":"https:\/\/unisale.com.br\/pastoral\/wp-json\/wp\/v2\/media\/1507"}],"wp:attachment":[{"href":"https:\/\/unisale.com.br\/pastoral\/wp-json\/wp\/v2\/media?parent=1559"}],"wp:term":[{"taxonomy":"category","embeddable":true,"href":"https:\/\/unisale.com.br\/pastoral\/wp-json\/wp\/v2\/categories?post=1559"},{"taxonomy":"post_tag","embeddable":true,"href":"https:\/\/unisale.com.br\/pastoral\/wp-json\/wp\/v2\/tags?post=1559"}],"curies":[{"name":"wp","href":"https:\/\/api.w.org\/{rel}","templated":true}]}}