{"id":1623,"date":"2021-05-27T19:59:35","date_gmt":"2021-05-27T19:59:35","guid":{"rendered":"https:\/\/unisale.com.br\/pastoral\/?p=1623"},"modified":"2021-05-27T20:01:49","modified_gmt":"2021-05-27T20:01:49","slug":"tomai-isto-e-o-meu-corpo","status":"publish","type":"post","link":"https:\/\/unisale.com.br\/pastoral\/tomai-isto-e-o-meu-corpo\/","title":{"rendered":"03\/06 &#8211; Tomai, isto \u00e9 o meu corpo&#8230; Isto \u00e9 o meu sangue&#8230;"},"content":{"rendered":"<p><strong>Quinta-feira, 03 de junho 2021.<\/strong><\/p>\n<p><strong>Solenidade do Corpo e Sangue de Cristo<\/strong><\/p>\n<p><strong>\u00a0<\/strong><\/p>\n<p><strong>Evangelho (Mc 12,35-37)<\/strong><\/p>\n<p><strong>\u00a0<\/strong><\/p>\n<p><em>\u201cTomai, isto \u00e9 o meu corpo&#8230;isto \u00e9 o meu Sangue\u201d.<\/em><\/p>\n<p>&nbsp;<\/p>\n<p><sup>12<\/sup>No primeiro dia dos \u00c1zimos, quando se imolava o cordeiro pascal, os disc\u00edpulos disseram a Jesus: \u201cOnde queres que fa\u00e7amos os preparativos para comeres a P\u00e1scoa?\u201d<sup>13<\/sup>Jesus enviou ent\u00e3o dois dos seus disc\u00edpulos e lhes disse: \u201cIde \u00e0 cidade. Um homem carregando um jarro de \u00e1gua vir\u00e1 ao vosso encontro. Segui-o <sup>14<\/sup>e dizei ao dono da casa em que ele entrar: \u2018O Mestre manda dizer: onde est\u00e1 a sala em que vou comer a P\u00e1scoa com os meus disc\u00edpulos?\u2019 <sup>15<\/sup>Ent\u00e3o ele vos mostrar\u00e1, no andar de cima, uma grande sala, arrumada com almofadas. A\u00ed fareis os preparativos para n\u00f3s!\u201d<sup>16<\/sup>Os disc\u00edpulos sa\u00edram e foram \u00e0 cidade. Encontraram tudo como Jesus havia dito, e prepararam a P\u00e1scoa.<sup>22<\/sup>Enquanto comiam, Jesus tomou o p\u00e3o e, tendo pronunciado a b\u00ean\u00e7\u00e3o, partiu-o e entregou-lhes, dizendo: \u201cTomai, isto \u00e9 o meu corpo\u201d.<sup>23<\/sup>Em seguida, tomou o c\u00e1lice, deu gra\u00e7as, entregou-lhes, e todos beberam dele. <sup>24<\/sup>Jesus lhes disse: \u201cIsto \u00e9 o meu sangue, o sangue da alian\u00e7a, que \u00e9 derramado em favor de muitos. <sup>25<\/sup>Em verdade vos digo, n\u00e3o beberei mais do fruto da videira, at\u00e9 o dia em que beberei o vinho novo no Reino de Deus\u201d.<sup>26<\/sup>Depois de ter cantado o hino, foram para o monte das Oliveiras.<\/p>\n<p><strong>\u00a0<\/strong><\/p>\n<p><strong>Reflex\u00e3o<\/strong><\/p>\n<p>&nbsp;<\/p>\n<p>Jesus deseja celebrar a ceia com seus disc\u00edpulos. Era a ceia da semana Pascal, onde o Mestre n\u00e3o faz nenhuma alus\u00e3o ao \u00caxodo; pelo contr\u00e1rio, colocou no centro a Sua pessoa e deu dois gestos; estes que eram normais nas ceias festivas: partir o p\u00e3o e encher o copo de vinho. Uma alus\u00e3o \u00e0 sua morte, Jesus revelou assim o sentido da sua cruz, apresentando-a como d\u00e1diva de Si mesmo a Deus aos disc\u00edpulos. Jesus fez entrar dentro dos disc\u00edpulos e fez entrar tamb\u00e9m dentro de n\u00f3s como alimento e vida, a sua pr\u00f3pria doa\u00e7\u00e3o ao Pai, a Sua obedi\u00eancia total.<\/p>\n<p>A Ceia Eucar\u00edstica \u00e9 a representa\u00e7\u00e3o e a fonte real desta doa\u00e7\u00e3o de Deus a n\u00f3s. O gesto de Jesus na ceia, tornando a forma da Sua entrega a n\u00f3s como alimento e bebida corp\u00f3reas, diz de modo indubit\u00e1vel e realiza essa inten\u00e7\u00e3o divina de comunh\u00e3o. Jesus nos convida na Eucaristia a formarmos com ele um s\u00f3 corpo, sentir-nos uma s\u00f3 coisa com Ele.<\/p>\n<p>Jesus pede que \u201cpreparemos o lugar\u201d, mas \u00e9 sempre Jesus quem nos prepara. Prepara para n\u00f3s um lugar e um alimento. Nos prepara um lugar muito mais digno do que a \u201csala mobiliada\u201d do Evangelho, nos prepara o para\u00edso. Al\u00e9m do lugar, Ele nos prepara um alimento, um p\u00e3o que \u00e9 Ele mesmo. Alimento e lugar nos \u00e9 dado na Eucaristia. Como nos diz o Papa Francisco: \u201cnele, Jesus prepara um lugar c\u00e1 na terra, porque a Eucaristia \u00e9 o cora\u00e7\u00e3o palpitante da Igreja&#8230; mas a Eucaristia prepara-nos tamb\u00e9m um lugar l\u00e1 em cima na eternidade, porque \u00e9 o p\u00e3o do c\u00e9u. Vem de l\u00e1, \u00e9 a \u00fanica mat\u00e9ria nesta terra que tem verdadeiramente sabor de eternidade. \u00c9 o p\u00e3o do futuro, que j\u00e1 agora nos faz saborear um futuro infinitamente maior do que as mais risonhas expectativas. \u00c9 o p\u00e3o que sacia os nossos maiores anseios e nutre os nossos mais belos sonhos. A Eucaristia \u00e9 a \u2018reserva\u2019 do para\u00edso\u201d.<\/p>\n<p>A Eucaristia, como fonte real da doa\u00e7\u00e3o de Deus, \u00e9 um alimento simples, como o p\u00e3o, mas \u00e9 o \u00fanico que sacia, porque \u00e9 o verdadeiro amor. Se hoje n\u00f3s pergunt\u00e1ssemos a Jesus: \u201conde quer que preparemos a ceia?\u201d, n\u00e3o precisar\u00edamos de muito para entender que o lugar deve ser onde Ele ainda n\u00e3o est\u00e1. Nos lugares que ainda n\u00e3o foram atingidos pelo amor, nos lugares onde falta a esperan\u00e7a, nos lugares onde n\u00e3o existe a caridade. \u00c9 ali que Ele quer ir e nos pede que fa\u00e7amos os preparativos. Jesus pede que deixemos de viver para n\u00f3s mesmos e vivamos para o outro. Se quisermos viver eucaristicamente, devemos viver derramando sobre o mundo o amor que recebemos na Eucaristia.<\/p>\n<p>&nbsp;<\/p>\n<p><strong>Pe. Paulo Eduardo J\u00e1como, sdb.<\/strong><\/p>\n","protected":false},"excerpt":{"rendered":"<p>Quinta-feira, 03 de junho 2021. Solenidade do Corpo e Sangue de Cristo \u00a0 Evangelho (Mc 12,35-37) \u00a0 \u201cTomai, isto \u00e9 o meu corpo&#8230;isto \u00e9 o&#8230;<\/p>\n","protected":false},"author":1,"featured_media":1615,"comment_status":"closed","ping_status":"closed","sticky":false,"template":"","format":"standard","meta":{"_acf_changed":false,"footnotes":""},"categories":[13],"tags":[],"class_list":["post-1623","post","type-post","status-publish","format-standard","has-post-thumbnail","hentry","category-reflexaodoevagelho"],"acf":[],"yoast_head":"<!-- This site is optimized with the Yoast SEO plugin v27.3 - https:\/\/yoast.com\/product\/yoast-seo-wordpress\/ -->\n<title>03\/06 - Tomai, isto \u00e9 o meu corpo... Isto \u00e9 o meu sangue... - Pastoral Universit\u00e1ria UniSALESIANO<\/title>\n<meta name=\"robots\" content=\"index, follow, max-snippet:-1, max-image-preview:large, max-video-preview:-1\" \/>\n<link rel=\"canonical\" href=\"https:\/\/unisale.com.br\/novo\/tomai-isto-e-o-meu-corpo\/\" \/>\n<meta property=\"og:locale\" content=\"pt_BR\" \/>\n<meta property=\"og:type\" content=\"article\" \/>\n<meta property=\"og:title\" content=\"03\/06 - Tomai, isto \u00e9 o meu corpo... Isto \u00e9 o meu sangue... - Pastoral Universit\u00e1ria UniSALESIANO\" \/>\n<meta property=\"og:description\" content=\"Quinta-feira, 03 de junho 2021. Solenidade do Corpo e Sangue de Cristo \u00a0 Evangelho (Mc 12,35-37) \u00a0 \u201cTomai, isto \u00e9 o meu corpo&#8230;isto \u00e9 o...\" \/>\n<meta property=\"og:url\" content=\"https:\/\/unisale.com.br\/novo\/tomai-isto-e-o-meu-corpo\/\" \/>\n<meta property=\"og:site_name\" content=\"Pastoral Universit\u00e1ria UniSALESIANO\" \/>\n<meta property=\"article:published_time\" content=\"2021-05-27T19:59:35+00:00\" \/>\n<meta property=\"article:modified_time\" content=\"2021-05-27T20:01:49+00:00\" \/>\n<meta property=\"og:image\" content=\"https:\/\/unisale.com.br\/novo\/wp-content\/uploads\/2021\/05\/03-06.png\" \/>\n\t<meta property=\"og:image:width\" content=\"1920\" \/>\n\t<meta property=\"og:image:height\" content=\"1080\" \/>\n\t<meta property=\"og:image:type\" content=\"image\/png\" \/>\n<meta name=\"author\" content=\"pastoral\" \/>\n<meta name=\"twitter:card\" content=\"summary_large_image\" \/>\n<meta name=\"twitter:label1\" content=\"Escrito por\" \/>\n\t<meta name=\"twitter:data1\" content=\"pastoral\" \/>\n\t<meta name=\"twitter:label2\" content=\"Est. tempo de leitura\" \/>\n\t<meta name=\"twitter:data2\" content=\"4 minutos\" \/>\n<script type=\"application\/ld+json\" class=\"yoast-schema-graph\">{\"@context\":\"https:\\\/\\\/schema.org\",\"@graph\":[{\"@type\":\"Article\",\"@id\":\"https:\\\/\\\/unisale.com.br\\\/novo\\\/tomai-isto-e-o-meu-corpo\\\/#article\",\"isPartOf\":{\"@id\":\"https:\\\/\\\/unisale.com.br\\\/novo\\\/tomai-isto-e-o-meu-corpo\\\/\"},\"author\":{\"name\":\"pastoral\",\"@id\":\"https:\\\/\\\/unisale.com.br\\\/pastoral\\\/#\\\/schema\\\/person\\\/a16ba711a0f7dec9cb6b44563144d5a3\"},\"headline\":\"03\\\/06 &#8211; Tomai, isto \u00e9 o meu corpo&#8230; Isto \u00e9 o meu sangue&#8230;\",\"datePublished\":\"2021-05-27T19:59:35+00:00\",\"dateModified\":\"2021-05-27T20:01:49+00:00\",\"mainEntityOfPage\":{\"@id\":\"https:\\\/\\\/unisale.com.br\\\/novo\\\/tomai-isto-e-o-meu-corpo\\\/\"},\"wordCount\":739,\"image\":{\"@id\":\"https:\\\/\\\/unisale.com.br\\\/novo\\\/tomai-isto-e-o-meu-corpo\\\/#primaryimage\"},\"thumbnailUrl\":\"https:\\\/\\\/unisale.com.br\\\/pastoral\\\/wp-content\\\/uploads\\\/2021\\\/05\\\/03-06.png\",\"articleSection\":[\"Reflex\u00e3o do Evangelho\"],\"inLanguage\":\"pt-BR\"},{\"@type\":\"WebPage\",\"@id\":\"https:\\\/\\\/unisale.com.br\\\/novo\\\/tomai-isto-e-o-meu-corpo\\\/\",\"url\":\"https:\\\/\\\/unisale.com.br\\\/novo\\\/tomai-isto-e-o-meu-corpo\\\/\",\"name\":\"03\\\/06 - Tomai, isto \u00e9 o meu corpo... Isto \u00e9 o meu sangue... - Pastoral Universit\u00e1ria UniSALESIANO\",\"isPartOf\":{\"@id\":\"https:\\\/\\\/unisale.com.br\\\/pastoral\\\/#website\"},\"primaryImageOfPage\":{\"@id\":\"https:\\\/\\\/unisale.com.br\\\/novo\\\/tomai-isto-e-o-meu-corpo\\\/#primaryimage\"},\"image\":{\"@id\":\"https:\\\/\\\/unisale.com.br\\\/novo\\\/tomai-isto-e-o-meu-corpo\\\/#primaryimage\"},\"thumbnailUrl\":\"https:\\\/\\\/unisale.com.br\\\/pastoral\\\/wp-content\\\/uploads\\\/2021\\\/05\\\/03-06.png\",\"datePublished\":\"2021-05-27T19:59:35+00:00\",\"dateModified\":\"2021-05-27T20:01:49+00:00\",\"author\":{\"@id\":\"https:\\\/\\\/unisale.com.br\\\/pastoral\\\/#\\\/schema\\\/person\\\/a16ba711a0f7dec9cb6b44563144d5a3\"},\"inLanguage\":\"pt-BR\",\"potentialAction\":[{\"@type\":\"ReadAction\",\"target\":[\"https:\\\/\\\/unisale.com.br\\\/novo\\\/tomai-isto-e-o-meu-corpo\\\/\"]}]},{\"@type\":\"ImageObject\",\"inLanguage\":\"pt-BR\",\"@id\":\"https:\\\/\\\/unisale.com.br\\\/novo\\\/tomai-isto-e-o-meu-corpo\\\/#primaryimage\",\"url\":\"https:\\\/\\\/unisale.com.br\\\/pastoral\\\/wp-content\\\/uploads\\\/2021\\\/05\\\/03-06.png\",\"contentUrl\":\"https:\\\/\\\/unisale.com.br\\\/pastoral\\\/wp-content\\\/uploads\\\/2021\\\/05\\\/03-06.png\",\"width\":889,\"height\":500},{\"@type\":\"WebSite\",\"@id\":\"https:\\\/\\\/unisale.com.br\\\/pastoral\\\/#website\",\"url\":\"https:\\\/\\\/unisale.com.br\\\/pastoral\\\/\",\"name\":\"Pastoral Universit\u00e1ria UniSALESIANO\",\"description\":\"Site da Pastoral Universit\u00e1ria do UniSALESIANO\",\"potentialAction\":[{\"@type\":\"SearchAction\",\"target\":{\"@type\":\"EntryPoint\",\"urlTemplate\":\"https:\\\/\\\/unisale.com.br\\\/pastoral\\\/?s={search_term_string}\"},\"query-input\":{\"@type\":\"PropertyValueSpecification\",\"valueRequired\":true,\"valueName\":\"search_term_string\"}}],\"inLanguage\":\"pt-BR\"},{\"@type\":\"Person\",\"@id\":\"https:\\\/\\\/unisale.com.br\\\/pastoral\\\/#\\\/schema\\\/person\\\/a16ba711a0f7dec9cb6b44563144d5a3\",\"name\":\"pastoral\",\"url\":\"https:\\\/\\\/unisale.com.br\\\/pastoral\\\/author\\\/pastoral\\\/\"}]}<\/script>\n<!-- \/ Yoast SEO plugin. -->","yoast_head_json":{"title":"03\/06 - Tomai, isto \u00e9 o meu corpo... Isto \u00e9 o meu sangue... - Pastoral Universit\u00e1ria UniSALESIANO","robots":{"index":"index","follow":"follow","max-snippet":"max-snippet:-1","max-image-preview":"max-image-preview:large","max-video-preview":"max-video-preview:-1"},"canonical":"https:\/\/unisale.com.br\/novo\/tomai-isto-e-o-meu-corpo\/","og_locale":"pt_BR","og_type":"article","og_title":"03\/06 - Tomai, isto \u00e9 o meu corpo... Isto \u00e9 o meu sangue... - Pastoral Universit\u00e1ria UniSALESIANO","og_description":"Quinta-feira, 03 de junho 2021. Solenidade do Corpo e Sangue de Cristo \u00a0 Evangelho (Mc 12,35-37) \u00a0 \u201cTomai, isto \u00e9 o meu corpo&#8230;isto \u00e9 o...","og_url":"https:\/\/unisale.com.br\/novo\/tomai-isto-e-o-meu-corpo\/","og_site_name":"Pastoral Universit\u00e1ria UniSALESIANO","article_published_time":"2021-05-27T19:59:35+00:00","article_modified_time":"2021-05-27T20:01:49+00:00","og_image":[{"width":1920,"height":1080,"url":"https:\/\/unisale.com.br\/novo\/wp-content\/uploads\/2021\/05\/03-06.png","type":"image\/png"}],"author":"pastoral","twitter_card":"summary_large_image","twitter_misc":{"Escrito por":"pastoral","Est. tempo de leitura":"4 minutos"},"schema":{"@context":"https:\/\/schema.org","@graph":[{"@type":"Article","@id":"https:\/\/unisale.com.br\/novo\/tomai-isto-e-o-meu-corpo\/#article","isPartOf":{"@id":"https:\/\/unisale.com.br\/novo\/tomai-isto-e-o-meu-corpo\/"},"author":{"name":"pastoral","@id":"https:\/\/unisale.com.br\/pastoral\/#\/schema\/person\/a16ba711a0f7dec9cb6b44563144d5a3"},"headline":"03\/06 &#8211; Tomai, isto \u00e9 o meu corpo&#8230; Isto \u00e9 o meu sangue&#8230;","datePublished":"2021-05-27T19:59:35+00:00","dateModified":"2021-05-27T20:01:49+00:00","mainEntityOfPage":{"@id":"https:\/\/unisale.com.br\/novo\/tomai-isto-e-o-meu-corpo\/"},"wordCount":739,"image":{"@id":"https:\/\/unisale.com.br\/novo\/tomai-isto-e-o-meu-corpo\/#primaryimage"},"thumbnailUrl":"https:\/\/unisale.com.br\/pastoral\/wp-content\/uploads\/2021\/05\/03-06.png","articleSection":["Reflex\u00e3o do Evangelho"],"inLanguage":"pt-BR"},{"@type":"WebPage","@id":"https:\/\/unisale.com.br\/novo\/tomai-isto-e-o-meu-corpo\/","url":"https:\/\/unisale.com.br\/novo\/tomai-isto-e-o-meu-corpo\/","name":"03\/06 - Tomai, isto \u00e9 o meu corpo... Isto \u00e9 o meu sangue... - Pastoral Universit\u00e1ria UniSALESIANO","isPartOf":{"@id":"https:\/\/unisale.com.br\/pastoral\/#website"},"primaryImageOfPage":{"@id":"https:\/\/unisale.com.br\/novo\/tomai-isto-e-o-meu-corpo\/#primaryimage"},"image":{"@id":"https:\/\/unisale.com.br\/novo\/tomai-isto-e-o-meu-corpo\/#primaryimage"},"thumbnailUrl":"https:\/\/unisale.com.br\/pastoral\/wp-content\/uploads\/2021\/05\/03-06.png","datePublished":"2021-05-27T19:59:35+00:00","dateModified":"2021-05-27T20:01:49+00:00","author":{"@id":"https:\/\/unisale.com.br\/pastoral\/#\/schema\/person\/a16ba711a0f7dec9cb6b44563144d5a3"},"inLanguage":"pt-BR","potentialAction":[{"@type":"ReadAction","target":["https:\/\/unisale.com.br\/novo\/tomai-isto-e-o-meu-corpo\/"]}]},{"@type":"ImageObject","inLanguage":"pt-BR","@id":"https:\/\/unisale.com.br\/novo\/tomai-isto-e-o-meu-corpo\/#primaryimage","url":"https:\/\/unisale.com.br\/pastoral\/wp-content\/uploads\/2021\/05\/03-06.png","contentUrl":"https:\/\/unisale.com.br\/pastoral\/wp-content\/uploads\/2021\/05\/03-06.png","width":889,"height":500},{"@type":"WebSite","@id":"https:\/\/unisale.com.br\/pastoral\/#website","url":"https:\/\/unisale.com.br\/pastoral\/","name":"Pastoral Universit\u00e1ria UniSALESIANO","description":"Site da Pastoral Universit\u00e1ria do UniSALESIANO","potentialAction":[{"@type":"SearchAction","target":{"@type":"EntryPoint","urlTemplate":"https:\/\/unisale.com.br\/pastoral\/?s={search_term_string}"},"query-input":{"@type":"PropertyValueSpecification","valueRequired":true,"valueName":"search_term_string"}}],"inLanguage":"pt-BR"},{"@type":"Person","@id":"https:\/\/unisale.com.br\/pastoral\/#\/schema\/person\/a16ba711a0f7dec9cb6b44563144d5a3","name":"pastoral","url":"https:\/\/unisale.com.br\/pastoral\/author\/pastoral\/"}]}},"_links":{"self":[{"href":"https:\/\/unisale.com.br\/pastoral\/wp-json\/wp\/v2\/posts\/1623","targetHints":{"allow":["GET"]}}],"collection":[{"href":"https:\/\/unisale.com.br\/pastoral\/wp-json\/wp\/v2\/posts"}],"about":[{"href":"https:\/\/unisale.com.br\/pastoral\/wp-json\/wp\/v2\/types\/post"}],"author":[{"embeddable":true,"href":"https:\/\/unisale.com.br\/pastoral\/wp-json\/wp\/v2\/users\/1"}],"replies":[{"embeddable":true,"href":"https:\/\/unisale.com.br\/pastoral\/wp-json\/wp\/v2\/comments?post=1623"}],"version-history":[{"count":0,"href":"https:\/\/unisale.com.br\/pastoral\/wp-json\/wp\/v2\/posts\/1623\/revisions"}],"wp:featuredmedia":[{"embeddable":true,"href":"https:\/\/unisale.com.br\/pastoral\/wp-json\/wp\/v2\/media\/1615"}],"wp:attachment":[{"href":"https:\/\/unisale.com.br\/pastoral\/wp-json\/wp\/v2\/media?parent=1623"}],"wp:term":[{"taxonomy":"category","embeddable":true,"href":"https:\/\/unisale.com.br\/pastoral\/wp-json\/wp\/v2\/categories?post=1623"},{"taxonomy":"post_tag","embeddable":true,"href":"https:\/\/unisale.com.br\/pastoral\/wp-json\/wp\/v2\/tags?post=1623"}],"curies":[{"name":"wp","href":"https:\/\/api.w.org\/{rel}","templated":true}]}}