{"id":1629,"date":"2021-05-27T20:12:58","date_gmt":"2021-05-27T20:12:58","guid":{"rendered":"https:\/\/unisale.com.br\/pastoral\/?p=1629"},"modified":"2021-05-27T20:14:14","modified_gmt":"2021-05-27T20:14:14","slug":"quem-faz-a-vontade","status":"publish","type":"post","link":"https:\/\/unisale.com.br\/pastoral\/quem-faz-a-vontade\/","title":{"rendered":"06\/06 &#8211; Quem faz a vontade de Deus, esse \u00e9 meu irm\u00e3o, minha irm\u00e3 e minha m\u00e3e."},"content":{"rendered":"<p><strong>Domingo, 06 de junho 2021.<\/strong><\/p>\n<p><strong>\u00a0<\/strong><\/p>\n<p><strong>Evangelho (Mc 3,20-35)<\/strong><\/p>\n<p><em>\u201cQuem faz a vontade de Deus, esse \u00e9 meu irm\u00e3o, minha irm\u00e3 e minha m\u00e3e\u201d.<\/em><\/p>\n<p>&nbsp;<\/p>\n<p>Naquele tempo, <sup>20<\/sup>Jesus voltou para casa com os seus disc\u00edpulos. E de novo se reuniu tanta gente que eles nem sequer podiam comer. <sup>21<\/sup>Quando souberam disso, os parentes de Jesus sa\u00edram para agarr\u00e1-lo, porque diziam que estava fora de si.<sup>22<\/sup>Os mestres da Lei, que tinham vindo de Jerusal\u00e9m, diziam que ele estava possu\u00eddo por Belzebu, e que pelo pr\u00edncipe dos dem\u00f4nios ele expulsava os dem\u00f4nios.<sup>23<\/sup>Ent\u00e3o, Jesus os chamou e falou-lhes em par\u00e1bolas: \u201cComo \u00e9 que Satan\u00e1s pode expulsar a Satan\u00e1s? <sup>24<\/sup>Se um reino se divide contra si mesmo, ele n\u00e3o poder\u00e1 manter-se. <sup>25<\/sup>Se uma fam\u00edlia se divide contra si mesma, ela nos poder\u00e1 manter-se. <sup>26<\/sup>Assim, se Satan\u00e1s se levanta contra si mesmo e se divide, n\u00e3o poder\u00e1 sobreviver, mas ser\u00e1 destru\u00eddo.<sup>27<\/sup>Ningu\u00e9m pode entrar na casa de um homem forte para roubar seus bens, sem antes o amarrar. S\u00f3 depois poder\u00e1 saquear sua casa. <sup>28<\/sup>Em verdade vos digo: tudo ser\u00e1 perdoado aos homens, tanto os pecados, como qualquer blasf\u00eamia que tiverem dito. <sup>29<\/sup>Mas quem blasfemar contra o Esp\u00edrito Santo, nunca ser\u00e1 perdoado, mas ser\u00e1 culpado de um pecado eterno\u201d.<sup>30<\/sup>Jesus falou isso, porque diziam: \u201cEle est\u00e1 possu\u00eddo por um esp\u00edrito mau\u201d. <sup>31<\/sup>Nisso chegaram sua m\u00e3e e seus irm\u00e3os. Eles ficaram do lado de fora e mandaram cham\u00e1-lo. <sup>32<\/sup>Havia uma multid\u00e3o sentada ao redor dele. Ent\u00e3o lhe disseram: \u201cTua m\u00e3e e teus irm\u00e3os est\u00e3o l\u00e1 fora \u00e0 tua procura\u201d. <sup>33<\/sup>Ele respondeu: \u201cQuem \u00e9 minha m\u00e3e, e quem s\u00e3o meus irm\u00e3os?\u201d <sup>34<\/sup>E olhando para os que estavam sentados ao seu redor, disse: \u201cAqui est\u00e3o minha m\u00e3e e meus irm\u00e3os. <sup>35<\/sup>Quem faz a vontade de Deus, esse \u00e9 meu irm\u00e3o, minha irm\u00e3 e minha m\u00e3e\u201d<\/p>\n<p>&nbsp;<\/p>\n<p><strong>Reflex\u00e3o<\/strong><\/p>\n<p>&nbsp;<\/p>\n<p>Os advers\u00e1rios de Jesus procuravam sempre encontrar um modo para diminuir a Sua influ\u00eancia e lideran\u00e7a com o povo. No evangelho deste domingo, Jesus sofre diversas acusa\u00e7\u00f5es: \u201cest\u00e1 fora de si\u201d, \u201cest\u00e1 possesso de Belzebu\u201d. Jesus procura explicar que se isso fosse verdade, Satan\u00e1s n\u00e3o expulsaria Satan\u00e1s, porque \u201cum reino dividido contra si mesmo n\u00e3o pode aguentar-se\u201d. Pelo contr\u00e1rio, se Ele expulsa Satan\u00e1s \u00e9 porque \u00e9 mais forte do que ele. Outro tema tratado no evangelho de hoje \u00e9 sobre a blasf\u00eamia contra o Esp\u00edrito Santo. Jesus diz que \u00e9 o \u00fanico pecado que n\u00e3o ser\u00e1 perdoado. Em que consiste este pecado? Consiste em fechar os olhos \u00e0 verdade. Por fim, Jesus diz que seus verdadeiros parentes s\u00e3o aqueles que \u201cfazem a vontade de Deus\u201d, isto \u00e9, que creem n\u2019Ele.<\/p>\n<p>\u00c9 de se imaginar que os homens que detinham o poder estivessem com medo do homem desconhecido. A pergunta que podemos imaginar que se faziam era: \u201cquem \u00e9 Jesus?\u201d, \u201cquem \u00e9 esta pessoa que fala com autoridade e atrai com poder?\u201d As Suas palavras sacodem e fascinam, os Seus milagres colocam interroga\u00e7\u00f5es. Mete medo o poder que demonstra at\u00e9 sobre os dem\u00f4nios. Os disc\u00edpulos t\u00eam dificuldade em compreender, mas permanecem juntos d\u2019Ele, a multid\u00e3o oscila entre entusiasmo e curiosidade, os escribas e fariseus procuram desacredit\u00e1-lo. Os parentes preocupados procuram lev\u00e1-lo para casa. Com argumentos convincentes e libertando os endemoninhados, Jesus procura dar a entender quem Ele \u00e9.<\/p>\n<p>S\u00e3o palavras dram\u00e1ticas as que dirige a quem impugna a verdade conhecida, e mostram-se duras at\u00e9 as palavras dirigidas aos parentes. A f\u00e9 \u00e9 mais importante do que os pr\u00f3prios v\u00ednculos de sangue.<\/p>\n<p>A mensagem do Evangelho deste domingo est\u00e1 cheia de esperan\u00e7a: n\u00e3o h\u00e1 pecado pessoal ou universal que n\u00e3o possa encontrar o perd\u00e3o de Deus. N\u00e3o h\u00e1 hist\u00f3ria de pecado pessoal ou original que n\u00e3o possa tornar-se hist\u00f3ria de salva\u00e7\u00e3o, gra\u00e7as ao m\u00e9dico divino que n\u00e3o veio curar todos os doentes do corpo ou do esp\u00edrito. Jesus \u00e9 o redentor e o salvador de todos e de cada um, de cada pecado e de todos os pecados. H\u00e1 um s\u00f3 obst\u00e1culo capaz de se opor \u00e0 Sua a\u00e7\u00e3o redentora: a recusa em reconhec\u00ea-lo como Redentor, ou ent\u00e3o, n\u00e3o reconhecer a necessidade d\u2019Ele. Este \u00e9 o Pecado contra o Esp\u00edrito Santo. S\u00f3 a f\u00e9 nos consente reconhecer o nosso pecado e nos d\u00e1 a possibilidade da salva\u00e7\u00e3o.<\/p>\n<p>&nbsp;<\/p>\n","protected":false},"excerpt":{"rendered":"<p>Domingo, 06 de junho 2021. \u00a0 Evangelho (Mc 3,20-35) \u201cQuem faz a vontade de Deus, esse \u00e9 meu irm\u00e3o, minha irm\u00e3 e minha m\u00e3e\u201d. &nbsp;&#8230;<\/p>\n","protected":false},"author":1,"featured_media":1612,"comment_status":"closed","ping_status":"closed","sticky":false,"template":"","format":"standard","meta":{"_acf_changed":false,"footnotes":""},"categories":[13],"tags":[],"class_list":["post-1629","post","type-post","status-publish","format-standard","has-post-thumbnail","hentry","category-reflexaodoevagelho"],"acf":[],"yoast_head":"<!-- This site is optimized with the Yoast SEO plugin v27.3 - https:\/\/yoast.com\/product\/yoast-seo-wordpress\/ -->\n<title>06\/06 - Quem faz a vontade de Deus, esse \u00e9 meu irm\u00e3o, minha irm\u00e3 e minha m\u00e3e. - Pastoral Universit\u00e1ria UniSALESIANO<\/title>\n<meta name=\"robots\" content=\"index, follow, max-snippet:-1, max-image-preview:large, max-video-preview:-1\" \/>\n<link rel=\"canonical\" href=\"https:\/\/unisale.com.br\/novo\/quem-faz-a-vontade\/\" \/>\n<meta property=\"og:locale\" content=\"pt_BR\" \/>\n<meta property=\"og:type\" content=\"article\" \/>\n<meta property=\"og:title\" content=\"06\/06 - Quem faz a vontade de Deus, esse \u00e9 meu irm\u00e3o, minha irm\u00e3 e minha m\u00e3e. - Pastoral Universit\u00e1ria UniSALESIANO\" \/>\n<meta property=\"og:description\" content=\"Domingo, 06 de junho 2021. \u00a0 Evangelho (Mc 3,20-35) \u201cQuem faz a vontade de Deus, esse \u00e9 meu irm\u00e3o, minha irm\u00e3 e minha m\u00e3e\u201d. &nbsp;...\" \/>\n<meta property=\"og:url\" content=\"https:\/\/unisale.com.br\/novo\/quem-faz-a-vontade\/\" \/>\n<meta property=\"og:site_name\" content=\"Pastoral Universit\u00e1ria UniSALESIANO\" \/>\n<meta property=\"article:published_time\" content=\"2021-05-27T20:12:58+00:00\" \/>\n<meta property=\"article:modified_time\" content=\"2021-05-27T20:14:14+00:00\" \/>\n<meta property=\"og:image\" content=\"https:\/\/unisale.com.br\/novo\/wp-content\/uploads\/2021\/05\/06-06-1024x576.png\" \/>\n\t<meta property=\"og:image:width\" content=\"1024\" \/>\n\t<meta property=\"og:image:height\" content=\"576\" \/>\n\t<meta property=\"og:image:type\" content=\"image\/png\" \/>\n<meta name=\"author\" content=\"pastoral\" \/>\n<meta name=\"twitter:card\" content=\"summary_large_image\" \/>\n<meta name=\"twitter:label1\" content=\"Escrito por\" \/>\n\t<meta name=\"twitter:data1\" content=\"pastoral\" \/>\n\t<meta name=\"twitter:label2\" content=\"Est. tempo de leitura\" \/>\n\t<meta name=\"twitter:data2\" content=\"4 minutos\" \/>\n<script type=\"application\/ld+json\" class=\"yoast-schema-graph\">{\"@context\":\"https:\\\/\\\/schema.org\",\"@graph\":[{\"@type\":\"Article\",\"@id\":\"https:\\\/\\\/unisale.com.br\\\/novo\\\/quem-faz-a-vontade\\\/#article\",\"isPartOf\":{\"@id\":\"https:\\\/\\\/unisale.com.br\\\/novo\\\/quem-faz-a-vontade\\\/\"},\"author\":{\"name\":\"pastoral\",\"@id\":\"https:\\\/\\\/unisale.com.br\\\/pastoral\\\/#\\\/schema\\\/person\\\/a16ba711a0f7dec9cb6b44563144d5a3\"},\"headline\":\"06\\\/06 &#8211; Quem faz a vontade de Deus, esse \u00e9 meu irm\u00e3o, minha irm\u00e3 e minha m\u00e3e.\",\"datePublished\":\"2021-05-27T20:12:58+00:00\",\"dateModified\":\"2021-05-27T20:14:14+00:00\",\"mainEntityOfPage\":{\"@id\":\"https:\\\/\\\/unisale.com.br\\\/novo\\\/quem-faz-a-vontade\\\/\"},\"wordCount\":782,\"image\":{\"@id\":\"https:\\\/\\\/unisale.com.br\\\/novo\\\/quem-faz-a-vontade\\\/#primaryimage\"},\"thumbnailUrl\":\"https:\\\/\\\/unisale.com.br\\\/pastoral\\\/wp-content\\\/uploads\\\/2021\\\/05\\\/06-06.png\",\"articleSection\":[\"Reflex\u00e3o do Evangelho\"],\"inLanguage\":\"pt-BR\"},{\"@type\":\"WebPage\",\"@id\":\"https:\\\/\\\/unisale.com.br\\\/novo\\\/quem-faz-a-vontade\\\/\",\"url\":\"https:\\\/\\\/unisale.com.br\\\/novo\\\/quem-faz-a-vontade\\\/\",\"name\":\"06\\\/06 - Quem faz a vontade de Deus, esse \u00e9 meu irm\u00e3o, minha irm\u00e3 e minha m\u00e3e. - Pastoral Universit\u00e1ria UniSALESIANO\",\"isPartOf\":{\"@id\":\"https:\\\/\\\/unisale.com.br\\\/pastoral\\\/#website\"},\"primaryImageOfPage\":{\"@id\":\"https:\\\/\\\/unisale.com.br\\\/novo\\\/quem-faz-a-vontade\\\/#primaryimage\"},\"image\":{\"@id\":\"https:\\\/\\\/unisale.com.br\\\/novo\\\/quem-faz-a-vontade\\\/#primaryimage\"},\"thumbnailUrl\":\"https:\\\/\\\/unisale.com.br\\\/pastoral\\\/wp-content\\\/uploads\\\/2021\\\/05\\\/06-06.png\",\"datePublished\":\"2021-05-27T20:12:58+00:00\",\"dateModified\":\"2021-05-27T20:14:14+00:00\",\"author\":{\"@id\":\"https:\\\/\\\/unisale.com.br\\\/pastoral\\\/#\\\/schema\\\/person\\\/a16ba711a0f7dec9cb6b44563144d5a3\"},\"inLanguage\":\"pt-BR\",\"potentialAction\":[{\"@type\":\"ReadAction\",\"target\":[\"https:\\\/\\\/unisale.com.br\\\/novo\\\/quem-faz-a-vontade\\\/\"]}]},{\"@type\":\"ImageObject\",\"inLanguage\":\"pt-BR\",\"@id\":\"https:\\\/\\\/unisale.com.br\\\/novo\\\/quem-faz-a-vontade\\\/#primaryimage\",\"url\":\"https:\\\/\\\/unisale.com.br\\\/pastoral\\\/wp-content\\\/uploads\\\/2021\\\/05\\\/06-06.png\",\"contentUrl\":\"https:\\\/\\\/unisale.com.br\\\/pastoral\\\/wp-content\\\/uploads\\\/2021\\\/05\\\/06-06.png\",\"width\":889,\"height\":500},{\"@type\":\"WebSite\",\"@id\":\"https:\\\/\\\/unisale.com.br\\\/pastoral\\\/#website\",\"url\":\"https:\\\/\\\/unisale.com.br\\\/pastoral\\\/\",\"name\":\"Pastoral Universit\u00e1ria UniSALESIANO\",\"description\":\"Site da Pastoral Universit\u00e1ria do UniSALESIANO\",\"potentialAction\":[{\"@type\":\"SearchAction\",\"target\":{\"@type\":\"EntryPoint\",\"urlTemplate\":\"https:\\\/\\\/unisale.com.br\\\/pastoral\\\/?s={search_term_string}\"},\"query-input\":{\"@type\":\"PropertyValueSpecification\",\"valueRequired\":true,\"valueName\":\"search_term_string\"}}],\"inLanguage\":\"pt-BR\"},{\"@type\":\"Person\",\"@id\":\"https:\\\/\\\/unisale.com.br\\\/pastoral\\\/#\\\/schema\\\/person\\\/a16ba711a0f7dec9cb6b44563144d5a3\",\"name\":\"pastoral\",\"url\":\"https:\\\/\\\/unisale.com.br\\\/pastoral\\\/author\\\/pastoral\\\/\"}]}<\/script>\n<!-- \/ Yoast SEO plugin. -->","yoast_head_json":{"title":"06\/06 - Quem faz a vontade de Deus, esse \u00e9 meu irm\u00e3o, minha irm\u00e3 e minha m\u00e3e. - Pastoral Universit\u00e1ria UniSALESIANO","robots":{"index":"index","follow":"follow","max-snippet":"max-snippet:-1","max-image-preview":"max-image-preview:large","max-video-preview":"max-video-preview:-1"},"canonical":"https:\/\/unisale.com.br\/novo\/quem-faz-a-vontade\/","og_locale":"pt_BR","og_type":"article","og_title":"06\/06 - Quem faz a vontade de Deus, esse \u00e9 meu irm\u00e3o, minha irm\u00e3 e minha m\u00e3e. - Pastoral Universit\u00e1ria UniSALESIANO","og_description":"Domingo, 06 de junho 2021. \u00a0 Evangelho (Mc 3,20-35) \u201cQuem faz a vontade de Deus, esse \u00e9 meu irm\u00e3o, minha irm\u00e3 e minha m\u00e3e\u201d. &nbsp;...","og_url":"https:\/\/unisale.com.br\/novo\/quem-faz-a-vontade\/","og_site_name":"Pastoral Universit\u00e1ria UniSALESIANO","article_published_time":"2021-05-27T20:12:58+00:00","article_modified_time":"2021-05-27T20:14:14+00:00","og_image":[{"width":1024,"height":576,"url":"https:\/\/unisale.com.br\/novo\/wp-content\/uploads\/2021\/05\/06-06-1024x576.png","type":"image\/png"}],"author":"pastoral","twitter_card":"summary_large_image","twitter_misc":{"Escrito por":"pastoral","Est. tempo de leitura":"4 minutos"},"schema":{"@context":"https:\/\/schema.org","@graph":[{"@type":"Article","@id":"https:\/\/unisale.com.br\/novo\/quem-faz-a-vontade\/#article","isPartOf":{"@id":"https:\/\/unisale.com.br\/novo\/quem-faz-a-vontade\/"},"author":{"name":"pastoral","@id":"https:\/\/unisale.com.br\/pastoral\/#\/schema\/person\/a16ba711a0f7dec9cb6b44563144d5a3"},"headline":"06\/06 &#8211; Quem faz a vontade de Deus, esse \u00e9 meu irm\u00e3o, minha irm\u00e3 e minha m\u00e3e.","datePublished":"2021-05-27T20:12:58+00:00","dateModified":"2021-05-27T20:14:14+00:00","mainEntityOfPage":{"@id":"https:\/\/unisale.com.br\/novo\/quem-faz-a-vontade\/"},"wordCount":782,"image":{"@id":"https:\/\/unisale.com.br\/novo\/quem-faz-a-vontade\/#primaryimage"},"thumbnailUrl":"https:\/\/unisale.com.br\/pastoral\/wp-content\/uploads\/2021\/05\/06-06.png","articleSection":["Reflex\u00e3o do Evangelho"],"inLanguage":"pt-BR"},{"@type":"WebPage","@id":"https:\/\/unisale.com.br\/novo\/quem-faz-a-vontade\/","url":"https:\/\/unisale.com.br\/novo\/quem-faz-a-vontade\/","name":"06\/06 - Quem faz a vontade de Deus, esse \u00e9 meu irm\u00e3o, minha irm\u00e3 e minha m\u00e3e. - Pastoral Universit\u00e1ria UniSALESIANO","isPartOf":{"@id":"https:\/\/unisale.com.br\/pastoral\/#website"},"primaryImageOfPage":{"@id":"https:\/\/unisale.com.br\/novo\/quem-faz-a-vontade\/#primaryimage"},"image":{"@id":"https:\/\/unisale.com.br\/novo\/quem-faz-a-vontade\/#primaryimage"},"thumbnailUrl":"https:\/\/unisale.com.br\/pastoral\/wp-content\/uploads\/2021\/05\/06-06.png","datePublished":"2021-05-27T20:12:58+00:00","dateModified":"2021-05-27T20:14:14+00:00","author":{"@id":"https:\/\/unisale.com.br\/pastoral\/#\/schema\/person\/a16ba711a0f7dec9cb6b44563144d5a3"},"inLanguage":"pt-BR","potentialAction":[{"@type":"ReadAction","target":["https:\/\/unisale.com.br\/novo\/quem-faz-a-vontade\/"]}]},{"@type":"ImageObject","inLanguage":"pt-BR","@id":"https:\/\/unisale.com.br\/novo\/quem-faz-a-vontade\/#primaryimage","url":"https:\/\/unisale.com.br\/pastoral\/wp-content\/uploads\/2021\/05\/06-06.png","contentUrl":"https:\/\/unisale.com.br\/pastoral\/wp-content\/uploads\/2021\/05\/06-06.png","width":889,"height":500},{"@type":"WebSite","@id":"https:\/\/unisale.com.br\/pastoral\/#website","url":"https:\/\/unisale.com.br\/pastoral\/","name":"Pastoral Universit\u00e1ria UniSALESIANO","description":"Site da Pastoral Universit\u00e1ria do UniSALESIANO","potentialAction":[{"@type":"SearchAction","target":{"@type":"EntryPoint","urlTemplate":"https:\/\/unisale.com.br\/pastoral\/?s={search_term_string}"},"query-input":{"@type":"PropertyValueSpecification","valueRequired":true,"valueName":"search_term_string"}}],"inLanguage":"pt-BR"},{"@type":"Person","@id":"https:\/\/unisale.com.br\/pastoral\/#\/schema\/person\/a16ba711a0f7dec9cb6b44563144d5a3","name":"pastoral","url":"https:\/\/unisale.com.br\/pastoral\/author\/pastoral\/"}]}},"_links":{"self":[{"href":"https:\/\/unisale.com.br\/pastoral\/wp-json\/wp\/v2\/posts\/1629","targetHints":{"allow":["GET"]}}],"collection":[{"href":"https:\/\/unisale.com.br\/pastoral\/wp-json\/wp\/v2\/posts"}],"about":[{"href":"https:\/\/unisale.com.br\/pastoral\/wp-json\/wp\/v2\/types\/post"}],"author":[{"embeddable":true,"href":"https:\/\/unisale.com.br\/pastoral\/wp-json\/wp\/v2\/users\/1"}],"replies":[{"embeddable":true,"href":"https:\/\/unisale.com.br\/pastoral\/wp-json\/wp\/v2\/comments?post=1629"}],"version-history":[{"count":0,"href":"https:\/\/unisale.com.br\/pastoral\/wp-json\/wp\/v2\/posts\/1629\/revisions"}],"wp:featuredmedia":[{"embeddable":true,"href":"https:\/\/unisale.com.br\/pastoral\/wp-json\/wp\/v2\/media\/1612"}],"wp:attachment":[{"href":"https:\/\/unisale.com.br\/pastoral\/wp-json\/wp\/v2\/media?parent=1629"}],"wp:term":[{"taxonomy":"category","embeddable":true,"href":"https:\/\/unisale.com.br\/pastoral\/wp-json\/wp\/v2\/categories?post=1629"},{"taxonomy":"post_tag","embeddable":true,"href":"https:\/\/unisale.com.br\/pastoral\/wp-json\/wp\/v2\/tags?post=1629"}],"curies":[{"name":"wp","href":"https:\/\/api.w.org\/{rel}","templated":true}]}}