{"id":1830,"date":"2021-06-02T13:04:36","date_gmt":"2021-06-02T13:04:36","guid":{"rendered":"https:\/\/unisale.com.br\/pastoral\/?p=1830"},"modified":"2021-06-02T18:44:41","modified_gmt":"2021-06-02T18:44:41","slug":"missa-em-homenagem-a-nossa-senhora-auxiliadora","status":"publish","type":"post","link":"https:\/\/unisale.com.br\/pastoral\/missa-em-homenagem-a-nossa-senhora-auxiliadora\/","title":{"rendered":"UniSALESIANO celebra Missa em homenagem a Nossa Senhora Auxiliadora"},"content":{"rendered":"<h3>A celebra\u00e7\u00e3o foi presidida pelo Diretor do UniSALESIANO, Pe. Erondi Tamandar\u00e9 e concelebrada pelo Pr\u00f3-Reitor de Pastoral Pe. Paulo Eduardo J\u00e1como.<\/h3>\n<p>O\u00a0<strong>UniSALESIANO<\/strong>\u00a0realizou uma\u00a0<strong>Missa em Homenagem a Nossa Senhora Auxiliadora<\/strong>, padroeira da Institui\u00e7\u00e3o e dos salesianos, na tarde do dia 24 de maio, na Igreja Universit\u00e1ria.<\/p>\n<p>Seguindo todos os protocolos de seguran\u00e7a e higiene por conta da pandemia, a celebra\u00e7\u00e3o reuniu colaboradores do Centro Universit\u00e1rio e foi presidida pelo\u00a0<strong>Diretor do UniSALESIANO, Pe. Erondi Tamandar\u00e9<\/strong>, e concelebrada pelo\u00a0<strong>Pr\u00f3-Reitor de Pastoral, Pe. Paulo J\u00e1como<\/strong>.<\/p>\n<p>\u201cQuando contemplamos a Virgem, contemplamos a grandeza de Deus, que \u00e9 o Santo dos Santos. Todos n\u00f3s somos salvos e santificados pela a\u00e7\u00e3o da gra\u00e7a de Deus; ent\u00e3o, quando contemplamos os santos, por exemplo, a Virgem Maria, m\u00e3e de Jesus, contemplamos como Deus \u00e9 bom, como Deus transforma a nossa vida\u201d, afirmou Pe. Erondi.<\/p>\n<p>Nossa Senhora Auxiliadora tamb\u00e9m foi lembrada pelo Papa Francisco, em sua homilia na solenidade de Pentecostes, celebrada na Bas\u00edlica de S\u00e3o Pedro, no dia 23 de maio. Francisco recordou que a Nossa Senhora Auxiliadora \u00e9 padroeira principal da Fam\u00edlia Salesiana, \u201cque trabalha tanto, tanto na Igreja\u201d, em favor dos marginalizados e da juventude.<\/p>\n\n\t\t<style type=\"text\/css\">\n\t\t\t#gallery-1 {\n\t\t\t\tmargin: auto;\n\t\t\t}\n\t\t\t#gallery-1 .gallery-item {\n\t\t\t\tfloat: left;\n\t\t\t\tmargin-top: 10px;\n\t\t\t\ttext-align: center;\n\t\t\t\twidth: 16%;\n\t\t\t}\n\t\t\t#gallery-1 img {\n\t\t\t\tborder: 2px solid #cfcfcf;\n\t\t\t}\n\t\t\t#gallery-1 .gallery-caption {\n\t\t\t\tmargin-left: 0;\n\t\t\t}\n\t\t\t\/* see gallery_shortcode() in wp-includes\/media.php *\/\n\t\t<\/style>\n\t\t<div id='gallery-1' class='gallery galleryid-1830 gallery-columns-6 gallery-size-full'><dl class='gallery-item'>\n\t\t\t<dt class='gallery-icon landscape'>\n\t\t\t\t<a href='https:\/\/unisale.com.br\/pastoral\/missa-em-homenagem-a-nossa-senhora-auxiliadora\/img_2281\/'><img fetchpriority=\"high\" decoding=\"async\" width=\"750\" height=\"500\" src=\"https:\/\/unisale.com.br\/pastoral\/wp-content\/uploads\/2021\/06\/IMG_2281.jpg\" class=\"attachment-full size-full\" alt=\"\" srcset=\"https:\/\/unisale.com.br\/pastoral\/wp-content\/uploads\/2021\/06\/IMG_2281.jpg 750w, https:\/\/unisale.com.br\/pastoral\/wp-content\/uploads\/2021\/06\/IMG_2281-300x200.jpg 300w, https:\/\/unisale.com.br\/pastoral\/wp-content\/uploads\/2021\/06\/IMG_2281-1024x683.jpg 1024w, https:\/\/unisale.com.br\/pastoral\/wp-content\/uploads\/2021\/06\/IMG_2281-768x512.jpg 768w, https:\/\/unisale.com.br\/pastoral\/wp-content\/uploads\/2021\/06\/IMG_2281-930x620.jpg 930w\" sizes=\"(max-width: 750px) 100vw, 750px\" \/><\/a>\n\t\t\t<\/dt><\/dl><dl class='gallery-item'>\n\t\t\t<dt class='gallery-icon landscape'>\n\t\t\t\t<a href='https:\/\/unisale.com.br\/pastoral\/missa-em-homenagem-a-nossa-senhora-auxiliadora\/img_2283\/'><img decoding=\"async\" width=\"750\" height=\"500\" src=\"https:\/\/unisale.com.br\/pastoral\/wp-content\/uploads\/2021\/06\/IMG_2283.jpg\" class=\"attachment-full size-full\" alt=\"\" srcset=\"https:\/\/unisale.com.br\/pastoral\/wp-content\/uploads\/2021\/06\/IMG_2283.jpg 750w, https:\/\/unisale.com.br\/pastoral\/wp-content\/uploads\/2021\/06\/IMG_2283-300x200.jpg 300w, https:\/\/unisale.com.br\/pastoral\/wp-content\/uploads\/2021\/06\/IMG_2283-1024x683.jpg 1024w, https:\/\/unisale.com.br\/pastoral\/wp-content\/uploads\/2021\/06\/IMG_2283-768x512.jpg 768w, https:\/\/unisale.com.br\/pastoral\/wp-content\/uploads\/2021\/06\/IMG_2283-930x620.jpg 930w\" sizes=\"(max-width: 750px) 100vw, 750px\" \/><\/a>\n\t\t\t<\/dt><\/dl><dl class='gallery-item'>\n\t\t\t<dt class='gallery-icon landscape'>\n\t\t\t\t<a href='https:\/\/unisale.com.br\/pastoral\/missa-em-homenagem-a-nossa-senhora-auxiliadora\/img_2286-3\/'><img decoding=\"async\" width=\"750\" height=\"500\" src=\"https:\/\/unisale.com.br\/pastoral\/wp-content\/uploads\/2021\/06\/IMG_2286-2.jpg\" class=\"attachment-full size-full\" alt=\"\" srcset=\"https:\/\/unisale.com.br\/pastoral\/wp-content\/uploads\/2021\/06\/IMG_2286-2.jpg 750w, https:\/\/unisale.com.br\/pastoral\/wp-content\/uploads\/2021\/06\/IMG_2286-2-300x200.jpg 300w, https:\/\/unisale.com.br\/pastoral\/wp-content\/uploads\/2021\/06\/IMG_2286-2-1024x683.jpg 1024w, https:\/\/unisale.com.br\/pastoral\/wp-content\/uploads\/2021\/06\/IMG_2286-2-768x512.jpg 768w, https:\/\/unisale.com.br\/pastoral\/wp-content\/uploads\/2021\/06\/IMG_2286-2-930x620.jpg 930w\" sizes=\"(max-width: 750px) 100vw, 750px\" \/><\/a>\n\t\t\t<\/dt><\/dl><dl class='gallery-item'>\n\t\t\t<dt class='gallery-icon landscape'>\n\t\t\t\t<a href='https:\/\/unisale.com.br\/pastoral\/missa-em-homenagem-a-nossa-senhora-auxiliadora\/img_2290\/'><img loading=\"lazy\" decoding=\"async\" width=\"750\" height=\"500\" src=\"https:\/\/unisale.com.br\/pastoral\/wp-content\/uploads\/2021\/06\/IMG_2290.jpg\" class=\"attachment-full size-full\" alt=\"\" srcset=\"https:\/\/unisale.com.br\/pastoral\/wp-content\/uploads\/2021\/06\/IMG_2290.jpg 750w, https:\/\/unisale.com.br\/pastoral\/wp-content\/uploads\/2021\/06\/IMG_2290-300x200.jpg 300w, https:\/\/unisale.com.br\/pastoral\/wp-content\/uploads\/2021\/06\/IMG_2290-1024x683.jpg 1024w, https:\/\/unisale.com.br\/pastoral\/wp-content\/uploads\/2021\/06\/IMG_2290-768x512.jpg 768w, https:\/\/unisale.com.br\/pastoral\/wp-content\/uploads\/2021\/06\/IMG_2290-930x620.jpg 930w\" sizes=\"(max-width: 750px) 100vw, 750px\" \/><\/a>\n\t\t\t<\/dt><\/dl><dl class='gallery-item'>\n\t\t\t<dt class='gallery-icon landscape'>\n\t\t\t\t<a href='https:\/\/unisale.com.br\/pastoral\/missa-em-homenagem-a-nossa-senhora-auxiliadora\/img_2294\/'><img loading=\"lazy\" decoding=\"async\" width=\"750\" height=\"500\" src=\"https:\/\/unisale.com.br\/pastoral\/wp-content\/uploads\/2021\/06\/IMG_2294.jpg\" class=\"attachment-full size-full\" alt=\"\" srcset=\"https:\/\/unisale.com.br\/pastoral\/wp-content\/uploads\/2021\/06\/IMG_2294.jpg 750w, https:\/\/unisale.com.br\/pastoral\/wp-content\/uploads\/2021\/06\/IMG_2294-300x200.jpg 300w, https:\/\/unisale.com.br\/pastoral\/wp-content\/uploads\/2021\/06\/IMG_2294-1024x683.jpg 1024w, https:\/\/unisale.com.br\/pastoral\/wp-content\/uploads\/2021\/06\/IMG_2294-768x512.jpg 768w, https:\/\/unisale.com.br\/pastoral\/wp-content\/uploads\/2021\/06\/IMG_2294-930x620.jpg 930w\" sizes=\"(max-width: 750px) 100vw, 750px\" \/><\/a>\n\t\t\t<\/dt><\/dl><dl class='gallery-item'>\n\t\t\t<dt class='gallery-icon landscape'>\n\t\t\t\t<a href='https:\/\/unisale.com.br\/pastoral\/missa-em-homenagem-a-nossa-senhora-auxiliadora\/img_2299\/'><img loading=\"lazy\" decoding=\"async\" width=\"750\" height=\"500\" src=\"https:\/\/unisale.com.br\/pastoral\/wp-content\/uploads\/2021\/06\/IMG_2299.jpg\" class=\"attachment-full size-full\" alt=\"\" srcset=\"https:\/\/unisale.com.br\/pastoral\/wp-content\/uploads\/2021\/06\/IMG_2299.jpg 750w, https:\/\/unisale.com.br\/pastoral\/wp-content\/uploads\/2021\/06\/IMG_2299-300x200.jpg 300w, https:\/\/unisale.com.br\/pastoral\/wp-content\/uploads\/2021\/06\/IMG_2299-1024x683.jpg 1024w, https:\/\/unisale.com.br\/pastoral\/wp-content\/uploads\/2021\/06\/IMG_2299-768x512.jpg 768w, https:\/\/unisale.com.br\/pastoral\/wp-content\/uploads\/2021\/06\/IMG_2299-930x620.jpg 930w\" sizes=\"(max-width: 750px) 100vw, 750px\" \/><\/a>\n\t\t\t<\/dt><\/dl><br style=\"clear: both\" \/><dl class='gallery-item'>\n\t\t\t<dt class='gallery-icon landscape'>\n\t\t\t\t<a href='https:\/\/unisale.com.br\/pastoral\/missa-em-homenagem-a-nossa-senhora-auxiliadora\/img_2306\/'><img loading=\"lazy\" decoding=\"async\" width=\"750\" height=\"500\" src=\"https:\/\/unisale.com.br\/pastoral\/wp-content\/uploads\/2021\/06\/IMG_2306.jpg\" class=\"attachment-full size-full\" alt=\"\" srcset=\"https:\/\/unisale.com.br\/pastoral\/wp-content\/uploads\/2021\/06\/IMG_2306.jpg 750w, https:\/\/unisale.com.br\/pastoral\/wp-content\/uploads\/2021\/06\/IMG_2306-300x200.jpg 300w, https:\/\/unisale.com.br\/pastoral\/wp-content\/uploads\/2021\/06\/IMG_2306-1024x683.jpg 1024w, https:\/\/unisale.com.br\/pastoral\/wp-content\/uploads\/2021\/06\/IMG_2306-768x512.jpg 768w, https:\/\/unisale.com.br\/pastoral\/wp-content\/uploads\/2021\/06\/IMG_2306-930x620.jpg 930w\" sizes=\"(max-width: 750px) 100vw, 750px\" \/><\/a>\n\t\t\t<\/dt><\/dl><dl class='gallery-item'>\n\t\t\t<dt class='gallery-icon landscape'>\n\t\t\t\t<a href='https:\/\/unisale.com.br\/pastoral\/missa-em-homenagem-a-nossa-senhora-auxiliadora\/img_2308\/'><img loading=\"lazy\" decoding=\"async\" width=\"750\" height=\"500\" src=\"https:\/\/unisale.com.br\/pastoral\/wp-content\/uploads\/2021\/06\/IMG_2308.jpg\" class=\"attachment-full size-full\" alt=\"\" srcset=\"https:\/\/unisale.com.br\/pastoral\/wp-content\/uploads\/2021\/06\/IMG_2308.jpg 750w, https:\/\/unisale.com.br\/pastoral\/wp-content\/uploads\/2021\/06\/IMG_2308-300x200.jpg 300w, https:\/\/unisale.com.br\/pastoral\/wp-content\/uploads\/2021\/06\/IMG_2308-1024x683.jpg 1024w, https:\/\/unisale.com.br\/pastoral\/wp-content\/uploads\/2021\/06\/IMG_2308-768x512.jpg 768w, https:\/\/unisale.com.br\/pastoral\/wp-content\/uploads\/2021\/06\/IMG_2308-930x620.jpg 930w\" sizes=\"(max-width: 750px) 100vw, 750px\" \/><\/a>\n\t\t\t<\/dt><\/dl><dl class='gallery-item'>\n\t\t\t<dt class='gallery-icon landscape'>\n\t\t\t\t<a href='https:\/\/unisale.com.br\/pastoral\/missa-em-homenagem-a-nossa-senhora-auxiliadora\/img_2316\/'><img loading=\"lazy\" decoding=\"async\" width=\"750\" height=\"500\" src=\"https:\/\/unisale.com.br\/pastoral\/wp-content\/uploads\/2021\/06\/IMG_2316.jpg\" class=\"attachment-full size-full\" alt=\"\" srcset=\"https:\/\/unisale.com.br\/pastoral\/wp-content\/uploads\/2021\/06\/IMG_2316.jpg 750w, https:\/\/unisale.com.br\/pastoral\/wp-content\/uploads\/2021\/06\/IMG_2316-300x200.jpg 300w, https:\/\/unisale.com.br\/pastoral\/wp-content\/uploads\/2021\/06\/IMG_2316-1024x683.jpg 1024w, https:\/\/unisale.com.br\/pastoral\/wp-content\/uploads\/2021\/06\/IMG_2316-768x512.jpg 768w, https:\/\/unisale.com.br\/pastoral\/wp-content\/uploads\/2021\/06\/IMG_2316-930x620.jpg 930w\" sizes=\"(max-width: 750px) 100vw, 750px\" \/><\/a>\n\t\t\t<\/dt><\/dl><dl class='gallery-item'>\n\t\t\t<dt class='gallery-icon landscape'>\n\t\t\t\t<a href='https:\/\/unisale.com.br\/pastoral\/missa-em-homenagem-a-nossa-senhora-auxiliadora\/img_2319\/'><img loading=\"lazy\" decoding=\"async\" width=\"750\" height=\"500\" src=\"https:\/\/unisale.com.br\/pastoral\/wp-content\/uploads\/2021\/06\/IMG_2319.jpg\" class=\"attachment-full size-full\" alt=\"\" srcset=\"https:\/\/unisale.com.br\/pastoral\/wp-content\/uploads\/2021\/06\/IMG_2319.jpg 750w, https:\/\/unisale.com.br\/pastoral\/wp-content\/uploads\/2021\/06\/IMG_2319-300x200.jpg 300w, https:\/\/unisale.com.br\/pastoral\/wp-content\/uploads\/2021\/06\/IMG_2319-1024x683.jpg 1024w, https:\/\/unisale.com.br\/pastoral\/wp-content\/uploads\/2021\/06\/IMG_2319-768x512.jpg 768w, https:\/\/unisale.com.br\/pastoral\/wp-content\/uploads\/2021\/06\/IMG_2319-930x620.jpg 930w\" sizes=\"(max-width: 750px) 100vw, 750px\" \/><\/a>\n\t\t\t<\/dt><\/dl><dl class='gallery-item'>\n\t\t\t<dt class='gallery-icon landscape'>\n\t\t\t\t<a href='https:\/\/unisale.com.br\/pastoral\/missa-em-homenagem-a-nossa-senhora-auxiliadora\/img_2327\/'><img loading=\"lazy\" decoding=\"async\" width=\"750\" height=\"500\" src=\"https:\/\/unisale.com.br\/pastoral\/wp-content\/uploads\/2021\/06\/IMG_2327.jpg\" class=\"attachment-full size-full\" alt=\"\" srcset=\"https:\/\/unisale.com.br\/pastoral\/wp-content\/uploads\/2021\/06\/IMG_2327.jpg 750w, https:\/\/unisale.com.br\/pastoral\/wp-content\/uploads\/2021\/06\/IMG_2327-300x200.jpg 300w, https:\/\/unisale.com.br\/pastoral\/wp-content\/uploads\/2021\/06\/IMG_2327-1024x683.jpg 1024w, https:\/\/unisale.com.br\/pastoral\/wp-content\/uploads\/2021\/06\/IMG_2327-768x512.jpg 768w, https:\/\/unisale.com.br\/pastoral\/wp-content\/uploads\/2021\/06\/IMG_2327-930x620.jpg 930w\" sizes=\"(max-width: 750px) 100vw, 750px\" \/><\/a>\n\t\t\t<\/dt><\/dl><dl class='gallery-item'>\n\t\t\t<dt class='gallery-icon landscape'>\n\t\t\t\t<a href='https:\/\/unisale.com.br\/pastoral\/missa-em-homenagem-a-nossa-senhora-auxiliadora\/img_2331\/'><img loading=\"lazy\" decoding=\"async\" width=\"750\" height=\"500\" src=\"https:\/\/unisale.com.br\/pastoral\/wp-content\/uploads\/2021\/06\/IMG_2331.jpg\" class=\"attachment-full size-full\" alt=\"\" srcset=\"https:\/\/unisale.com.br\/pastoral\/wp-content\/uploads\/2021\/06\/IMG_2331.jpg 750w, https:\/\/unisale.com.br\/pastoral\/wp-content\/uploads\/2021\/06\/IMG_2331-300x200.jpg 300w, https:\/\/unisale.com.br\/pastoral\/wp-content\/uploads\/2021\/06\/IMG_2331-1024x683.jpg 1024w, https:\/\/unisale.com.br\/pastoral\/wp-content\/uploads\/2021\/06\/IMG_2331-768x512.jpg 768w, https:\/\/unisale.com.br\/pastoral\/wp-content\/uploads\/2021\/06\/IMG_2331-930x620.jpg 930w\" sizes=\"(max-width: 750px) 100vw, 750px\" \/><\/a>\n\t\t\t<\/dt><\/dl><br style=\"clear: both\" \/><dl class='gallery-item'>\n\t\t\t<dt class='gallery-icon landscape'>\n\t\t\t\t<a href='https:\/\/unisale.com.br\/pastoral\/missa-em-homenagem-a-nossa-senhora-auxiliadora\/img_2340-2\/'><img loading=\"lazy\" decoding=\"async\" width=\"750\" height=\"500\" src=\"https:\/\/unisale.com.br\/pastoral\/wp-content\/uploads\/2021\/06\/IMG_2340-1.jpg\" class=\"attachment-full size-full\" alt=\"\" srcset=\"https:\/\/unisale.com.br\/pastoral\/wp-content\/uploads\/2021\/06\/IMG_2340-1.jpg 750w, https:\/\/unisale.com.br\/pastoral\/wp-content\/uploads\/2021\/06\/IMG_2340-1-300x200.jpg 300w, https:\/\/unisale.com.br\/pastoral\/wp-content\/uploads\/2021\/06\/IMG_2340-1-1024x683.jpg 1024w, https:\/\/unisale.com.br\/pastoral\/wp-content\/uploads\/2021\/06\/IMG_2340-1-768x512.jpg 768w, https:\/\/unisale.com.br\/pastoral\/wp-content\/uploads\/2021\/06\/IMG_2340-1-930x620.jpg 930w\" sizes=\"(max-width: 750px) 100vw, 750px\" \/><\/a>\n\t\t\t<\/dt><\/dl><dl class='gallery-item'>\n\t\t\t<dt class='gallery-icon landscape'>\n\t\t\t\t<a href='https:\/\/unisale.com.br\/pastoral\/missa-em-homenagem-a-nossa-senhora-auxiliadora\/img_2345\/'><img loading=\"lazy\" decoding=\"async\" width=\"750\" height=\"500\" src=\"https:\/\/unisale.com.br\/pastoral\/wp-content\/uploads\/2021\/06\/IMG_2345.jpg\" class=\"attachment-full size-full\" alt=\"\" srcset=\"https:\/\/unisale.com.br\/pastoral\/wp-content\/uploads\/2021\/06\/IMG_2345.jpg 750w, https:\/\/unisale.com.br\/pastoral\/wp-content\/uploads\/2021\/06\/IMG_2345-300x200.jpg 300w, https:\/\/unisale.com.br\/pastoral\/wp-content\/uploads\/2021\/06\/IMG_2345-1024x683.jpg 1024w, https:\/\/unisale.com.br\/pastoral\/wp-content\/uploads\/2021\/06\/IMG_2345-768x512.jpg 768w, https:\/\/unisale.com.br\/pastoral\/wp-content\/uploads\/2021\/06\/IMG_2345-930x620.jpg 930w\" sizes=\"(max-width: 750px) 100vw, 750px\" \/><\/a>\n\t\t\t<\/dt><\/dl><dl class='gallery-item'>\n\t\t\t<dt class='gallery-icon landscape'>\n\t\t\t\t<a href='https:\/\/unisale.com.br\/pastoral\/missa-em-homenagem-a-nossa-senhora-auxiliadora\/img_2362-2\/'><img loading=\"lazy\" decoding=\"async\" width=\"750\" height=\"500\" src=\"https:\/\/unisale.com.br\/pastoral\/wp-content\/uploads\/2021\/06\/IMG_2362-1.jpg\" class=\"attachment-full size-full\" alt=\"\" srcset=\"https:\/\/unisale.com.br\/pastoral\/wp-content\/uploads\/2021\/06\/IMG_2362-1.jpg 750w, https:\/\/unisale.com.br\/pastoral\/wp-content\/uploads\/2021\/06\/IMG_2362-1-300x200.jpg 300w, https:\/\/unisale.com.br\/pastoral\/wp-content\/uploads\/2021\/06\/IMG_2362-1-1024x683.jpg 1024w, https:\/\/unisale.com.br\/pastoral\/wp-content\/uploads\/2021\/06\/IMG_2362-1-768x512.jpg 768w, https:\/\/unisale.com.br\/pastoral\/wp-content\/uploads\/2021\/06\/IMG_2362-1-930x620.jpg 930w\" sizes=\"(max-width: 750px) 100vw, 750px\" \/><\/a>\n\t\t\t<\/dt><\/dl><dl class='gallery-item'>\n\t\t\t<dt class='gallery-icon landscape'>\n\t\t\t\t<a href='https:\/\/unisale.com.br\/pastoral\/missa-em-homenagem-a-nossa-senhora-auxiliadora\/img_2369-2\/'><img loading=\"lazy\" decoding=\"async\" width=\"750\" height=\"500\" src=\"https:\/\/unisale.com.br\/pastoral\/wp-content\/uploads\/2021\/06\/IMG_2369-1.jpg\" class=\"attachment-full size-full\" alt=\"\" srcset=\"https:\/\/unisale.com.br\/pastoral\/wp-content\/uploads\/2021\/06\/IMG_2369-1.jpg 750w, https:\/\/unisale.com.br\/pastoral\/wp-content\/uploads\/2021\/06\/IMG_2369-1-300x200.jpg 300w, https:\/\/unisale.com.br\/pastoral\/wp-content\/uploads\/2021\/06\/IMG_2369-1-1024x683.jpg 1024w, https:\/\/unisale.com.br\/pastoral\/wp-content\/uploads\/2021\/06\/IMG_2369-1-768x512.jpg 768w, https:\/\/unisale.com.br\/pastoral\/wp-content\/uploads\/2021\/06\/IMG_2369-1-930x620.jpg 930w\" sizes=\"(max-width: 750px) 100vw, 750px\" \/><\/a>\n\t\t\t<\/dt><\/dl><dl class='gallery-item'>\n\t\t\t<dt class='gallery-icon landscape'>\n\t\t\t\t<a href='https:\/\/unisale.com.br\/pastoral\/missa-em-homenagem-a-nossa-senhora-auxiliadora\/img_2371-2\/'><img loading=\"lazy\" decoding=\"async\" width=\"750\" height=\"500\" src=\"https:\/\/unisale.com.br\/pastoral\/wp-content\/uploads\/2021\/06\/IMG_2371-1.jpg\" class=\"attachment-full size-full\" alt=\"\" srcset=\"https:\/\/unisale.com.br\/pastoral\/wp-content\/uploads\/2021\/06\/IMG_2371-1.jpg 750w, https:\/\/unisale.com.br\/pastoral\/wp-content\/uploads\/2021\/06\/IMG_2371-1-300x200.jpg 300w, https:\/\/unisale.com.br\/pastoral\/wp-content\/uploads\/2021\/06\/IMG_2371-1-1024x683.jpg 1024w, https:\/\/unisale.com.br\/pastoral\/wp-content\/uploads\/2021\/06\/IMG_2371-1-768x512.jpg 768w, https:\/\/unisale.com.br\/pastoral\/wp-content\/uploads\/2021\/06\/IMG_2371-1-930x620.jpg 930w\" sizes=\"(max-width: 750px) 100vw, 750px\" \/><\/a>\n\t\t\t<\/dt><\/dl><dl class='gallery-item'>\n\t\t\t<dt class='gallery-icon landscape'>\n\t\t\t\t<a href='https:\/\/unisale.com.br\/pastoral\/missa-em-homenagem-a-nossa-senhora-auxiliadora\/img_2374-2\/'><img loading=\"lazy\" decoding=\"async\" width=\"750\" height=\"500\" src=\"https:\/\/unisale.com.br\/pastoral\/wp-content\/uploads\/2021\/06\/IMG_2374-1.jpg\" class=\"attachment-full size-full\" alt=\"\" srcset=\"https:\/\/unisale.com.br\/pastoral\/wp-content\/uploads\/2021\/06\/IMG_2374-1.jpg 750w, https:\/\/unisale.com.br\/pastoral\/wp-content\/uploads\/2021\/06\/IMG_2374-1-300x200.jpg 300w, https:\/\/unisale.com.br\/pastoral\/wp-content\/uploads\/2021\/06\/IMG_2374-1-1024x683.jpg 1024w, https:\/\/unisale.com.br\/pastoral\/wp-content\/uploads\/2021\/06\/IMG_2374-1-768x512.jpg 768w, https:\/\/unisale.com.br\/pastoral\/wp-content\/uploads\/2021\/06\/IMG_2374-1-930x620.jpg 930w\" sizes=\"(max-width: 750px) 100vw, 750px\" \/><\/a>\n\t\t\t<\/dt><\/dl><br style=\"clear: both\" \/><dl class='gallery-item'>\n\t\t\t<dt class='gallery-icon landscape'>\n\t\t\t\t<a href='https:\/\/unisale.com.br\/pastoral\/missa-em-homenagem-a-nossa-senhora-auxiliadora\/img_2382-2\/'><img loading=\"lazy\" decoding=\"async\" width=\"750\" height=\"500\" src=\"https:\/\/unisale.com.br\/pastoral\/wp-content\/uploads\/2021\/06\/IMG_2382-1.jpg\" class=\"attachment-full size-full\" alt=\"\" srcset=\"https:\/\/unisale.com.br\/pastoral\/wp-content\/uploads\/2021\/06\/IMG_2382-1.jpg 750w, https:\/\/unisale.com.br\/pastoral\/wp-content\/uploads\/2021\/06\/IMG_2382-1-300x200.jpg 300w, https:\/\/unisale.com.br\/pastoral\/wp-content\/uploads\/2021\/06\/IMG_2382-1-1024x683.jpg 1024w, https:\/\/unisale.com.br\/pastoral\/wp-content\/uploads\/2021\/06\/IMG_2382-1-768x512.jpg 768w, https:\/\/unisale.com.br\/pastoral\/wp-content\/uploads\/2021\/06\/IMG_2382-1-930x620.jpg 930w\" sizes=\"(max-width: 750px) 100vw, 750px\" \/><\/a>\n\t\t\t<\/dt><\/dl><dl class='gallery-item'>\n\t\t\t<dt class='gallery-icon landscape'>\n\t\t\t\t<a href='https:\/\/unisale.com.br\/pastoral\/missa-em-homenagem-a-nossa-senhora-auxiliadora\/img_2384\/'><img loading=\"lazy\" decoding=\"async\" width=\"750\" height=\"500\" src=\"https:\/\/unisale.com.br\/pastoral\/wp-content\/uploads\/2021\/06\/IMG_2384.jpg\" class=\"attachment-full size-full\" alt=\"\" srcset=\"https:\/\/unisale.com.br\/pastoral\/wp-content\/uploads\/2021\/06\/IMG_2384.jpg 750w, https:\/\/unisale.com.br\/pastoral\/wp-content\/uploads\/2021\/06\/IMG_2384-300x200.jpg 300w, https:\/\/unisale.com.br\/pastoral\/wp-content\/uploads\/2021\/06\/IMG_2384-1024x683.jpg 1024w, https:\/\/unisale.com.br\/pastoral\/wp-content\/uploads\/2021\/06\/IMG_2384-768x512.jpg 768w, https:\/\/unisale.com.br\/pastoral\/wp-content\/uploads\/2021\/06\/IMG_2384-930x620.jpg 930w\" sizes=\"(max-width: 750px) 100vw, 750px\" \/><\/a>\n\t\t\t<\/dt><\/dl><dl class='gallery-item'>\n\t\t\t<dt class='gallery-icon landscape'>\n\t\t\t\t<a href='https:\/\/unisale.com.br\/pastoral\/missa-em-homenagem-a-nossa-senhora-auxiliadora\/img_2386\/'><img loading=\"lazy\" decoding=\"async\" width=\"750\" height=\"500\" src=\"https:\/\/unisale.com.br\/pastoral\/wp-content\/uploads\/2021\/06\/IMG_2386.jpg\" class=\"attachment-full size-full\" alt=\"\" srcset=\"https:\/\/unisale.com.br\/pastoral\/wp-content\/uploads\/2021\/06\/IMG_2386.jpg 750w, https:\/\/unisale.com.br\/pastoral\/wp-content\/uploads\/2021\/06\/IMG_2386-300x200.jpg 300w, https:\/\/unisale.com.br\/pastoral\/wp-content\/uploads\/2021\/06\/IMG_2386-1024x683.jpg 1024w, https:\/\/unisale.com.br\/pastoral\/wp-content\/uploads\/2021\/06\/IMG_2386-768x512.jpg 768w, https:\/\/unisale.com.br\/pastoral\/wp-content\/uploads\/2021\/06\/IMG_2386-930x620.jpg 930w\" sizes=\"(max-width: 750px) 100vw, 750px\" \/><\/a>\n\t\t\t<\/dt><\/dl><dl class='gallery-item'>\n\t\t\t<dt class='gallery-icon landscape'>\n\t\t\t\t<a href='https:\/\/unisale.com.br\/pastoral\/missa-em-homenagem-a-nossa-senhora-auxiliadora\/img_2393\/'><img loading=\"lazy\" decoding=\"async\" width=\"750\" height=\"500\" src=\"https:\/\/unisale.com.br\/pastoral\/wp-content\/uploads\/2021\/06\/IMG_2393.jpg\" class=\"attachment-full size-full\" alt=\"\" srcset=\"https:\/\/unisale.com.br\/pastoral\/wp-content\/uploads\/2021\/06\/IMG_2393.jpg 750w, https:\/\/unisale.com.br\/pastoral\/wp-content\/uploads\/2021\/06\/IMG_2393-300x200.jpg 300w, https:\/\/unisale.com.br\/pastoral\/wp-content\/uploads\/2021\/06\/IMG_2393-1024x683.jpg 1024w, https:\/\/unisale.com.br\/pastoral\/wp-content\/uploads\/2021\/06\/IMG_2393-768x512.jpg 768w, https:\/\/unisale.com.br\/pastoral\/wp-content\/uploads\/2021\/06\/IMG_2393-930x620.jpg 930w\" sizes=\"(max-width: 750px) 100vw, 750px\" \/><\/a>\n\t\t\t<\/dt><\/dl><dl class='gallery-item'>\n\t\t\t<dt class='gallery-icon landscape'>\n\t\t\t\t<a href='https:\/\/unisale.com.br\/pastoral\/missa-em-homenagem-a-nossa-senhora-auxiliadora\/img_2394\/'><img loading=\"lazy\" decoding=\"async\" width=\"750\" height=\"500\" src=\"https:\/\/unisale.com.br\/pastoral\/wp-content\/uploads\/2021\/06\/IMG_2394.jpg\" class=\"attachment-full size-full\" alt=\"\" srcset=\"https:\/\/unisale.com.br\/pastoral\/wp-content\/uploads\/2021\/06\/IMG_2394.jpg 750w, https:\/\/unisale.com.br\/pastoral\/wp-content\/uploads\/2021\/06\/IMG_2394-300x200.jpg 300w, https:\/\/unisale.com.br\/pastoral\/wp-content\/uploads\/2021\/06\/IMG_2394-1024x683.jpg 1024w, https:\/\/unisale.com.br\/pastoral\/wp-content\/uploads\/2021\/06\/IMG_2394-768x512.jpg 768w, https:\/\/unisale.com.br\/pastoral\/wp-content\/uploads\/2021\/06\/IMG_2394-930x620.jpg 930w\" sizes=\"(max-width: 750px) 100vw, 750px\" \/><\/a>\n\t\t\t<\/dt><\/dl><dl class='gallery-item'>\n\t\t\t<dt class='gallery-icon landscape'>\n\t\t\t\t<a href='https:\/\/unisale.com.br\/pastoral\/missa-em-homenagem-a-nossa-senhora-auxiliadora\/img_2395\/'><img loading=\"lazy\" decoding=\"async\" width=\"750\" height=\"500\" src=\"https:\/\/unisale.com.br\/pastoral\/wp-content\/uploads\/2021\/06\/IMG_2395.jpg\" class=\"attachment-full size-full\" alt=\"\" srcset=\"https:\/\/unisale.com.br\/pastoral\/wp-content\/uploads\/2021\/06\/IMG_2395.jpg 750w, https:\/\/unisale.com.br\/pastoral\/wp-content\/uploads\/2021\/06\/IMG_2395-300x200.jpg 300w, https:\/\/unisale.com.br\/pastoral\/wp-content\/uploads\/2021\/06\/IMG_2395-1024x683.jpg 1024w, https:\/\/unisale.com.br\/pastoral\/wp-content\/uploads\/2021\/06\/IMG_2395-768x512.jpg 768w, https:\/\/unisale.com.br\/pastoral\/wp-content\/uploads\/2021\/06\/IMG_2395-930x620.jpg 930w\" sizes=\"(max-width: 750px) 100vw, 750px\" \/><\/a>\n\t\t\t<\/dt><\/dl><br style=\"clear: both\" \/>\n\t\t<\/div>\n\n<p>&nbsp;<\/p>\n","protected":false},"excerpt":{"rendered":"<p>A celebra\u00e7\u00e3o foi presidida pelo Diretor do UniSALESIANO, Pe. Erondi Tamandar\u00e9 e concelebrada pelo Pr\u00f3-Reitor de Pastoral Pe. Paulo Eduardo J\u00e1como. O\u00a0UniSALESIANO\u00a0realizou uma\u00a0Missa em Homenagem&#8230;<\/p>\n","protected":false},"author":1,"featured_media":1846,"comment_status":"closed","ping_status":"closed","sticky":false,"template":"","format":"standard","meta":{"_acf_changed":false,"footnotes":""},"categories":[3],"tags":[],"class_list":["post-1830","post","type-post","status-publish","format-standard","has-post-thumbnail","hentry","category-not"],"acf":[],"yoast_head":"<!-- This site is optimized with the Yoast SEO plugin v27.3 - https:\/\/yoast.com\/product\/yoast-seo-wordpress\/ -->\n<title>UniSALESIANO celebra Missa em homenagem a Nossa Senhora Auxiliadora - Pastoral Universit\u00e1ria UniSALESIANO<\/title>\n<meta name=\"robots\" content=\"index, follow, max-snippet:-1, max-image-preview:large, max-video-preview:-1\" \/>\n<link rel=\"canonical\" href=\"https:\/\/unisale.com.br\/novo\/missa-em-homenagem-a-nossa-senhora-auxiliadora\/\" \/>\n<meta property=\"og:locale\" content=\"pt_BR\" \/>\n<meta property=\"og:type\" content=\"article\" \/>\n<meta property=\"og:title\" content=\"UniSALESIANO celebra Missa em homenagem a Nossa Senhora Auxiliadora - Pastoral Universit\u00e1ria UniSALESIANO\" \/>\n<meta property=\"og:description\" content=\"A celebra\u00e7\u00e3o foi presidida pelo Diretor do UniSALESIANO, Pe. Erondi Tamandar\u00e9 e concelebrada pelo Pr\u00f3-Reitor de Pastoral Pe. Paulo Eduardo J\u00e1como. O\u00a0UniSALESIANO\u00a0realizou uma\u00a0Missa em Homenagem...\" \/>\n<meta property=\"og:url\" content=\"https:\/\/unisale.com.br\/novo\/missa-em-homenagem-a-nossa-senhora-auxiliadora\/\" \/>\n<meta property=\"og:site_name\" content=\"Pastoral Universit\u00e1ria UniSALESIANO\" \/>\n<meta property=\"article:published_time\" content=\"2021-06-02T13:04:36+00:00\" \/>\n<meta property=\"article:modified_time\" content=\"2021-06-02T18:44:41+00:00\" \/>\n<meta property=\"og:image\" content=\"https:\/\/unisale.com.br\/novo\/wp-content\/uploads\/2021\/06\/IMG_2281.jpg\" \/>\n\t<meta property=\"og:image:width\" content=\"1080\" \/>\n\t<meta property=\"og:image:height\" content=\"720\" \/>\n\t<meta property=\"og:image:type\" content=\"image\/jpeg\" \/>\n<meta name=\"author\" content=\"pastoral\" \/>\n<meta name=\"twitter:card\" content=\"summary_large_image\" \/>\n<meta name=\"twitter:label1\" content=\"Escrito por\" \/>\n\t<meta name=\"twitter:data1\" content=\"pastoral\" \/>\n\t<meta name=\"twitter:label2\" content=\"Est. tempo de leitura\" \/>\n\t<meta name=\"twitter:data2\" content=\"1 minuto\" \/>\n<script type=\"application\/ld+json\" class=\"yoast-schema-graph\">{\"@context\":\"https:\\\/\\\/schema.org\",\"@graph\":[{\"@type\":\"Article\",\"@id\":\"https:\\\/\\\/unisale.com.br\\\/novo\\\/missa-em-homenagem-a-nossa-senhora-auxiliadora\\\/#article\",\"isPartOf\":{\"@id\":\"https:\\\/\\\/unisale.com.br\\\/novo\\\/missa-em-homenagem-a-nossa-senhora-auxiliadora\\\/\"},\"author\":{\"name\":\"pastoral\",\"@id\":\"https:\\\/\\\/unisale.com.br\\\/pastoral\\\/#\\\/schema\\\/person\\\/a16ba711a0f7dec9cb6b44563144d5a3\"},\"headline\":\"UniSALESIANO celebra Missa em homenagem a Nossa Senhora Auxiliadora\",\"datePublished\":\"2021-06-02T13:04:36+00:00\",\"dateModified\":\"2021-06-02T18:44:41+00:00\",\"mainEntityOfPage\":{\"@id\":\"https:\\\/\\\/unisale.com.br\\\/novo\\\/missa-em-homenagem-a-nossa-senhora-auxiliadora\\\/\"},\"wordCount\":222,\"image\":{\"@id\":\"https:\\\/\\\/unisale.com.br\\\/novo\\\/missa-em-homenagem-a-nossa-senhora-auxiliadora\\\/#primaryimage\"},\"thumbnailUrl\":\"https:\\\/\\\/unisale.com.br\\\/pastoral\\\/wp-content\\\/uploads\\\/2021\\\/06\\\/IMG_2281.jpg\",\"articleSection\":[\"Not\u00edcias\"],\"inLanguage\":\"pt-BR\"},{\"@type\":\"WebPage\",\"@id\":\"https:\\\/\\\/unisale.com.br\\\/novo\\\/missa-em-homenagem-a-nossa-senhora-auxiliadora\\\/\",\"url\":\"https:\\\/\\\/unisale.com.br\\\/novo\\\/missa-em-homenagem-a-nossa-senhora-auxiliadora\\\/\",\"name\":\"UniSALESIANO celebra Missa em homenagem a Nossa Senhora Auxiliadora - Pastoral Universit\u00e1ria UniSALESIANO\",\"isPartOf\":{\"@id\":\"https:\\\/\\\/unisale.com.br\\\/pastoral\\\/#website\"},\"primaryImageOfPage\":{\"@id\":\"https:\\\/\\\/unisale.com.br\\\/novo\\\/missa-em-homenagem-a-nossa-senhora-auxiliadora\\\/#primaryimage\"},\"image\":{\"@id\":\"https:\\\/\\\/unisale.com.br\\\/novo\\\/missa-em-homenagem-a-nossa-senhora-auxiliadora\\\/#primaryimage\"},\"thumbnailUrl\":\"https:\\\/\\\/unisale.com.br\\\/pastoral\\\/wp-content\\\/uploads\\\/2021\\\/06\\\/IMG_2281.jpg\",\"datePublished\":\"2021-06-02T13:04:36+00:00\",\"dateModified\":\"2021-06-02T18:44:41+00:00\",\"author\":{\"@id\":\"https:\\\/\\\/unisale.com.br\\\/pastoral\\\/#\\\/schema\\\/person\\\/a16ba711a0f7dec9cb6b44563144d5a3\"},\"inLanguage\":\"pt-BR\",\"potentialAction\":[{\"@type\":\"ReadAction\",\"target\":[\"https:\\\/\\\/unisale.com.br\\\/novo\\\/missa-em-homenagem-a-nossa-senhora-auxiliadora\\\/\"]}]},{\"@type\":\"ImageObject\",\"inLanguage\":\"pt-BR\",\"@id\":\"https:\\\/\\\/unisale.com.br\\\/novo\\\/missa-em-homenagem-a-nossa-senhora-auxiliadora\\\/#primaryimage\",\"url\":\"https:\\\/\\\/unisale.com.br\\\/pastoral\\\/wp-content\\\/uploads\\\/2021\\\/06\\\/IMG_2281.jpg\",\"contentUrl\":\"https:\\\/\\\/unisale.com.br\\\/pastoral\\\/wp-content\\\/uploads\\\/2021\\\/06\\\/IMG_2281.jpg\",\"width\":750,\"height\":500},{\"@type\":\"WebSite\",\"@id\":\"https:\\\/\\\/unisale.com.br\\\/pastoral\\\/#website\",\"url\":\"https:\\\/\\\/unisale.com.br\\\/pastoral\\\/\",\"name\":\"Pastoral Universit\u00e1ria UniSALESIANO\",\"description\":\"Site da Pastoral Universit\u00e1ria do UniSALESIANO\",\"potentialAction\":[{\"@type\":\"SearchAction\",\"target\":{\"@type\":\"EntryPoint\",\"urlTemplate\":\"https:\\\/\\\/unisale.com.br\\\/pastoral\\\/?s={search_term_string}\"},\"query-input\":{\"@type\":\"PropertyValueSpecification\",\"valueRequired\":true,\"valueName\":\"search_term_string\"}}],\"inLanguage\":\"pt-BR\"},{\"@type\":\"Person\",\"@id\":\"https:\\\/\\\/unisale.com.br\\\/pastoral\\\/#\\\/schema\\\/person\\\/a16ba711a0f7dec9cb6b44563144d5a3\",\"name\":\"pastoral\",\"url\":\"https:\\\/\\\/unisale.com.br\\\/pastoral\\\/author\\\/pastoral\\\/\"}]}<\/script>\n<!-- \/ Yoast SEO plugin. -->","yoast_head_json":{"title":"UniSALESIANO celebra Missa em homenagem a Nossa Senhora Auxiliadora - Pastoral Universit\u00e1ria UniSALESIANO","robots":{"index":"index","follow":"follow","max-snippet":"max-snippet:-1","max-image-preview":"max-image-preview:large","max-video-preview":"max-video-preview:-1"},"canonical":"https:\/\/unisale.com.br\/novo\/missa-em-homenagem-a-nossa-senhora-auxiliadora\/","og_locale":"pt_BR","og_type":"article","og_title":"UniSALESIANO celebra Missa em homenagem a Nossa Senhora Auxiliadora - Pastoral Universit\u00e1ria UniSALESIANO","og_description":"A celebra\u00e7\u00e3o foi presidida pelo Diretor do UniSALESIANO, Pe. Erondi Tamandar\u00e9 e concelebrada pelo Pr\u00f3-Reitor de Pastoral Pe. Paulo Eduardo J\u00e1como. O\u00a0UniSALESIANO\u00a0realizou uma\u00a0Missa em Homenagem...","og_url":"https:\/\/unisale.com.br\/novo\/missa-em-homenagem-a-nossa-senhora-auxiliadora\/","og_site_name":"Pastoral Universit\u00e1ria UniSALESIANO","article_published_time":"2021-06-02T13:04:36+00:00","article_modified_time":"2021-06-02T18:44:41+00:00","og_image":[{"width":1080,"height":720,"url":"https:\/\/unisale.com.br\/novo\/wp-content\/uploads\/2021\/06\/IMG_2281.jpg","type":"image\/jpeg"}],"author":"pastoral","twitter_card":"summary_large_image","twitter_misc":{"Escrito por":"pastoral","Est. tempo de leitura":"1 minuto"},"schema":{"@context":"https:\/\/schema.org","@graph":[{"@type":"Article","@id":"https:\/\/unisale.com.br\/novo\/missa-em-homenagem-a-nossa-senhora-auxiliadora\/#article","isPartOf":{"@id":"https:\/\/unisale.com.br\/novo\/missa-em-homenagem-a-nossa-senhora-auxiliadora\/"},"author":{"name":"pastoral","@id":"https:\/\/unisale.com.br\/pastoral\/#\/schema\/person\/a16ba711a0f7dec9cb6b44563144d5a3"},"headline":"UniSALESIANO celebra Missa em homenagem a Nossa Senhora Auxiliadora","datePublished":"2021-06-02T13:04:36+00:00","dateModified":"2021-06-02T18:44:41+00:00","mainEntityOfPage":{"@id":"https:\/\/unisale.com.br\/novo\/missa-em-homenagem-a-nossa-senhora-auxiliadora\/"},"wordCount":222,"image":{"@id":"https:\/\/unisale.com.br\/novo\/missa-em-homenagem-a-nossa-senhora-auxiliadora\/#primaryimage"},"thumbnailUrl":"https:\/\/unisale.com.br\/pastoral\/wp-content\/uploads\/2021\/06\/IMG_2281.jpg","articleSection":["Not\u00edcias"],"inLanguage":"pt-BR"},{"@type":"WebPage","@id":"https:\/\/unisale.com.br\/novo\/missa-em-homenagem-a-nossa-senhora-auxiliadora\/","url":"https:\/\/unisale.com.br\/novo\/missa-em-homenagem-a-nossa-senhora-auxiliadora\/","name":"UniSALESIANO celebra Missa em homenagem a Nossa Senhora Auxiliadora - Pastoral Universit\u00e1ria UniSALESIANO","isPartOf":{"@id":"https:\/\/unisale.com.br\/pastoral\/#website"},"primaryImageOfPage":{"@id":"https:\/\/unisale.com.br\/novo\/missa-em-homenagem-a-nossa-senhora-auxiliadora\/#primaryimage"},"image":{"@id":"https:\/\/unisale.com.br\/novo\/missa-em-homenagem-a-nossa-senhora-auxiliadora\/#primaryimage"},"thumbnailUrl":"https:\/\/unisale.com.br\/pastoral\/wp-content\/uploads\/2021\/06\/IMG_2281.jpg","datePublished":"2021-06-02T13:04:36+00:00","dateModified":"2021-06-02T18:44:41+00:00","author":{"@id":"https:\/\/unisale.com.br\/pastoral\/#\/schema\/person\/a16ba711a0f7dec9cb6b44563144d5a3"},"inLanguage":"pt-BR","potentialAction":[{"@type":"ReadAction","target":["https:\/\/unisale.com.br\/novo\/missa-em-homenagem-a-nossa-senhora-auxiliadora\/"]}]},{"@type":"ImageObject","inLanguage":"pt-BR","@id":"https:\/\/unisale.com.br\/novo\/missa-em-homenagem-a-nossa-senhora-auxiliadora\/#primaryimage","url":"https:\/\/unisale.com.br\/pastoral\/wp-content\/uploads\/2021\/06\/IMG_2281.jpg","contentUrl":"https:\/\/unisale.com.br\/pastoral\/wp-content\/uploads\/2021\/06\/IMG_2281.jpg","width":750,"height":500},{"@type":"WebSite","@id":"https:\/\/unisale.com.br\/pastoral\/#website","url":"https:\/\/unisale.com.br\/pastoral\/","name":"Pastoral Universit\u00e1ria UniSALESIANO","description":"Site da Pastoral Universit\u00e1ria do UniSALESIANO","potentialAction":[{"@type":"SearchAction","target":{"@type":"EntryPoint","urlTemplate":"https:\/\/unisale.com.br\/pastoral\/?s={search_term_string}"},"query-input":{"@type":"PropertyValueSpecification","valueRequired":true,"valueName":"search_term_string"}}],"inLanguage":"pt-BR"},{"@type":"Person","@id":"https:\/\/unisale.com.br\/pastoral\/#\/schema\/person\/a16ba711a0f7dec9cb6b44563144d5a3","name":"pastoral","url":"https:\/\/unisale.com.br\/pastoral\/author\/pastoral\/"}]}},"_links":{"self":[{"href":"https:\/\/unisale.com.br\/pastoral\/wp-json\/wp\/v2\/posts\/1830","targetHints":{"allow":["GET"]}}],"collection":[{"href":"https:\/\/unisale.com.br\/pastoral\/wp-json\/wp\/v2\/posts"}],"about":[{"href":"https:\/\/unisale.com.br\/pastoral\/wp-json\/wp\/v2\/types\/post"}],"author":[{"embeddable":true,"href":"https:\/\/unisale.com.br\/pastoral\/wp-json\/wp\/v2\/users\/1"}],"replies":[{"embeddable":true,"href":"https:\/\/unisale.com.br\/pastoral\/wp-json\/wp\/v2\/comments?post=1830"}],"version-history":[{"count":0,"href":"https:\/\/unisale.com.br\/pastoral\/wp-json\/wp\/v2\/posts\/1830\/revisions"}],"wp:featuredmedia":[{"embeddable":true,"href":"https:\/\/unisale.com.br\/pastoral\/wp-json\/wp\/v2\/media\/1846"}],"wp:attachment":[{"href":"https:\/\/unisale.com.br\/pastoral\/wp-json\/wp\/v2\/media?parent=1830"}],"wp:term":[{"taxonomy":"category","embeddable":true,"href":"https:\/\/unisale.com.br\/pastoral\/wp-json\/wp\/v2\/categories?post=1830"},{"taxonomy":"post_tag","embeddable":true,"href":"https:\/\/unisale.com.br\/pastoral\/wp-json\/wp\/v2\/tags?post=1830"}],"curies":[{"name":"wp","href":"https:\/\/api.w.org\/{rel}","templated":true}]}}