{"id":1904,"date":"2021-06-04T17:32:25","date_gmt":"2021-06-04T17:32:25","guid":{"rendered":"https:\/\/unisale.com.br\/pastoral\/?p=1904"},"modified":"2021-06-04T17:32:25","modified_gmt":"2021-06-04T17:32:25","slug":"vos-sois-o-sal-da-terra","status":"publish","type":"post","link":"https:\/\/unisale.com.br\/pastoral\/vos-sois-o-sal-da-terra\/","title":{"rendered":"08\/06 &#8211; V\u00f3s sois o sal da terra&#8230; V\u00f3s sois a luz do mundo"},"content":{"rendered":"<p>Ter\u00e7a-feira, 8 de junho de 2021.<\/p>\n<p>&nbsp;<\/p>\n<p>Evangelho (Mt 5,13-16)<\/p>\n<p>&nbsp;<\/p>\n<p><strong>\u201cV\u00f3s sois o sal da terra&#8230; V\u00f3s sois a luz do mundo\u201d<\/strong><\/p>\n<p>&nbsp;<\/p>\n<p>Naquele tempo, disse Jesus aos seus disc\u00edpulos: <sup>13<\/sup>\u201dV\u00f3s sois o sal da terra. Ora, se o sal se tornar insosso, com que salgaremos? Ele n\u00e3o servir\u00e1 para mais nada, sen\u00e3o para ser jogado fora e ser pisado pelos homens.<\/p>\n<p><sup>14<\/sup>V\u00f3s sois a luz do mundo. N\u00e3o pode ficar escondida uma cidade constru\u00edda sobre um monte. <sup>15<\/sup>Ningu\u00e9m acende uma l\u00e2mpada e a coloca debaixo de uma vasilha, mas sim num candeeiro, onde ela brilha para todos os que est\u00e3o em casa. <sup>16<\/sup>Assim tamb\u00e9m brilhe a vossa luz diante dos homens, para que vejam as vossas boas obras e louvem o vosso Pai que est\u00e1 nos c\u00e9us\u201d.<\/p>\n<p>&nbsp;<\/p>\n<p><strong>Reflex\u00e3o<\/strong><\/p>\n<p>&nbsp;<\/p>\n<p>N\u00f3s, crist\u00e3os, n\u00e3o estamos no mundo apenas como figurantes, ou como enfeites de geladeira. A vida que aqui vivemos deve deixar um sinal, do contr\u00e1rio, viveremos a nossa pr\u00f3pria fal\u00eancia. Por defini\u00e7\u00e3o, um crist\u00e3o deve ser significativo, isto \u00e9, sua vida deve produzir sabor, gosto, luz e dire\u00e7\u00e3o: \u201cV\u00f3s sois o sal da terra&#8230; v\u00f3s sois a luz do mundo\u201d.<\/p>\n<p>A nossa miss\u00e3o \u00e9, justamente, manter acesa a luz quando a escurid\u00e3o quiser dominar. Um crist\u00e3o deve trabalhar para dar sabor \u00e0s coisas, se ocupar em iluminar, e n\u00e3o se comportar como qualquer outra pessoa ou instrumento de poder. O nosso \u201cser\u201d deve fazer mudar as coisas em termos de qualidade e n\u00e3o de quantidade. Onde quer que tenha um crist\u00e3o, as coisas deveriam ser feitas de um modo diferente, de modo apaixonante, alegre, competente. Um crist\u00e3o humaniza os ambientes, seja a escola, a pol\u00edtica, a medicina. Se um crist\u00e3o deixa de ser \u201csal e luz\u201d, n\u00e3o serve para nada, a n\u00e3o ser, ser jogado fora. Um crist\u00e3o que n\u00e3o age como crist\u00e3o \u00e9, teologicamente falando, um lixo. E n\u00e3o um lixo qualquer, mas um lixo que polui. E o mundo j\u00e1 est\u00e1 cheio de lixo poluente.<\/p>\n<p>Uma outra miss\u00e3o muito s\u00e9ria do crist\u00e3o \u00e9 a miss\u00e3o do amor. As coisas que contam n\u00e3o devem ser ostentadas, mas tamb\u00e9m n\u00e3o podem manter-se escondidas. N\u00e3o podemos viver em vitrines, mas n\u00e3o podemos crer que o bem deve ser transparente e invis\u00edvel. A diferen\u00e7a \u00e9 muito simples: o bem que n\u00e3o \u00e9 bom \u00e9 sedutor, conduz a si mesmo. O bem que \u00e9 bom, \u00e9 indicativo, faz ver sempre Deus. O crist\u00e3o \u00e9 chamado a indicar muito al\u00e9m do que se v\u00ea. O crist\u00e3o \u00e9 chamado a tornar vis\u00edvel a profundidade das coisas, a preciosidade das coisas criadas, a dignidade da vida. Eis, agora, porque o Evangelho de hoje \u00e9 cheio de um sentido vocacional conatural \u00e0 nossa f\u00e9. Quem cr\u00ea \u00e0s margens da hist\u00f3ria sem ferment\u00e1-la como o fermento, n\u00e3o s\u00f3 cr\u00ea mal, mas tamb\u00e9m n\u00e3o cr\u00ea em Jesus Cristo.<\/p>\n","protected":false},"excerpt":{"rendered":"<p>Ter\u00e7a-feira, 8 de junho de 2021. &nbsp; Evangelho (Mt 5,13-16) &nbsp; \u201cV\u00f3s sois o sal da terra&#8230; V\u00f3s sois a luz do mundo\u201d &nbsp; Naquele&#8230;<\/p>\n","protected":false},"author":1,"featured_media":1891,"comment_status":"closed","ping_status":"closed","sticky":false,"template":"","format":"standard","meta":{"_acf_changed":false,"footnotes":""},"categories":[13],"tags":[],"class_list":["post-1904","post","type-post","status-publish","format-standard","has-post-thumbnail","hentry","category-reflexaodoevagelho"],"acf":[],"yoast_head":"<!-- This site is optimized with the Yoast SEO plugin v27.3 - https:\/\/yoast.com\/product\/yoast-seo-wordpress\/ -->\n<title>08\/06 - V\u00f3s sois o sal da terra... V\u00f3s sois a luz do mundo - Pastoral Universit\u00e1ria UniSALESIANO<\/title>\n<meta name=\"robots\" content=\"index, follow, max-snippet:-1, max-image-preview:large, max-video-preview:-1\" \/>\n<link rel=\"canonical\" href=\"https:\/\/unisale.com.br\/novo\/vos-sois-o-sal-da-terra\/\" \/>\n<meta property=\"og:locale\" content=\"pt_BR\" \/>\n<meta property=\"og:type\" content=\"article\" \/>\n<meta property=\"og:title\" content=\"08\/06 - V\u00f3s sois o sal da terra... V\u00f3s sois a luz do mundo - Pastoral Universit\u00e1ria UniSALESIANO\" \/>\n<meta property=\"og:description\" content=\"Ter\u00e7a-feira, 8 de junho de 2021. &nbsp; Evangelho (Mt 5,13-16) &nbsp; \u201cV\u00f3s sois o sal da terra&#8230; V\u00f3s sois a luz do mundo\u201d &nbsp; Naquele...\" \/>\n<meta property=\"og:url\" content=\"https:\/\/unisale.com.br\/novo\/vos-sois-o-sal-da-terra\/\" \/>\n<meta property=\"og:site_name\" content=\"Pastoral Universit\u00e1ria UniSALESIANO\" \/>\n<meta property=\"article:published_time\" content=\"2021-06-04T17:32:25+00:00\" \/>\n<meta property=\"og:image\" content=\"https:\/\/unisale.com.br\/novo\/wp-content\/uploads\/2021\/06\/08-06.jpg\" \/>\n\t<meta property=\"og:image:width\" content=\"1920\" \/>\n\t<meta property=\"og:image:height\" content=\"1080\" \/>\n\t<meta property=\"og:image:type\" content=\"image\/jpeg\" \/>\n<meta name=\"author\" content=\"pastoral\" \/>\n<meta name=\"twitter:card\" content=\"summary_large_image\" \/>\n<meta name=\"twitter:label1\" content=\"Escrito por\" \/>\n\t<meta name=\"twitter:data1\" content=\"pastoral\" \/>\n\t<meta name=\"twitter:label2\" content=\"Est. tempo de leitura\" \/>\n\t<meta name=\"twitter:data2\" content=\"3 minutos\" \/>\n<script type=\"application\/ld+json\" class=\"yoast-schema-graph\">{\"@context\":\"https:\\\/\\\/schema.org\",\"@graph\":[{\"@type\":\"Article\",\"@id\":\"https:\\\/\\\/unisale.com.br\\\/novo\\\/vos-sois-o-sal-da-terra\\\/#article\",\"isPartOf\":{\"@id\":\"https:\\\/\\\/unisale.com.br\\\/novo\\\/vos-sois-o-sal-da-terra\\\/\"},\"author\":{\"name\":\"pastoral\",\"@id\":\"https:\\\/\\\/unisale.com.br\\\/pastoral\\\/#\\\/schema\\\/person\\\/a16ba711a0f7dec9cb6b44563144d5a3\"},\"headline\":\"08\\\/06 &#8211; V\u00f3s sois o sal da terra&#8230; V\u00f3s sois a luz do mundo\",\"datePublished\":\"2021-06-04T17:32:25+00:00\",\"mainEntityOfPage\":{\"@id\":\"https:\\\/\\\/unisale.com.br\\\/novo\\\/vos-sois-o-sal-da-terra\\\/\"},\"wordCount\":534,\"image\":{\"@id\":\"https:\\\/\\\/unisale.com.br\\\/novo\\\/vos-sois-o-sal-da-terra\\\/#primaryimage\"},\"thumbnailUrl\":\"https:\\\/\\\/unisale.com.br\\\/pastoral\\\/wp-content\\\/uploads\\\/2021\\\/06\\\/08-06.jpg\",\"articleSection\":[\"Reflex\u00e3o do Evangelho\"],\"inLanguage\":\"pt-BR\"},{\"@type\":\"WebPage\",\"@id\":\"https:\\\/\\\/unisale.com.br\\\/novo\\\/vos-sois-o-sal-da-terra\\\/\",\"url\":\"https:\\\/\\\/unisale.com.br\\\/novo\\\/vos-sois-o-sal-da-terra\\\/\",\"name\":\"08\\\/06 - V\u00f3s sois o sal da terra... V\u00f3s sois a luz do mundo - Pastoral Universit\u00e1ria UniSALESIANO\",\"isPartOf\":{\"@id\":\"https:\\\/\\\/unisale.com.br\\\/pastoral\\\/#website\"},\"primaryImageOfPage\":{\"@id\":\"https:\\\/\\\/unisale.com.br\\\/novo\\\/vos-sois-o-sal-da-terra\\\/#primaryimage\"},\"image\":{\"@id\":\"https:\\\/\\\/unisale.com.br\\\/novo\\\/vos-sois-o-sal-da-terra\\\/#primaryimage\"},\"thumbnailUrl\":\"https:\\\/\\\/unisale.com.br\\\/pastoral\\\/wp-content\\\/uploads\\\/2021\\\/06\\\/08-06.jpg\",\"datePublished\":\"2021-06-04T17:32:25+00:00\",\"author\":{\"@id\":\"https:\\\/\\\/unisale.com.br\\\/pastoral\\\/#\\\/schema\\\/person\\\/a16ba711a0f7dec9cb6b44563144d5a3\"},\"inLanguage\":\"pt-BR\",\"potentialAction\":[{\"@type\":\"ReadAction\",\"target\":[\"https:\\\/\\\/unisale.com.br\\\/novo\\\/vos-sois-o-sal-da-terra\\\/\"]}]},{\"@type\":\"ImageObject\",\"inLanguage\":\"pt-BR\",\"@id\":\"https:\\\/\\\/unisale.com.br\\\/novo\\\/vos-sois-o-sal-da-terra\\\/#primaryimage\",\"url\":\"https:\\\/\\\/unisale.com.br\\\/pastoral\\\/wp-content\\\/uploads\\\/2021\\\/06\\\/08-06.jpg\",\"contentUrl\":\"https:\\\/\\\/unisale.com.br\\\/pastoral\\\/wp-content\\\/uploads\\\/2021\\\/06\\\/08-06.jpg\",\"width\":889,\"height\":500},{\"@type\":\"WebSite\",\"@id\":\"https:\\\/\\\/unisale.com.br\\\/pastoral\\\/#website\",\"url\":\"https:\\\/\\\/unisale.com.br\\\/pastoral\\\/\",\"name\":\"Pastoral Universit\u00e1ria UniSALESIANO\",\"description\":\"Site da Pastoral Universit\u00e1ria do UniSALESIANO\",\"potentialAction\":[{\"@type\":\"SearchAction\",\"target\":{\"@type\":\"EntryPoint\",\"urlTemplate\":\"https:\\\/\\\/unisale.com.br\\\/pastoral\\\/?s={search_term_string}\"},\"query-input\":{\"@type\":\"PropertyValueSpecification\",\"valueRequired\":true,\"valueName\":\"search_term_string\"}}],\"inLanguage\":\"pt-BR\"},{\"@type\":\"Person\",\"@id\":\"https:\\\/\\\/unisale.com.br\\\/pastoral\\\/#\\\/schema\\\/person\\\/a16ba711a0f7dec9cb6b44563144d5a3\",\"name\":\"pastoral\",\"url\":\"https:\\\/\\\/unisale.com.br\\\/pastoral\\\/author\\\/pastoral\\\/\"}]}<\/script>\n<!-- \/ Yoast SEO plugin. -->","yoast_head_json":{"title":"08\/06 - V\u00f3s sois o sal da terra... V\u00f3s sois a luz do mundo - Pastoral Universit\u00e1ria UniSALESIANO","robots":{"index":"index","follow":"follow","max-snippet":"max-snippet:-1","max-image-preview":"max-image-preview:large","max-video-preview":"max-video-preview:-1"},"canonical":"https:\/\/unisale.com.br\/novo\/vos-sois-o-sal-da-terra\/","og_locale":"pt_BR","og_type":"article","og_title":"08\/06 - V\u00f3s sois o sal da terra... V\u00f3s sois a luz do mundo - Pastoral Universit\u00e1ria UniSALESIANO","og_description":"Ter\u00e7a-feira, 8 de junho de 2021. &nbsp; Evangelho (Mt 5,13-16) &nbsp; \u201cV\u00f3s sois o sal da terra&#8230; V\u00f3s sois a luz do mundo\u201d &nbsp; Naquele...","og_url":"https:\/\/unisale.com.br\/novo\/vos-sois-o-sal-da-terra\/","og_site_name":"Pastoral Universit\u00e1ria UniSALESIANO","article_published_time":"2021-06-04T17:32:25+00:00","og_image":[{"width":1920,"height":1080,"url":"https:\/\/unisale.com.br\/novo\/wp-content\/uploads\/2021\/06\/08-06.jpg","type":"image\/jpeg"}],"author":"pastoral","twitter_card":"summary_large_image","twitter_misc":{"Escrito por":"pastoral","Est. tempo de leitura":"3 minutos"},"schema":{"@context":"https:\/\/schema.org","@graph":[{"@type":"Article","@id":"https:\/\/unisale.com.br\/novo\/vos-sois-o-sal-da-terra\/#article","isPartOf":{"@id":"https:\/\/unisale.com.br\/novo\/vos-sois-o-sal-da-terra\/"},"author":{"name":"pastoral","@id":"https:\/\/unisale.com.br\/pastoral\/#\/schema\/person\/a16ba711a0f7dec9cb6b44563144d5a3"},"headline":"08\/06 &#8211; V\u00f3s sois o sal da terra&#8230; V\u00f3s sois a luz do mundo","datePublished":"2021-06-04T17:32:25+00:00","mainEntityOfPage":{"@id":"https:\/\/unisale.com.br\/novo\/vos-sois-o-sal-da-terra\/"},"wordCount":534,"image":{"@id":"https:\/\/unisale.com.br\/novo\/vos-sois-o-sal-da-terra\/#primaryimage"},"thumbnailUrl":"https:\/\/unisale.com.br\/pastoral\/wp-content\/uploads\/2021\/06\/08-06.jpg","articleSection":["Reflex\u00e3o do Evangelho"],"inLanguage":"pt-BR"},{"@type":"WebPage","@id":"https:\/\/unisale.com.br\/novo\/vos-sois-o-sal-da-terra\/","url":"https:\/\/unisale.com.br\/novo\/vos-sois-o-sal-da-terra\/","name":"08\/06 - V\u00f3s sois o sal da terra... V\u00f3s sois a luz do mundo - Pastoral Universit\u00e1ria UniSALESIANO","isPartOf":{"@id":"https:\/\/unisale.com.br\/pastoral\/#website"},"primaryImageOfPage":{"@id":"https:\/\/unisale.com.br\/novo\/vos-sois-o-sal-da-terra\/#primaryimage"},"image":{"@id":"https:\/\/unisale.com.br\/novo\/vos-sois-o-sal-da-terra\/#primaryimage"},"thumbnailUrl":"https:\/\/unisale.com.br\/pastoral\/wp-content\/uploads\/2021\/06\/08-06.jpg","datePublished":"2021-06-04T17:32:25+00:00","author":{"@id":"https:\/\/unisale.com.br\/pastoral\/#\/schema\/person\/a16ba711a0f7dec9cb6b44563144d5a3"},"inLanguage":"pt-BR","potentialAction":[{"@type":"ReadAction","target":["https:\/\/unisale.com.br\/novo\/vos-sois-o-sal-da-terra\/"]}]},{"@type":"ImageObject","inLanguage":"pt-BR","@id":"https:\/\/unisale.com.br\/novo\/vos-sois-o-sal-da-terra\/#primaryimage","url":"https:\/\/unisale.com.br\/pastoral\/wp-content\/uploads\/2021\/06\/08-06.jpg","contentUrl":"https:\/\/unisale.com.br\/pastoral\/wp-content\/uploads\/2021\/06\/08-06.jpg","width":889,"height":500},{"@type":"WebSite","@id":"https:\/\/unisale.com.br\/pastoral\/#website","url":"https:\/\/unisale.com.br\/pastoral\/","name":"Pastoral Universit\u00e1ria UniSALESIANO","description":"Site da Pastoral Universit\u00e1ria do UniSALESIANO","potentialAction":[{"@type":"SearchAction","target":{"@type":"EntryPoint","urlTemplate":"https:\/\/unisale.com.br\/pastoral\/?s={search_term_string}"},"query-input":{"@type":"PropertyValueSpecification","valueRequired":true,"valueName":"search_term_string"}}],"inLanguage":"pt-BR"},{"@type":"Person","@id":"https:\/\/unisale.com.br\/pastoral\/#\/schema\/person\/a16ba711a0f7dec9cb6b44563144d5a3","name":"pastoral","url":"https:\/\/unisale.com.br\/pastoral\/author\/pastoral\/"}]}},"_links":{"self":[{"href":"https:\/\/unisale.com.br\/pastoral\/wp-json\/wp\/v2\/posts\/1904","targetHints":{"allow":["GET"]}}],"collection":[{"href":"https:\/\/unisale.com.br\/pastoral\/wp-json\/wp\/v2\/posts"}],"about":[{"href":"https:\/\/unisale.com.br\/pastoral\/wp-json\/wp\/v2\/types\/post"}],"author":[{"embeddable":true,"href":"https:\/\/unisale.com.br\/pastoral\/wp-json\/wp\/v2\/users\/1"}],"replies":[{"embeddable":true,"href":"https:\/\/unisale.com.br\/pastoral\/wp-json\/wp\/v2\/comments?post=1904"}],"version-history":[{"count":0,"href":"https:\/\/unisale.com.br\/pastoral\/wp-json\/wp\/v2\/posts\/1904\/revisions"}],"wp:featuredmedia":[{"embeddable":true,"href":"https:\/\/unisale.com.br\/pastoral\/wp-json\/wp\/v2\/media\/1891"}],"wp:attachment":[{"href":"https:\/\/unisale.com.br\/pastoral\/wp-json\/wp\/v2\/media?parent=1904"}],"wp:term":[{"taxonomy":"category","embeddable":true,"href":"https:\/\/unisale.com.br\/pastoral\/wp-json\/wp\/v2\/categories?post=1904"},{"taxonomy":"post_tag","embeddable":true,"href":"https:\/\/unisale.com.br\/pastoral\/wp-json\/wp\/v2\/tags?post=1904"}],"curies":[{"name":"wp","href":"https:\/\/api.w.org\/{rel}","templated":true}]}}