{"id":1919,"date":"2021-06-04T18:07:24","date_gmt":"2021-06-04T18:07:24","guid":{"rendered":"https:\/\/unisale.com.br\/pastoral\/?p=1919"},"modified":"2021-06-04T18:07:24","modified_gmt":"2021-06-04T18:07:24","slug":"sua-mae-porem","status":"publish","type":"post","link":"https:\/\/unisale.com.br\/pastoral\/sua-mae-porem\/","title":{"rendered":"12\/06 &#8211; Sua m\u00e3e, por\u00e9m, conservava no cora\u00e7\u00e3o todas essas coisas"},"content":{"rendered":"<p>S\u00e1bado, 12 de junho de 2021.<\/p>\n<p>&nbsp;<\/p>\n<p>Evangelho (Lc 2,41-51)<\/p>\n<p>&nbsp;<\/p>\n<p><strong>\u201cSua m\u00e3e, por\u00e9m, conservava no cora\u00e7\u00e3o todas essas coisas\u201d<\/strong><\/p>\n<p>&nbsp;<\/p>\n<p><sup>41<\/sup>Os pais de Jesus iam todos os anos a Jerusal\u00e9m, para a festa da P\u00e1scoa. <sup>42<\/sup>Quando ele completou doze anos, subiram para a festa, como de costume. <sup>43<\/sup>Passados os dias da P\u00e1scoa, come\u00e7aram a viagem de volta, mas o menino Jesus ficou em Jerusal\u00e9m, sem que seus pais o notassem.<\/p>\n<p><sup>44<\/sup>Pensando que ele estivesse na caravana, caminharam um dia inteiro. Depois come\u00e7aram a procur\u00e1-lo entre os parentes e conhecidos. <sup>45<\/sup>N\u00e3o o tendo encontrado, voltaram para Jerusal\u00e9m \u00e0 sua procura. <sup>46<\/sup>Tr\u00eas dias depois, o encontraram no Templo. Estava sentado no meio dos mestres, escutando e fazendo perguntas.<\/p>\n<p><sup>47<\/sup>Todos os que ouviam o menino estavam maravilhados com sua intelig\u00eancia e suas respostas. <sup>48<\/sup>Ao v\u00ea-lo, seus pais ficaram muito admirados e sua m\u00e3e lhe disse: \u201cMeu filho, por que agiste assim conosco? Olha que teu pai e eu est\u00e1vamos, angustiados, \u00e0 tua procura\u201d. <sup>49<\/sup>Jesus respondeu: \u201cPor que me procur\u00e1veis? N\u00e3o sabeis que devo estar na casa de meu Pai?\u201d <sup>50<\/sup>Eles, por\u00e9m, n\u00e3o compreenderam as palavras que lhes dissera. <sup>51<\/sup>Jesus desceu ent\u00e3o com seus pais para Nazar\u00e9, e era-lhes obediente. Sua m\u00e3e, por\u00e9m, conservava no cora\u00e7\u00e3o todas estas coisas.<\/p>\n<p><strong>\u00a0<\/strong><\/p>\n<p><strong>Reflex\u00e3o<\/strong><\/p>\n<p>&nbsp;<\/p>\n<p>Hoje, a liturgia nos convida a celebrar a Festa do Cora\u00e7\u00e3o Imaculado de Maria, nos contando o epis\u00f3dio da vida de Jesus, onde o cora\u00e7\u00e3o de M\u00e3e de Maria \u00e9 colocado numa dura prova do efetivo sumi\u00e7o de Jesus, em Jerusal\u00e9m, quando tinha apenas 12 anos. Parece que o Evangelho nos quer dizer que, pode acontecer tamb\u00e9m com melhores perder Jesus de vista, mas o que importa \u00e9 procur\u00e1-lo logo assim que seja notada a sua aus\u00eancia. Jesus n\u00e3o havia se perdido, mas tinha escolhido livremente de ficar em Jerusal\u00e9m, e o fez n\u00e3o porque se perdeu, mas pela curiosidade de todo adolescente de tentar resolver a fundo alguns questionamentos que tinha no cora\u00e7\u00e3o. O efeito \u00e9 previs\u00edvel: o p\u00e2nico, a ang\u00fastia e a \u00e2nsia de Jos\u00e9 e de Maria. O encontram numa discuss\u00e3o com os doutores da lei. No fundo, Jesus tinha raz\u00e3o: s\u00e3o eles que deveriam andar atr\u00e1s dele e n\u00e3o o contr\u00e1rio. O verdadeiro disc\u00edpulo n\u00e3o lan\u00e7a Jesus onde pensa que Ele deva andar, mas \u00e9 aquele que aprende a andar atr\u00e1s d\u2019Ele. Tamb\u00e9m n\u00e3o podemos pedir ao Cora\u00e7\u00e3o de Maria de n\u00e3o sofrer. N\u00e3o podemos pedir ao Cora\u00e7\u00e3o de Maria de n\u00e3o se colocar \u00e0 procura do filho. Maria \u00e9 assim, \u00e9 uma m\u00e3e. E a boa not\u00edcia \u00e9 que este Seu Cora\u00e7\u00e3o de M\u00e3e n\u00e3o \u00e9 s\u00f3 pra Jesus, mas para cada um de n\u00f3s, porque Ela por voca\u00e7\u00e3o \u00e9 tamb\u00e9m nossa M\u00e3e. N\u00f3s somos amados por uma M\u00e3e que n\u00e3o se render\u00e1 at\u00e9 que n\u00e3o nos tenha encontrado e conduzido ao seguro. O Cora\u00e7\u00e3o de M\u00e3e de Maria est\u00e1 sempre \u00e0 nossa procura.<\/p>\n<p>&nbsp;<\/p>\n<p><strong>Pe. Paulo Eduardo J\u00e1como, sdb.<\/strong><\/p>\n","protected":false},"excerpt":{"rendered":"<p>S\u00e1bado, 12 de junho de 2021. &nbsp; Evangelho (Lc 2,41-51) &nbsp; \u201cSua m\u00e3e, por\u00e9m, conservava no cora\u00e7\u00e3o todas essas coisas\u201d &nbsp; 41Os pais de Jesus&#8230;<\/p>\n","protected":false},"author":1,"featured_media":1895,"comment_status":"closed","ping_status":"closed","sticky":false,"template":"","format":"standard","meta":{"_acf_changed":false,"footnotes":""},"categories":[13],"tags":[],"class_list":["post-1919","post","type-post","status-publish","format-standard","has-post-thumbnail","hentry","category-reflexaodoevagelho"],"acf":[],"yoast_head":"<!-- This site is optimized with the Yoast SEO plugin v27.3 - https:\/\/yoast.com\/product\/yoast-seo-wordpress\/ -->\n<title>12\/06 - Sua m\u00e3e, por\u00e9m, conservava no cora\u00e7\u00e3o todas essas coisas - Pastoral Universit\u00e1ria UniSALESIANO<\/title>\n<meta name=\"robots\" content=\"index, follow, max-snippet:-1, max-image-preview:large, max-video-preview:-1\" \/>\n<link rel=\"canonical\" href=\"https:\/\/unisale.com.br\/novo\/sua-mae-porem\/\" \/>\n<meta property=\"og:locale\" content=\"pt_BR\" \/>\n<meta property=\"og:type\" content=\"article\" \/>\n<meta property=\"og:title\" content=\"12\/06 - Sua m\u00e3e, por\u00e9m, conservava no cora\u00e7\u00e3o todas essas coisas - Pastoral Universit\u00e1ria UniSALESIANO\" \/>\n<meta property=\"og:description\" content=\"S\u00e1bado, 12 de junho de 2021. &nbsp; Evangelho (Lc 2,41-51) &nbsp; \u201cSua m\u00e3e, por\u00e9m, conservava no cora\u00e7\u00e3o todas essas coisas\u201d &nbsp; 41Os pais de Jesus...\" \/>\n<meta property=\"og:url\" content=\"https:\/\/unisale.com.br\/novo\/sua-mae-porem\/\" \/>\n<meta property=\"og:site_name\" content=\"Pastoral Universit\u00e1ria UniSALESIANO\" \/>\n<meta property=\"article:published_time\" content=\"2021-06-04T18:07:24+00:00\" \/>\n<meta property=\"og:image\" content=\"https:\/\/unisale.com.br\/novo\/wp-content\/uploads\/2021\/06\/12-06.jpg\" \/>\n\t<meta property=\"og:image:width\" content=\"1920\" \/>\n\t<meta property=\"og:image:height\" content=\"1080\" \/>\n\t<meta property=\"og:image:type\" content=\"image\/jpeg\" \/>\n<meta name=\"author\" content=\"pastoral\" \/>\n<meta name=\"twitter:card\" content=\"summary_large_image\" \/>\n<meta name=\"twitter:label1\" content=\"Escrito por\" \/>\n\t<meta name=\"twitter:data1\" content=\"pastoral\" \/>\n\t<meta name=\"twitter:label2\" content=\"Est. tempo de leitura\" \/>\n\t<meta name=\"twitter:data2\" content=\"3 minutos\" \/>\n<script type=\"application\/ld+json\" class=\"yoast-schema-graph\">{\"@context\":\"https:\\\/\\\/schema.org\",\"@graph\":[{\"@type\":\"Article\",\"@id\":\"https:\\\/\\\/unisale.com.br\\\/novo\\\/sua-mae-porem\\\/#article\",\"isPartOf\":{\"@id\":\"https:\\\/\\\/unisale.com.br\\\/novo\\\/sua-mae-porem\\\/\"},\"author\":{\"name\":\"pastoral\",\"@id\":\"https:\\\/\\\/unisale.com.br\\\/pastoral\\\/#\\\/schema\\\/person\\\/a16ba711a0f7dec9cb6b44563144d5a3\"},\"headline\":\"12\\\/06 &#8211; Sua m\u00e3e, por\u00e9m, conservava no cora\u00e7\u00e3o todas essas coisas\",\"datePublished\":\"2021-06-04T18:07:24+00:00\",\"mainEntityOfPage\":{\"@id\":\"https:\\\/\\\/unisale.com.br\\\/novo\\\/sua-mae-porem\\\/\"},\"wordCount\":557,\"image\":{\"@id\":\"https:\\\/\\\/unisale.com.br\\\/novo\\\/sua-mae-porem\\\/#primaryimage\"},\"thumbnailUrl\":\"https:\\\/\\\/unisale.com.br\\\/pastoral\\\/wp-content\\\/uploads\\\/2021\\\/06\\\/12-06.jpg\",\"articleSection\":[\"Reflex\u00e3o do Evangelho\"],\"inLanguage\":\"pt-BR\"},{\"@type\":\"WebPage\",\"@id\":\"https:\\\/\\\/unisale.com.br\\\/novo\\\/sua-mae-porem\\\/\",\"url\":\"https:\\\/\\\/unisale.com.br\\\/novo\\\/sua-mae-porem\\\/\",\"name\":\"12\\\/06 - Sua m\u00e3e, por\u00e9m, conservava no cora\u00e7\u00e3o todas essas coisas - Pastoral Universit\u00e1ria UniSALESIANO\",\"isPartOf\":{\"@id\":\"https:\\\/\\\/unisale.com.br\\\/pastoral\\\/#website\"},\"primaryImageOfPage\":{\"@id\":\"https:\\\/\\\/unisale.com.br\\\/novo\\\/sua-mae-porem\\\/#primaryimage\"},\"image\":{\"@id\":\"https:\\\/\\\/unisale.com.br\\\/novo\\\/sua-mae-porem\\\/#primaryimage\"},\"thumbnailUrl\":\"https:\\\/\\\/unisale.com.br\\\/pastoral\\\/wp-content\\\/uploads\\\/2021\\\/06\\\/12-06.jpg\",\"datePublished\":\"2021-06-04T18:07:24+00:00\",\"author\":{\"@id\":\"https:\\\/\\\/unisale.com.br\\\/pastoral\\\/#\\\/schema\\\/person\\\/a16ba711a0f7dec9cb6b44563144d5a3\"},\"inLanguage\":\"pt-BR\",\"potentialAction\":[{\"@type\":\"ReadAction\",\"target\":[\"https:\\\/\\\/unisale.com.br\\\/novo\\\/sua-mae-porem\\\/\"]}]},{\"@type\":\"ImageObject\",\"inLanguage\":\"pt-BR\",\"@id\":\"https:\\\/\\\/unisale.com.br\\\/novo\\\/sua-mae-porem\\\/#primaryimage\",\"url\":\"https:\\\/\\\/unisale.com.br\\\/pastoral\\\/wp-content\\\/uploads\\\/2021\\\/06\\\/12-06.jpg\",\"contentUrl\":\"https:\\\/\\\/unisale.com.br\\\/pastoral\\\/wp-content\\\/uploads\\\/2021\\\/06\\\/12-06.jpg\",\"width\":889,\"height\":500},{\"@type\":\"WebSite\",\"@id\":\"https:\\\/\\\/unisale.com.br\\\/pastoral\\\/#website\",\"url\":\"https:\\\/\\\/unisale.com.br\\\/pastoral\\\/\",\"name\":\"Pastoral Universit\u00e1ria UniSALESIANO\",\"description\":\"Site da Pastoral Universit\u00e1ria do UniSALESIANO\",\"potentialAction\":[{\"@type\":\"SearchAction\",\"target\":{\"@type\":\"EntryPoint\",\"urlTemplate\":\"https:\\\/\\\/unisale.com.br\\\/pastoral\\\/?s={search_term_string}\"},\"query-input\":{\"@type\":\"PropertyValueSpecification\",\"valueRequired\":true,\"valueName\":\"search_term_string\"}}],\"inLanguage\":\"pt-BR\"},{\"@type\":\"Person\",\"@id\":\"https:\\\/\\\/unisale.com.br\\\/pastoral\\\/#\\\/schema\\\/person\\\/a16ba711a0f7dec9cb6b44563144d5a3\",\"name\":\"pastoral\",\"url\":\"https:\\\/\\\/unisale.com.br\\\/pastoral\\\/author\\\/pastoral\\\/\"}]}<\/script>\n<!-- \/ Yoast SEO plugin. -->","yoast_head_json":{"title":"12\/06 - Sua m\u00e3e, por\u00e9m, conservava no cora\u00e7\u00e3o todas essas coisas - Pastoral Universit\u00e1ria UniSALESIANO","robots":{"index":"index","follow":"follow","max-snippet":"max-snippet:-1","max-image-preview":"max-image-preview:large","max-video-preview":"max-video-preview:-1"},"canonical":"https:\/\/unisale.com.br\/novo\/sua-mae-porem\/","og_locale":"pt_BR","og_type":"article","og_title":"12\/06 - Sua m\u00e3e, por\u00e9m, conservava no cora\u00e7\u00e3o todas essas coisas - Pastoral Universit\u00e1ria UniSALESIANO","og_description":"S\u00e1bado, 12 de junho de 2021. &nbsp; Evangelho (Lc 2,41-51) &nbsp; \u201cSua m\u00e3e, por\u00e9m, conservava no cora\u00e7\u00e3o todas essas coisas\u201d &nbsp; 41Os pais de Jesus...","og_url":"https:\/\/unisale.com.br\/novo\/sua-mae-porem\/","og_site_name":"Pastoral Universit\u00e1ria UniSALESIANO","article_published_time":"2021-06-04T18:07:24+00:00","og_image":[{"width":1920,"height":1080,"url":"https:\/\/unisale.com.br\/novo\/wp-content\/uploads\/2021\/06\/12-06.jpg","type":"image\/jpeg"}],"author":"pastoral","twitter_card":"summary_large_image","twitter_misc":{"Escrito por":"pastoral","Est. tempo de leitura":"3 minutos"},"schema":{"@context":"https:\/\/schema.org","@graph":[{"@type":"Article","@id":"https:\/\/unisale.com.br\/novo\/sua-mae-porem\/#article","isPartOf":{"@id":"https:\/\/unisale.com.br\/novo\/sua-mae-porem\/"},"author":{"name":"pastoral","@id":"https:\/\/unisale.com.br\/pastoral\/#\/schema\/person\/a16ba711a0f7dec9cb6b44563144d5a3"},"headline":"12\/06 &#8211; Sua m\u00e3e, por\u00e9m, conservava no cora\u00e7\u00e3o todas essas coisas","datePublished":"2021-06-04T18:07:24+00:00","mainEntityOfPage":{"@id":"https:\/\/unisale.com.br\/novo\/sua-mae-porem\/"},"wordCount":557,"image":{"@id":"https:\/\/unisale.com.br\/novo\/sua-mae-porem\/#primaryimage"},"thumbnailUrl":"https:\/\/unisale.com.br\/pastoral\/wp-content\/uploads\/2021\/06\/12-06.jpg","articleSection":["Reflex\u00e3o do Evangelho"],"inLanguage":"pt-BR"},{"@type":"WebPage","@id":"https:\/\/unisale.com.br\/novo\/sua-mae-porem\/","url":"https:\/\/unisale.com.br\/novo\/sua-mae-porem\/","name":"12\/06 - Sua m\u00e3e, por\u00e9m, conservava no cora\u00e7\u00e3o todas essas coisas - Pastoral Universit\u00e1ria UniSALESIANO","isPartOf":{"@id":"https:\/\/unisale.com.br\/pastoral\/#website"},"primaryImageOfPage":{"@id":"https:\/\/unisale.com.br\/novo\/sua-mae-porem\/#primaryimage"},"image":{"@id":"https:\/\/unisale.com.br\/novo\/sua-mae-porem\/#primaryimage"},"thumbnailUrl":"https:\/\/unisale.com.br\/pastoral\/wp-content\/uploads\/2021\/06\/12-06.jpg","datePublished":"2021-06-04T18:07:24+00:00","author":{"@id":"https:\/\/unisale.com.br\/pastoral\/#\/schema\/person\/a16ba711a0f7dec9cb6b44563144d5a3"},"inLanguage":"pt-BR","potentialAction":[{"@type":"ReadAction","target":["https:\/\/unisale.com.br\/novo\/sua-mae-porem\/"]}]},{"@type":"ImageObject","inLanguage":"pt-BR","@id":"https:\/\/unisale.com.br\/novo\/sua-mae-porem\/#primaryimage","url":"https:\/\/unisale.com.br\/pastoral\/wp-content\/uploads\/2021\/06\/12-06.jpg","contentUrl":"https:\/\/unisale.com.br\/pastoral\/wp-content\/uploads\/2021\/06\/12-06.jpg","width":889,"height":500},{"@type":"WebSite","@id":"https:\/\/unisale.com.br\/pastoral\/#website","url":"https:\/\/unisale.com.br\/pastoral\/","name":"Pastoral Universit\u00e1ria UniSALESIANO","description":"Site da Pastoral Universit\u00e1ria do UniSALESIANO","potentialAction":[{"@type":"SearchAction","target":{"@type":"EntryPoint","urlTemplate":"https:\/\/unisale.com.br\/pastoral\/?s={search_term_string}"},"query-input":{"@type":"PropertyValueSpecification","valueRequired":true,"valueName":"search_term_string"}}],"inLanguage":"pt-BR"},{"@type":"Person","@id":"https:\/\/unisale.com.br\/pastoral\/#\/schema\/person\/a16ba711a0f7dec9cb6b44563144d5a3","name":"pastoral","url":"https:\/\/unisale.com.br\/pastoral\/author\/pastoral\/"}]}},"_links":{"self":[{"href":"https:\/\/unisale.com.br\/pastoral\/wp-json\/wp\/v2\/posts\/1919","targetHints":{"allow":["GET"]}}],"collection":[{"href":"https:\/\/unisale.com.br\/pastoral\/wp-json\/wp\/v2\/posts"}],"about":[{"href":"https:\/\/unisale.com.br\/pastoral\/wp-json\/wp\/v2\/types\/post"}],"author":[{"embeddable":true,"href":"https:\/\/unisale.com.br\/pastoral\/wp-json\/wp\/v2\/users\/1"}],"replies":[{"embeddable":true,"href":"https:\/\/unisale.com.br\/pastoral\/wp-json\/wp\/v2\/comments?post=1919"}],"version-history":[{"count":0,"href":"https:\/\/unisale.com.br\/pastoral\/wp-json\/wp\/v2\/posts\/1919\/revisions"}],"wp:featuredmedia":[{"embeddable":true,"href":"https:\/\/unisale.com.br\/pastoral\/wp-json\/wp\/v2\/media\/1895"}],"wp:attachment":[{"href":"https:\/\/unisale.com.br\/pastoral\/wp-json\/wp\/v2\/media?parent=1919"}],"wp:term":[{"taxonomy":"category","embeddable":true,"href":"https:\/\/unisale.com.br\/pastoral\/wp-json\/wp\/v2\/categories?post=1919"},{"taxonomy":"post_tag","embeddable":true,"href":"https:\/\/unisale.com.br\/pastoral\/wp-json\/wp\/v2\/tags?post=1919"}],"curies":[{"name":"wp","href":"https:\/\/api.w.org\/{rel}","templated":true}]}}