{"id":1932,"date":"2021-06-04T17:50:20","date_gmt":"2021-06-04T17:50:20","guid":{"rendered":"https:\/\/unisale.com.br\/pastoral\/?p=1932"},"modified":"2021-06-07T13:00:14","modified_gmt":"2021-06-07T13:00:14","slug":"vai-primeiro-reconciliar","status":"publish","type":"post","link":"https:\/\/unisale.com.br\/pastoral\/vai-primeiro-reconciliar\/","title":{"rendered":"10\/06 &#8211; Vai primeiro reconciliar-te com o teu irm\u00e3o"},"content":{"rendered":"<p>Quinta-feira, 10 de junho de 2021.<\/p>\n<p>&nbsp;<\/p>\n<p>Evangelho (Mt 5,20-26)<\/p>\n<p>&nbsp;<\/p>\n<p><strong>\u201c&#8230;deixa a tua oferta ali diante do altar e vai primeiro reconciliar-te com o teu irm\u00e3o\u201d<\/strong><\/p>\n<p>&nbsp;<\/p>\n<p>Naquele tempo, disse Jesus aos seus disc\u00edpulos: <sup>20<\/sup>\u201cSe a vossa justi\u00e7a n\u00e3o for maior que a justi\u00e7a dos mestres da Lei e dos fariseus, v\u00f3s n\u00e3o entrareis no Reino dos C\u00e9us. <sup>21<\/sup>V\u00f3s ouvistes o que foi dito aos antigos: \u2018N\u00e3o matar\u00e1s! Quem matar ser\u00e1 condenado pelo tribunal\u2019. <sup>22<\/sup>Eu, por\u00e9m, vos digo: todo aquele que se encoleriza com seu irm\u00e3o ser\u00e1 r\u00e9u em ju\u00edzo; quem disser ao seu irm\u00e3o: \u2018patife!\u2019 ser\u00e1 condenado pelo tribunal; quem chamar o irm\u00e3o de \u2018tolo\u2019 ser\u00e1 condenado ao fogo do inferno.<\/p>\n<p><sup>23<\/sup>Portanto, quando tu estiveres levando a tua oferta para o altar, e ali te lembrares de que teu irm\u00e3o tem alguma coisa contra ti, <sup>24<\/sup>deixa a tua oferta ali diante do altar, e vai primeiro reconciliar-te com o teu irm\u00e3o. S\u00f3 ent\u00e3o vai apresentar a tua oferta. <sup>25<\/sup>Procura reconciliar-te com teu advers\u00e1rio, enquanto caminha contigo para o tribunal. Sen\u00e3o o advers\u00e1rio te entregar\u00e1 ao juiz, o juiz te entregar\u00e1 ao oficial de justi\u00e7a, e tu ser\u00e1s jogado na pris\u00e3o. <sup>26<\/sup>Em verdade eu te digo: dali n\u00e3o sair\u00e1s, enquanto n\u00e3o pagares o \u00faltimo centavo\u201d.<\/p>\n<p><strong>\u00a0<\/strong><\/p>\n<p><strong>Reflex\u00e3o<\/strong><\/p>\n<p>&nbsp;<\/p>\n<p>Se o Evangelho nos pede para n\u00e3o matar, mas tamb\u00e9m pede de n\u00e3o o fazer com as palavras e com a raiva, ent\u00e3o podemos dizer que estamos em maus len\u00e7\u00f3is. A situa\u00e7\u00e3o se complica ainda mais quando coloca como condi\u00e7\u00e3o para uma verdadeira ora\u00e7\u00e3o a reconcilia\u00e7\u00e3o com o outro.<\/p>\n<p>O Evangelho n\u00e3o nos quer meter em uma situa\u00e7\u00e3o dif\u00edcil, mas quer, simplesmente, nos dizer que, quando estamos bem com as pessoas que est\u00e3o ao nosso lado, temos uma rela\u00e7\u00e3o melhor tamb\u00e9m com Deus. Por isso, para termos uma saud\u00e1vel vida espiritual, n\u00e3o precisamos somente crescer na rela\u00e7\u00e3o vertical com Deus, mas tamb\u00e9m na rela\u00e7\u00e3o horizontal com os irm\u00e3os.<\/p>\n<p>Se voc\u00ea deseja melhorar as suas rela\u00e7\u00f5es com os outros, agora melhora tamb\u00e9m a tua rela\u00e7\u00e3o com Deus, e vice e versa. Se quiser melhorar a tua rela\u00e7\u00e3o com Deus, dedique-se tamb\u00e9m em melhorar a tua rela\u00e7\u00e3o com os outros. As duas dimens\u00f5es est\u00e3o sempre juntas. E se voc\u00ea une estas duas dimens\u00f5es, florir\u00e1 para voc\u00ea uma cruz. Neste sentido, Cristo colocou juntos o c\u00e9u e a terra, o amor a Deus e o amor pelo pr\u00f3ximo; o altar e o rosto do irm\u00e3o. Crer \u00e9 sempre esta dupla capacidade de amar. Mas \u00e9 um erro pensar que o amor ao qual somos chamados deve ser simplesmente um amor justo.<\/p>\n<p>Somos chamados a amar com um amor que \u00e9 maior que a justi\u00e7a. \u00c9 o amor que \u00e9 maior que o dever. \u00c9 o amor gratuito que n\u00e3o \u00e9 estabelecido por nenhuma regra. \u00c9 o amor que ama e basta, sem medida. \u00c9 o amor que vai ao fundo das quest\u00f5es e n\u00e3o s\u00f3 o amor que salva aquilo que \u00e9 superficial. Somos chamados \u00e0 pr\u00e1tica de uma justi\u00e7a maior. \u00c9 a justi\u00e7a de quem faz n\u00e3o porque lhe foi exigido, mas porque a escolheu fazer por vontade pr\u00f3pria. Este tipo de amor \u00e9 um dom, n\u00e3o um esfor\u00e7o.<\/p>\n<p>&nbsp;<\/p>\n<p><strong>Pe. Paulo Eduardo J\u00e1como, sdb.<\/strong><\/p>\n","protected":false},"excerpt":{"rendered":"<p>Quinta-feira, 10 de junho de 2021. &nbsp; Evangelho (Mt 5,20-26) &nbsp; \u201c&#8230;deixa a tua oferta ali diante do altar e vai primeiro reconciliar-te com o&#8230;<\/p>\n","protected":false},"author":1,"featured_media":1893,"comment_status":"closed","ping_status":"closed","sticky":false,"template":"","format":"standard","meta":{"_acf_changed":false,"footnotes":""},"categories":[13],"tags":[],"class_list":["post-1932","post","type-post","status-publish","format-standard","has-post-thumbnail","hentry","category-reflexaodoevagelho"],"acf":[],"yoast_head":"<!-- This site is optimized with the Yoast SEO plugin v27.3 - https:\/\/yoast.com\/product\/yoast-seo-wordpress\/ -->\n<title>10\/06 - Vai primeiro reconciliar-te com o teu irm\u00e3o - Pastoral Universit\u00e1ria UniSALESIANO<\/title>\n<meta name=\"robots\" content=\"index, follow, max-snippet:-1, max-image-preview:large, max-video-preview:-1\" \/>\n<link rel=\"canonical\" href=\"https:\/\/unisale.com.br\/novo\/vai-primeiro-reconciliar\/\" \/>\n<meta property=\"og:locale\" content=\"pt_BR\" \/>\n<meta property=\"og:type\" content=\"article\" \/>\n<meta property=\"og:title\" content=\"10\/06 - Vai primeiro reconciliar-te com o teu irm\u00e3o - Pastoral Universit\u00e1ria UniSALESIANO\" \/>\n<meta property=\"og:description\" content=\"Quinta-feira, 10 de junho de 2021. &nbsp; Evangelho (Mt 5,20-26) &nbsp; \u201c&#8230;deixa a tua oferta ali diante do altar e vai primeiro reconciliar-te com o...\" \/>\n<meta property=\"og:url\" content=\"https:\/\/unisale.com.br\/novo\/vai-primeiro-reconciliar\/\" \/>\n<meta property=\"og:site_name\" content=\"Pastoral Universit\u00e1ria UniSALESIANO\" \/>\n<meta property=\"article:published_time\" content=\"2021-06-04T17:50:20+00:00\" \/>\n<meta property=\"article:modified_time\" content=\"2021-06-07T13:00:14+00:00\" \/>\n<meta property=\"og:image\" content=\"https:\/\/unisale.com.br\/novo\/wp-content\/uploads\/2021\/06\/10-06.jpg\" \/>\n\t<meta property=\"og:image:width\" content=\"1920\" \/>\n\t<meta property=\"og:image:height\" content=\"1080\" \/>\n\t<meta property=\"og:image:type\" content=\"image\/jpeg\" \/>\n<meta name=\"author\" content=\"pastoral\" \/>\n<meta name=\"twitter:card\" content=\"summary_large_image\" \/>\n<meta name=\"twitter:label1\" content=\"Escrito por\" \/>\n\t<meta name=\"twitter:data1\" content=\"pastoral\" \/>\n\t<meta name=\"twitter:label2\" content=\"Est. tempo de leitura\" \/>\n\t<meta name=\"twitter:data2\" content=\"3 minutos\" \/>\n<script type=\"application\/ld+json\" class=\"yoast-schema-graph\">{\"@context\":\"https:\\\/\\\/schema.org\",\"@graph\":[{\"@type\":\"Article\",\"@id\":\"https:\\\/\\\/unisale.com.br\\\/novo\\\/vai-primeiro-reconciliar\\\/#article\",\"isPartOf\":{\"@id\":\"https:\\\/\\\/unisale.com.br\\\/novo\\\/vai-primeiro-reconciliar\\\/\"},\"author\":{\"name\":\"pastoral\",\"@id\":\"https:\\\/\\\/unisale.com.br\\\/pastoral\\\/#\\\/schema\\\/person\\\/a16ba711a0f7dec9cb6b44563144d5a3\"},\"headline\":\"10\\\/06 &#8211; Vai primeiro reconciliar-te com o teu irm\u00e3o\",\"datePublished\":\"2021-06-04T17:50:20+00:00\",\"dateModified\":\"2021-06-07T13:00:14+00:00\",\"mainEntityOfPage\":{\"@id\":\"https:\\\/\\\/unisale.com.br\\\/novo\\\/vai-primeiro-reconciliar\\\/\"},\"wordCount\":600,\"image\":{\"@id\":\"https:\\\/\\\/unisale.com.br\\\/novo\\\/vai-primeiro-reconciliar\\\/#primaryimage\"},\"thumbnailUrl\":\"https:\\\/\\\/unisale.com.br\\\/pastoral\\\/wp-content\\\/uploads\\\/2021\\\/06\\\/10-06.jpg\",\"articleSection\":[\"Reflex\u00e3o do Evangelho\"],\"inLanguage\":\"pt-BR\"},{\"@type\":\"WebPage\",\"@id\":\"https:\\\/\\\/unisale.com.br\\\/novo\\\/vai-primeiro-reconciliar\\\/\",\"url\":\"https:\\\/\\\/unisale.com.br\\\/novo\\\/vai-primeiro-reconciliar\\\/\",\"name\":\"10\\\/06 - Vai primeiro reconciliar-te com o teu irm\u00e3o - Pastoral Universit\u00e1ria UniSALESIANO\",\"isPartOf\":{\"@id\":\"https:\\\/\\\/unisale.com.br\\\/pastoral\\\/#website\"},\"primaryImageOfPage\":{\"@id\":\"https:\\\/\\\/unisale.com.br\\\/novo\\\/vai-primeiro-reconciliar\\\/#primaryimage\"},\"image\":{\"@id\":\"https:\\\/\\\/unisale.com.br\\\/novo\\\/vai-primeiro-reconciliar\\\/#primaryimage\"},\"thumbnailUrl\":\"https:\\\/\\\/unisale.com.br\\\/pastoral\\\/wp-content\\\/uploads\\\/2021\\\/06\\\/10-06.jpg\",\"datePublished\":\"2021-06-04T17:50:20+00:00\",\"dateModified\":\"2021-06-07T13:00:14+00:00\",\"author\":{\"@id\":\"https:\\\/\\\/unisale.com.br\\\/pastoral\\\/#\\\/schema\\\/person\\\/a16ba711a0f7dec9cb6b44563144d5a3\"},\"inLanguage\":\"pt-BR\",\"potentialAction\":[{\"@type\":\"ReadAction\",\"target\":[\"https:\\\/\\\/unisale.com.br\\\/novo\\\/vai-primeiro-reconciliar\\\/\"]}]},{\"@type\":\"ImageObject\",\"inLanguage\":\"pt-BR\",\"@id\":\"https:\\\/\\\/unisale.com.br\\\/novo\\\/vai-primeiro-reconciliar\\\/#primaryimage\",\"url\":\"https:\\\/\\\/unisale.com.br\\\/pastoral\\\/wp-content\\\/uploads\\\/2021\\\/06\\\/10-06.jpg\",\"contentUrl\":\"https:\\\/\\\/unisale.com.br\\\/pastoral\\\/wp-content\\\/uploads\\\/2021\\\/06\\\/10-06.jpg\",\"width\":889,\"height\":500},{\"@type\":\"WebSite\",\"@id\":\"https:\\\/\\\/unisale.com.br\\\/pastoral\\\/#website\",\"url\":\"https:\\\/\\\/unisale.com.br\\\/pastoral\\\/\",\"name\":\"Pastoral Universit\u00e1ria UniSALESIANO\",\"description\":\"Site da Pastoral Universit\u00e1ria do UniSALESIANO\",\"potentialAction\":[{\"@type\":\"SearchAction\",\"target\":{\"@type\":\"EntryPoint\",\"urlTemplate\":\"https:\\\/\\\/unisale.com.br\\\/pastoral\\\/?s={search_term_string}\"},\"query-input\":{\"@type\":\"PropertyValueSpecification\",\"valueRequired\":true,\"valueName\":\"search_term_string\"}}],\"inLanguage\":\"pt-BR\"},{\"@type\":\"Person\",\"@id\":\"https:\\\/\\\/unisale.com.br\\\/pastoral\\\/#\\\/schema\\\/person\\\/a16ba711a0f7dec9cb6b44563144d5a3\",\"name\":\"pastoral\",\"url\":\"https:\\\/\\\/unisale.com.br\\\/pastoral\\\/author\\\/pastoral\\\/\"}]}<\/script>\n<!-- \/ Yoast SEO plugin. -->","yoast_head_json":{"title":"10\/06 - Vai primeiro reconciliar-te com o teu irm\u00e3o - Pastoral Universit\u00e1ria UniSALESIANO","robots":{"index":"index","follow":"follow","max-snippet":"max-snippet:-1","max-image-preview":"max-image-preview:large","max-video-preview":"max-video-preview:-1"},"canonical":"https:\/\/unisale.com.br\/novo\/vai-primeiro-reconciliar\/","og_locale":"pt_BR","og_type":"article","og_title":"10\/06 - Vai primeiro reconciliar-te com o teu irm\u00e3o - Pastoral Universit\u00e1ria UniSALESIANO","og_description":"Quinta-feira, 10 de junho de 2021. &nbsp; Evangelho (Mt 5,20-26) &nbsp; \u201c&#8230;deixa a tua oferta ali diante do altar e vai primeiro reconciliar-te com o...","og_url":"https:\/\/unisale.com.br\/novo\/vai-primeiro-reconciliar\/","og_site_name":"Pastoral Universit\u00e1ria UniSALESIANO","article_published_time":"2021-06-04T17:50:20+00:00","article_modified_time":"2021-06-07T13:00:14+00:00","og_image":[{"width":1920,"height":1080,"url":"https:\/\/unisale.com.br\/novo\/wp-content\/uploads\/2021\/06\/10-06.jpg","type":"image\/jpeg"}],"author":"pastoral","twitter_card":"summary_large_image","twitter_misc":{"Escrito por":"pastoral","Est. tempo de leitura":"3 minutos"},"schema":{"@context":"https:\/\/schema.org","@graph":[{"@type":"Article","@id":"https:\/\/unisale.com.br\/novo\/vai-primeiro-reconciliar\/#article","isPartOf":{"@id":"https:\/\/unisale.com.br\/novo\/vai-primeiro-reconciliar\/"},"author":{"name":"pastoral","@id":"https:\/\/unisale.com.br\/pastoral\/#\/schema\/person\/a16ba711a0f7dec9cb6b44563144d5a3"},"headline":"10\/06 &#8211; Vai primeiro reconciliar-te com o teu irm\u00e3o","datePublished":"2021-06-04T17:50:20+00:00","dateModified":"2021-06-07T13:00:14+00:00","mainEntityOfPage":{"@id":"https:\/\/unisale.com.br\/novo\/vai-primeiro-reconciliar\/"},"wordCount":600,"image":{"@id":"https:\/\/unisale.com.br\/novo\/vai-primeiro-reconciliar\/#primaryimage"},"thumbnailUrl":"https:\/\/unisale.com.br\/pastoral\/wp-content\/uploads\/2021\/06\/10-06.jpg","articleSection":["Reflex\u00e3o do Evangelho"],"inLanguage":"pt-BR"},{"@type":"WebPage","@id":"https:\/\/unisale.com.br\/novo\/vai-primeiro-reconciliar\/","url":"https:\/\/unisale.com.br\/novo\/vai-primeiro-reconciliar\/","name":"10\/06 - Vai primeiro reconciliar-te com o teu irm\u00e3o - Pastoral Universit\u00e1ria UniSALESIANO","isPartOf":{"@id":"https:\/\/unisale.com.br\/pastoral\/#website"},"primaryImageOfPage":{"@id":"https:\/\/unisale.com.br\/novo\/vai-primeiro-reconciliar\/#primaryimage"},"image":{"@id":"https:\/\/unisale.com.br\/novo\/vai-primeiro-reconciliar\/#primaryimage"},"thumbnailUrl":"https:\/\/unisale.com.br\/pastoral\/wp-content\/uploads\/2021\/06\/10-06.jpg","datePublished":"2021-06-04T17:50:20+00:00","dateModified":"2021-06-07T13:00:14+00:00","author":{"@id":"https:\/\/unisale.com.br\/pastoral\/#\/schema\/person\/a16ba711a0f7dec9cb6b44563144d5a3"},"inLanguage":"pt-BR","potentialAction":[{"@type":"ReadAction","target":["https:\/\/unisale.com.br\/novo\/vai-primeiro-reconciliar\/"]}]},{"@type":"ImageObject","inLanguage":"pt-BR","@id":"https:\/\/unisale.com.br\/novo\/vai-primeiro-reconciliar\/#primaryimage","url":"https:\/\/unisale.com.br\/pastoral\/wp-content\/uploads\/2021\/06\/10-06.jpg","contentUrl":"https:\/\/unisale.com.br\/pastoral\/wp-content\/uploads\/2021\/06\/10-06.jpg","width":889,"height":500},{"@type":"WebSite","@id":"https:\/\/unisale.com.br\/pastoral\/#website","url":"https:\/\/unisale.com.br\/pastoral\/","name":"Pastoral Universit\u00e1ria UniSALESIANO","description":"Site da Pastoral Universit\u00e1ria do UniSALESIANO","potentialAction":[{"@type":"SearchAction","target":{"@type":"EntryPoint","urlTemplate":"https:\/\/unisale.com.br\/pastoral\/?s={search_term_string}"},"query-input":{"@type":"PropertyValueSpecification","valueRequired":true,"valueName":"search_term_string"}}],"inLanguage":"pt-BR"},{"@type":"Person","@id":"https:\/\/unisale.com.br\/pastoral\/#\/schema\/person\/a16ba711a0f7dec9cb6b44563144d5a3","name":"pastoral","url":"https:\/\/unisale.com.br\/pastoral\/author\/pastoral\/"}]}},"_links":{"self":[{"href":"https:\/\/unisale.com.br\/pastoral\/wp-json\/wp\/v2\/posts\/1932","targetHints":{"allow":["GET"]}}],"collection":[{"href":"https:\/\/unisale.com.br\/pastoral\/wp-json\/wp\/v2\/posts"}],"about":[{"href":"https:\/\/unisale.com.br\/pastoral\/wp-json\/wp\/v2\/types\/post"}],"author":[{"embeddable":true,"href":"https:\/\/unisale.com.br\/pastoral\/wp-json\/wp\/v2\/users\/1"}],"replies":[{"embeddable":true,"href":"https:\/\/unisale.com.br\/pastoral\/wp-json\/wp\/v2\/comments?post=1932"}],"version-history":[{"count":0,"href":"https:\/\/unisale.com.br\/pastoral\/wp-json\/wp\/v2\/posts\/1932\/revisions"}],"wp:featuredmedia":[{"embeddable":true,"href":"https:\/\/unisale.com.br\/pastoral\/wp-json\/wp\/v2\/media\/1893"}],"wp:attachment":[{"href":"https:\/\/unisale.com.br\/pastoral\/wp-json\/wp\/v2\/media?parent=1932"}],"wp:term":[{"taxonomy":"category","embeddable":true,"href":"https:\/\/unisale.com.br\/pastoral\/wp-json\/wp\/v2\/categories?post=1932"},{"taxonomy":"post_tag","embeddable":true,"href":"https:\/\/unisale.com.br\/pastoral\/wp-json\/wp\/v2\/tags?post=1932"}],"curies":[{"name":"wp","href":"https:\/\/api.w.org\/{rel}","templated":true}]}}