{"id":1941,"date":"2021-06-11T10:21:35","date_gmt":"2021-06-11T10:21:35","guid":{"rendered":"https:\/\/unisale.com.br\/pastoral\/?p=1941"},"modified":"2021-06-11T10:25:18","modified_gmt":"2021-06-11T10:25:18","slug":"da-a-quem-te-pedir","status":"publish","type":"post","link":"https:\/\/unisale.com.br\/pastoral\/da-a-quem-te-pedir\/","title":{"rendered":"14\/06 &#8211; D\u00e1 a quem te pedir e n\u00e3o vires as costas a quem te pede emprestado"},"content":{"rendered":"<p>Segunda-feira, 14 de junho de 2021.<\/p>\n<p>&nbsp;<\/p>\n<p>Evangelho (Mt 5,38-42)<\/p>\n<p>&nbsp;<\/p>\n<p><strong>\u201cD\u00e1 a quem te pedir e n\u00e3o vires as costas a quem te pede emprestado\u201d<\/strong><\/p>\n<p>&nbsp;<\/p>\n<p>Naquele tempo, disse Jesus aos seus disc\u00edpulos: <sup>38<\/sup>\u201cOuvistes o que foi dito: \u2018Olho por olho e dente por dente!\u2019 <sup>39<\/sup>Eu, por\u00e9m, vos digo: N\u00e3o enfrenteis quem \u00e9 malvado! Pelo contr\u00e1rio, se algu\u00e9m te d\u00e1 um tapa na face direita, oferece-lhe tamb\u00e9m a esquerda! <sup>40<\/sup>Se algu\u00e9m quiser abrir um processo para tomar a tua t\u00fanica, d\u00e1-lhe tamb\u00e9m o manto! <sup>41<\/sup>Se algu\u00e9m te for\u00e7ar a andar um quil\u00f4metro, caminha dois com ele! <sup>42<\/sup>D\u00e1 a quem te pedir e n\u00e3o vires as costas a quem te pede emprestado\u201d.<\/p>\n<p>&nbsp;<\/p>\n<p><strong>Reflex\u00e3o<\/strong><\/p>\n<p><strong>\u00a0<\/strong><\/p>\n<p>Somos convidados a contemplar nesse evangelho a ant\u00edtese de Jesus \u00e0 \u201cLei do tali\u00e3o\u201d. Esta lei dizia que o mal que se faz em resposta a um mal recebido, deve ser a ele proporcional. Mas, a proposta de Jesus \u00e9 bem diferente. Para Ele, n\u00f3s n\u00e3o devemos de forma alguma entrar na l\u00f3gica do mal. O homem mal deve ser desarmado com a n\u00e3o viol\u00eancia. Jesus nos pede que tenhamos sempre comportamentos positivos e n\u00e3o violentos, pede que fa\u00e7amos o bem. Se algu\u00e9m nos trata como um advers\u00e1rio, n\u00f3s devemos trat\u00e1-lo como irm\u00e3o. O mal \u00e9 vencido pelo bem e o \u00f3dio vencido com o amor. Jesus n\u00e3o nos pede uma passividade ou toler\u00e2ncia, mas que trilhemos o caminho do bem e do amor. Jesus n\u00e3o s\u00f3 promulga esta nova lei, mas Ele a vive. Para Jesus, n\u00e3o se pode ver no outro um advers\u00e1rio, mas \u00e9 preciso ver no outro um irm\u00e3o, mesmo naquele irm\u00e3o que \u00e9 malvado, avarento e violento. Mas, precisamos entender que, com isso, Jesus n\u00e3o nos pede um comportamento de consentimento ou de toler\u00e2ncia, ou ainda de cumplicidade com atitudes que prejudiquem a comunidade e, sobretudo, prejudiquem os fracos, mas, que se deve, apesar de tudo, amar aquele que se corrige. Para n\u00f3s, que temos a tend\u00eancia de reagir ao mal com o mal, e ao bem com o bem, assumir a proposta de Jesus \u00e9 assumir uma rea\u00e7\u00e3o que \u00e9 uma novidade, uma atitude inesperada. O convite do Evangelho \u00e9 claro: se voc\u00ea quer vencer o mal n\u00e3o use das mesmas armas que ele usa. Jesus nos d\u00e1 o exemplo, soube perdoar, calar-se e respondeu \u00e0 viol\u00eancia recebida com o perd\u00e3o: \u201cPai, perdoa-lhes!\u201d.<\/p>\n<p>&nbsp;<\/p>\n<p><strong>Pe. Paulo Eduardo J\u00e1como, sdb<\/strong><\/p>\n","protected":false},"excerpt":{"rendered":"<p>Segunda-feira, 14 de junho de 2021. &nbsp; Evangelho (Mt 5,38-42) &nbsp; \u201cD\u00e1 a quem te pedir e n\u00e3o vires as costas a quem te pede&#8230;<\/p>\n","protected":false},"author":1,"featured_media":1949,"comment_status":"closed","ping_status":"closed","sticky":false,"template":"","format":"standard","meta":{"_acf_changed":false,"footnotes":""},"categories":[13],"tags":[],"class_list":["post-1941","post","type-post","status-publish","format-standard","has-post-thumbnail","hentry","category-reflexaodoevagelho"],"acf":[],"yoast_head":"<!-- This site is optimized with the Yoast SEO plugin v27.3 - https:\/\/yoast.com\/product\/yoast-seo-wordpress\/ -->\n<title>14\/06 - D\u00e1 a quem te pedir e n\u00e3o vires as costas a quem te pede emprestado - Pastoral Universit\u00e1ria UniSALESIANO<\/title>\n<meta name=\"robots\" content=\"index, follow, max-snippet:-1, max-image-preview:large, max-video-preview:-1\" \/>\n<link rel=\"canonical\" href=\"https:\/\/unisale.com.br\/novo\/da-a-quem-te-pedir\/\" \/>\n<meta property=\"og:locale\" content=\"pt_BR\" \/>\n<meta property=\"og:type\" content=\"article\" \/>\n<meta property=\"og:title\" content=\"14\/06 - D\u00e1 a quem te pedir e n\u00e3o vires as costas a quem te pede emprestado - Pastoral Universit\u00e1ria UniSALESIANO\" \/>\n<meta property=\"og:description\" content=\"Segunda-feira, 14 de junho de 2021. &nbsp; Evangelho (Mt 5,38-42) &nbsp; \u201cD\u00e1 a quem te pedir e n\u00e3o vires as costas a quem te pede...\" \/>\n<meta property=\"og:url\" content=\"https:\/\/unisale.com.br\/novo\/da-a-quem-te-pedir\/\" \/>\n<meta property=\"og:site_name\" content=\"Pastoral Universit\u00e1ria UniSALESIANO\" \/>\n<meta property=\"article:published_time\" content=\"2021-06-11T10:21:35+00:00\" \/>\n<meta property=\"article:modified_time\" content=\"2021-06-11T10:25:18+00:00\" \/>\n<meta property=\"og:image\" content=\"https:\/\/unisale.com.br\/novo\/wp-content\/uploads\/2021\/06\/14-06-1024x576.png\" \/>\n\t<meta property=\"og:image:width\" content=\"1024\" \/>\n\t<meta property=\"og:image:height\" content=\"576\" \/>\n\t<meta property=\"og:image:type\" content=\"image\/png\" \/>\n<meta name=\"author\" content=\"pastoral\" \/>\n<meta name=\"twitter:card\" content=\"summary_large_image\" \/>\n<meta name=\"twitter:label1\" content=\"Escrito por\" \/>\n\t<meta name=\"twitter:data1\" content=\"pastoral\" \/>\n\t<meta name=\"twitter:label2\" content=\"Est. tempo de leitura\" \/>\n\t<meta name=\"twitter:data2\" content=\"2 minutos\" \/>\n<script type=\"application\/ld+json\" class=\"yoast-schema-graph\">{\"@context\":\"https:\\\/\\\/schema.org\",\"@graph\":[{\"@type\":\"Article\",\"@id\":\"https:\\\/\\\/unisale.com.br\\\/novo\\\/da-a-quem-te-pedir\\\/#article\",\"isPartOf\":{\"@id\":\"https:\\\/\\\/unisale.com.br\\\/novo\\\/da-a-quem-te-pedir\\\/\"},\"author\":{\"name\":\"pastoral\",\"@id\":\"https:\\\/\\\/unisale.com.br\\\/pastoral\\\/#\\\/schema\\\/person\\\/a16ba711a0f7dec9cb6b44563144d5a3\"},\"headline\":\"14\\\/06 &#8211; D\u00e1 a quem te pedir e n\u00e3o vires as costas a quem te pede emprestado\",\"datePublished\":\"2021-06-11T10:21:35+00:00\",\"dateModified\":\"2021-06-11T10:25:18+00:00\",\"mainEntityOfPage\":{\"@id\":\"https:\\\/\\\/unisale.com.br\\\/novo\\\/da-a-quem-te-pedir\\\/\"},\"wordCount\":450,\"image\":{\"@id\":\"https:\\\/\\\/unisale.com.br\\\/novo\\\/da-a-quem-te-pedir\\\/#primaryimage\"},\"thumbnailUrl\":\"https:\\\/\\\/unisale.com.br\\\/pastoral\\\/wp-content\\\/uploads\\\/2021\\\/06\\\/14-06.png\",\"articleSection\":[\"Reflex\u00e3o do Evangelho\"],\"inLanguage\":\"pt-BR\"},{\"@type\":\"WebPage\",\"@id\":\"https:\\\/\\\/unisale.com.br\\\/novo\\\/da-a-quem-te-pedir\\\/\",\"url\":\"https:\\\/\\\/unisale.com.br\\\/novo\\\/da-a-quem-te-pedir\\\/\",\"name\":\"14\\\/06 - D\u00e1 a quem te pedir e n\u00e3o vires as costas a quem te pede emprestado - Pastoral Universit\u00e1ria UniSALESIANO\",\"isPartOf\":{\"@id\":\"https:\\\/\\\/unisale.com.br\\\/pastoral\\\/#website\"},\"primaryImageOfPage\":{\"@id\":\"https:\\\/\\\/unisale.com.br\\\/novo\\\/da-a-quem-te-pedir\\\/#primaryimage\"},\"image\":{\"@id\":\"https:\\\/\\\/unisale.com.br\\\/novo\\\/da-a-quem-te-pedir\\\/#primaryimage\"},\"thumbnailUrl\":\"https:\\\/\\\/unisale.com.br\\\/pastoral\\\/wp-content\\\/uploads\\\/2021\\\/06\\\/14-06.png\",\"datePublished\":\"2021-06-11T10:21:35+00:00\",\"dateModified\":\"2021-06-11T10:25:18+00:00\",\"author\":{\"@id\":\"https:\\\/\\\/unisale.com.br\\\/pastoral\\\/#\\\/schema\\\/person\\\/a16ba711a0f7dec9cb6b44563144d5a3\"},\"inLanguage\":\"pt-BR\",\"potentialAction\":[{\"@type\":\"ReadAction\",\"target\":[\"https:\\\/\\\/unisale.com.br\\\/novo\\\/da-a-quem-te-pedir\\\/\"]}]},{\"@type\":\"ImageObject\",\"inLanguage\":\"pt-BR\",\"@id\":\"https:\\\/\\\/unisale.com.br\\\/novo\\\/da-a-quem-te-pedir\\\/#primaryimage\",\"url\":\"https:\\\/\\\/unisale.com.br\\\/pastoral\\\/wp-content\\\/uploads\\\/2021\\\/06\\\/14-06.png\",\"contentUrl\":\"https:\\\/\\\/unisale.com.br\\\/pastoral\\\/wp-content\\\/uploads\\\/2021\\\/06\\\/14-06.png\",\"width\":889,\"height\":500},{\"@type\":\"WebSite\",\"@id\":\"https:\\\/\\\/unisale.com.br\\\/pastoral\\\/#website\",\"url\":\"https:\\\/\\\/unisale.com.br\\\/pastoral\\\/\",\"name\":\"Pastoral Universit\u00e1ria UniSALESIANO\",\"description\":\"Site da Pastoral Universit\u00e1ria do UniSALESIANO\",\"potentialAction\":[{\"@type\":\"SearchAction\",\"target\":{\"@type\":\"EntryPoint\",\"urlTemplate\":\"https:\\\/\\\/unisale.com.br\\\/pastoral\\\/?s={search_term_string}\"},\"query-input\":{\"@type\":\"PropertyValueSpecification\",\"valueRequired\":true,\"valueName\":\"search_term_string\"}}],\"inLanguage\":\"pt-BR\"},{\"@type\":\"Person\",\"@id\":\"https:\\\/\\\/unisale.com.br\\\/pastoral\\\/#\\\/schema\\\/person\\\/a16ba711a0f7dec9cb6b44563144d5a3\",\"name\":\"pastoral\",\"url\":\"https:\\\/\\\/unisale.com.br\\\/pastoral\\\/author\\\/pastoral\\\/\"}]}<\/script>\n<!-- \/ Yoast SEO plugin. -->","yoast_head_json":{"title":"14\/06 - D\u00e1 a quem te pedir e n\u00e3o vires as costas a quem te pede emprestado - Pastoral Universit\u00e1ria UniSALESIANO","robots":{"index":"index","follow":"follow","max-snippet":"max-snippet:-1","max-image-preview":"max-image-preview:large","max-video-preview":"max-video-preview:-1"},"canonical":"https:\/\/unisale.com.br\/novo\/da-a-quem-te-pedir\/","og_locale":"pt_BR","og_type":"article","og_title":"14\/06 - D\u00e1 a quem te pedir e n\u00e3o vires as costas a quem te pede emprestado - Pastoral Universit\u00e1ria UniSALESIANO","og_description":"Segunda-feira, 14 de junho de 2021. &nbsp; Evangelho (Mt 5,38-42) &nbsp; \u201cD\u00e1 a quem te pedir e n\u00e3o vires as costas a quem te pede...","og_url":"https:\/\/unisale.com.br\/novo\/da-a-quem-te-pedir\/","og_site_name":"Pastoral Universit\u00e1ria UniSALESIANO","article_published_time":"2021-06-11T10:21:35+00:00","article_modified_time":"2021-06-11T10:25:18+00:00","og_image":[{"width":1024,"height":576,"url":"https:\/\/unisale.com.br\/novo\/wp-content\/uploads\/2021\/06\/14-06-1024x576.png","type":"image\/png"}],"author":"pastoral","twitter_card":"summary_large_image","twitter_misc":{"Escrito por":"pastoral","Est. tempo de leitura":"2 minutos"},"schema":{"@context":"https:\/\/schema.org","@graph":[{"@type":"Article","@id":"https:\/\/unisale.com.br\/novo\/da-a-quem-te-pedir\/#article","isPartOf":{"@id":"https:\/\/unisale.com.br\/novo\/da-a-quem-te-pedir\/"},"author":{"name":"pastoral","@id":"https:\/\/unisale.com.br\/pastoral\/#\/schema\/person\/a16ba711a0f7dec9cb6b44563144d5a3"},"headline":"14\/06 &#8211; D\u00e1 a quem te pedir e n\u00e3o vires as costas a quem te pede emprestado","datePublished":"2021-06-11T10:21:35+00:00","dateModified":"2021-06-11T10:25:18+00:00","mainEntityOfPage":{"@id":"https:\/\/unisale.com.br\/novo\/da-a-quem-te-pedir\/"},"wordCount":450,"image":{"@id":"https:\/\/unisale.com.br\/novo\/da-a-quem-te-pedir\/#primaryimage"},"thumbnailUrl":"https:\/\/unisale.com.br\/pastoral\/wp-content\/uploads\/2021\/06\/14-06.png","articleSection":["Reflex\u00e3o do Evangelho"],"inLanguage":"pt-BR"},{"@type":"WebPage","@id":"https:\/\/unisale.com.br\/novo\/da-a-quem-te-pedir\/","url":"https:\/\/unisale.com.br\/novo\/da-a-quem-te-pedir\/","name":"14\/06 - D\u00e1 a quem te pedir e n\u00e3o vires as costas a quem te pede emprestado - Pastoral Universit\u00e1ria UniSALESIANO","isPartOf":{"@id":"https:\/\/unisale.com.br\/pastoral\/#website"},"primaryImageOfPage":{"@id":"https:\/\/unisale.com.br\/novo\/da-a-quem-te-pedir\/#primaryimage"},"image":{"@id":"https:\/\/unisale.com.br\/novo\/da-a-quem-te-pedir\/#primaryimage"},"thumbnailUrl":"https:\/\/unisale.com.br\/pastoral\/wp-content\/uploads\/2021\/06\/14-06.png","datePublished":"2021-06-11T10:21:35+00:00","dateModified":"2021-06-11T10:25:18+00:00","author":{"@id":"https:\/\/unisale.com.br\/pastoral\/#\/schema\/person\/a16ba711a0f7dec9cb6b44563144d5a3"},"inLanguage":"pt-BR","potentialAction":[{"@type":"ReadAction","target":["https:\/\/unisale.com.br\/novo\/da-a-quem-te-pedir\/"]}]},{"@type":"ImageObject","inLanguage":"pt-BR","@id":"https:\/\/unisale.com.br\/novo\/da-a-quem-te-pedir\/#primaryimage","url":"https:\/\/unisale.com.br\/pastoral\/wp-content\/uploads\/2021\/06\/14-06.png","contentUrl":"https:\/\/unisale.com.br\/pastoral\/wp-content\/uploads\/2021\/06\/14-06.png","width":889,"height":500},{"@type":"WebSite","@id":"https:\/\/unisale.com.br\/pastoral\/#website","url":"https:\/\/unisale.com.br\/pastoral\/","name":"Pastoral Universit\u00e1ria UniSALESIANO","description":"Site da Pastoral Universit\u00e1ria do UniSALESIANO","potentialAction":[{"@type":"SearchAction","target":{"@type":"EntryPoint","urlTemplate":"https:\/\/unisale.com.br\/pastoral\/?s={search_term_string}"},"query-input":{"@type":"PropertyValueSpecification","valueRequired":true,"valueName":"search_term_string"}}],"inLanguage":"pt-BR"},{"@type":"Person","@id":"https:\/\/unisale.com.br\/pastoral\/#\/schema\/person\/a16ba711a0f7dec9cb6b44563144d5a3","name":"pastoral","url":"https:\/\/unisale.com.br\/pastoral\/author\/pastoral\/"}]}},"_links":{"self":[{"href":"https:\/\/unisale.com.br\/pastoral\/wp-json\/wp\/v2\/posts\/1941","targetHints":{"allow":["GET"]}}],"collection":[{"href":"https:\/\/unisale.com.br\/pastoral\/wp-json\/wp\/v2\/posts"}],"about":[{"href":"https:\/\/unisale.com.br\/pastoral\/wp-json\/wp\/v2\/types\/post"}],"author":[{"embeddable":true,"href":"https:\/\/unisale.com.br\/pastoral\/wp-json\/wp\/v2\/users\/1"}],"replies":[{"embeddable":true,"href":"https:\/\/unisale.com.br\/pastoral\/wp-json\/wp\/v2\/comments?post=1941"}],"version-history":[{"count":0,"href":"https:\/\/unisale.com.br\/pastoral\/wp-json\/wp\/v2\/posts\/1941\/revisions"}],"wp:featuredmedia":[{"embeddable":true,"href":"https:\/\/unisale.com.br\/pastoral\/wp-json\/wp\/v2\/media\/1949"}],"wp:attachment":[{"href":"https:\/\/unisale.com.br\/pastoral\/wp-json\/wp\/v2\/media?parent=1941"}],"wp:term":[{"taxonomy":"category","embeddable":true,"href":"https:\/\/unisale.com.br\/pastoral\/wp-json\/wp\/v2\/categories?post=1941"},{"taxonomy":"post_tag","embeddable":true,"href":"https:\/\/unisale.com.br\/pastoral\/wp-json\/wp\/v2\/tags?post=1941"}],"curies":[{"name":"wp","href":"https:\/\/api.w.org\/{rel}","templated":true}]}}