{"id":1950,"date":"2021-06-11T10:28:16","date_gmt":"2021-06-11T10:28:16","guid":{"rendered":"https:\/\/unisale.com.br\/pastoral\/?p=1950"},"modified":"2021-06-11T10:28:16","modified_gmt":"2021-06-11T10:28:16","slug":"sede-perfeitos","status":"publish","type":"post","link":"https:\/\/unisale.com.br\/pastoral\/sede-perfeitos\/","title":{"rendered":"15\/06 &#8211; Sede perfeitos como o vosso Pai celeste \u00e9 perfeito"},"content":{"rendered":"<p>Ter\u00e7a-feira, 15 de junho de 2021.<\/p>\n<p>&nbsp;<\/p>\n<p>Evangelho (Mt 5,43-48)<\/p>\n<p>&nbsp;<\/p>\n<p><strong>\u201c&#8230;sede perfeitos como o vosso Pai celeste \u00e9 perfeito\u201d<\/strong><\/p>\n<p>&nbsp;<\/p>\n<p>Naquele tempo, disse Jesus aos seus disc\u00edpulos: <sup>43<\/sup>\u201cV\u00f3s ouvistes o que foi dito: \u2018Amar\u00e1s o teu pr\u00f3ximo e odiar\u00e1s o teu inimigo!\u2019 <sup>44<\/sup>Eu, por\u00e9m, vos digo: \u2018Amai os vossos inimigos e rezai por aqueles que vos perseguem!\u2019 <sup>45<\/sup>Assim, vos tornareis filhos do vosso Pai que est\u00e1 nos c\u00e9us, porque ele faz nascer o sol sobre maus e bons, e faz cair a chuva sobre os justos e injustos.<\/p>\n<p><sup>46<\/sup>Porque, se amais somente aqueles que vos amam, que recompensa tereis? Os cobradores de impostos n\u00e3o fazem a mesma coisa? <sup>47<\/sup>E se saudais somente os vossos irm\u00e3os, que fazeis de extraordin\u00e1rio? Os pag\u00e3os n\u00e3o fazem a mesma coisa? <sup>48<\/sup>Portanto, sede perfeitos como o vosso Pai celeste \u00e9 perfeito\u201d.<\/p>\n<p>&nbsp;<\/p>\n<p><strong>Reflex\u00e3o<\/strong><\/p>\n<p>&nbsp;<\/p>\n<p>Como \u00e9 dif\u00edcil amar, amar sempre e amar, principalmente, quem n\u00e3o merece o nosso amor. Mas, \u00e9 Jesus que nos pede um amor assim. O amor \u00e9 sempre amor pela verdade, mas \u00e9 sempre amor para quem est\u00e1 ao nosso lado e, principalmente, amor em rela\u00e7\u00e3o a quem n\u00e3o pensa como n\u00f3s. O evangelho nos convida a uma paix\u00e3o pelo di\u00e1logo, a paix\u00e3o pelo homem, a paix\u00e3o pelo bem que vence os inimigos, a paix\u00e3o maior que \u00e9 \u201cmorrer por quem se ama\u201d. \u00c9 aprender a amar quem, na realidade, nos d\u00e1 sempre motivos para odi\u00e1-lo. Mas, como ser perfeitos no amor, n\u00f3s que somos imperfeitos? N\u00e3o podemos nos esquecer que como crist\u00e3os e somos chamados \u00e0 perfei\u00e7\u00e3o, mesmo experimentando nossas \u201cquedas\u201d. Amar \u00e9 sempre tentar amar, tamb\u00e9m quando n\u00e3o nos \u00e9 simples faz\u00ea-lo. O mandamento do amor \u00e9 para todos. O amor que Jesus nos pede \u00e9 um amor ativo, n\u00e3o \u00e9 um amor que \u00e9 s\u00f3 sentimento. N\u00e3o \u00e9 s\u00f3 dizer que amamos os nossos inimigos, mas \u00e9 tamb\u00e9m fazer o bem aos nossos inimigos. \u00c9 necess\u00e1rio rezar pelos inimigos, ou seja, tamb\u00e9m temos que pedir para eles ao Pai todas as b\u00ean\u00e7\u00e3os. E precisamos fazer isso porque somos disc\u00edpulos de Jesus e filhos do Pai. Como filhos, somos obrigados a aprender do Pai, cuja bondade \u00e9 destinada gratuitamente e indistintamente a todos. Por isso, precisamos assumir os mesmos sentimentos d\u2019Ele. A exig\u00eancia da imita\u00e7\u00e3o do Pai \u00e9 de tal modo necess\u00e1ria para Jesus, que Ele prop\u00f5e aos disc\u00edpulos a mesma perfei\u00e7\u00e3o do Pai. N\u00e3o se trata de se igualar a Deus, mas de deixar impregnar a nossa vida daquela Sua miseric\u00f3rdia Universal: \u201cSede misericordiosos como tamb\u00e9m o vosso Pai \u00e9 misericordioso\u201d.<\/p>\n<p>&nbsp;<\/p>\n<p><strong>Pe. Paulo Eduardo J\u00e1como, sdb.<\/strong><\/p>\n","protected":false},"excerpt":{"rendered":"<p>Ter\u00e7a-feira, 15 de junho de 2021. &nbsp; Evangelho (Mt 5,43-48) &nbsp; \u201c&#8230;sede perfeitos como o vosso Pai celeste \u00e9 perfeito\u201d &nbsp; Naquele tempo, disse Jesus&#8230;<\/p>\n","protected":false},"author":1,"featured_media":1948,"comment_status":"closed","ping_status":"closed","sticky":false,"template":"","format":"standard","meta":{"_acf_changed":false,"footnotes":""},"categories":[13],"tags":[],"class_list":["post-1950","post","type-post","status-publish","format-standard","has-post-thumbnail","hentry","category-reflexaodoevagelho"],"acf":[],"yoast_head":"<!-- This site is optimized with the Yoast SEO plugin v27.3 - https:\/\/yoast.com\/product\/yoast-seo-wordpress\/ -->\n<title>15\/06 - Sede perfeitos como o vosso Pai celeste \u00e9 perfeito - Pastoral Universit\u00e1ria UniSALESIANO<\/title>\n<meta name=\"robots\" content=\"index, follow, max-snippet:-1, max-image-preview:large, max-video-preview:-1\" \/>\n<link rel=\"canonical\" href=\"https:\/\/unisale.com.br\/novo\/sede-perfeitos\/\" \/>\n<meta property=\"og:locale\" content=\"pt_BR\" \/>\n<meta property=\"og:type\" content=\"article\" \/>\n<meta property=\"og:title\" content=\"15\/06 - Sede perfeitos como o vosso Pai celeste \u00e9 perfeito - Pastoral Universit\u00e1ria UniSALESIANO\" \/>\n<meta property=\"og:description\" content=\"Ter\u00e7a-feira, 15 de junho de 2021. &nbsp; Evangelho (Mt 5,43-48) &nbsp; \u201c&#8230;sede perfeitos como o vosso Pai celeste \u00e9 perfeito\u201d &nbsp; Naquele tempo, disse Jesus...\" \/>\n<meta property=\"og:url\" content=\"https:\/\/unisale.com.br\/novo\/sede-perfeitos\/\" \/>\n<meta property=\"og:site_name\" content=\"Pastoral Universit\u00e1ria UniSALESIANO\" \/>\n<meta property=\"article:published_time\" content=\"2021-06-11T10:28:16+00:00\" \/>\n<meta property=\"og:image\" content=\"https:\/\/unisale.com.br\/novo\/wp-content\/uploads\/2021\/06\/15-06.png\" \/>\n\t<meta property=\"og:image:width\" content=\"1920\" \/>\n\t<meta property=\"og:image:height\" content=\"1080\" \/>\n\t<meta property=\"og:image:type\" content=\"image\/png\" \/>\n<meta name=\"author\" content=\"pastoral\" \/>\n<meta name=\"twitter:card\" content=\"summary_large_image\" \/>\n<meta name=\"twitter:label1\" content=\"Escrito por\" \/>\n\t<meta name=\"twitter:data1\" content=\"pastoral\" \/>\n\t<meta name=\"twitter:label2\" content=\"Est. tempo de leitura\" \/>\n\t<meta name=\"twitter:data2\" content=\"2 minutos\" \/>\n<script type=\"application\/ld+json\" class=\"yoast-schema-graph\">{\"@context\":\"https:\\\/\\\/schema.org\",\"@graph\":[{\"@type\":\"Article\",\"@id\":\"https:\\\/\\\/unisale.com.br\\\/novo\\\/sede-perfeitos\\\/#article\",\"isPartOf\":{\"@id\":\"https:\\\/\\\/unisale.com.br\\\/novo\\\/sede-perfeitos\\\/\"},\"author\":{\"name\":\"pastoral\",\"@id\":\"https:\\\/\\\/unisale.com.br\\\/pastoral\\\/#\\\/schema\\\/person\\\/a16ba711a0f7dec9cb6b44563144d5a3\"},\"headline\":\"15\\\/06 &#8211; Sede perfeitos como o vosso Pai celeste \u00e9 perfeito\",\"datePublished\":\"2021-06-11T10:28:16+00:00\",\"mainEntityOfPage\":{\"@id\":\"https:\\\/\\\/unisale.com.br\\\/novo\\\/sede-perfeitos\\\/\"},\"wordCount\":467,\"image\":{\"@id\":\"https:\\\/\\\/unisale.com.br\\\/novo\\\/sede-perfeitos\\\/#primaryimage\"},\"thumbnailUrl\":\"https:\\\/\\\/unisale.com.br\\\/pastoral\\\/wp-content\\\/uploads\\\/2021\\\/06\\\/15-06.png\",\"articleSection\":[\"Reflex\u00e3o do Evangelho\"],\"inLanguage\":\"pt-BR\"},{\"@type\":\"WebPage\",\"@id\":\"https:\\\/\\\/unisale.com.br\\\/novo\\\/sede-perfeitos\\\/\",\"url\":\"https:\\\/\\\/unisale.com.br\\\/novo\\\/sede-perfeitos\\\/\",\"name\":\"15\\\/06 - Sede perfeitos como o vosso Pai celeste \u00e9 perfeito - Pastoral Universit\u00e1ria UniSALESIANO\",\"isPartOf\":{\"@id\":\"https:\\\/\\\/unisale.com.br\\\/pastoral\\\/#website\"},\"primaryImageOfPage\":{\"@id\":\"https:\\\/\\\/unisale.com.br\\\/novo\\\/sede-perfeitos\\\/#primaryimage\"},\"image\":{\"@id\":\"https:\\\/\\\/unisale.com.br\\\/novo\\\/sede-perfeitos\\\/#primaryimage\"},\"thumbnailUrl\":\"https:\\\/\\\/unisale.com.br\\\/pastoral\\\/wp-content\\\/uploads\\\/2021\\\/06\\\/15-06.png\",\"datePublished\":\"2021-06-11T10:28:16+00:00\",\"author\":{\"@id\":\"https:\\\/\\\/unisale.com.br\\\/pastoral\\\/#\\\/schema\\\/person\\\/a16ba711a0f7dec9cb6b44563144d5a3\"},\"inLanguage\":\"pt-BR\",\"potentialAction\":[{\"@type\":\"ReadAction\",\"target\":[\"https:\\\/\\\/unisale.com.br\\\/novo\\\/sede-perfeitos\\\/\"]}]},{\"@type\":\"ImageObject\",\"inLanguage\":\"pt-BR\",\"@id\":\"https:\\\/\\\/unisale.com.br\\\/novo\\\/sede-perfeitos\\\/#primaryimage\",\"url\":\"https:\\\/\\\/unisale.com.br\\\/pastoral\\\/wp-content\\\/uploads\\\/2021\\\/06\\\/15-06.png\",\"contentUrl\":\"https:\\\/\\\/unisale.com.br\\\/pastoral\\\/wp-content\\\/uploads\\\/2021\\\/06\\\/15-06.png\",\"width\":889,\"height\":500},{\"@type\":\"WebSite\",\"@id\":\"https:\\\/\\\/unisale.com.br\\\/pastoral\\\/#website\",\"url\":\"https:\\\/\\\/unisale.com.br\\\/pastoral\\\/\",\"name\":\"Pastoral Universit\u00e1ria UniSALESIANO\",\"description\":\"Site da Pastoral Universit\u00e1ria do UniSALESIANO\",\"potentialAction\":[{\"@type\":\"SearchAction\",\"target\":{\"@type\":\"EntryPoint\",\"urlTemplate\":\"https:\\\/\\\/unisale.com.br\\\/pastoral\\\/?s={search_term_string}\"},\"query-input\":{\"@type\":\"PropertyValueSpecification\",\"valueRequired\":true,\"valueName\":\"search_term_string\"}}],\"inLanguage\":\"pt-BR\"},{\"@type\":\"Person\",\"@id\":\"https:\\\/\\\/unisale.com.br\\\/pastoral\\\/#\\\/schema\\\/person\\\/a16ba711a0f7dec9cb6b44563144d5a3\",\"name\":\"pastoral\",\"url\":\"https:\\\/\\\/unisale.com.br\\\/pastoral\\\/author\\\/pastoral\\\/\"}]}<\/script>\n<!-- \/ Yoast SEO plugin. -->","yoast_head_json":{"title":"15\/06 - Sede perfeitos como o vosso Pai celeste \u00e9 perfeito - Pastoral Universit\u00e1ria UniSALESIANO","robots":{"index":"index","follow":"follow","max-snippet":"max-snippet:-1","max-image-preview":"max-image-preview:large","max-video-preview":"max-video-preview:-1"},"canonical":"https:\/\/unisale.com.br\/novo\/sede-perfeitos\/","og_locale":"pt_BR","og_type":"article","og_title":"15\/06 - Sede perfeitos como o vosso Pai celeste \u00e9 perfeito - Pastoral Universit\u00e1ria UniSALESIANO","og_description":"Ter\u00e7a-feira, 15 de junho de 2021. &nbsp; Evangelho (Mt 5,43-48) &nbsp; \u201c&#8230;sede perfeitos como o vosso Pai celeste \u00e9 perfeito\u201d &nbsp; Naquele tempo, disse Jesus...","og_url":"https:\/\/unisale.com.br\/novo\/sede-perfeitos\/","og_site_name":"Pastoral Universit\u00e1ria UniSALESIANO","article_published_time":"2021-06-11T10:28:16+00:00","og_image":[{"width":1920,"height":1080,"url":"https:\/\/unisale.com.br\/novo\/wp-content\/uploads\/2021\/06\/15-06.png","type":"image\/png"}],"author":"pastoral","twitter_card":"summary_large_image","twitter_misc":{"Escrito por":"pastoral","Est. tempo de leitura":"2 minutos"},"schema":{"@context":"https:\/\/schema.org","@graph":[{"@type":"Article","@id":"https:\/\/unisale.com.br\/novo\/sede-perfeitos\/#article","isPartOf":{"@id":"https:\/\/unisale.com.br\/novo\/sede-perfeitos\/"},"author":{"name":"pastoral","@id":"https:\/\/unisale.com.br\/pastoral\/#\/schema\/person\/a16ba711a0f7dec9cb6b44563144d5a3"},"headline":"15\/06 &#8211; Sede perfeitos como o vosso Pai celeste \u00e9 perfeito","datePublished":"2021-06-11T10:28:16+00:00","mainEntityOfPage":{"@id":"https:\/\/unisale.com.br\/novo\/sede-perfeitos\/"},"wordCount":467,"image":{"@id":"https:\/\/unisale.com.br\/novo\/sede-perfeitos\/#primaryimage"},"thumbnailUrl":"https:\/\/unisale.com.br\/pastoral\/wp-content\/uploads\/2021\/06\/15-06.png","articleSection":["Reflex\u00e3o do Evangelho"],"inLanguage":"pt-BR"},{"@type":"WebPage","@id":"https:\/\/unisale.com.br\/novo\/sede-perfeitos\/","url":"https:\/\/unisale.com.br\/novo\/sede-perfeitos\/","name":"15\/06 - Sede perfeitos como o vosso Pai celeste \u00e9 perfeito - Pastoral Universit\u00e1ria UniSALESIANO","isPartOf":{"@id":"https:\/\/unisale.com.br\/pastoral\/#website"},"primaryImageOfPage":{"@id":"https:\/\/unisale.com.br\/novo\/sede-perfeitos\/#primaryimage"},"image":{"@id":"https:\/\/unisale.com.br\/novo\/sede-perfeitos\/#primaryimage"},"thumbnailUrl":"https:\/\/unisale.com.br\/pastoral\/wp-content\/uploads\/2021\/06\/15-06.png","datePublished":"2021-06-11T10:28:16+00:00","author":{"@id":"https:\/\/unisale.com.br\/pastoral\/#\/schema\/person\/a16ba711a0f7dec9cb6b44563144d5a3"},"inLanguage":"pt-BR","potentialAction":[{"@type":"ReadAction","target":["https:\/\/unisale.com.br\/novo\/sede-perfeitos\/"]}]},{"@type":"ImageObject","inLanguage":"pt-BR","@id":"https:\/\/unisale.com.br\/novo\/sede-perfeitos\/#primaryimage","url":"https:\/\/unisale.com.br\/pastoral\/wp-content\/uploads\/2021\/06\/15-06.png","contentUrl":"https:\/\/unisale.com.br\/pastoral\/wp-content\/uploads\/2021\/06\/15-06.png","width":889,"height":500},{"@type":"WebSite","@id":"https:\/\/unisale.com.br\/pastoral\/#website","url":"https:\/\/unisale.com.br\/pastoral\/","name":"Pastoral Universit\u00e1ria UniSALESIANO","description":"Site da Pastoral Universit\u00e1ria do UniSALESIANO","potentialAction":[{"@type":"SearchAction","target":{"@type":"EntryPoint","urlTemplate":"https:\/\/unisale.com.br\/pastoral\/?s={search_term_string}"},"query-input":{"@type":"PropertyValueSpecification","valueRequired":true,"valueName":"search_term_string"}}],"inLanguage":"pt-BR"},{"@type":"Person","@id":"https:\/\/unisale.com.br\/pastoral\/#\/schema\/person\/a16ba711a0f7dec9cb6b44563144d5a3","name":"pastoral","url":"https:\/\/unisale.com.br\/pastoral\/author\/pastoral\/"}]}},"_links":{"self":[{"href":"https:\/\/unisale.com.br\/pastoral\/wp-json\/wp\/v2\/posts\/1950","targetHints":{"allow":["GET"]}}],"collection":[{"href":"https:\/\/unisale.com.br\/pastoral\/wp-json\/wp\/v2\/posts"}],"about":[{"href":"https:\/\/unisale.com.br\/pastoral\/wp-json\/wp\/v2\/types\/post"}],"author":[{"embeddable":true,"href":"https:\/\/unisale.com.br\/pastoral\/wp-json\/wp\/v2\/users\/1"}],"replies":[{"embeddable":true,"href":"https:\/\/unisale.com.br\/pastoral\/wp-json\/wp\/v2\/comments?post=1950"}],"version-history":[{"count":0,"href":"https:\/\/unisale.com.br\/pastoral\/wp-json\/wp\/v2\/posts\/1950\/revisions"}],"wp:featuredmedia":[{"embeddable":true,"href":"https:\/\/unisale.com.br\/pastoral\/wp-json\/wp\/v2\/media\/1948"}],"wp:attachment":[{"href":"https:\/\/unisale.com.br\/pastoral\/wp-json\/wp\/v2\/media?parent=1950"}],"wp:term":[{"taxonomy":"category","embeddable":true,"href":"https:\/\/unisale.com.br\/pastoral\/wp-json\/wp\/v2\/categories?post=1950"},{"taxonomy":"post_tag","embeddable":true,"href":"https:\/\/unisale.com.br\/pastoral\/wp-json\/wp\/v2\/tags?post=1950"}],"curies":[{"name":"wp","href":"https:\/\/api.w.org\/{rel}","templated":true}]}}