{"id":1959,"date":"2021-06-11T11:05:48","date_gmt":"2021-06-11T11:05:48","guid":{"rendered":"https:\/\/unisale.com.br\/pastoral\/?p=1959"},"modified":"2021-06-11T11:13:03","modified_gmt":"2021-06-11T11:13:03","slug":"buscai-em-primeiro","status":"publish","type":"post","link":"https:\/\/unisale.com.br\/pastoral\/buscai-em-primeiro\/","title":{"rendered":"19\/06 &#8211; Buscai em primeiro lugar o Reino de Deus e a sua justi\u00e7a, e todas estas coisas vos ser\u00e3o dadas por acr\u00e9scimo"},"content":{"rendered":"<p>S\u00e1bado, 19 de junho de 2021.<\/p>\n<p>&nbsp;<\/p>\n<p>Evangelho (Mt 6,24-34)<\/p>\n<p>&nbsp;<\/p>\n<p><strong>\u201c&#8230;buscai em primeiro lugar o Reino de Deus e a sua justi\u00e7a, e todas estas coisas vos ser\u00e3o dadas por acr\u00e9scimo\u201d<\/strong><\/p>\n<p>&nbsp;<\/p>\n<p>Naquele tempo, disse Jesus aos seus disc\u00edpulos: <sup>24<\/sup>\u201cNingu\u00e9m pode servir a dois senhores: pois, ou odiar\u00e1 um e amar\u00e1 o outro, ou ser\u00e1 fiel a um e desprezar\u00e1 o outro. V\u00f3s n\u00e3o podeis servir a Deus e ao dinheiro. <sup>25<\/sup>Por isso, eu vos digo: n\u00e3o vos preocupeis com a vossa vida, com o que havereis de comer ou beber; nem com vosso corpo, com o que havereis de vestir. Afinal a vida n\u00e3o vale mais do que o alimento, e o corpo, mais do que a roupa? <sup>26<\/sup>Olhai os p\u00e1ssaros dos c\u00e9us: eles n\u00e3o semeiam, n\u00e3o colhem, nem ajuntam em armaz\u00e9ns. No entanto, vosso Pai que est\u00e1 nos c\u00e9us os alimenta. V\u00f3s n\u00e3o valeis mais do que os p\u00e1ssaros? <sup>27<\/sup>Quem de v\u00f3s pode prolongar a dura\u00e7\u00e3o da pr\u00f3pria vida, s\u00f3 pelo fato de se preocupar com isso? <sup>28<\/sup>E por que ficais preocupados com a roupa? Olhai como crescem os l\u00edrios do campo: eles n\u00e3o trabalham nem fiam. <sup>29<\/sup>Por\u00e9m, eu vos digo: nem o rei Salom\u00e3o, em toda a sua gl\u00f3ria, jamais se vestiu como um deles. <sup>30<\/sup>Ora, se Deus veste assim a erva do campo, que hoje existe e amanh\u00e3 \u00e9 queimada no forno, n\u00e3o far\u00e1 ele muito mais por v\u00f3s, gente de pouca f\u00e9? <sup>31<\/sup>Portanto, n\u00e3o vos preocupeis, dizendo: Que vamos comer? Que vamos beber? Como vamos nos vestir? <sup>32<\/sup>Os pag\u00e3os \u00e9 que procuram essas coisas. Vosso Pai, que est\u00e1 nos c\u00e9us, sabe que precisais de tudo isso. <sup>33<\/sup>Pelo contr\u00e1rio, buscai em primeiro lugar o Reino de Deus e a sua justi\u00e7a, e todas estas coisas vos ser\u00e3o dadas por acr\u00e9scimo. <sup>34<\/sup>Portanto, n\u00e3o vos preocupeis com o dia de amanh\u00e3, pois o dia de amanh\u00e3 ter\u00e1 suas preocupa\u00e7\u00f5es! Para cada dia, bastam seus pr\u00f3prios problemas\u201d.<\/p>\n<p>&nbsp;<\/p>\n<p><strong>Reflex\u00e3o<\/strong><\/p>\n<p>&nbsp;<\/p>\n<p>Pelo que podemos entender do Evangelho de hoje, \u00e9 que n\u00f3s somos convidados a fazer uma escolha na nossa vida: Deus ou o dinheiro; pois, ambos exigem de n\u00f3s uma dedica\u00e7\u00e3o exclusiva, portanto: \u201cN\u00e3o poderemos servir a dois senhores\u201d. Com rela\u00e7\u00e3o aos bens materiais, Jesus diz que n\u00e3o podemos nos deixar abater pelas preocupa\u00e7\u00f5es, \u00e9 necess\u00e1rio gastar todas as nossas energias na procura do Reino e em viver as suas exig\u00eancias.<\/p>\n<p>N\u00f3s, que somos filhos de um Pai Bom e providente \u201cque faz nascer o sol sobre maus e bons e faz cair a chuva sobre justos e injustos\u201d, n\u00e3o podemos empenhar as nossas preocupa\u00e7\u00f5es para procurar aquilo que o Pai oferece gratuitamente e generosamente.<\/p>\n<p>No \u201cPai Nosso\u201d, Jesus nos ensinou a pedir o p\u00e3o necess\u00e1rio, claramente n\u00e3o se pode certamente extrair destas palavras do nosso Mestre um motivo de desprezo pelos bens materiais, em particular por aquilo que \u00e9 necess\u00e1rio para a vida. Ele quer nos alertar sobre a \u201cinquieta\u00e7\u00e3o\u201d que deixa de parte aquilo que \u00e9 mais necess\u00e1rio: a procura do Reino e a pr\u00e1tica da justi\u00e7a.<\/p>\n<p>O que \u00e9 fundamental no evangelho de hoje? Que temos que escolher radicalmente Deus, entregarmo-nos nas m\u00e3os do Pai, o qual sabe do que precisamos. Deixemos de lado as nossas ansiedades e ang\u00fastias in\u00fateis quanto aos bens materiais. Jesus nos convida a desprezar n\u00e3o ao que \u00e9 necess\u00e1rio para a vida, mas as falsas seguran\u00e7as prometidas pelas riquezas, que rivaliza com a confian\u00e7a em Deus. A Sabedoria de Deus pensa em n\u00f3s, ama-nos, ampara-nos, cuida ternamente de n\u00f3s na beleza e na ordem natural.<\/p>\n<p>&nbsp;<\/p>\n<p><strong>Pe. Paulo Eduardo J\u00e1como, sdb.<\/strong><\/p>\n","protected":false},"excerpt":{"rendered":"<p>S\u00e1bado, 19 de junho de 2021. &nbsp; Evangelho (Mt 6,24-34) &nbsp; \u201c&#8230;buscai em primeiro lugar o Reino de Deus e a sua justi\u00e7a, e todas&#8230;<\/p>\n","protected":false},"author":1,"featured_media":1944,"comment_status":"closed","ping_status":"closed","sticky":false,"template":"","format":"standard","meta":{"_acf_changed":false,"footnotes":""},"categories":[13],"tags":[],"class_list":["post-1959","post","type-post","status-publish","format-standard","has-post-thumbnail","hentry","category-reflexaodoevagelho"],"acf":[],"yoast_head":"<!-- This site is optimized with the Yoast SEO plugin v27.3 - https:\/\/yoast.com\/product\/yoast-seo-wordpress\/ -->\n<title>19\/06 - Buscai em primeiro lugar o Reino de Deus e a sua justi\u00e7a, e todas estas coisas vos ser\u00e3o dadas por acr\u00e9scimo - Pastoral Universit\u00e1ria UniSALESIANO<\/title>\n<meta name=\"robots\" content=\"index, follow, max-snippet:-1, max-image-preview:large, max-video-preview:-1\" \/>\n<link rel=\"canonical\" href=\"https:\/\/unisale.com.br\/novo\/buscai-em-primeiro\/\" \/>\n<meta property=\"og:locale\" content=\"pt_BR\" \/>\n<meta property=\"og:type\" content=\"article\" \/>\n<meta property=\"og:title\" content=\"19\/06 - Buscai em primeiro lugar o Reino de Deus e a sua justi\u00e7a, e todas estas coisas vos ser\u00e3o dadas por acr\u00e9scimo - Pastoral Universit\u00e1ria UniSALESIANO\" \/>\n<meta property=\"og:description\" content=\"S\u00e1bado, 19 de junho de 2021. &nbsp; Evangelho (Mt 6,24-34) &nbsp; \u201c&#8230;buscai em primeiro lugar o Reino de Deus e a sua justi\u00e7a, e todas...\" \/>\n<meta property=\"og:url\" content=\"https:\/\/unisale.com.br\/novo\/buscai-em-primeiro\/\" \/>\n<meta property=\"og:site_name\" content=\"Pastoral Universit\u00e1ria UniSALESIANO\" \/>\n<meta property=\"article:published_time\" content=\"2021-06-11T11:05:48+00:00\" \/>\n<meta property=\"article:modified_time\" content=\"2021-06-11T11:13:03+00:00\" \/>\n<meta property=\"og:image\" content=\"https:\/\/unisale.com.br\/novo\/wp-content\/uploads\/2021\/06\/19-06.png\" \/>\n\t<meta property=\"og:image:width\" content=\"1920\" \/>\n\t<meta property=\"og:image:height\" content=\"1080\" \/>\n\t<meta property=\"og:image:type\" content=\"image\/png\" \/>\n<meta name=\"author\" content=\"pastoral\" \/>\n<meta name=\"twitter:card\" content=\"summary_large_image\" \/>\n<meta name=\"twitter:label1\" content=\"Escrito por\" \/>\n\t<meta name=\"twitter:data1\" content=\"pastoral\" \/>\n\t<meta name=\"twitter:label2\" content=\"Est. tempo de leitura\" \/>\n\t<meta name=\"twitter:data2\" content=\"3 minutos\" \/>\n<script type=\"application\/ld+json\" class=\"yoast-schema-graph\">{\"@context\":\"https:\\\/\\\/schema.org\",\"@graph\":[{\"@type\":\"Article\",\"@id\":\"https:\\\/\\\/unisale.com.br\\\/novo\\\/buscai-em-primeiro\\\/#article\",\"isPartOf\":{\"@id\":\"https:\\\/\\\/unisale.com.br\\\/novo\\\/buscai-em-primeiro\\\/\"},\"author\":{\"name\":\"pastoral\",\"@id\":\"https:\\\/\\\/unisale.com.br\\\/pastoral\\\/#\\\/schema\\\/person\\\/a16ba711a0f7dec9cb6b44563144d5a3\"},\"headline\":\"19\\\/06 &#8211; Buscai em primeiro lugar o Reino de Deus e a sua justi\u00e7a, e todas estas coisas vos ser\u00e3o dadas por acr\u00e9scimo\",\"datePublished\":\"2021-06-11T11:05:48+00:00\",\"dateModified\":\"2021-06-11T11:13:03+00:00\",\"mainEntityOfPage\":{\"@id\":\"https:\\\/\\\/unisale.com.br\\\/novo\\\/buscai-em-primeiro\\\/\"},\"wordCount\":676,\"image\":{\"@id\":\"https:\\\/\\\/unisale.com.br\\\/novo\\\/buscai-em-primeiro\\\/#primaryimage\"},\"thumbnailUrl\":\"https:\\\/\\\/unisale.com.br\\\/pastoral\\\/wp-content\\\/uploads\\\/2021\\\/06\\\/19-06.png\",\"articleSection\":[\"Reflex\u00e3o do Evangelho\"],\"inLanguage\":\"pt-BR\"},{\"@type\":\"WebPage\",\"@id\":\"https:\\\/\\\/unisale.com.br\\\/novo\\\/buscai-em-primeiro\\\/\",\"url\":\"https:\\\/\\\/unisale.com.br\\\/novo\\\/buscai-em-primeiro\\\/\",\"name\":\"19\\\/06 - Buscai em primeiro lugar o Reino de Deus e a sua justi\u00e7a, e todas estas coisas vos ser\u00e3o dadas por acr\u00e9scimo - Pastoral Universit\u00e1ria UniSALESIANO\",\"isPartOf\":{\"@id\":\"https:\\\/\\\/unisale.com.br\\\/pastoral\\\/#website\"},\"primaryImageOfPage\":{\"@id\":\"https:\\\/\\\/unisale.com.br\\\/novo\\\/buscai-em-primeiro\\\/#primaryimage\"},\"image\":{\"@id\":\"https:\\\/\\\/unisale.com.br\\\/novo\\\/buscai-em-primeiro\\\/#primaryimage\"},\"thumbnailUrl\":\"https:\\\/\\\/unisale.com.br\\\/pastoral\\\/wp-content\\\/uploads\\\/2021\\\/06\\\/19-06.png\",\"datePublished\":\"2021-06-11T11:05:48+00:00\",\"dateModified\":\"2021-06-11T11:13:03+00:00\",\"author\":{\"@id\":\"https:\\\/\\\/unisale.com.br\\\/pastoral\\\/#\\\/schema\\\/person\\\/a16ba711a0f7dec9cb6b44563144d5a3\"},\"inLanguage\":\"pt-BR\",\"potentialAction\":[{\"@type\":\"ReadAction\",\"target\":[\"https:\\\/\\\/unisale.com.br\\\/novo\\\/buscai-em-primeiro\\\/\"]}]},{\"@type\":\"ImageObject\",\"inLanguage\":\"pt-BR\",\"@id\":\"https:\\\/\\\/unisale.com.br\\\/novo\\\/buscai-em-primeiro\\\/#primaryimage\",\"url\":\"https:\\\/\\\/unisale.com.br\\\/pastoral\\\/wp-content\\\/uploads\\\/2021\\\/06\\\/19-06.png\",\"contentUrl\":\"https:\\\/\\\/unisale.com.br\\\/pastoral\\\/wp-content\\\/uploads\\\/2021\\\/06\\\/19-06.png\",\"width\":889,\"height\":500},{\"@type\":\"WebSite\",\"@id\":\"https:\\\/\\\/unisale.com.br\\\/pastoral\\\/#website\",\"url\":\"https:\\\/\\\/unisale.com.br\\\/pastoral\\\/\",\"name\":\"Pastoral Universit\u00e1ria UniSALESIANO\",\"description\":\"Site da Pastoral Universit\u00e1ria do UniSALESIANO\",\"potentialAction\":[{\"@type\":\"SearchAction\",\"target\":{\"@type\":\"EntryPoint\",\"urlTemplate\":\"https:\\\/\\\/unisale.com.br\\\/pastoral\\\/?s={search_term_string}\"},\"query-input\":{\"@type\":\"PropertyValueSpecification\",\"valueRequired\":true,\"valueName\":\"search_term_string\"}}],\"inLanguage\":\"pt-BR\"},{\"@type\":\"Person\",\"@id\":\"https:\\\/\\\/unisale.com.br\\\/pastoral\\\/#\\\/schema\\\/person\\\/a16ba711a0f7dec9cb6b44563144d5a3\",\"name\":\"pastoral\",\"url\":\"https:\\\/\\\/unisale.com.br\\\/pastoral\\\/author\\\/pastoral\\\/\"}]}<\/script>\n<!-- \/ Yoast SEO plugin. -->","yoast_head_json":{"title":"19\/06 - Buscai em primeiro lugar o Reino de Deus e a sua justi\u00e7a, e todas estas coisas vos ser\u00e3o dadas por acr\u00e9scimo - Pastoral Universit\u00e1ria UniSALESIANO","robots":{"index":"index","follow":"follow","max-snippet":"max-snippet:-1","max-image-preview":"max-image-preview:large","max-video-preview":"max-video-preview:-1"},"canonical":"https:\/\/unisale.com.br\/novo\/buscai-em-primeiro\/","og_locale":"pt_BR","og_type":"article","og_title":"19\/06 - Buscai em primeiro lugar o Reino de Deus e a sua justi\u00e7a, e todas estas coisas vos ser\u00e3o dadas por acr\u00e9scimo - Pastoral Universit\u00e1ria UniSALESIANO","og_description":"S\u00e1bado, 19 de junho de 2021. &nbsp; Evangelho (Mt 6,24-34) &nbsp; \u201c&#8230;buscai em primeiro lugar o Reino de Deus e a sua justi\u00e7a, e todas...","og_url":"https:\/\/unisale.com.br\/novo\/buscai-em-primeiro\/","og_site_name":"Pastoral Universit\u00e1ria UniSALESIANO","article_published_time":"2021-06-11T11:05:48+00:00","article_modified_time":"2021-06-11T11:13:03+00:00","og_image":[{"width":1920,"height":1080,"url":"https:\/\/unisale.com.br\/novo\/wp-content\/uploads\/2021\/06\/19-06.png","type":"image\/png"}],"author":"pastoral","twitter_card":"summary_large_image","twitter_misc":{"Escrito por":"pastoral","Est. tempo de leitura":"3 minutos"},"schema":{"@context":"https:\/\/schema.org","@graph":[{"@type":"Article","@id":"https:\/\/unisale.com.br\/novo\/buscai-em-primeiro\/#article","isPartOf":{"@id":"https:\/\/unisale.com.br\/novo\/buscai-em-primeiro\/"},"author":{"name":"pastoral","@id":"https:\/\/unisale.com.br\/pastoral\/#\/schema\/person\/a16ba711a0f7dec9cb6b44563144d5a3"},"headline":"19\/06 &#8211; Buscai em primeiro lugar o Reino de Deus e a sua justi\u00e7a, e todas estas coisas vos ser\u00e3o dadas por acr\u00e9scimo","datePublished":"2021-06-11T11:05:48+00:00","dateModified":"2021-06-11T11:13:03+00:00","mainEntityOfPage":{"@id":"https:\/\/unisale.com.br\/novo\/buscai-em-primeiro\/"},"wordCount":676,"image":{"@id":"https:\/\/unisale.com.br\/novo\/buscai-em-primeiro\/#primaryimage"},"thumbnailUrl":"https:\/\/unisale.com.br\/pastoral\/wp-content\/uploads\/2021\/06\/19-06.png","articleSection":["Reflex\u00e3o do Evangelho"],"inLanguage":"pt-BR"},{"@type":"WebPage","@id":"https:\/\/unisale.com.br\/novo\/buscai-em-primeiro\/","url":"https:\/\/unisale.com.br\/novo\/buscai-em-primeiro\/","name":"19\/06 - Buscai em primeiro lugar o Reino de Deus e a sua justi\u00e7a, e todas estas coisas vos ser\u00e3o dadas por acr\u00e9scimo - Pastoral Universit\u00e1ria UniSALESIANO","isPartOf":{"@id":"https:\/\/unisale.com.br\/pastoral\/#website"},"primaryImageOfPage":{"@id":"https:\/\/unisale.com.br\/novo\/buscai-em-primeiro\/#primaryimage"},"image":{"@id":"https:\/\/unisale.com.br\/novo\/buscai-em-primeiro\/#primaryimage"},"thumbnailUrl":"https:\/\/unisale.com.br\/pastoral\/wp-content\/uploads\/2021\/06\/19-06.png","datePublished":"2021-06-11T11:05:48+00:00","dateModified":"2021-06-11T11:13:03+00:00","author":{"@id":"https:\/\/unisale.com.br\/pastoral\/#\/schema\/person\/a16ba711a0f7dec9cb6b44563144d5a3"},"inLanguage":"pt-BR","potentialAction":[{"@type":"ReadAction","target":["https:\/\/unisale.com.br\/novo\/buscai-em-primeiro\/"]}]},{"@type":"ImageObject","inLanguage":"pt-BR","@id":"https:\/\/unisale.com.br\/novo\/buscai-em-primeiro\/#primaryimage","url":"https:\/\/unisale.com.br\/pastoral\/wp-content\/uploads\/2021\/06\/19-06.png","contentUrl":"https:\/\/unisale.com.br\/pastoral\/wp-content\/uploads\/2021\/06\/19-06.png","width":889,"height":500},{"@type":"WebSite","@id":"https:\/\/unisale.com.br\/pastoral\/#website","url":"https:\/\/unisale.com.br\/pastoral\/","name":"Pastoral Universit\u00e1ria UniSALESIANO","description":"Site da Pastoral Universit\u00e1ria do UniSALESIANO","potentialAction":[{"@type":"SearchAction","target":{"@type":"EntryPoint","urlTemplate":"https:\/\/unisale.com.br\/pastoral\/?s={search_term_string}"},"query-input":{"@type":"PropertyValueSpecification","valueRequired":true,"valueName":"search_term_string"}}],"inLanguage":"pt-BR"},{"@type":"Person","@id":"https:\/\/unisale.com.br\/pastoral\/#\/schema\/person\/a16ba711a0f7dec9cb6b44563144d5a3","name":"pastoral","url":"https:\/\/unisale.com.br\/pastoral\/author\/pastoral\/"}]}},"_links":{"self":[{"href":"https:\/\/unisale.com.br\/pastoral\/wp-json\/wp\/v2\/posts\/1959","targetHints":{"allow":["GET"]}}],"collection":[{"href":"https:\/\/unisale.com.br\/pastoral\/wp-json\/wp\/v2\/posts"}],"about":[{"href":"https:\/\/unisale.com.br\/pastoral\/wp-json\/wp\/v2\/types\/post"}],"author":[{"embeddable":true,"href":"https:\/\/unisale.com.br\/pastoral\/wp-json\/wp\/v2\/users\/1"}],"replies":[{"embeddable":true,"href":"https:\/\/unisale.com.br\/pastoral\/wp-json\/wp\/v2\/comments?post=1959"}],"version-history":[{"count":0,"href":"https:\/\/unisale.com.br\/pastoral\/wp-json\/wp\/v2\/posts\/1959\/revisions"}],"wp:featuredmedia":[{"embeddable":true,"href":"https:\/\/unisale.com.br\/pastoral\/wp-json\/wp\/v2\/media\/1944"}],"wp:attachment":[{"href":"https:\/\/unisale.com.br\/pastoral\/wp-json\/wp\/v2\/media?parent=1959"}],"wp:term":[{"taxonomy":"category","embeddable":true,"href":"https:\/\/unisale.com.br\/pastoral\/wp-json\/wp\/v2\/categories?post=1959"},{"taxonomy":"post_tag","embeddable":true,"href":"https:\/\/unisale.com.br\/pastoral\/wp-json\/wp\/v2\/tags?post=1959"}],"curies":[{"name":"wp","href":"https:\/\/api.w.org\/{rel}","templated":true}]}}