{"id":2141,"date":"2021-06-25T06:45:59","date_gmt":"2021-06-25T06:45:59","guid":{"rendered":"https:\/\/unisale.com.br\/pastoral\/?p=2141"},"modified":"2021-06-23T14:13:49","modified_gmt":"2021-06-23T14:13:49","slug":"mas-o-filho-do-homem","status":"publish","type":"post","link":"https:\/\/unisale.com.br\/pastoral\/mas-o-filho-do-homem\/","title":{"rendered":"28\/06 &#8211; Mas o Filho do Homem n\u00e3o tem onde reclinar a cabe\u00e7a"},"content":{"rendered":"<p>Segunda-feira, 28 de Junho de 2021.<\/p>\n<p>&nbsp;<\/p>\n<p><strong>Evangelho (Mt 8,18-22)<\/strong><\/p>\n<p><strong>\u00a0<\/strong><\/p>\n<p><strong><em>\u201c&#8230;o Filho do homem n\u00e3o tem onde reclinar a cabe\u00e7a\u201d.<\/em><\/strong><\/p>\n<p><em>\u00a0<\/em><\/p>\n<p>Naquele tempo, <sup>18<\/sup>vendo uma multid\u00e3o ao seu redor, Jesus mandou passar para a outra margem do lago. <sup>19<\/sup>Ent\u00e3o, um mestre da Lei aproximou-se e disse: \u201cMestre, eu te seguirei aonde quer que tu v\u00e1s\u201d.<sup>20<\/sup>Jesus lhe respondeu: \u201cAs raposas t\u00eam suas tocas e as aves dos c\u00e9us t\u00eam seus ninhos; mas o Filho do Homem n\u00e3o tem onde reclinar a cabe\u00e7a\u201d. <sup>21<\/sup>Um outro dos disc\u00edpulos disse a Jesus: \u201cSenhor, permite-me que primeiro eu v\u00e1 sepultar meu pai\u201d. <sup>22<\/sup>Mas Jesus lhe respondeu: \u201cSegue-me, e deixa que os mortos sepultem os seus mortos\u201d.<\/p>\n<p>&nbsp;<\/p>\n<p><strong>Reflex\u00e3o<\/strong><\/p>\n<p><strong>\u00a0<\/strong><\/p>\n<p>\u201cMestre, eu te seguirei aonde quer que tu v\u00e1s\u201d. Esta afirma\u00e7\u00e3o do mestre da lei me faz pensar numa quest\u00e3o a qual todos n\u00f3s dever\u00edamos nos fazer: para qu\u00ea serve Deus pra voc\u00ea? Pode parecer estranha esta pergunta, mas quem sabe ela nos ajude a amadurecer mais a nossa f\u00e9. Este mestre da lei talvez tenha dito tal afirma\u00e7\u00e3o porque pensou que, seguindo a Jesus ele teria todo tipo de seguran\u00e7a. Mas, a resposta de Jesus: \u201co Filho do homem n\u00e3o tem onde reclinar a cabe\u00e7a\u201d, faz perceber que Jesus n\u00e3o serve para nos assegurar, mas Ele \u00e9 o motivo pelo qual n\u00f3s enfrentamos todas as nossas precariedades.<\/p>\n<p>Se o Deus que buscamos \u00e9 aquele que n\u00f3s invocamos somente nos momentos de necessidade e perigo, a experi\u00eancia nos diz que Ele certamente vai desaparecer quando tudo parecer estar bem. O Deus verdadeiro est\u00e1 conosco sempre, nas situa\u00e7\u00f5es ruins da vida e quando est\u00e1 tudo muito bem. A luz de Jesus n\u00e3o pode estar conosco somente quando h\u00e1 escurid\u00e3o, mas tamb\u00e9m quando \u00e9 pleno dia. O verdadeiro disc\u00edpulo n\u00e3o busca em Jesus somente um ponto de apoio. S\u00f3 podemos ser verdadeiros disc\u00edpulos quando n\u00f3s queremos que Ele esteja conosco sempre. Tamb\u00e9m n\u00f3s devemos busc\u00e1-lo sempre. N\u00e3o \u00e9 verdadeiro disc\u00edpulo aquele que vai \u00e0 Santa missa somente quando est\u00e1 em apuros, mas \u00e9 verdadeiro disc\u00edpulo aquele que busca seu encontro com a Eucaristia sempre, pois sabe que sem Ele, \u201cnada podemos fazer\u201d.<\/p>\n<p>&nbsp;<\/p>\n<p><strong>Pe. Paulo Eduardo J\u00e1como, sdb.<\/strong><\/p>\n","protected":false},"excerpt":{"rendered":"<p>Segunda-feira, 28 de Junho de 2021. &nbsp; Evangelho (Mt 8,18-22) \u00a0 \u201c&#8230;o Filho do homem n\u00e3o tem onde reclinar a cabe\u00e7a\u201d. \u00a0 Naquele tempo, 18vendo&#8230;<\/p>\n","protected":false},"author":1,"featured_media":2142,"comment_status":"closed","ping_status":"closed","sticky":false,"template":"","format":"standard","meta":{"_acf_changed":false,"footnotes":""},"categories":[13],"tags":[],"class_list":["post-2141","post","type-post","status-publish","format-standard","has-post-thumbnail","hentry","category-reflexaodoevagelho"],"acf":[],"yoast_head":"<!-- This site is optimized with the Yoast SEO plugin v27.3 - https:\/\/yoast.com\/product\/yoast-seo-wordpress\/ -->\n<title>28\/06 - Mas o Filho do Homem n\u00e3o tem onde reclinar a cabe\u00e7a - Pastoral Universit\u00e1ria UniSALESIANO<\/title>\n<meta name=\"robots\" content=\"index, follow, max-snippet:-1, max-image-preview:large, max-video-preview:-1\" \/>\n<link rel=\"canonical\" href=\"https:\/\/unisale.com.br\/novo\/mas-o-filho-do-homem\/\" \/>\n<meta property=\"og:locale\" content=\"pt_BR\" \/>\n<meta property=\"og:type\" content=\"article\" \/>\n<meta property=\"og:title\" content=\"28\/06 - Mas o Filho do Homem n\u00e3o tem onde reclinar a cabe\u00e7a - Pastoral Universit\u00e1ria UniSALESIANO\" \/>\n<meta property=\"og:description\" content=\"Segunda-feira, 28 de Junho de 2021. &nbsp; Evangelho (Mt 8,18-22) \u00a0 \u201c&#8230;o Filho do homem n\u00e3o tem onde reclinar a cabe\u00e7a\u201d. \u00a0 Naquele tempo, 18vendo...\" \/>\n<meta property=\"og:url\" content=\"https:\/\/unisale.com.br\/novo\/mas-o-filho-do-homem\/\" \/>\n<meta property=\"og:site_name\" content=\"Pastoral Universit\u00e1ria UniSALESIANO\" \/>\n<meta property=\"article:published_time\" content=\"2021-06-25T06:45:59+00:00\" \/>\n<meta property=\"og:image\" content=\"https:\/\/unisale.com.br\/novo\/wp-content\/uploads\/2021\/06\/06-28.png\" \/>\n\t<meta property=\"og:image:width\" content=\"1920\" \/>\n\t<meta property=\"og:image:height\" content=\"1080\" \/>\n\t<meta property=\"og:image:type\" content=\"image\/png\" \/>\n<meta name=\"author\" content=\"pastoral\" \/>\n<meta name=\"twitter:card\" content=\"summary_large_image\" \/>\n<meta name=\"twitter:label1\" content=\"Escrito por\" \/>\n\t<meta name=\"twitter:data1\" content=\"pastoral\" \/>\n\t<meta name=\"twitter:label2\" content=\"Est. tempo de leitura\" \/>\n\t<meta name=\"twitter:data2\" content=\"2 minutos\" \/>\n<script type=\"application\/ld+json\" class=\"yoast-schema-graph\">{\"@context\":\"https:\\\/\\\/schema.org\",\"@graph\":[{\"@type\":\"Article\",\"@id\":\"https:\\\/\\\/unisale.com.br\\\/novo\\\/mas-o-filho-do-homem\\\/#article\",\"isPartOf\":{\"@id\":\"https:\\\/\\\/unisale.com.br\\\/novo\\\/mas-o-filho-do-homem\\\/\"},\"author\":{\"name\":\"pastoral\",\"@id\":\"https:\\\/\\\/unisale.com.br\\\/pastoral\\\/#\\\/schema\\\/person\\\/a16ba711a0f7dec9cb6b44563144d5a3\"},\"headline\":\"28\\\/06 &#8211; Mas o Filho do Homem n\u00e3o tem onde reclinar a cabe\u00e7a\",\"datePublished\":\"2021-06-25T06:45:59+00:00\",\"mainEntityOfPage\":{\"@id\":\"https:\\\/\\\/unisale.com.br\\\/novo\\\/mas-o-filho-do-homem\\\/\"},\"wordCount\":405,\"image\":{\"@id\":\"https:\\\/\\\/unisale.com.br\\\/novo\\\/mas-o-filho-do-homem\\\/#primaryimage\"},\"thumbnailUrl\":\"https:\\\/\\\/unisale.com.br\\\/pastoral\\\/wp-content\\\/uploads\\\/2021\\\/06\\\/06-28.png\",\"articleSection\":[\"Reflex\u00e3o do Evangelho\"],\"inLanguage\":\"pt-BR\"},{\"@type\":\"WebPage\",\"@id\":\"https:\\\/\\\/unisale.com.br\\\/novo\\\/mas-o-filho-do-homem\\\/\",\"url\":\"https:\\\/\\\/unisale.com.br\\\/novo\\\/mas-o-filho-do-homem\\\/\",\"name\":\"28\\\/06 - Mas o Filho do Homem n\u00e3o tem onde reclinar a cabe\u00e7a - Pastoral Universit\u00e1ria UniSALESIANO\",\"isPartOf\":{\"@id\":\"https:\\\/\\\/unisale.com.br\\\/pastoral\\\/#website\"},\"primaryImageOfPage\":{\"@id\":\"https:\\\/\\\/unisale.com.br\\\/novo\\\/mas-o-filho-do-homem\\\/#primaryimage\"},\"image\":{\"@id\":\"https:\\\/\\\/unisale.com.br\\\/novo\\\/mas-o-filho-do-homem\\\/#primaryimage\"},\"thumbnailUrl\":\"https:\\\/\\\/unisale.com.br\\\/pastoral\\\/wp-content\\\/uploads\\\/2021\\\/06\\\/06-28.png\",\"datePublished\":\"2021-06-25T06:45:59+00:00\",\"author\":{\"@id\":\"https:\\\/\\\/unisale.com.br\\\/pastoral\\\/#\\\/schema\\\/person\\\/a16ba711a0f7dec9cb6b44563144d5a3\"},\"inLanguage\":\"pt-BR\",\"potentialAction\":[{\"@type\":\"ReadAction\",\"target\":[\"https:\\\/\\\/unisale.com.br\\\/novo\\\/mas-o-filho-do-homem\\\/\"]}]},{\"@type\":\"ImageObject\",\"inLanguage\":\"pt-BR\",\"@id\":\"https:\\\/\\\/unisale.com.br\\\/novo\\\/mas-o-filho-do-homem\\\/#primaryimage\",\"url\":\"https:\\\/\\\/unisale.com.br\\\/pastoral\\\/wp-content\\\/uploads\\\/2021\\\/06\\\/06-28.png\",\"contentUrl\":\"https:\\\/\\\/unisale.com.br\\\/pastoral\\\/wp-content\\\/uploads\\\/2021\\\/06\\\/06-28.png\",\"width\":889,\"height\":500},{\"@type\":\"WebSite\",\"@id\":\"https:\\\/\\\/unisale.com.br\\\/pastoral\\\/#website\",\"url\":\"https:\\\/\\\/unisale.com.br\\\/pastoral\\\/\",\"name\":\"Pastoral Universit\u00e1ria UniSALESIANO\",\"description\":\"Site da Pastoral Universit\u00e1ria do UniSALESIANO\",\"potentialAction\":[{\"@type\":\"SearchAction\",\"target\":{\"@type\":\"EntryPoint\",\"urlTemplate\":\"https:\\\/\\\/unisale.com.br\\\/pastoral\\\/?s={search_term_string}\"},\"query-input\":{\"@type\":\"PropertyValueSpecification\",\"valueRequired\":true,\"valueName\":\"search_term_string\"}}],\"inLanguage\":\"pt-BR\"},{\"@type\":\"Person\",\"@id\":\"https:\\\/\\\/unisale.com.br\\\/pastoral\\\/#\\\/schema\\\/person\\\/a16ba711a0f7dec9cb6b44563144d5a3\",\"name\":\"pastoral\",\"url\":\"https:\\\/\\\/unisale.com.br\\\/pastoral\\\/author\\\/pastoral\\\/\"}]}<\/script>\n<!-- \/ Yoast SEO plugin. -->","yoast_head_json":{"title":"28\/06 - Mas o Filho do Homem n\u00e3o tem onde reclinar a cabe\u00e7a - Pastoral Universit\u00e1ria UniSALESIANO","robots":{"index":"index","follow":"follow","max-snippet":"max-snippet:-1","max-image-preview":"max-image-preview:large","max-video-preview":"max-video-preview:-1"},"canonical":"https:\/\/unisale.com.br\/novo\/mas-o-filho-do-homem\/","og_locale":"pt_BR","og_type":"article","og_title":"28\/06 - Mas o Filho do Homem n\u00e3o tem onde reclinar a cabe\u00e7a - Pastoral Universit\u00e1ria UniSALESIANO","og_description":"Segunda-feira, 28 de Junho de 2021. &nbsp; Evangelho (Mt 8,18-22) \u00a0 \u201c&#8230;o Filho do homem n\u00e3o tem onde reclinar a cabe\u00e7a\u201d. \u00a0 Naquele tempo, 18vendo...","og_url":"https:\/\/unisale.com.br\/novo\/mas-o-filho-do-homem\/","og_site_name":"Pastoral Universit\u00e1ria UniSALESIANO","article_published_time":"2021-06-25T06:45:59+00:00","og_image":[{"width":1920,"height":1080,"url":"https:\/\/unisale.com.br\/novo\/wp-content\/uploads\/2021\/06\/06-28.png","type":"image\/png"}],"author":"pastoral","twitter_card":"summary_large_image","twitter_misc":{"Escrito por":"pastoral","Est. tempo de leitura":"2 minutos"},"schema":{"@context":"https:\/\/schema.org","@graph":[{"@type":"Article","@id":"https:\/\/unisale.com.br\/novo\/mas-o-filho-do-homem\/#article","isPartOf":{"@id":"https:\/\/unisale.com.br\/novo\/mas-o-filho-do-homem\/"},"author":{"name":"pastoral","@id":"https:\/\/unisale.com.br\/pastoral\/#\/schema\/person\/a16ba711a0f7dec9cb6b44563144d5a3"},"headline":"28\/06 &#8211; Mas o Filho do Homem n\u00e3o tem onde reclinar a cabe\u00e7a","datePublished":"2021-06-25T06:45:59+00:00","mainEntityOfPage":{"@id":"https:\/\/unisale.com.br\/novo\/mas-o-filho-do-homem\/"},"wordCount":405,"image":{"@id":"https:\/\/unisale.com.br\/novo\/mas-o-filho-do-homem\/#primaryimage"},"thumbnailUrl":"https:\/\/unisale.com.br\/pastoral\/wp-content\/uploads\/2021\/06\/06-28.png","articleSection":["Reflex\u00e3o do Evangelho"],"inLanguage":"pt-BR"},{"@type":"WebPage","@id":"https:\/\/unisale.com.br\/novo\/mas-o-filho-do-homem\/","url":"https:\/\/unisale.com.br\/novo\/mas-o-filho-do-homem\/","name":"28\/06 - Mas o Filho do Homem n\u00e3o tem onde reclinar a cabe\u00e7a - Pastoral Universit\u00e1ria UniSALESIANO","isPartOf":{"@id":"https:\/\/unisale.com.br\/pastoral\/#website"},"primaryImageOfPage":{"@id":"https:\/\/unisale.com.br\/novo\/mas-o-filho-do-homem\/#primaryimage"},"image":{"@id":"https:\/\/unisale.com.br\/novo\/mas-o-filho-do-homem\/#primaryimage"},"thumbnailUrl":"https:\/\/unisale.com.br\/pastoral\/wp-content\/uploads\/2021\/06\/06-28.png","datePublished":"2021-06-25T06:45:59+00:00","author":{"@id":"https:\/\/unisale.com.br\/pastoral\/#\/schema\/person\/a16ba711a0f7dec9cb6b44563144d5a3"},"inLanguage":"pt-BR","potentialAction":[{"@type":"ReadAction","target":["https:\/\/unisale.com.br\/novo\/mas-o-filho-do-homem\/"]}]},{"@type":"ImageObject","inLanguage":"pt-BR","@id":"https:\/\/unisale.com.br\/novo\/mas-o-filho-do-homem\/#primaryimage","url":"https:\/\/unisale.com.br\/pastoral\/wp-content\/uploads\/2021\/06\/06-28.png","contentUrl":"https:\/\/unisale.com.br\/pastoral\/wp-content\/uploads\/2021\/06\/06-28.png","width":889,"height":500},{"@type":"WebSite","@id":"https:\/\/unisale.com.br\/pastoral\/#website","url":"https:\/\/unisale.com.br\/pastoral\/","name":"Pastoral Universit\u00e1ria UniSALESIANO","description":"Site da Pastoral Universit\u00e1ria do UniSALESIANO","potentialAction":[{"@type":"SearchAction","target":{"@type":"EntryPoint","urlTemplate":"https:\/\/unisale.com.br\/pastoral\/?s={search_term_string}"},"query-input":{"@type":"PropertyValueSpecification","valueRequired":true,"valueName":"search_term_string"}}],"inLanguage":"pt-BR"},{"@type":"Person","@id":"https:\/\/unisale.com.br\/pastoral\/#\/schema\/person\/a16ba711a0f7dec9cb6b44563144d5a3","name":"pastoral","url":"https:\/\/unisale.com.br\/pastoral\/author\/pastoral\/"}]}},"_links":{"self":[{"href":"https:\/\/unisale.com.br\/pastoral\/wp-json\/wp\/v2\/posts\/2141","targetHints":{"allow":["GET"]}}],"collection":[{"href":"https:\/\/unisale.com.br\/pastoral\/wp-json\/wp\/v2\/posts"}],"about":[{"href":"https:\/\/unisale.com.br\/pastoral\/wp-json\/wp\/v2\/types\/post"}],"author":[{"embeddable":true,"href":"https:\/\/unisale.com.br\/pastoral\/wp-json\/wp\/v2\/users\/1"}],"replies":[{"embeddable":true,"href":"https:\/\/unisale.com.br\/pastoral\/wp-json\/wp\/v2\/comments?post=2141"}],"version-history":[{"count":0,"href":"https:\/\/unisale.com.br\/pastoral\/wp-json\/wp\/v2\/posts\/2141\/revisions"}],"wp:featuredmedia":[{"embeddable":true,"href":"https:\/\/unisale.com.br\/pastoral\/wp-json\/wp\/v2\/media\/2142"}],"wp:attachment":[{"href":"https:\/\/unisale.com.br\/pastoral\/wp-json\/wp\/v2\/media?parent=2141"}],"wp:term":[{"taxonomy":"category","embeddable":true,"href":"https:\/\/unisale.com.br\/pastoral\/wp-json\/wp\/v2\/categories?post=2141"},{"taxonomy":"post_tag","embeddable":true,"href":"https:\/\/unisale.com.br\/pastoral\/wp-json\/wp\/v2\/tags?post=2141"}],"curies":[{"name":"wp","href":"https:\/\/api.w.org\/{rel}","templated":true}]}}